{"id":9683,"date":"2021-01-27T12:06:50","date_gmt":"2021-01-27T12:06:50","guid":{"rendered":"https:\/\/www.fagor.eus\/?p=9683"},"modified":"2022-01-21T12:58:43","modified_gmt":"2022-01-21T12:58:43","slug":"sener-crea-un-consorcio-aeroespacial-en-el-que-se-encuentran-fagor-aotek-y-fagor-automation","status":"publish","type":"post","link":"https:\/\/www.fagor.eus\/es\/sener-crea-un-consorcio-aeroespacial-en-el-que-se-encuentran-fagor-aotek-y-fagor-automation\/","title":{"rendered":"Un consorcio aeroespacial creado por Sener, en el que se encuentran Fagor Aotek y Fagor Automation"},"content":{"rendered":"<p>Fagor Aotek y <a href=\"https:\/\/www.fagorautomation.com\/\">Fagor Automation<\/a> est\u00e1n inmersos en el proyecto Hi-Prest impulsado por Sener Aeroespacial, la compa\u00f1\u00eda vasca que se ha situado como l\u00edder en este sector en el Estado, que ha decidido modificar su pol\u00edtica de proveedores y apoyarse preferentemente en compa\u00f1\u00edas locales para reforzar la cadena de suministro y desarrollar los productos \u00edntegramente en el Pa\u00eds Vasco. Hay que mencionar que la actividad relacionada con el sector aeroespacial mueve anualmente en el mundo 360.000 millones de d\u00f3lares.<\/p>\n<p>El presupuesto de Hi-Prest asciende a 7 millones de euros y el proyecto deber\u00e1 culminarse en 2022. Esta iniciativa empresarial presenta todos los ingredientes para impulsar un sector que en el Pa\u00eds Vasco cuenta con firmas relevantes y una cadena de suministros con potencial para crecer. En concreto, el objetivo de Hi-Prest es fabricar un esc\u00e1ner de alta precisi\u00f3n para maximizar la calidad de las fotos que toman los telescopios instalados en sat\u00e9lites. La compa\u00f1\u00eda con sede en Getxo ya ha desarrollado un dispositivo de este tipo, embarcado en el Meteosat de Tercera Generaci\u00f3n (MTG), con capacidad para tomar im\u00e1genes con precisi\u00f3n desde su posici\u00f3n a 36.000 kil\u00f3metros de altura.<\/p>\n<p>El desaf\u00edo pasa por constituir un consorcio con suministradores locales, con la vista puesta en los sustanciosos contratos de la NASA y de la Agencia Espacial Europea (ESA). En concreto, Sener trabajar\u00e1 conjuntamente con seis empresas guipuzcoanas para llevar a cabo el proyecto Hi-Prest. Se trata de Fagor Aotek, Fagor Automation, Ulma Embedded Solutions, Egile, Korta e Ibarmia. Adem\u00e1s, participan Mondragon Goi Eskola Politeknikoa, la UPV y Tecnalia.<\/p>\n<p><strong>Encoders de alta precisi\u00f3n y algoritmos de control de posici\u00f3n<\/strong><\/p>\n<p>Las firmas del Grupo Fagor y Ulma Embedded Solutions se encargar\u00e1n de los encoders de alta precisi\u00f3n y los algoritmos de control de posici\u00f3n. Jos\u00e9 Emilio Oti, director de Investigaci\u00f3n y Desarrollo de Fagor Automotion, subraya que, debido a los exigentes requerimientos demandados por los proyectos aeroespaciales, este nuevo equipo \u201csupondr\u00e1 la investigaci\u00f3n de nuevas tecnolog\u00edas, la adquisici\u00f3n de conocimientos y la mejora de los procesos productivos dentro de Fagor Automation\u201d. A su vez, Oti indica que ser\u00e1 una oportunidad para mejorar los productos destinados a los sectores en los que ya est\u00e1n presentes y aumentar su diferencial tecnol\u00f3gico respecto a otras empresas.<\/p>\n","protected":false},"excerpt":{"rendered":"<p>Fagor Aotek y Fagor Automation est\u00e1n inmersos en el proyecto Hi-Prest impulsado por Sener Aeroespacial, la compa\u00f1\u00eda vasca que se ha situado como l\u00edder en este sector en el Estado,&#8230;<\/p>\n","protected":false},"author":1,"featured_media":11778,"comment_status":"closed","ping_status":"closed","sticky":false,"template":"","format":"standard","meta":{"footnotes":""},"categories":[87],"tags":[],"class_list":{"0":"post-9683","1":"post","2":"type-post","3":"status-publish","4":"format-standard","5":"has-post-thumbnail","7":"category-fagor-automation-3-es"},"yoast_head":"<!-- This site is optimized with the Yoast SEO plugin v27.4 - https:\/\/yoast.com\/product\/yoast-seo-wordpress\/ -->\n<title>Un consorcio aeroespacial creado por Sener, en el que se encuentran Fagor Aotek y Fagor Automation &#187; FAGOR Trabajando por un futuro mejor<\/title>\n<meta name=\"robots\" content=\"index, follow, max-snippet:-1, max-image-preview:large, max-video-preview:-1\" \/>\n<link rel=\"canonical\" href=\"https:\/\/www.fagor.eus\/es\/sener-crea-un-consorcio-aeroespacial-en-el-que-se-encuentran-fagor-aotek-y-fagor-automation\/\" \/>\n<meta property=\"og:locale\" content=\"es_ES\" \/>\n<meta property=\"og:type\" content=\"article\" \/>\n<meta property=\"og:title\" content=\"Un consorcio aeroespacial creado por Sener, en el que se encuentran Fagor Aotek y Fagor Automation &#187; FAGOR Trabajando por un futuro mejor\" \/>\n<meta property=\"og:description\" content=\"Fagor Aotek y Fagor Automation est\u00e1n inmersos en el proyecto Hi-Prest impulsado por Sener Aeroespacial, la compa\u00f1\u00eda vasca que se ha situado como l\u00edder en este sector en el Estado,...\" \/>\n<meta property=\"og:url\" content=\"https:\/\/www.fagor.eus\/es\/sener-crea-un-consorcio-aeroespacial-en-el-que-se-encuentran-fagor-aotek-y-fagor-automation\/\" \/>\n<meta property=\"og:site_name\" content=\"FAGOR\" \/>\n<meta property=\"article:published_time\" content=\"2021-01-27T12:06:50+00:00\" \/>\n<meta property=\"article:modified_time\" content=\"2022-01-21T12:58:43+00:00\" \/>\n<meta property=\"og:image\" content=\"https:\/\/www.fagor.eus\/wp-content\/uploads\/2021\/01\/Fagor-Aeronau.jpg\" \/>\n\t<meta property=\"og:image:width\" content=\"900\" \/>\n\t<meta property=\"og:image:height\" content=\"428\" \/>\n\t<meta property=\"og:image:type\" content=\"image\/jpeg\" \/>\n<meta name=\"author\" content=\"Fagor Taldea\" \/>\n<meta name=\"twitter:card\" content=\"summary_large_image\" \/>\n<meta name=\"twitter:creator\" content=\"@FagorTaldea\" \/>\n<meta name=\"twitter:site\" content=\"@FagorTaldea\" \/>\n<meta name=\"twitter:label1\" content=\"Escrito por\" \/>\n\t<meta name=\"twitter:data1\" content=\"Fagor Taldea\" \/>\n\t<meta name=\"twitter:label2\" content=\"Tiempo de lectura\" \/>\n\t<meta name=\"twitter:data2\" content=\"2 minutos\" \/>\n<script type=\"application\/ld+json\" class=\"yoast-schema-graph\">{\"@context\":\"https:\\\/\\\/schema.org\",\"@graph\":[{\"@type\":\"Article\",\"@id\":\"https:\\\/\\\/www.fagor.eus\\\/es\\\/sener-crea-un-consorcio-aeroespacial-en-el-que-se-encuentran-fagor-aotek-y-fagor-automation\\\/#article\",\"isPartOf\":{\"@id\":\"https:\\\/\\\/www.fagor.eus\\\/es\\\/sener-crea-un-consorcio-aeroespacial-en-el-que-se-encuentran-fagor-aotek-y-fagor-automation\\\/\"},\"author\":{\"name\":\"Fagor Taldea\",\"@id\":\"https:\\\/\\\/www.fagor.eus\\\/#\\\/schema\\\/person\\\/d7294802cef9840476f49bd2f2122375\"},\"headline\":\"Un consorcio aeroespacial creado por Sener, en el que se encuentran Fagor Aotek y Fagor Automation\",\"datePublished\":\"2021-01-27T12:06:50+00:00\",\"dateModified\":\"2022-01-21T12:58:43+00:00\",\"mainEntityOfPage\":{\"@id\":\"https:\\\/\\\/www.fagor.eus\\\/es\\\/sener-crea-un-consorcio-aeroespacial-en-el-que-se-encuentran-fagor-aotek-y-fagor-automation\\\/\"},\"wordCount\":412,\"image\":{\"@id\":\"https:\\\/\\\/www.fagor.eus\\\/es\\\/sener-crea-un-consorcio-aeroespacial-en-el-que-se-encuentran-fagor-aotek-y-fagor-automation\\\/#primaryimage\"},\"thumbnailUrl\":\"https:\\\/\\\/www.fagor.eus\\\/wp-content\\\/uploads\\\/2021\\\/01\\\/Fagor-Aeronau.jpg\",\"articleSection\":[\"Fagor Automation\"],\"inLanguage\":\"es\"},{\"@type\":\"WebPage\",\"@id\":\"https:\\\/\\\/www.fagor.eus\\\/es\\\/sener-crea-un-consorcio-aeroespacial-en-el-que-se-encuentran-fagor-aotek-y-fagor-automation\\\/\",\"url\":\"https:\\\/\\\/www.fagor.eus\\\/es\\\/sener-crea-un-consorcio-aeroespacial-en-el-que-se-encuentran-fagor-aotek-y-fagor-automation\\\/\",\"name\":\"Un consorcio aeroespacial creado por Sener, en el que se encuentran Fagor Aotek y Fagor Automation &#187; FAGOR Trabajando por un futuro mejor\",\"isPartOf\":{\"@id\":\"https:\\\/\\\/www.fagor.eus\\\/#website\"},\"primaryImageOfPage\":{\"@id\":\"https:\\\/\\\/www.fagor.eus\\\/es\\\/sener-crea-un-consorcio-aeroespacial-en-el-que-se-encuentran-fagor-aotek-y-fagor-automation\\\/#primaryimage\"},\"image\":{\"@id\":\"https:\\\/\\\/www.fagor.eus\\\/es\\\/sener-crea-un-consorcio-aeroespacial-en-el-que-se-encuentran-fagor-aotek-y-fagor-automation\\\/#primaryimage\"},\"thumbnailUrl\":\"https:\\\/\\\/www.fagor.eus\\\/wp-content\\\/uploads\\\/2021\\\/01\\\/Fagor-Aeronau.jpg\",\"datePublished\":\"2021-01-27T12:06:50+00:00\",\"dateModified\":\"2022-01-21T12:58:43+00:00\",\"author\":{\"@id\":\"https:\\\/\\\/www.fagor.eus\\\/#\\\/schema\\\/person\\\/d7294802cef9840476f49bd2f2122375\"},\"breadcrumb\":{\"@id\":\"https:\\\/\\\/www.fagor.eus\\\/es\\\/sener-crea-un-consorcio-aeroespacial-en-el-que-se-encuentran-fagor-aotek-y-fagor-automation\\\/#breadcrumb\"},\"inLanguage\":\"es\",\"potentialAction\":[{\"@type\":\"ReadAction\",\"target\":[\"https:\\\/\\\/www.fagor.eus\\\/es\\\/sener-crea-un-consorcio-aeroespacial-en-el-que-se-encuentran-fagor-aotek-y-fagor-automation\\\/\"]}]},{\"@type\":\"ImageObject\",\"inLanguage\":\"es\",\"@id\":\"https:\\\/\\\/www.fagor.eus\\\/es\\\/sener-crea-un-consorcio-aeroespacial-en-el-que-se-encuentran-fagor-aotek-y-fagor-automation\\\/#primaryimage\",\"url\":\"https:\\\/\\\/www.fagor.eus\\\/wp-content\\\/uploads\\\/2021\\\/01\\\/Fagor-Aeronau.jpg\",\"contentUrl\":\"https:\\\/\\\/www.fagor.eus\\\/wp-content\\\/uploads\\\/2021\\\/01\\\/Fagor-Aeronau.jpg\",\"width\":900,\"height\":428},{\"@type\":\"BreadcrumbList\",\"@id\":\"https:\\\/\\\/www.fagor.eus\\\/es\\\/sener-crea-un-consorcio-aeroespacial-en-el-que-se-encuentran-fagor-aotek-y-fagor-automation\\\/#breadcrumb\",\"itemListElement\":[{\"@type\":\"ListItem\",\"position\":1,\"name\":\"Home\",\"item\":\"https:\\\/\\\/www.fagor.eus\\\/es\\\/\"},{\"@type\":\"ListItem\",\"position\":2,\"name\":\"Un consorcio aeroespacial creado por Sener, en el que se encuentran Fagor Aotek y Fagor Automation\"}]},{\"@type\":\"WebSite\",\"@id\":\"https:\\\/\\\/www.fagor.eus\\\/#website\",\"url\":\"https:\\\/\\\/www.fagor.eus\\\/\",\"name\":\"Fagor\",\"description\":\"Trabajando por un futuro mejor\",\"potentialAction\":[{\"@type\":\"SearchAction\",\"target\":{\"@type\":\"EntryPoint\",\"urlTemplate\":\"https:\\\/\\\/www.fagor.eus\\\/?s={search_term_string}\"},\"query-input\":{\"@type\":\"PropertyValueSpecification\",\"valueRequired\":true,\"valueName\":\"search_term_string\"}}],\"inLanguage\":\"es\"},{\"@type\":\"Person\",\"@id\":\"https:\\\/\\\/www.fagor.eus\\\/#\\\/schema\\\/person\\\/d7294802cef9840476f49bd2f2122375\",\"name\":\"Fagor Taldea\",\"image\":{\"@type\":\"ImageObject\",\"inLanguage\":\"es\",\"@id\":\"https:\\\/\\\/secure.gravatar.com\\\/avatar\\\/cec0ca982b168f09eff729422ed88eaaae37172c0336e0d27cd3f2b75015b046?s=96&d=mm&r=g\",\"url\":\"https:\\\/\\\/secure.gravatar.com\\\/avatar\\\/cec0ca982b168f09eff729422ed88eaaae37172c0336e0d27cd3f2b75015b046?s=96&d=mm&r=g\",\"contentUrl\":\"https:\\\/\\\/secure.gravatar.com\\\/avatar\\\/cec0ca982b168f09eff729422ed88eaaae37172c0336e0d27cd3f2b75015b046?s=96&d=mm&r=g\",\"caption\":\"Fagor Taldea\"},\"url\":\"https:\\\/\\\/www.fagor.eus\\\/es\\\/author\\\/system\\\/\"}]}<\/script>\n<!-- \/ Yoast SEO plugin. -->","yoast_head_json":{"title":"Un consorcio aeroespacial creado por Sener, en el que se encuentran Fagor Aotek y Fagor Automation &#187; FAGOR Trabajando por un futuro mejor","robots":{"index":"index","follow":"follow","max-snippet":"max-snippet:-1","max-image-preview":"max-image-preview:large","max-video-preview":"max-video-preview:-1"},"canonical":"https:\/\/www.fagor.eus\/es\/sener-crea-un-consorcio-aeroespacial-en-el-que-se-encuentran-fagor-aotek-y-fagor-automation\/","og_locale":"es_ES","og_type":"article","og_title":"Un consorcio aeroespacial creado por Sener, en el que se encuentran Fagor Aotek y Fagor Automation &#187; FAGOR Trabajando por un futuro mejor","og_description":"Fagor Aotek y Fagor Automation est\u00e1n inmersos en el proyecto Hi-Prest impulsado por Sener Aeroespacial, la compa\u00f1\u00eda vasca que se ha situado como l\u00edder en este sector en el Estado,...","og_url":"https:\/\/www.fagor.eus\/es\/sener-crea-un-consorcio-aeroespacial-en-el-que-se-encuentran-fagor-aotek-y-fagor-automation\/","og_site_name":"FAGOR","article_published_time":"2021-01-27T12:06:50+00:00","article_modified_time":"2022-01-21T12:58:43+00:00","og_image":[{"width":900,"height":428,"url":"https:\/\/www.fagor.eus\/wp-content\/uploads\/2021\/01\/Fagor-Aeronau.jpg","type":"image\/jpeg"}],"author":"Fagor Taldea","twitter_card":"summary_large_image","twitter_creator":"@FagorTaldea","twitter_site":"@FagorTaldea","twitter_misc":{"Escrito por":"Fagor Taldea","Tiempo de lectura":"2 minutos"},"schema":{"@context":"https:\/\/schema.org","@graph":[{"@type":"Article","@id":"https:\/\/www.fagor.eus\/es\/sener-crea-un-consorcio-aeroespacial-en-el-que-se-encuentran-fagor-aotek-y-fagor-automation\/#article","isPartOf":{"@id":"https:\/\/www.fagor.eus\/es\/sener-crea-un-consorcio-aeroespacial-en-el-que-se-encuentran-fagor-aotek-y-fagor-automation\/"},"author":{"name":"Fagor Taldea","@id":"https:\/\/www.fagor.eus\/#\/schema\/person\/d7294802cef9840476f49bd2f2122375"},"headline":"Un consorcio aeroespacial creado por Sener, en el que se encuentran Fagor Aotek y Fagor Automation","datePublished":"2021-01-27T12:06:50+00:00","dateModified":"2022-01-21T12:58:43+00:00","mainEntityOfPage":{"@id":"https:\/\/www.fagor.eus\/es\/sener-crea-un-consorcio-aeroespacial-en-el-que-se-encuentran-fagor-aotek-y-fagor-automation\/"},"wordCount":412,"image":{"@id":"https:\/\/www.fagor.eus\/es\/sener-crea-un-consorcio-aeroespacial-en-el-que-se-encuentran-fagor-aotek-y-fagor-automation\/#primaryimage"},"thumbnailUrl":"https:\/\/www.fagor.eus\/wp-content\/uploads\/2021\/01\/Fagor-Aeronau.jpg","articleSection":["Fagor Automation"],"inLanguage":"es"},{"@type":"WebPage","@id":"https:\/\/www.fagor.eus\/es\/sener-crea-un-consorcio-aeroespacial-en-el-que-se-encuentran-fagor-aotek-y-fagor-automation\/","url":"https:\/\/www.fagor.eus\/es\/sener-crea-un-consorcio-aeroespacial-en-el-que-se-encuentran-fagor-aotek-y-fagor-automation\/","name":"Un consorcio aeroespacial creado por Sener, en el que se encuentran Fagor Aotek y Fagor Automation &#187; FAGOR Trabajando por un futuro mejor","isPartOf":{"@id":"https:\/\/www.fagor.eus\/#website"},"primaryImageOfPage":{"@id":"https:\/\/www.fagor.eus\/es\/sener-crea-un-consorcio-aeroespacial-en-el-que-se-encuentran-fagor-aotek-y-fagor-automation\/#primaryimage"},"image":{"@id":"https:\/\/www.fagor.eus\/es\/sener-crea-un-consorcio-aeroespacial-en-el-que-se-encuentran-fagor-aotek-y-fagor-automation\/#primaryimage"},"thumbnailUrl":"https:\/\/www.fagor.eus\/wp-content\/uploads\/2021\/01\/Fagor-Aeronau.jpg","datePublished":"2021-01-27T12:06:50+00:00","dateModified":"2022-01-21T12:58:43+00:00","author":{"@id":"https:\/\/www.fagor.eus\/#\/schema\/person\/d7294802cef9840476f49bd2f2122375"},"breadcrumb":{"@id":"https:\/\/www.fagor.eus\/es\/sener-crea-un-consorcio-aeroespacial-en-el-que-se-encuentran-fagor-aotek-y-fagor-automation\/#breadcrumb"},"inLanguage":"es","potentialAction":[{"@type":"ReadAction","target":["https:\/\/www.fagor.eus\/es\/sener-crea-un-consorcio-aeroespacial-en-el-que-se-encuentran-fagor-aotek-y-fagor-automation\/"]}]},{"@type":"ImageObject","inLanguage":"es","@id":"https:\/\/www.fagor.eus\/es\/sener-crea-un-consorcio-aeroespacial-en-el-que-se-encuentran-fagor-aotek-y-fagor-automation\/#primaryimage","url":"https:\/\/www.fagor.eus\/wp-content\/uploads\/2021\/01\/Fagor-Aeronau.jpg","contentUrl":"https:\/\/www.fagor.eus\/wp-content\/uploads\/2021\/01\/Fagor-Aeronau.jpg","width":900,"height":428},{"@type":"BreadcrumbList","@id":"https:\/\/www.fagor.eus\/es\/sener-crea-un-consorcio-aeroespacial-en-el-que-se-encuentran-fagor-aotek-y-fagor-automation\/#breadcrumb","itemListElement":[{"@type":"ListItem","position":1,"name":"Home","item":"https:\/\/www.fagor.eus\/es\/"},{"@type":"ListItem","position":2,"name":"Un consorcio aeroespacial creado por Sener, en el que se encuentran Fagor Aotek y Fagor Automation"}]},{"@type":"WebSite","@id":"https:\/\/www.fagor.eus\/#website","url":"https:\/\/www.fagor.eus\/","name":"Fagor","description":"Trabajando por un futuro mejor","potentialAction":[{"@type":"SearchAction","target":{"@type":"EntryPoint","urlTemplate":"https:\/\/www.fagor.eus\/?s={search_term_string}"},"query-input":{"@type":"PropertyValueSpecification","valueRequired":true,"valueName":"search_term_string"}}],"inLanguage":"es"},{"@type":"Person","@id":"https:\/\/www.fagor.eus\/#\/schema\/person\/d7294802cef9840476f49bd2f2122375","name":"Fagor Taldea","image":{"@type":"ImageObject","inLanguage":"es","@id":"https:\/\/secure.gravatar.com\/avatar\/cec0ca982b168f09eff729422ed88eaaae37172c0336e0d27cd3f2b75015b046?s=96&d=mm&r=g","url":"https:\/\/secure.gravatar.com\/avatar\/cec0ca982b168f09eff729422ed88eaaae37172c0336e0d27cd3f2b75015b046?s=96&d=mm&r=g","contentUrl":"https:\/\/secure.gravatar.com\/avatar\/cec0ca982b168f09eff729422ed88eaaae37172c0336e0d27cd3f2b75015b046?s=96&d=mm&r=g","caption":"Fagor Taldea"},"url":"https:\/\/www.fagor.eus\/es\/author\/system\/"}]}},"_links":{"self":[{"href":"https:\/\/www.fagor.eus\/es\/wp-json\/wp\/v2\/posts\/9683","targetHints":{"allow":["GET"]}}],"collection":[{"href":"https:\/\/www.fagor.eus\/es\/wp-json\/wp\/v2\/posts"}],"about":[{"href":"https:\/\/www.fagor.eus\/es\/wp-json\/wp\/v2\/types\/post"}],"author":[{"embeddable":true,"href":"https:\/\/www.fagor.eus\/es\/wp-json\/wp\/v2\/users\/1"}],"replies":[{"embeddable":true,"href":"https:\/\/www.fagor.eus\/es\/wp-json\/wp\/v2\/comments?post=9683"}],"version-history":[{"count":1,"href":"https:\/\/www.fagor.eus\/es\/wp-json\/wp\/v2\/posts\/9683\/revisions"}],"predecessor-version":[{"id":11780,"href":"https:\/\/www.fagor.eus\/es\/wp-json\/wp\/v2\/posts\/9683\/revisions\/11780"}],"wp:featuredmedia":[{"embeddable":true,"href":"https:\/\/www.fagor.eus\/es\/wp-json\/wp\/v2\/media\/11778"}],"wp:attachment":[{"href":"https:\/\/www.fagor.eus\/es\/wp-json\/wp\/v2\/media?parent=9683"}],"wp:term":[{"taxonomy":"category","embeddable":true,"href":"https:\/\/www.fagor.eus\/es\/wp-json\/wp\/v2\/categories?post=9683"},{"taxonomy":"post_tag","embeddable":true,"href":"https:\/\/www.fagor.eus\/es\/wp-json\/wp\/v2\/tags?post=9683"}],"curies":[{"name":"wp","href":"https:\/\/api.w.org\/{rel}","templated":true}]}}