{"id":9333,"date":"2020-10-01T15:58:42","date_gmt":"2020-10-01T15:58:42","guid":{"rendered":"https:\/\/www.fagor.eus\/?p=9333"},"modified":"2022-01-21T13:02:33","modified_gmt":"2022-01-21T13:02:33","slug":"debagoiena-2030-2","status":"publish","type":"post","link":"https:\/\/www.fagor.eus\/es\/debagoiena-2030-2\/","title":{"rendered":"Hemos presentado el proyecto Debagoiena 2030 entre varias entidades"},"content":{"rendered":"<p>Debagoiena 2030 es un proyecto impulsado por varios agentes de la comarca para ofrecer una respuesta com\u00fan y colectiva a los retos globales del siglo XXI. Hemos participado en \u00e9l desde el principio, y el objetivo principal es liderar la regi\u00f3n hacia el desarrollo sostenible mediante la integraci\u00f3n de la transformaci\u00f3n social y econ\u00f3mica.<\/p>\n<p>Los integrantes que formamos el \u00d3rgano Gobierno de la Red Debagoiena 2030 realizamos la presentaci\u00f3n oficial el 1 de octubre, en un acto celebrado en el Museo Ibarraundi de Eskoriatza. Tras la presentaci\u00f3n, las 13 entidades de Debagoiena, Gipuzkoa y Euskal Herria firmamos oficialmente la puesta en marcha de la iniciativa: Ayuntamiento de Arrasate, Ayuntamiento de O\u0144ati, Ayuntamiento de Bergara, ULMA, Mancomunidad del Alto Deba, Garaia, Diputaci\u00f3n Foral de Gipuzkoa, Goiena, Grupo Mondrag\u00f3n, Mondragon Unibertsitatea, Saiolan, Agirre Lehendakaria, y Grupo Fagor.<\/p>\n<p>En el acto, el presidente del Grupo Fagor, Joxean Alustiza, destac\u00f3 que la participaci\u00f3n de las cooperativas en la iniciativa es algo natural, ya que \u201cen nuestro ADN llevamos el compromiso con la sociedad y el deseo de impulsar su transformaci\u00f3n. Trabajando en cooperaci\u00f3n los resultados se multiplican\u201d.<br \/>\n<iframe class=\"embed-responsive-item\" src=\"https:\/\/goienamedia.eus\/internet\/public\/bideo\/20061241\/embed-kodea\/position-static\" allowfullscreen=\"allowfullscreen\"><\/iframe><\/p>\n<p><strong>La iniciativa Debagoiena 2030<\/strong><\/p>\n<p>Debagoiena 2030 es un proyecto para impulsar un movimiento de transformacio\u0301n que de\u0301 respuesta comunitaria propia a los retos globales del siglo XXI. Desde la colaboracio\u0301n de diferentes agentes e individuos, impulsando y conectando diferentes metodologi\u0301as, proyectos e iniciativas, se esta\u0301 creando una red que pretende tener un impacto significativo en estos retos.<\/p>\n<p>Con el objetivo de conseguir una Debagoiena inteligente, inclusiva y clima\u0301ticamente neutra la iniciativa D2030 realizo\u0301 una exploracio\u0301n de la comarca en el an\u0303o 2019. En esa exploracio\u0301n se identificaron varias a\u0301reas de trabajo o a\u0301mbitos de actuaci\u00f3n. Esos son, el Futuro del Trabajo, la Energi\u0301a, la Movilidad, los Sistemas Alimentarios, la Educacio\u0301n, la Economi\u0301a Circular, la Inclusio\u0301n y la <span lang=\"es\"><span style=\"font-family: Times New Roman,serif; font-size: medium;\"><span style=\"color: black; font-family: IBM Plex Sans,serif;\">Participaci\u00f3n Comunitaria<\/span><\/span><\/span>.<\/p>\n<p>Informaci\u00f3n: <a href=\"http:\/\/www.debagoiena2030.eus\" target=\"_blank\" rel=\"noopener noreferrer\">Debagoiena 2030<\/a> \/ <a href=\"https:\/\/goiena.eus\/\" target=\"_blank\" rel=\"noopener noreferrer\">Goiena<\/a><\/p>\n","protected":false},"excerpt":{"rendered":"<p>Debagoiena 2030 es un proyecto impulsado por varios agentes de la comarca para ofrecer una respuesta com\u00fan y colectiva a los retos globales del siglo XXI. Hemos participado en \u00e9l&#8230;<\/p>\n","protected":false},"author":1,"featured_media":11818,"comment_status":"closed","ping_status":"closed","sticky":false,"template":"","format":"standard","meta":{"footnotes":""},"categories":[80,104],"tags":[],"class_list":{"0":"post-9333","1":"post","2":"type-post","3":"status-publish","4":"format-standard","5":"has-post-thumbnail","7":"category-d2030-es","8":"category-grupo-fagor-es"},"yoast_head":"<!-- This site is optimized with the Yoast SEO plugin v27.4 - https:\/\/yoast.com\/product\/yoast-seo-wordpress\/ -->\n<title>Hemos presentado el proyecto Debagoiena 2030 entre varias entidades &#187; FAGOR Trabajando por un futuro mejor<\/title>\n<meta name=\"robots\" content=\"index, follow, max-snippet:-1, max-image-preview:large, max-video-preview:-1\" \/>\n<link rel=\"canonical\" href=\"https:\/\/www.fagor.eus\/es\/debagoiena-2030-2\/\" \/>\n<meta property=\"og:locale\" content=\"es_ES\" \/>\n<meta property=\"og:type\" content=\"article\" \/>\n<meta property=\"og:title\" content=\"Hemos presentado el proyecto Debagoiena 2030 entre varias entidades &#187; FAGOR Trabajando por un futuro mejor\" \/>\n<meta property=\"og:description\" content=\"Debagoiena 2030 es un proyecto impulsado por varios agentes de la comarca para ofrecer una respuesta com\u00fan y colectiva a los retos globales del siglo XXI. Hemos participado en \u00e9l...\" \/>\n<meta property=\"og:url\" content=\"https:\/\/www.fagor.eus\/es\/debagoiena-2030-2\/\" \/>\n<meta property=\"og:site_name\" content=\"FAGOR\" \/>\n<meta property=\"article:published_time\" content=\"2020-10-01T15:58:42+00:00\" \/>\n<meta property=\"article:modified_time\" content=\"2022-01-21T13:02:33+00:00\" \/>\n<meta property=\"og:image\" content=\"https:\/\/www.fagor.eus\/wp-content\/uploads\/2020\/12\/Debagoiena2030-scaled-1-1200x800-1.jpg\" \/>\n\t<meta property=\"og:image:width\" content=\"1200\" \/>\n\t<meta property=\"og:image:height\" content=\"800\" \/>\n\t<meta property=\"og:image:type\" content=\"image\/jpeg\" \/>\n<meta name=\"author\" content=\"Fagor Taldea\" \/>\n<meta name=\"twitter:card\" content=\"summary_large_image\" \/>\n<meta name=\"twitter:creator\" content=\"@FagorTaldea\" \/>\n<meta name=\"twitter:site\" content=\"@FagorTaldea\" \/>\n<meta name=\"twitter:label1\" content=\"Escrito por\" \/>\n\t<meta name=\"twitter:data1\" content=\"Fagor Taldea\" \/>\n\t<meta name=\"twitter:label2\" content=\"Tiempo de lectura\" \/>\n\t<meta name=\"twitter:data2\" content=\"2 minutos\" \/>\n<script type=\"application\/ld+json\" class=\"yoast-schema-graph\">{\"@context\":\"https:\\\/\\\/schema.org\",\"@graph\":[{\"@type\":\"Article\",\"@id\":\"https:\\\/\\\/www.fagor.eus\\\/es\\\/debagoiena-2030-2\\\/#article\",\"isPartOf\":{\"@id\":\"https:\\\/\\\/www.fagor.eus\\\/es\\\/debagoiena-2030-2\\\/\"},\"author\":{\"name\":\"Fagor Taldea\",\"@id\":\"https:\\\/\\\/www.fagor.eus\\\/#\\\/schema\\\/person\\\/d7294802cef9840476f49bd2f2122375\"},\"headline\":\"Hemos presentado el proyecto Debagoiena 2030 entre varias entidades\",\"datePublished\":\"2020-10-01T15:58:42+00:00\",\"dateModified\":\"2022-01-21T13:02:33+00:00\",\"mainEntityOfPage\":{\"@id\":\"https:\\\/\\\/www.fagor.eus\\\/es\\\/debagoiena-2030-2\\\/\"},\"wordCount\":335,\"image\":{\"@id\":\"https:\\\/\\\/www.fagor.eus\\\/es\\\/debagoiena-2030-2\\\/#primaryimage\"},\"thumbnailUrl\":\"https:\\\/\\\/www.fagor.eus\\\/wp-content\\\/uploads\\\/2020\\\/12\\\/Debagoiena2030-scaled-1-1200x800-1.jpg\",\"articleSection\":[\"D2030\",\"Grupo Fagor\"],\"inLanguage\":\"es\"},{\"@type\":\"WebPage\",\"@id\":\"https:\\\/\\\/www.fagor.eus\\\/es\\\/debagoiena-2030-2\\\/\",\"url\":\"https:\\\/\\\/www.fagor.eus\\\/es\\\/debagoiena-2030-2\\\/\",\"name\":\"Hemos presentado el proyecto Debagoiena 2030 entre varias entidades &#187; FAGOR Trabajando por un futuro mejor\",\"isPartOf\":{\"@id\":\"https:\\\/\\\/www.fagor.eus\\\/#website\"},\"primaryImageOfPage\":{\"@id\":\"https:\\\/\\\/www.fagor.eus\\\/es\\\/debagoiena-2030-2\\\/#primaryimage\"},\"image\":{\"@id\":\"https:\\\/\\\/www.fagor.eus\\\/es\\\/debagoiena-2030-2\\\/#primaryimage\"},\"thumbnailUrl\":\"https:\\\/\\\/www.fagor.eus\\\/wp-content\\\/uploads\\\/2020\\\/12\\\/Debagoiena2030-scaled-1-1200x800-1.jpg\",\"datePublished\":\"2020-10-01T15:58:42+00:00\",\"dateModified\":\"2022-01-21T13:02:33+00:00\",\"author\":{\"@id\":\"https:\\\/\\\/www.fagor.eus\\\/#\\\/schema\\\/person\\\/d7294802cef9840476f49bd2f2122375\"},\"breadcrumb\":{\"@id\":\"https:\\\/\\\/www.fagor.eus\\\/es\\\/debagoiena-2030-2\\\/#breadcrumb\"},\"inLanguage\":\"es\",\"potentialAction\":[{\"@type\":\"ReadAction\",\"target\":[\"https:\\\/\\\/www.fagor.eus\\\/es\\\/debagoiena-2030-2\\\/\"]}]},{\"@type\":\"ImageObject\",\"inLanguage\":\"es\",\"@id\":\"https:\\\/\\\/www.fagor.eus\\\/es\\\/debagoiena-2030-2\\\/#primaryimage\",\"url\":\"https:\\\/\\\/www.fagor.eus\\\/wp-content\\\/uploads\\\/2020\\\/12\\\/Debagoiena2030-scaled-1-1200x800-1.jpg\",\"contentUrl\":\"https:\\\/\\\/www.fagor.eus\\\/wp-content\\\/uploads\\\/2020\\\/12\\\/Debagoiena2030-scaled-1-1200x800-1.jpg\",\"width\":1200,\"height\":800},{\"@type\":\"BreadcrumbList\",\"@id\":\"https:\\\/\\\/www.fagor.eus\\\/es\\\/debagoiena-2030-2\\\/#breadcrumb\",\"itemListElement\":[{\"@type\":\"ListItem\",\"position\":1,\"name\":\"Home\",\"item\":\"https:\\\/\\\/www.fagor.eus\\\/es\\\/\"},{\"@type\":\"ListItem\",\"position\":2,\"name\":\"Hemos presentado el proyecto Debagoiena 2030 entre varias entidades\"}]},{\"@type\":\"WebSite\",\"@id\":\"https:\\\/\\\/www.fagor.eus\\\/#website\",\"url\":\"https:\\\/\\\/www.fagor.eus\\\/\",\"name\":\"Fagor\",\"description\":\"Trabajando por un futuro mejor\",\"potentialAction\":[{\"@type\":\"SearchAction\",\"target\":{\"@type\":\"EntryPoint\",\"urlTemplate\":\"https:\\\/\\\/www.fagor.eus\\\/?s={search_term_string}\"},\"query-input\":{\"@type\":\"PropertyValueSpecification\",\"valueRequired\":true,\"valueName\":\"search_term_string\"}}],\"inLanguage\":\"es\"},{\"@type\":\"Person\",\"@id\":\"https:\\\/\\\/www.fagor.eus\\\/#\\\/schema\\\/person\\\/d7294802cef9840476f49bd2f2122375\",\"name\":\"Fagor Taldea\",\"image\":{\"@type\":\"ImageObject\",\"inLanguage\":\"es\",\"@id\":\"https:\\\/\\\/secure.gravatar.com\\\/avatar\\\/cec0ca982b168f09eff729422ed88eaaae37172c0336e0d27cd3f2b75015b046?s=96&d=mm&r=g\",\"url\":\"https:\\\/\\\/secure.gravatar.com\\\/avatar\\\/cec0ca982b168f09eff729422ed88eaaae37172c0336e0d27cd3f2b75015b046?s=96&d=mm&r=g\",\"contentUrl\":\"https:\\\/\\\/secure.gravatar.com\\\/avatar\\\/cec0ca982b168f09eff729422ed88eaaae37172c0336e0d27cd3f2b75015b046?s=96&d=mm&r=g\",\"caption\":\"Fagor Taldea\"},\"url\":\"https:\\\/\\\/www.fagor.eus\\\/es\\\/author\\\/system\\\/\"}]}<\/script>\n<!-- \/ Yoast SEO plugin. -->","yoast_head_json":{"title":"Hemos presentado el proyecto Debagoiena 2030 entre varias entidades &#187; FAGOR Trabajando por un futuro mejor","robots":{"index":"index","follow":"follow","max-snippet":"max-snippet:-1","max-image-preview":"max-image-preview:large","max-video-preview":"max-video-preview:-1"},"canonical":"https:\/\/www.fagor.eus\/es\/debagoiena-2030-2\/","og_locale":"es_ES","og_type":"article","og_title":"Hemos presentado el proyecto Debagoiena 2030 entre varias entidades &#187; FAGOR Trabajando por un futuro mejor","og_description":"Debagoiena 2030 es un proyecto impulsado por varios agentes de la comarca para ofrecer una respuesta com\u00fan y colectiva a los retos globales del siglo XXI. Hemos participado en \u00e9l...","og_url":"https:\/\/www.fagor.eus\/es\/debagoiena-2030-2\/","og_site_name":"FAGOR","article_published_time":"2020-10-01T15:58:42+00:00","article_modified_time":"2022-01-21T13:02:33+00:00","og_image":[{"width":1200,"height":800,"url":"https:\/\/www.fagor.eus\/wp-content\/uploads\/2020\/12\/Debagoiena2030-scaled-1-1200x800-1.jpg","type":"image\/jpeg"}],"author":"Fagor Taldea","twitter_card":"summary_large_image","twitter_creator":"@FagorTaldea","twitter_site":"@FagorTaldea","twitter_misc":{"Escrito por":"Fagor Taldea","Tiempo de lectura":"2 minutos"},"schema":{"@context":"https:\/\/schema.org","@graph":[{"@type":"Article","@id":"https:\/\/www.fagor.eus\/es\/debagoiena-2030-2\/#article","isPartOf":{"@id":"https:\/\/www.fagor.eus\/es\/debagoiena-2030-2\/"},"author":{"name":"Fagor Taldea","@id":"https:\/\/www.fagor.eus\/#\/schema\/person\/d7294802cef9840476f49bd2f2122375"},"headline":"Hemos presentado el proyecto Debagoiena 2030 entre varias entidades","datePublished":"2020-10-01T15:58:42+00:00","dateModified":"2022-01-21T13:02:33+00:00","mainEntityOfPage":{"@id":"https:\/\/www.fagor.eus\/es\/debagoiena-2030-2\/"},"wordCount":335,"image":{"@id":"https:\/\/www.fagor.eus\/es\/debagoiena-2030-2\/#primaryimage"},"thumbnailUrl":"https:\/\/www.fagor.eus\/wp-content\/uploads\/2020\/12\/Debagoiena2030-scaled-1-1200x800-1.jpg","articleSection":["D2030","Grupo Fagor"],"inLanguage":"es"},{"@type":"WebPage","@id":"https:\/\/www.fagor.eus\/es\/debagoiena-2030-2\/","url":"https:\/\/www.fagor.eus\/es\/debagoiena-2030-2\/","name":"Hemos presentado el proyecto Debagoiena 2030 entre varias entidades &#187; FAGOR Trabajando por un futuro mejor","isPartOf":{"@id":"https:\/\/www.fagor.eus\/#website"},"primaryImageOfPage":{"@id":"https:\/\/www.fagor.eus\/es\/debagoiena-2030-2\/#primaryimage"},"image":{"@id":"https:\/\/www.fagor.eus\/es\/debagoiena-2030-2\/#primaryimage"},"thumbnailUrl":"https:\/\/www.fagor.eus\/wp-content\/uploads\/2020\/12\/Debagoiena2030-scaled-1-1200x800-1.jpg","datePublished":"2020-10-01T15:58:42+00:00","dateModified":"2022-01-21T13:02:33+00:00","author":{"@id":"https:\/\/www.fagor.eus\/#\/schema\/person\/d7294802cef9840476f49bd2f2122375"},"breadcrumb":{"@id":"https:\/\/www.fagor.eus\/es\/debagoiena-2030-2\/#breadcrumb"},"inLanguage":"es","potentialAction":[{"@type":"ReadAction","target":["https:\/\/www.fagor.eus\/es\/debagoiena-2030-2\/"]}]},{"@type":"ImageObject","inLanguage":"es","@id":"https:\/\/www.fagor.eus\/es\/debagoiena-2030-2\/#primaryimage","url":"https:\/\/www.fagor.eus\/wp-content\/uploads\/2020\/12\/Debagoiena2030-scaled-1-1200x800-1.jpg","contentUrl":"https:\/\/www.fagor.eus\/wp-content\/uploads\/2020\/12\/Debagoiena2030-scaled-1-1200x800-1.jpg","width":1200,"height":800},{"@type":"BreadcrumbList","@id":"https:\/\/www.fagor.eus\/es\/debagoiena-2030-2\/#breadcrumb","itemListElement":[{"@type":"ListItem","position":1,"name":"Home","item":"https:\/\/www.fagor.eus\/es\/"},{"@type":"ListItem","position":2,"name":"Hemos presentado el proyecto Debagoiena 2030 entre varias entidades"}]},{"@type":"WebSite","@id":"https:\/\/www.fagor.eus\/#website","url":"https:\/\/www.fagor.eus\/","name":"Fagor","description":"Trabajando por un futuro mejor","potentialAction":[{"@type":"SearchAction","target":{"@type":"EntryPoint","urlTemplate":"https:\/\/www.fagor.eus\/?s={search_term_string}"},"query-input":{"@type":"PropertyValueSpecification","valueRequired":true,"valueName":"search_term_string"}}],"inLanguage":"es"},{"@type":"Person","@id":"https:\/\/www.fagor.eus\/#\/schema\/person\/d7294802cef9840476f49bd2f2122375","name":"Fagor Taldea","image":{"@type":"ImageObject","inLanguage":"es","@id":"https:\/\/secure.gravatar.com\/avatar\/cec0ca982b168f09eff729422ed88eaaae37172c0336e0d27cd3f2b75015b046?s=96&d=mm&r=g","url":"https:\/\/secure.gravatar.com\/avatar\/cec0ca982b168f09eff729422ed88eaaae37172c0336e0d27cd3f2b75015b046?s=96&d=mm&r=g","contentUrl":"https:\/\/secure.gravatar.com\/avatar\/cec0ca982b168f09eff729422ed88eaaae37172c0336e0d27cd3f2b75015b046?s=96&d=mm&r=g","caption":"Fagor Taldea"},"url":"https:\/\/www.fagor.eus\/es\/author\/system\/"}]}},"_links":{"self":[{"href":"https:\/\/www.fagor.eus\/es\/wp-json\/wp\/v2\/posts\/9333","targetHints":{"allow":["GET"]}}],"collection":[{"href":"https:\/\/www.fagor.eus\/es\/wp-json\/wp\/v2\/posts"}],"about":[{"href":"https:\/\/www.fagor.eus\/es\/wp-json\/wp\/v2\/types\/post"}],"author":[{"embeddable":true,"href":"https:\/\/www.fagor.eus\/es\/wp-json\/wp\/v2\/users\/1"}],"replies":[{"embeddable":true,"href":"https:\/\/www.fagor.eus\/es\/wp-json\/wp\/v2\/comments?post=9333"}],"version-history":[{"count":1,"href":"https:\/\/www.fagor.eus\/es\/wp-json\/wp\/v2\/posts\/9333\/revisions"}],"predecessor-version":[{"id":11869,"href":"https:\/\/www.fagor.eus\/es\/wp-json\/wp\/v2\/posts\/9333\/revisions\/11869"}],"wp:featuredmedia":[{"embeddable":true,"href":"https:\/\/www.fagor.eus\/es\/wp-json\/wp\/v2\/media\/11818"}],"wp:attachment":[{"href":"https:\/\/www.fagor.eus\/es\/wp-json\/wp\/v2\/media?parent=9333"}],"wp:term":[{"taxonomy":"category","embeddable":true,"href":"https:\/\/www.fagor.eus\/es\/wp-json\/wp\/v2\/categories?post=9333"},{"taxonomy":"post_tag","embeddable":true,"href":"https:\/\/www.fagor.eus\/es\/wp-json\/wp\/v2\/tags?post=9333"}],"curies":[{"name":"wp","href":"https:\/\/api.w.org\/{rel}","templated":true}]}}