{"id":9289,"date":"2020-09-30T07:29:12","date_gmt":"2020-09-30T07:29:12","guid":{"rendered":"https:\/\/www.fagor.eus\/?p=9289"},"modified":"2022-01-21T13:02:45","modified_gmt":"2022-01-21T13:02:45","slug":"euskaraldia-ariguneak-izen-emateak-2","status":"publish","type":"post","link":"https:\/\/www.fagor.eus\/es\/euskaraldia-ariguneak-izen-emateak-2\/","title":{"rendered":"Hemos participado en el acto de inicio de inscripci\u00f3n de los arigunes"},"content":{"rendered":"<p>El pasado jueves, 24 de septiembre, estuvimos en el Seminario de Bergara, en el acto de apertura de la inscripci\u00f3n en los arigunes donde se presentaron las principales caracter\u00edsticas de la edici\u00f3n de este a\u00f1o del <a href=\"https:\/\/euskaraldia.eus\/\">Euskaraldia<\/a>. Representando al Grupo Fagor estuvo Leire Okaranza, Responsable de Gesti\u00f3n Social del Grupo Fagor.<\/p>\n<p>En su segunda edici\u00f3n, adem\u00e1s de a personas particulares, el Euskaraldia invita tambi\u00e9n a participar a entidades y empresas, anim\u00e1ndoles a identificar arigunes en sus organizaciones. En ese sentido, el Grupo Fagor lleva a\u00f1os trabajando la normalizaci\u00f3n del euskera en un sector econ\u00f3mico como la industria en el que tradicionalmente nuestro idioma ha tenido una presencia reducida. Esta actitud pionera se refleja en el hecho de haber sido invitados a participar en este acto que ha contado con la presencia de Bingen Zupiria, Consejero de Cultura y Pol\u00edtica Ling\u00fc\u00edstica del Gobierno Vasco. Leire Okaranza puso en valor la importancia que tiene el Euskaraldia en el mundo empresarial.<\/p>\n<p><strong>Fagor Taldea Euskaraldiarekin bat<\/strong><\/p>\n<p><iframe loading=\"lazy\" src=\"https:\/\/www.youtube.com\/embed\/FcStQH_Ehag\" width=\"560\" height=\"315\" frameborder=\"0\" allowfullscreen=\"allowfullscreen\"><\/iframe><\/p>\n<p>Todas las cooperativas del Grupo Fagor ya se han inscrito en el Euskaraldia. Actualmente, estamos identificando los arigunes y el rol que desempe\u00f1ar\u00e1 cada participante. Como pod\u00e9is ver en el v\u00eddeo realizado por Emun, ya hay un mont\u00f3n de cooperativistas que se han unido a la iniciativa. En este sentido, durante las pr\u00f3ximas semanas se impartir\u00e1n varias sesiones formativas en nuestras cooperativas. Desde aqu\u00ed, os animamos a todos y todas a participar en el Euskaraldia.<\/p>\n<p>&nbsp;<\/p>\n","protected":false},"excerpt":{"rendered":"<p>El pasado jueves, 24 de septiembre, estuvimos en el Seminario de Bergara, en el acto de apertura de la inscripci\u00f3n en los arigunes donde se presentaron las principales caracter\u00edsticas de&#8230;<\/p>\n","protected":false},"author":1,"featured_media":11872,"comment_status":"closed","ping_status":"closed","sticky":false,"template":"","format":"standard","meta":{"footnotes":""},"categories":[82,104,101],"tags":[],"class_list":{"0":"post-9289","1":"post","2":"type-post","3":"status-publish","4":"format-standard","5":"has-post-thumbnail","7":"category-euskara-es","8":"category-grupo-fagor-es","9":"category-mondragon-assembly-es"},"yoast_head":"<!-- This site is optimized with the Yoast SEO plugin v27.4 - https:\/\/yoast.com\/product\/yoast-seo-wordpress\/ -->\n<title>Hemos participado en el acto de inicio de inscripci\u00f3n de los arigunes &#187; FAGOR Trabajando por un futuro mejor<\/title>\n<meta name=\"robots\" content=\"index, follow, max-snippet:-1, max-image-preview:large, max-video-preview:-1\" \/>\n<link rel=\"canonical\" href=\"https:\/\/www.fagor.eus\/es\/euskaraldia-ariguneak-izen-emateak-2\/\" \/>\n<meta property=\"og:locale\" content=\"es_ES\" \/>\n<meta property=\"og:type\" content=\"article\" \/>\n<meta property=\"og:title\" content=\"Hemos participado en el acto de inicio de inscripci\u00f3n de los arigunes &#187; FAGOR Trabajando por un futuro mejor\" \/>\n<meta property=\"og:description\" content=\"El pasado jueves, 24 de septiembre, estuvimos en el Seminario de Bergara, en el acto de apertura de la inscripci\u00f3n en los arigunes donde se presentaron las principales caracter\u00edsticas de...\" \/>\n<meta property=\"og:url\" content=\"https:\/\/www.fagor.eus\/es\/euskaraldia-ariguneak-izen-emateak-2\/\" \/>\n<meta property=\"og:site_name\" content=\"FAGOR\" \/>\n<meta property=\"article:published_time\" content=\"2020-09-30T07:29:12+00:00\" \/>\n<meta property=\"article:modified_time\" content=\"2022-01-21T13:02:45+00:00\" \/>\n<meta property=\"og:image\" content=\"https:\/\/www.fagor.eus\/wp-content\/uploads\/2020\/09\/euskaraldia-1.jpg\" \/>\n\t<meta property=\"og:image:width\" content=\"1124\" \/>\n\t<meta property=\"og:image:height\" content=\"618\" \/>\n\t<meta property=\"og:image:type\" content=\"image\/jpeg\" \/>\n<meta name=\"author\" content=\"Fagor Taldea\" \/>\n<meta name=\"twitter:card\" content=\"summary_large_image\" \/>\n<meta name=\"twitter:creator\" content=\"@FagorTaldea\" \/>\n<meta name=\"twitter:site\" content=\"@FagorTaldea\" \/>\n<meta name=\"twitter:label1\" content=\"Escrito por\" \/>\n\t<meta name=\"twitter:data1\" content=\"Fagor Taldea\" \/>\n\t<meta name=\"twitter:label2\" content=\"Tiempo de lectura\" \/>\n\t<meta name=\"twitter:data2\" content=\"1 minuto\" \/>\n<script type=\"application\/ld+json\" class=\"yoast-schema-graph\">{\"@context\":\"https:\\\/\\\/schema.org\",\"@graph\":[{\"@type\":\"Article\",\"@id\":\"https:\\\/\\\/www.fagor.eus\\\/es\\\/euskaraldia-ariguneak-izen-emateak-2\\\/#article\",\"isPartOf\":{\"@id\":\"https:\\\/\\\/www.fagor.eus\\\/es\\\/euskaraldia-ariguneak-izen-emateak-2\\\/\"},\"author\":{\"name\":\"Fagor Taldea\",\"@id\":\"https:\\\/\\\/www.fagor.eus\\\/#\\\/schema\\\/person\\\/d7294802cef9840476f49bd2f2122375\"},\"headline\":\"Hemos participado en el acto de inicio de inscripci\u00f3n de los arigunes\",\"datePublished\":\"2020-09-30T07:29:12+00:00\",\"dateModified\":\"2022-01-21T13:02:45+00:00\",\"mainEntityOfPage\":{\"@id\":\"https:\\\/\\\/www.fagor.eus\\\/es\\\/euskaraldia-ariguneak-izen-emateak-2\\\/\"},\"wordCount\":270,\"image\":{\"@id\":\"https:\\\/\\\/www.fagor.eus\\\/es\\\/euskaraldia-ariguneak-izen-emateak-2\\\/#primaryimage\"},\"thumbnailUrl\":\"https:\\\/\\\/www.fagor.eus\\\/wp-content\\\/uploads\\\/2020\\\/09\\\/euskaraldia-1.jpg\",\"articleSection\":[\"Euskara\",\"Grupo Fagor\",\"Mondragon Assembly\"],\"inLanguage\":\"es\"},{\"@type\":\"WebPage\",\"@id\":\"https:\\\/\\\/www.fagor.eus\\\/es\\\/euskaraldia-ariguneak-izen-emateak-2\\\/\",\"url\":\"https:\\\/\\\/www.fagor.eus\\\/es\\\/euskaraldia-ariguneak-izen-emateak-2\\\/\",\"name\":\"Hemos participado en el acto de inicio de inscripci\u00f3n de los arigunes &#187; FAGOR Trabajando por un futuro mejor\",\"isPartOf\":{\"@id\":\"https:\\\/\\\/www.fagor.eus\\\/#website\"},\"primaryImageOfPage\":{\"@id\":\"https:\\\/\\\/www.fagor.eus\\\/es\\\/euskaraldia-ariguneak-izen-emateak-2\\\/#primaryimage\"},\"image\":{\"@id\":\"https:\\\/\\\/www.fagor.eus\\\/es\\\/euskaraldia-ariguneak-izen-emateak-2\\\/#primaryimage\"},\"thumbnailUrl\":\"https:\\\/\\\/www.fagor.eus\\\/wp-content\\\/uploads\\\/2020\\\/09\\\/euskaraldia-1.jpg\",\"datePublished\":\"2020-09-30T07:29:12+00:00\",\"dateModified\":\"2022-01-21T13:02:45+00:00\",\"author\":{\"@id\":\"https:\\\/\\\/www.fagor.eus\\\/#\\\/schema\\\/person\\\/d7294802cef9840476f49bd2f2122375\"},\"breadcrumb\":{\"@id\":\"https:\\\/\\\/www.fagor.eus\\\/es\\\/euskaraldia-ariguneak-izen-emateak-2\\\/#breadcrumb\"},\"inLanguage\":\"es\",\"potentialAction\":[{\"@type\":\"ReadAction\",\"target\":[\"https:\\\/\\\/www.fagor.eus\\\/es\\\/euskaraldia-ariguneak-izen-emateak-2\\\/\"]}]},{\"@type\":\"ImageObject\",\"inLanguage\":\"es\",\"@id\":\"https:\\\/\\\/www.fagor.eus\\\/es\\\/euskaraldia-ariguneak-izen-emateak-2\\\/#primaryimage\",\"url\":\"https:\\\/\\\/www.fagor.eus\\\/wp-content\\\/uploads\\\/2020\\\/09\\\/euskaraldia-1.jpg\",\"contentUrl\":\"https:\\\/\\\/www.fagor.eus\\\/wp-content\\\/uploads\\\/2020\\\/09\\\/euskaraldia-1.jpg\",\"width\":1124,\"height\":618},{\"@type\":\"BreadcrumbList\",\"@id\":\"https:\\\/\\\/www.fagor.eus\\\/es\\\/euskaraldia-ariguneak-izen-emateak-2\\\/#breadcrumb\",\"itemListElement\":[{\"@type\":\"ListItem\",\"position\":1,\"name\":\"Home\",\"item\":\"https:\\\/\\\/www.fagor.eus\\\/es\\\/\"},{\"@type\":\"ListItem\",\"position\":2,\"name\":\"Hemos participado en el acto de inicio de inscripci\u00f3n de los arigunes\"}]},{\"@type\":\"WebSite\",\"@id\":\"https:\\\/\\\/www.fagor.eus\\\/#website\",\"url\":\"https:\\\/\\\/www.fagor.eus\\\/\",\"name\":\"Fagor\",\"description\":\"Trabajando por un futuro mejor\",\"potentialAction\":[{\"@type\":\"SearchAction\",\"target\":{\"@type\":\"EntryPoint\",\"urlTemplate\":\"https:\\\/\\\/www.fagor.eus\\\/?s={search_term_string}\"},\"query-input\":{\"@type\":\"PropertyValueSpecification\",\"valueRequired\":true,\"valueName\":\"search_term_string\"}}],\"inLanguage\":\"es\"},{\"@type\":\"Person\",\"@id\":\"https:\\\/\\\/www.fagor.eus\\\/#\\\/schema\\\/person\\\/d7294802cef9840476f49bd2f2122375\",\"name\":\"Fagor Taldea\",\"image\":{\"@type\":\"ImageObject\",\"inLanguage\":\"es\",\"@id\":\"https:\\\/\\\/secure.gravatar.com\\\/avatar\\\/cec0ca982b168f09eff729422ed88eaaae37172c0336e0d27cd3f2b75015b046?s=96&d=mm&r=g\",\"url\":\"https:\\\/\\\/secure.gravatar.com\\\/avatar\\\/cec0ca982b168f09eff729422ed88eaaae37172c0336e0d27cd3f2b75015b046?s=96&d=mm&r=g\",\"contentUrl\":\"https:\\\/\\\/secure.gravatar.com\\\/avatar\\\/cec0ca982b168f09eff729422ed88eaaae37172c0336e0d27cd3f2b75015b046?s=96&d=mm&r=g\",\"caption\":\"Fagor Taldea\"},\"url\":\"https:\\\/\\\/www.fagor.eus\\\/es\\\/author\\\/system\\\/\"}]}<\/script>\n<!-- \/ Yoast SEO plugin. -->","yoast_head_json":{"title":"Hemos participado en el acto de inicio de inscripci\u00f3n de los arigunes &#187; FAGOR Trabajando por un futuro mejor","robots":{"index":"index","follow":"follow","max-snippet":"max-snippet:-1","max-image-preview":"max-image-preview:large","max-video-preview":"max-video-preview:-1"},"canonical":"https:\/\/www.fagor.eus\/es\/euskaraldia-ariguneak-izen-emateak-2\/","og_locale":"es_ES","og_type":"article","og_title":"Hemos participado en el acto de inicio de inscripci\u00f3n de los arigunes &#187; FAGOR Trabajando por un futuro mejor","og_description":"El pasado jueves, 24 de septiembre, estuvimos en el Seminario de Bergara, en el acto de apertura de la inscripci\u00f3n en los arigunes donde se presentaron las principales caracter\u00edsticas de...","og_url":"https:\/\/www.fagor.eus\/es\/euskaraldia-ariguneak-izen-emateak-2\/","og_site_name":"FAGOR","article_published_time":"2020-09-30T07:29:12+00:00","article_modified_time":"2022-01-21T13:02:45+00:00","og_image":[{"width":1124,"height":618,"url":"https:\/\/www.fagor.eus\/wp-content\/uploads\/2020\/09\/euskaraldia-1.jpg","type":"image\/jpeg"}],"author":"Fagor Taldea","twitter_card":"summary_large_image","twitter_creator":"@FagorTaldea","twitter_site":"@FagorTaldea","twitter_misc":{"Escrito por":"Fagor Taldea","Tiempo de lectura":"1 minuto"},"schema":{"@context":"https:\/\/schema.org","@graph":[{"@type":"Article","@id":"https:\/\/www.fagor.eus\/es\/euskaraldia-ariguneak-izen-emateak-2\/#article","isPartOf":{"@id":"https:\/\/www.fagor.eus\/es\/euskaraldia-ariguneak-izen-emateak-2\/"},"author":{"name":"Fagor Taldea","@id":"https:\/\/www.fagor.eus\/#\/schema\/person\/d7294802cef9840476f49bd2f2122375"},"headline":"Hemos participado en el acto de inicio de inscripci\u00f3n de los arigunes","datePublished":"2020-09-30T07:29:12+00:00","dateModified":"2022-01-21T13:02:45+00:00","mainEntityOfPage":{"@id":"https:\/\/www.fagor.eus\/es\/euskaraldia-ariguneak-izen-emateak-2\/"},"wordCount":270,"image":{"@id":"https:\/\/www.fagor.eus\/es\/euskaraldia-ariguneak-izen-emateak-2\/#primaryimage"},"thumbnailUrl":"https:\/\/www.fagor.eus\/wp-content\/uploads\/2020\/09\/euskaraldia-1.jpg","articleSection":["Euskara","Grupo Fagor","Mondragon Assembly"],"inLanguage":"es"},{"@type":"WebPage","@id":"https:\/\/www.fagor.eus\/es\/euskaraldia-ariguneak-izen-emateak-2\/","url":"https:\/\/www.fagor.eus\/es\/euskaraldia-ariguneak-izen-emateak-2\/","name":"Hemos participado en el acto de inicio de inscripci\u00f3n de los arigunes &#187; FAGOR Trabajando por un futuro mejor","isPartOf":{"@id":"https:\/\/www.fagor.eus\/#website"},"primaryImageOfPage":{"@id":"https:\/\/www.fagor.eus\/es\/euskaraldia-ariguneak-izen-emateak-2\/#primaryimage"},"image":{"@id":"https:\/\/www.fagor.eus\/es\/euskaraldia-ariguneak-izen-emateak-2\/#primaryimage"},"thumbnailUrl":"https:\/\/www.fagor.eus\/wp-content\/uploads\/2020\/09\/euskaraldia-1.jpg","datePublished":"2020-09-30T07:29:12+00:00","dateModified":"2022-01-21T13:02:45+00:00","author":{"@id":"https:\/\/www.fagor.eus\/#\/schema\/person\/d7294802cef9840476f49bd2f2122375"},"breadcrumb":{"@id":"https:\/\/www.fagor.eus\/es\/euskaraldia-ariguneak-izen-emateak-2\/#breadcrumb"},"inLanguage":"es","potentialAction":[{"@type":"ReadAction","target":["https:\/\/www.fagor.eus\/es\/euskaraldia-ariguneak-izen-emateak-2\/"]}]},{"@type":"ImageObject","inLanguage":"es","@id":"https:\/\/www.fagor.eus\/es\/euskaraldia-ariguneak-izen-emateak-2\/#primaryimage","url":"https:\/\/www.fagor.eus\/wp-content\/uploads\/2020\/09\/euskaraldia-1.jpg","contentUrl":"https:\/\/www.fagor.eus\/wp-content\/uploads\/2020\/09\/euskaraldia-1.jpg","width":1124,"height":618},{"@type":"BreadcrumbList","@id":"https:\/\/www.fagor.eus\/es\/euskaraldia-ariguneak-izen-emateak-2\/#breadcrumb","itemListElement":[{"@type":"ListItem","position":1,"name":"Home","item":"https:\/\/www.fagor.eus\/es\/"},{"@type":"ListItem","position":2,"name":"Hemos participado en el acto de inicio de inscripci\u00f3n de los arigunes"}]},{"@type":"WebSite","@id":"https:\/\/www.fagor.eus\/#website","url":"https:\/\/www.fagor.eus\/","name":"Fagor","description":"Trabajando por un futuro mejor","potentialAction":[{"@type":"SearchAction","target":{"@type":"EntryPoint","urlTemplate":"https:\/\/www.fagor.eus\/?s={search_term_string}"},"query-input":{"@type":"PropertyValueSpecification","valueRequired":true,"valueName":"search_term_string"}}],"inLanguage":"es"},{"@type":"Person","@id":"https:\/\/www.fagor.eus\/#\/schema\/person\/d7294802cef9840476f49bd2f2122375","name":"Fagor Taldea","image":{"@type":"ImageObject","inLanguage":"es","@id":"https:\/\/secure.gravatar.com\/avatar\/cec0ca982b168f09eff729422ed88eaaae37172c0336e0d27cd3f2b75015b046?s=96&d=mm&r=g","url":"https:\/\/secure.gravatar.com\/avatar\/cec0ca982b168f09eff729422ed88eaaae37172c0336e0d27cd3f2b75015b046?s=96&d=mm&r=g","contentUrl":"https:\/\/secure.gravatar.com\/avatar\/cec0ca982b168f09eff729422ed88eaaae37172c0336e0d27cd3f2b75015b046?s=96&d=mm&r=g","caption":"Fagor Taldea"},"url":"https:\/\/www.fagor.eus\/es\/author\/system\/"}]}},"_links":{"self":[{"href":"https:\/\/www.fagor.eus\/es\/wp-json\/wp\/v2\/posts\/9289","targetHints":{"allow":["GET"]}}],"collection":[{"href":"https:\/\/www.fagor.eus\/es\/wp-json\/wp\/v2\/posts"}],"about":[{"href":"https:\/\/www.fagor.eus\/es\/wp-json\/wp\/v2\/types\/post"}],"author":[{"embeddable":true,"href":"https:\/\/www.fagor.eus\/es\/wp-json\/wp\/v2\/users\/1"}],"replies":[{"embeddable":true,"href":"https:\/\/www.fagor.eus\/es\/wp-json\/wp\/v2\/comments?post=9289"}],"version-history":[{"count":1,"href":"https:\/\/www.fagor.eus\/es\/wp-json\/wp\/v2\/posts\/9289\/revisions"}],"predecessor-version":[{"id":11874,"href":"https:\/\/www.fagor.eus\/es\/wp-json\/wp\/v2\/posts\/9289\/revisions\/11874"}],"wp:featuredmedia":[{"embeddable":true,"href":"https:\/\/www.fagor.eus\/es\/wp-json\/wp\/v2\/media\/11872"}],"wp:attachment":[{"href":"https:\/\/www.fagor.eus\/es\/wp-json\/wp\/v2\/media?parent=9289"}],"wp:term":[{"taxonomy":"category","embeddable":true,"href":"https:\/\/www.fagor.eus\/es\/wp-json\/wp\/v2\/categories?post=9289"},{"taxonomy":"post_tag","embeddable":true,"href":"https:\/\/www.fagor.eus\/es\/wp-json\/wp\/v2\/tags?post=9289"}],"curies":[{"name":"wp","href":"https:\/\/api.w.org\/{rel}","templated":true}]}}