{"id":9198,"date":"2020-07-07T09:27:58","date_gmt":"2020-07-07T09:27:58","guid":{"rendered":"https:\/\/www.fagor.eus\/?p=9198"},"modified":"2022-01-21T13:03:40","modified_gmt":"2022-01-21T13:03:40","slug":"fagor-arrasate-estanpazio-mekanikorako-pieza-2","status":"publish","type":"post","link":"https:\/\/www.fagor.eus\/es\/fagor-arrasate-estanpazio-mekanikorako-pieza-2\/","title":{"rendered":"Fagor Arrasate env\u00eda una de sus mayores piezas de mecanizado a M\u00e9xico"},"content":{"rendered":"<p>Una de las piezas m\u00e1s grandes jam\u00e1s fabricadas en <a href=\"http:\/\/www.fagorarrasate.com\/es\/index.aspx\">Fagor Arrasate<\/a> para estampaci\u00f3n mec\u00e1nica acaba de ser enviada a M\u00e9xico. La noche del 3 de julio comenz\u00f3 el transporte desde Arrasate al puerto de Bilbao. El encargo ha sido especial, realizado por uno de las mayores TIER-1 del mundo para la fabricaci\u00f3n de piezas para automoci\u00f3n.<\/p>\n<p>Siendo una pieza de 50 metros y 380 toneladas, la preparaci\u00f3n del protocolo del transporte por las sinuosas carreteras del Pa\u00eds Vasco ha tardado 4 meses. Los informativos de <a href=\"https:\/\/www.eitb.eus\/\">EITB<\/a> siguieron el momento de poner en marcha el transporte.<\/p>\n<p><iframe loading=\"lazy\" src=\"https:\/\/www.youtube.com\/embed\/VE74ycrM3Q4\" width=\"560\" height=\"315\" frameborder=\"0\" allowfullscreen=\"allowfullscreen\"><\/iframe><\/p>\n","protected":false},"excerpt":{"rendered":"<p>Una de las piezas m\u00e1s grandes jam\u00e1s fabricadas en Fagor Arrasate para estampaci\u00f3n mec\u00e1nica acaba de ser enviada a M\u00e9xico. La noche del 3 de julio comenz\u00f3 el transporte desde&#8230;<\/p>\n","protected":false},"author":1,"featured_media":11905,"comment_status":"closed","ping_status":"closed","sticky":false,"template":"","format":"standard","meta":{"footnotes":""},"categories":[83,104],"tags":[],"class_list":{"0":"post-9198","1":"post","2":"type-post","3":"status-publish","4":"format-standard","5":"has-post-thumbnail","7":"category-fagor-arrasate-es","8":"category-grupo-fagor-es"},"yoast_head":"<!-- This site is optimized with the Yoast SEO plugin v27.4 - https:\/\/yoast.com\/product\/yoast-seo-wordpress\/ -->\n<title>Fagor Arrasate env\u00eda una de sus mayores piezas de mecanizado a M\u00e9xico &#187; FAGOR Trabajando por un futuro mejor<\/title>\n<meta name=\"robots\" content=\"index, follow, max-snippet:-1, max-image-preview:large, max-video-preview:-1\" \/>\n<link rel=\"canonical\" href=\"https:\/\/www.fagor.eus\/es\/fagor-arrasate-estanpazio-mekanikorako-pieza-2\/\" \/>\n<meta property=\"og:locale\" content=\"es_ES\" \/>\n<meta property=\"og:type\" content=\"article\" \/>\n<meta property=\"og:title\" content=\"Fagor Arrasate env\u00eda una de sus mayores piezas de mecanizado a M\u00e9xico &#187; FAGOR Trabajando por un futuro mejor\" \/>\n<meta property=\"og:description\" content=\"Una de las piezas m\u00e1s grandes jam\u00e1s fabricadas en Fagor Arrasate para estampaci\u00f3n mec\u00e1nica acaba de ser enviada a M\u00e9xico. La noche del 3 de julio comenz\u00f3 el transporte desde...\" \/>\n<meta property=\"og:url\" content=\"https:\/\/www.fagor.eus\/es\/fagor-arrasate-estanpazio-mekanikorako-pieza-2\/\" \/>\n<meta property=\"og:site_name\" content=\"FAGOR\" \/>\n<meta property=\"article:published_time\" content=\"2020-07-07T09:27:58+00:00\" \/>\n<meta property=\"article:modified_time\" content=\"2022-01-21T13:03:40+00:00\" \/>\n<meta property=\"og:image\" content=\"https:\/\/www.fagor.eus\/wp-content\/uploads\/2020\/07\/prentsa-garraioa.jpg\" \/>\n\t<meta property=\"og:image:width\" content=\"1273\" \/>\n\t<meta property=\"og:image:height\" content=\"559\" \/>\n\t<meta property=\"og:image:type\" content=\"image\/jpeg\" \/>\n<meta name=\"author\" content=\"Fagor Taldea\" \/>\n<meta name=\"twitter:card\" content=\"summary_large_image\" \/>\n<meta name=\"twitter:creator\" content=\"@FagorTaldea\" \/>\n<meta name=\"twitter:site\" content=\"@FagorTaldea\" \/>\n<meta name=\"twitter:label1\" content=\"Escrito por\" \/>\n\t<meta name=\"twitter:data1\" content=\"Fagor Taldea\" \/>\n\t<meta name=\"twitter:label2\" content=\"Tiempo de lectura\" \/>\n\t<meta name=\"twitter:data2\" content=\"1 minuto\" \/>\n<script type=\"application\/ld+json\" class=\"yoast-schema-graph\">{\"@context\":\"https:\\\/\\\/schema.org\",\"@graph\":[{\"@type\":\"Article\",\"@id\":\"https:\\\/\\\/www.fagor.eus\\\/es\\\/fagor-arrasate-estanpazio-mekanikorako-pieza-2\\\/#article\",\"isPartOf\":{\"@id\":\"https:\\\/\\\/www.fagor.eus\\\/es\\\/fagor-arrasate-estanpazio-mekanikorako-pieza-2\\\/\"},\"author\":{\"name\":\"Fagor Taldea\",\"@id\":\"https:\\\/\\\/www.fagor.eus\\\/#\\\/schema\\\/person\\\/d7294802cef9840476f49bd2f2122375\"},\"headline\":\"Fagor Arrasate env\u00eda una de sus mayores piezas de mecanizado a M\u00e9xico\",\"datePublished\":\"2020-07-07T09:27:58+00:00\",\"dateModified\":\"2022-01-21T13:03:40+00:00\",\"mainEntityOfPage\":{\"@id\":\"https:\\\/\\\/www.fagor.eus\\\/es\\\/fagor-arrasate-estanpazio-mekanikorako-pieza-2\\\/\"},\"wordCount\":114,\"image\":{\"@id\":\"https:\\\/\\\/www.fagor.eus\\\/es\\\/fagor-arrasate-estanpazio-mekanikorako-pieza-2\\\/#primaryimage\"},\"thumbnailUrl\":\"https:\\\/\\\/www.fagor.eus\\\/wp-content\\\/uploads\\\/2020\\\/07\\\/prentsa-garraioa.jpg\",\"articleSection\":[\"Fagor Arrasate\",\"Grupo Fagor\"],\"inLanguage\":\"es\"},{\"@type\":\"WebPage\",\"@id\":\"https:\\\/\\\/www.fagor.eus\\\/es\\\/fagor-arrasate-estanpazio-mekanikorako-pieza-2\\\/\",\"url\":\"https:\\\/\\\/www.fagor.eus\\\/es\\\/fagor-arrasate-estanpazio-mekanikorako-pieza-2\\\/\",\"name\":\"Fagor Arrasate env\u00eda una de sus mayores piezas de mecanizado a M\u00e9xico &#187; FAGOR Trabajando por un futuro mejor\",\"isPartOf\":{\"@id\":\"https:\\\/\\\/www.fagor.eus\\\/#website\"},\"primaryImageOfPage\":{\"@id\":\"https:\\\/\\\/www.fagor.eus\\\/es\\\/fagor-arrasate-estanpazio-mekanikorako-pieza-2\\\/#primaryimage\"},\"image\":{\"@id\":\"https:\\\/\\\/www.fagor.eus\\\/es\\\/fagor-arrasate-estanpazio-mekanikorako-pieza-2\\\/#primaryimage\"},\"thumbnailUrl\":\"https:\\\/\\\/www.fagor.eus\\\/wp-content\\\/uploads\\\/2020\\\/07\\\/prentsa-garraioa.jpg\",\"datePublished\":\"2020-07-07T09:27:58+00:00\",\"dateModified\":\"2022-01-21T13:03:40+00:00\",\"author\":{\"@id\":\"https:\\\/\\\/www.fagor.eus\\\/#\\\/schema\\\/person\\\/d7294802cef9840476f49bd2f2122375\"},\"breadcrumb\":{\"@id\":\"https:\\\/\\\/www.fagor.eus\\\/es\\\/fagor-arrasate-estanpazio-mekanikorako-pieza-2\\\/#breadcrumb\"},\"inLanguage\":\"es\",\"potentialAction\":[{\"@type\":\"ReadAction\",\"target\":[\"https:\\\/\\\/www.fagor.eus\\\/es\\\/fagor-arrasate-estanpazio-mekanikorako-pieza-2\\\/\"]}]},{\"@type\":\"ImageObject\",\"inLanguage\":\"es\",\"@id\":\"https:\\\/\\\/www.fagor.eus\\\/es\\\/fagor-arrasate-estanpazio-mekanikorako-pieza-2\\\/#primaryimage\",\"url\":\"https:\\\/\\\/www.fagor.eus\\\/wp-content\\\/uploads\\\/2020\\\/07\\\/prentsa-garraioa.jpg\",\"contentUrl\":\"https:\\\/\\\/www.fagor.eus\\\/wp-content\\\/uploads\\\/2020\\\/07\\\/prentsa-garraioa.jpg\",\"width\":1273,\"height\":559},{\"@type\":\"BreadcrumbList\",\"@id\":\"https:\\\/\\\/www.fagor.eus\\\/es\\\/fagor-arrasate-estanpazio-mekanikorako-pieza-2\\\/#breadcrumb\",\"itemListElement\":[{\"@type\":\"ListItem\",\"position\":1,\"name\":\"Home\",\"item\":\"https:\\\/\\\/www.fagor.eus\\\/es\\\/\"},{\"@type\":\"ListItem\",\"position\":2,\"name\":\"Fagor Arrasate env\u00eda una de sus mayores piezas de mecanizado a M\u00e9xico\"}]},{\"@type\":\"WebSite\",\"@id\":\"https:\\\/\\\/www.fagor.eus\\\/#website\",\"url\":\"https:\\\/\\\/www.fagor.eus\\\/\",\"name\":\"Fagor\",\"description\":\"Trabajando por un futuro mejor\",\"potentialAction\":[{\"@type\":\"SearchAction\",\"target\":{\"@type\":\"EntryPoint\",\"urlTemplate\":\"https:\\\/\\\/www.fagor.eus\\\/?s={search_term_string}\"},\"query-input\":{\"@type\":\"PropertyValueSpecification\",\"valueRequired\":true,\"valueName\":\"search_term_string\"}}],\"inLanguage\":\"es\"},{\"@type\":\"Person\",\"@id\":\"https:\\\/\\\/www.fagor.eus\\\/#\\\/schema\\\/person\\\/d7294802cef9840476f49bd2f2122375\",\"name\":\"Fagor Taldea\",\"image\":{\"@type\":\"ImageObject\",\"inLanguage\":\"es\",\"@id\":\"https:\\\/\\\/secure.gravatar.com\\\/avatar\\\/cec0ca982b168f09eff729422ed88eaaae37172c0336e0d27cd3f2b75015b046?s=96&d=mm&r=g\",\"url\":\"https:\\\/\\\/secure.gravatar.com\\\/avatar\\\/cec0ca982b168f09eff729422ed88eaaae37172c0336e0d27cd3f2b75015b046?s=96&d=mm&r=g\",\"contentUrl\":\"https:\\\/\\\/secure.gravatar.com\\\/avatar\\\/cec0ca982b168f09eff729422ed88eaaae37172c0336e0d27cd3f2b75015b046?s=96&d=mm&r=g\",\"caption\":\"Fagor Taldea\"},\"url\":\"https:\\\/\\\/www.fagor.eus\\\/es\\\/author\\\/system\\\/\"}]}<\/script>\n<!-- \/ Yoast SEO plugin. -->","yoast_head_json":{"title":"Fagor Arrasate env\u00eda una de sus mayores piezas de mecanizado a M\u00e9xico &#187; FAGOR Trabajando por un futuro mejor","robots":{"index":"index","follow":"follow","max-snippet":"max-snippet:-1","max-image-preview":"max-image-preview:large","max-video-preview":"max-video-preview:-1"},"canonical":"https:\/\/www.fagor.eus\/es\/fagor-arrasate-estanpazio-mekanikorako-pieza-2\/","og_locale":"es_ES","og_type":"article","og_title":"Fagor Arrasate env\u00eda una de sus mayores piezas de mecanizado a M\u00e9xico &#187; FAGOR Trabajando por un futuro mejor","og_description":"Una de las piezas m\u00e1s grandes jam\u00e1s fabricadas en Fagor Arrasate para estampaci\u00f3n mec\u00e1nica acaba de ser enviada a M\u00e9xico. La noche del 3 de julio comenz\u00f3 el transporte desde...","og_url":"https:\/\/www.fagor.eus\/es\/fagor-arrasate-estanpazio-mekanikorako-pieza-2\/","og_site_name":"FAGOR","article_published_time":"2020-07-07T09:27:58+00:00","article_modified_time":"2022-01-21T13:03:40+00:00","og_image":[{"width":1273,"height":559,"url":"https:\/\/www.fagor.eus\/wp-content\/uploads\/2020\/07\/prentsa-garraioa.jpg","type":"image\/jpeg"}],"author":"Fagor Taldea","twitter_card":"summary_large_image","twitter_creator":"@FagorTaldea","twitter_site":"@FagorTaldea","twitter_misc":{"Escrito por":"Fagor Taldea","Tiempo de lectura":"1 minuto"},"schema":{"@context":"https:\/\/schema.org","@graph":[{"@type":"Article","@id":"https:\/\/www.fagor.eus\/es\/fagor-arrasate-estanpazio-mekanikorako-pieza-2\/#article","isPartOf":{"@id":"https:\/\/www.fagor.eus\/es\/fagor-arrasate-estanpazio-mekanikorako-pieza-2\/"},"author":{"name":"Fagor Taldea","@id":"https:\/\/www.fagor.eus\/#\/schema\/person\/d7294802cef9840476f49bd2f2122375"},"headline":"Fagor Arrasate env\u00eda una de sus mayores piezas de mecanizado a M\u00e9xico","datePublished":"2020-07-07T09:27:58+00:00","dateModified":"2022-01-21T13:03:40+00:00","mainEntityOfPage":{"@id":"https:\/\/www.fagor.eus\/es\/fagor-arrasate-estanpazio-mekanikorako-pieza-2\/"},"wordCount":114,"image":{"@id":"https:\/\/www.fagor.eus\/es\/fagor-arrasate-estanpazio-mekanikorako-pieza-2\/#primaryimage"},"thumbnailUrl":"https:\/\/www.fagor.eus\/wp-content\/uploads\/2020\/07\/prentsa-garraioa.jpg","articleSection":["Fagor Arrasate","Grupo Fagor"],"inLanguage":"es"},{"@type":"WebPage","@id":"https:\/\/www.fagor.eus\/es\/fagor-arrasate-estanpazio-mekanikorako-pieza-2\/","url":"https:\/\/www.fagor.eus\/es\/fagor-arrasate-estanpazio-mekanikorako-pieza-2\/","name":"Fagor Arrasate env\u00eda una de sus mayores piezas de mecanizado a M\u00e9xico &#187; FAGOR Trabajando por un futuro mejor","isPartOf":{"@id":"https:\/\/www.fagor.eus\/#website"},"primaryImageOfPage":{"@id":"https:\/\/www.fagor.eus\/es\/fagor-arrasate-estanpazio-mekanikorako-pieza-2\/#primaryimage"},"image":{"@id":"https:\/\/www.fagor.eus\/es\/fagor-arrasate-estanpazio-mekanikorako-pieza-2\/#primaryimage"},"thumbnailUrl":"https:\/\/www.fagor.eus\/wp-content\/uploads\/2020\/07\/prentsa-garraioa.jpg","datePublished":"2020-07-07T09:27:58+00:00","dateModified":"2022-01-21T13:03:40+00:00","author":{"@id":"https:\/\/www.fagor.eus\/#\/schema\/person\/d7294802cef9840476f49bd2f2122375"},"breadcrumb":{"@id":"https:\/\/www.fagor.eus\/es\/fagor-arrasate-estanpazio-mekanikorako-pieza-2\/#breadcrumb"},"inLanguage":"es","potentialAction":[{"@type":"ReadAction","target":["https:\/\/www.fagor.eus\/es\/fagor-arrasate-estanpazio-mekanikorako-pieza-2\/"]}]},{"@type":"ImageObject","inLanguage":"es","@id":"https:\/\/www.fagor.eus\/es\/fagor-arrasate-estanpazio-mekanikorako-pieza-2\/#primaryimage","url":"https:\/\/www.fagor.eus\/wp-content\/uploads\/2020\/07\/prentsa-garraioa.jpg","contentUrl":"https:\/\/www.fagor.eus\/wp-content\/uploads\/2020\/07\/prentsa-garraioa.jpg","width":1273,"height":559},{"@type":"BreadcrumbList","@id":"https:\/\/www.fagor.eus\/es\/fagor-arrasate-estanpazio-mekanikorako-pieza-2\/#breadcrumb","itemListElement":[{"@type":"ListItem","position":1,"name":"Home","item":"https:\/\/www.fagor.eus\/es\/"},{"@type":"ListItem","position":2,"name":"Fagor Arrasate env\u00eda una de sus mayores piezas de mecanizado a M\u00e9xico"}]},{"@type":"WebSite","@id":"https:\/\/www.fagor.eus\/#website","url":"https:\/\/www.fagor.eus\/","name":"Fagor","description":"Trabajando por un futuro mejor","potentialAction":[{"@type":"SearchAction","target":{"@type":"EntryPoint","urlTemplate":"https:\/\/www.fagor.eus\/?s={search_term_string}"},"query-input":{"@type":"PropertyValueSpecification","valueRequired":true,"valueName":"search_term_string"}}],"inLanguage":"es"},{"@type":"Person","@id":"https:\/\/www.fagor.eus\/#\/schema\/person\/d7294802cef9840476f49bd2f2122375","name":"Fagor Taldea","image":{"@type":"ImageObject","inLanguage":"es","@id":"https:\/\/secure.gravatar.com\/avatar\/cec0ca982b168f09eff729422ed88eaaae37172c0336e0d27cd3f2b75015b046?s=96&d=mm&r=g","url":"https:\/\/secure.gravatar.com\/avatar\/cec0ca982b168f09eff729422ed88eaaae37172c0336e0d27cd3f2b75015b046?s=96&d=mm&r=g","contentUrl":"https:\/\/secure.gravatar.com\/avatar\/cec0ca982b168f09eff729422ed88eaaae37172c0336e0d27cd3f2b75015b046?s=96&d=mm&r=g","caption":"Fagor Taldea"},"url":"https:\/\/www.fagor.eus\/es\/author\/system\/"}]}},"_links":{"self":[{"href":"https:\/\/www.fagor.eus\/es\/wp-json\/wp\/v2\/posts\/9198","targetHints":{"allow":["GET"]}}],"collection":[{"href":"https:\/\/www.fagor.eus\/es\/wp-json\/wp\/v2\/posts"}],"about":[{"href":"https:\/\/www.fagor.eus\/es\/wp-json\/wp\/v2\/types\/post"}],"author":[{"embeddable":true,"href":"https:\/\/www.fagor.eus\/es\/wp-json\/wp\/v2\/users\/1"}],"replies":[{"embeddable":true,"href":"https:\/\/www.fagor.eus\/es\/wp-json\/wp\/v2\/comments?post=9198"}],"version-history":[{"count":1,"href":"https:\/\/www.fagor.eus\/es\/wp-json\/wp\/v2\/posts\/9198\/revisions"}],"predecessor-version":[{"id":11907,"href":"https:\/\/www.fagor.eus\/es\/wp-json\/wp\/v2\/posts\/9198\/revisions\/11907"}],"wp:featuredmedia":[{"embeddable":true,"href":"https:\/\/www.fagor.eus\/es\/wp-json\/wp\/v2\/media\/11905"}],"wp:attachment":[{"href":"https:\/\/www.fagor.eus\/es\/wp-json\/wp\/v2\/media?parent=9198"}],"wp:term":[{"taxonomy":"category","embeddable":true,"href":"https:\/\/www.fagor.eus\/es\/wp-json\/wp\/v2\/categories?post=9198"},{"taxonomy":"post_tag","embeddable":true,"href":"https:\/\/www.fagor.eus\/es\/wp-json\/wp\/v2\/tags?post=9198"}],"curies":[{"name":"wp","href":"https:\/\/api.w.org\/{rel}","templated":true}]}}