{"id":9144,"date":"2020-05-27T08:10:05","date_gmt":"2020-05-27T08:10:05","guid":{"rendered":"https:\/\/www.fagor.eus\/?p=9144"},"modified":"2022-01-21T13:04:53","modified_gmt":"2022-01-21T13:04:53","slug":"aritz-otxandiano-hemos-podido-tomar-medidas-a-tiempo-para-hacer-frente-a-la-crisis","status":"publish","type":"post","link":"https:\/\/www.fagor.eus\/es\/aritz-otxandiano-hemos-podido-tomar-medidas-a-tiempo-para-hacer-frente-a-la-crisis\/","title":{"rendered":"Aritz Otxandiano: \u201cHemos podido tomar medidas a tiempo para hacer frente a la crisis\u201d"},"content":{"rendered":"<p>Aritz Otxandiano, responsable de innovaci\u00f3n social del Grupo Fagor, particip\u00f3 en una mesa redonda organizada por Naiz Irratia, que tuvo como tema principal la incertidumbre generada por la actual situaci\u00f3n de crisis, y, junto a representantes de Batz y Emun, habl\u00f3 sobre temas econ\u00f3micos y sociales. Compartieron situaciones y vivencias de las \u00faltimas semanas y realizaron reflexiones de futuro.<\/p>\n<p>Otxandiano se\u00f1al\u00f3 que las cooperativas de Fagor est\u00e1n tomando medidas para hacer frente a la crisis desde principios de a\u00f1o. \u201cComo tenemos f\u00e1bricas en todo el mundo, empezamos a sufrir el impacto de Covid-19 en los talleres que tenemos en Asia y, sobre todo, en China; aunque no imagin\u00e1bamos que lo que estaba sucediendo en China lo fueramos a vivir aqu\u00ed\u201d.<\/p>\n<p>A pesar de que es demasiado pronto para valorar el impacto del Covid-19, Aritz Otxandiano se\u00f1al\u00f3 que hay que mirar a corto y largo plazo. \u201cA corto plazo, debemos adaptarnos a la demanda, adoptando una serie de medidas para hacer frente al golpe de este a\u00f1o. A medio y largo plazo, deber\u00e1n valorarse los cambios estructurales que puede provocar Covid-19, junto con otras tendencias anteriores. Desde antes del inicio de la crisis del Covid-19, las cooperativas del Grupo Fagor estaban inmersas en reflexiones estrat\u00e9gicas, por lo que estos procesos servir\u00e1n para valorar estos impactos a m\u00e1s largo plazo y realizar los cambios estrat\u00e9gicos necesarios\u201d.<\/p>\n<p>Preguntado por la futura evoluci\u00f3n de la crisis econ\u00f3mica, Otxandiano se\u00f1al\u00f3 que todav\u00eda es temprano para hacer previsiones y cree que, en cualquier caso, la recuperaci\u00f3n no se producir\u00e1 al mismo ritmo en distintas partes del mundo. \u201cNo saldremos de la crisis de forma homog\u00e9nea. Ya estamos viendo que la actividad se est\u00e1 normalizando en nuestros talleres de Chin, y que nos estamos acercando a niveles de antes de la crisis, pero, seguramente, en Europa necesitaremos m\u00e1s tiempo para recuperar el nivel de actividad anterior\u201d.<\/p>\n<p>Fuente: <a href=\"https:\/\/irratia.naiz.eus\/eu\/info_irratia\/20200525\/batz-emun-eta-fagor-oraina-kudeatu-eta-etorkizuna-marraztu-nahian\" target=\"_blank\" rel=\"noopener\">Mesa redonda en Naiz Irratia<\/a><\/p>\n","protected":false},"excerpt":{"rendered":"<p>Aritz Otxandiano, responsable de innovaci\u00f3n social del Grupo Fagor, particip\u00f3 en una mesa redonda organizada por Naiz Irratia, que tuvo como tema principal la incertidumbre generada por la actual situaci\u00f3n&#8230;<\/p>\n","protected":false},"author":1,"featured_media":11919,"comment_status":"closed","ping_status":"closed","sticky":false,"template":"","format":"standard","meta":{"footnotes":""},"categories":[104],"tags":[],"class_list":{"0":"post-9144","1":"post","2":"type-post","3":"status-publish","4":"format-standard","5":"has-post-thumbnail","7":"category-grupo-fagor-es"},"yoast_head":"<!-- This site is optimized with the Yoast SEO plugin v27.4 - https:\/\/yoast.com\/product\/yoast-seo-wordpress\/ -->\n<title>Aritz Otxandiano: \u201cHemos podido tomar medidas a tiempo para hacer frente a la crisis\u201d &#187; FAGOR Trabajando por un futuro mejor<\/title>\n<meta name=\"robots\" content=\"index, follow, max-snippet:-1, max-image-preview:large, max-video-preview:-1\" \/>\n<link rel=\"canonical\" href=\"https:\/\/www.fagor.eus\/es\/aritz-otxandiano-hemos-podido-tomar-medidas-a-tiempo-para-hacer-frente-a-la-crisis\/\" \/>\n<meta property=\"og:locale\" content=\"es_ES\" \/>\n<meta property=\"og:type\" content=\"article\" \/>\n<meta property=\"og:title\" content=\"Aritz Otxandiano: \u201cHemos podido tomar medidas a tiempo para hacer frente a la crisis\u201d &#187; FAGOR Trabajando por un futuro mejor\" \/>\n<meta property=\"og:description\" content=\"Aritz Otxandiano, responsable de innovaci\u00f3n social del Grupo Fagor, particip\u00f3 en una mesa redonda organizada por Naiz Irratia, que tuvo como tema principal la incertidumbre generada por la actual situaci\u00f3n...\" \/>\n<meta property=\"og:url\" content=\"https:\/\/www.fagor.eus\/es\/aritz-otxandiano-hemos-podido-tomar-medidas-a-tiempo-para-hacer-frente-a-la-crisis\/\" \/>\n<meta property=\"og:site_name\" content=\"FAGOR\" \/>\n<meta property=\"article:published_time\" content=\"2020-05-27T08:10:05+00:00\" \/>\n<meta property=\"article:modified_time\" content=\"2022-01-21T13:04:53+00:00\" \/>\n<meta property=\"og:image\" content=\"https:\/\/www.fagor.eus\/wp-content\/uploads\/2020\/05\/fagor_txina.jpg.jpg\" \/>\n\t<meta property=\"og:image:width\" content=\"726\" \/>\n\t<meta property=\"og:image:height\" content=\"448\" \/>\n\t<meta property=\"og:image:type\" content=\"image\/jpeg\" \/>\n<meta name=\"author\" content=\"Fagor Taldea\" \/>\n<meta name=\"twitter:card\" content=\"summary_large_image\" \/>\n<meta name=\"twitter:creator\" content=\"@FagorTaldea\" \/>\n<meta name=\"twitter:site\" content=\"@FagorTaldea\" \/>\n<meta name=\"twitter:label1\" content=\"Escrito por\" \/>\n\t<meta name=\"twitter:data1\" content=\"Fagor Taldea\" \/>\n\t<meta name=\"twitter:label2\" content=\"Tiempo de lectura\" \/>\n\t<meta name=\"twitter:data2\" content=\"2 minutos\" \/>\n<script type=\"application\/ld+json\" class=\"yoast-schema-graph\">{\"@context\":\"https:\\\/\\\/schema.org\",\"@graph\":[{\"@type\":\"Article\",\"@id\":\"https:\\\/\\\/www.fagor.eus\\\/es\\\/aritz-otxandiano-hemos-podido-tomar-medidas-a-tiempo-para-hacer-frente-a-la-crisis\\\/#article\",\"isPartOf\":{\"@id\":\"https:\\\/\\\/www.fagor.eus\\\/es\\\/aritz-otxandiano-hemos-podido-tomar-medidas-a-tiempo-para-hacer-frente-a-la-crisis\\\/\"},\"author\":{\"name\":\"Fagor Taldea\",\"@id\":\"https:\\\/\\\/www.fagor.eus\\\/#\\\/schema\\\/person\\\/d7294802cef9840476f49bd2f2122375\"},\"headline\":\"Aritz Otxandiano: \u201cHemos podido tomar medidas a tiempo para hacer frente a la crisis\u201d\",\"datePublished\":\"2020-05-27T08:10:05+00:00\",\"dateModified\":\"2022-01-21T13:04:53+00:00\",\"mainEntityOfPage\":{\"@id\":\"https:\\\/\\\/www.fagor.eus\\\/es\\\/aritz-otxandiano-hemos-podido-tomar-medidas-a-tiempo-para-hacer-frente-a-la-crisis\\\/\"},\"wordCount\":351,\"image\":{\"@id\":\"https:\\\/\\\/www.fagor.eus\\\/es\\\/aritz-otxandiano-hemos-podido-tomar-medidas-a-tiempo-para-hacer-frente-a-la-crisis\\\/#primaryimage\"},\"thumbnailUrl\":\"https:\\\/\\\/www.fagor.eus\\\/wp-content\\\/uploads\\\/2020\\\/05\\\/fagor_txina.jpg.jpg\",\"articleSection\":[\"Grupo Fagor\"],\"inLanguage\":\"es\"},{\"@type\":\"WebPage\",\"@id\":\"https:\\\/\\\/www.fagor.eus\\\/es\\\/aritz-otxandiano-hemos-podido-tomar-medidas-a-tiempo-para-hacer-frente-a-la-crisis\\\/\",\"url\":\"https:\\\/\\\/www.fagor.eus\\\/es\\\/aritz-otxandiano-hemos-podido-tomar-medidas-a-tiempo-para-hacer-frente-a-la-crisis\\\/\",\"name\":\"Aritz Otxandiano: \u201cHemos podido tomar medidas a tiempo para hacer frente a la crisis\u201d &#187; FAGOR Trabajando por un futuro mejor\",\"isPartOf\":{\"@id\":\"https:\\\/\\\/www.fagor.eus\\\/#website\"},\"primaryImageOfPage\":{\"@id\":\"https:\\\/\\\/www.fagor.eus\\\/es\\\/aritz-otxandiano-hemos-podido-tomar-medidas-a-tiempo-para-hacer-frente-a-la-crisis\\\/#primaryimage\"},\"image\":{\"@id\":\"https:\\\/\\\/www.fagor.eus\\\/es\\\/aritz-otxandiano-hemos-podido-tomar-medidas-a-tiempo-para-hacer-frente-a-la-crisis\\\/#primaryimage\"},\"thumbnailUrl\":\"https:\\\/\\\/www.fagor.eus\\\/wp-content\\\/uploads\\\/2020\\\/05\\\/fagor_txina.jpg.jpg\",\"datePublished\":\"2020-05-27T08:10:05+00:00\",\"dateModified\":\"2022-01-21T13:04:53+00:00\",\"author\":{\"@id\":\"https:\\\/\\\/www.fagor.eus\\\/#\\\/schema\\\/person\\\/d7294802cef9840476f49bd2f2122375\"},\"breadcrumb\":{\"@id\":\"https:\\\/\\\/www.fagor.eus\\\/es\\\/aritz-otxandiano-hemos-podido-tomar-medidas-a-tiempo-para-hacer-frente-a-la-crisis\\\/#breadcrumb\"},\"inLanguage\":\"es\",\"potentialAction\":[{\"@type\":\"ReadAction\",\"target\":[\"https:\\\/\\\/www.fagor.eus\\\/es\\\/aritz-otxandiano-hemos-podido-tomar-medidas-a-tiempo-para-hacer-frente-a-la-crisis\\\/\"]}]},{\"@type\":\"ImageObject\",\"inLanguage\":\"es\",\"@id\":\"https:\\\/\\\/www.fagor.eus\\\/es\\\/aritz-otxandiano-hemos-podido-tomar-medidas-a-tiempo-para-hacer-frente-a-la-crisis\\\/#primaryimage\",\"url\":\"https:\\\/\\\/www.fagor.eus\\\/wp-content\\\/uploads\\\/2020\\\/05\\\/fagor_txina.jpg.jpg\",\"contentUrl\":\"https:\\\/\\\/www.fagor.eus\\\/wp-content\\\/uploads\\\/2020\\\/05\\\/fagor_txina.jpg.jpg\",\"width\":726,\"height\":448},{\"@type\":\"BreadcrumbList\",\"@id\":\"https:\\\/\\\/www.fagor.eus\\\/es\\\/aritz-otxandiano-hemos-podido-tomar-medidas-a-tiempo-para-hacer-frente-a-la-crisis\\\/#breadcrumb\",\"itemListElement\":[{\"@type\":\"ListItem\",\"position\":1,\"name\":\"Home\",\"item\":\"https:\\\/\\\/www.fagor.eus\\\/es\\\/\"},{\"@type\":\"ListItem\",\"position\":2,\"name\":\"Aritz Otxandiano: \u201cHemos podido tomar medidas a tiempo para hacer frente a la crisis\u201d\"}]},{\"@type\":\"WebSite\",\"@id\":\"https:\\\/\\\/www.fagor.eus\\\/#website\",\"url\":\"https:\\\/\\\/www.fagor.eus\\\/\",\"name\":\"Fagor\",\"description\":\"Trabajando por un futuro mejor\",\"potentialAction\":[{\"@type\":\"SearchAction\",\"target\":{\"@type\":\"EntryPoint\",\"urlTemplate\":\"https:\\\/\\\/www.fagor.eus\\\/?s={search_term_string}\"},\"query-input\":{\"@type\":\"PropertyValueSpecification\",\"valueRequired\":true,\"valueName\":\"search_term_string\"}}],\"inLanguage\":\"es\"},{\"@type\":\"Person\",\"@id\":\"https:\\\/\\\/www.fagor.eus\\\/#\\\/schema\\\/person\\\/d7294802cef9840476f49bd2f2122375\",\"name\":\"Fagor Taldea\",\"image\":{\"@type\":\"ImageObject\",\"inLanguage\":\"es\",\"@id\":\"https:\\\/\\\/secure.gravatar.com\\\/avatar\\\/cec0ca982b168f09eff729422ed88eaaae37172c0336e0d27cd3f2b75015b046?s=96&d=mm&r=g\",\"url\":\"https:\\\/\\\/secure.gravatar.com\\\/avatar\\\/cec0ca982b168f09eff729422ed88eaaae37172c0336e0d27cd3f2b75015b046?s=96&d=mm&r=g\",\"contentUrl\":\"https:\\\/\\\/secure.gravatar.com\\\/avatar\\\/cec0ca982b168f09eff729422ed88eaaae37172c0336e0d27cd3f2b75015b046?s=96&d=mm&r=g\",\"caption\":\"Fagor Taldea\"},\"url\":\"https:\\\/\\\/www.fagor.eus\\\/es\\\/author\\\/system\\\/\"}]}<\/script>\n<!-- \/ Yoast SEO plugin. -->","yoast_head_json":{"title":"Aritz Otxandiano: \u201cHemos podido tomar medidas a tiempo para hacer frente a la crisis\u201d &#187; FAGOR Trabajando por un futuro mejor","robots":{"index":"index","follow":"follow","max-snippet":"max-snippet:-1","max-image-preview":"max-image-preview:large","max-video-preview":"max-video-preview:-1"},"canonical":"https:\/\/www.fagor.eus\/es\/aritz-otxandiano-hemos-podido-tomar-medidas-a-tiempo-para-hacer-frente-a-la-crisis\/","og_locale":"es_ES","og_type":"article","og_title":"Aritz Otxandiano: \u201cHemos podido tomar medidas a tiempo para hacer frente a la crisis\u201d &#187; FAGOR Trabajando por un futuro mejor","og_description":"Aritz Otxandiano, responsable de innovaci\u00f3n social del Grupo Fagor, particip\u00f3 en una mesa redonda organizada por Naiz Irratia, que tuvo como tema principal la incertidumbre generada por la actual situaci\u00f3n...","og_url":"https:\/\/www.fagor.eus\/es\/aritz-otxandiano-hemos-podido-tomar-medidas-a-tiempo-para-hacer-frente-a-la-crisis\/","og_site_name":"FAGOR","article_published_time":"2020-05-27T08:10:05+00:00","article_modified_time":"2022-01-21T13:04:53+00:00","og_image":[{"width":726,"height":448,"url":"https:\/\/www.fagor.eus\/wp-content\/uploads\/2020\/05\/fagor_txina.jpg.jpg","type":"image\/jpeg"}],"author":"Fagor Taldea","twitter_card":"summary_large_image","twitter_creator":"@FagorTaldea","twitter_site":"@FagorTaldea","twitter_misc":{"Escrito por":"Fagor Taldea","Tiempo de lectura":"2 minutos"},"schema":{"@context":"https:\/\/schema.org","@graph":[{"@type":"Article","@id":"https:\/\/www.fagor.eus\/es\/aritz-otxandiano-hemos-podido-tomar-medidas-a-tiempo-para-hacer-frente-a-la-crisis\/#article","isPartOf":{"@id":"https:\/\/www.fagor.eus\/es\/aritz-otxandiano-hemos-podido-tomar-medidas-a-tiempo-para-hacer-frente-a-la-crisis\/"},"author":{"name":"Fagor Taldea","@id":"https:\/\/www.fagor.eus\/#\/schema\/person\/d7294802cef9840476f49bd2f2122375"},"headline":"Aritz Otxandiano: \u201cHemos podido tomar medidas a tiempo para hacer frente a la crisis\u201d","datePublished":"2020-05-27T08:10:05+00:00","dateModified":"2022-01-21T13:04:53+00:00","mainEntityOfPage":{"@id":"https:\/\/www.fagor.eus\/es\/aritz-otxandiano-hemos-podido-tomar-medidas-a-tiempo-para-hacer-frente-a-la-crisis\/"},"wordCount":351,"image":{"@id":"https:\/\/www.fagor.eus\/es\/aritz-otxandiano-hemos-podido-tomar-medidas-a-tiempo-para-hacer-frente-a-la-crisis\/#primaryimage"},"thumbnailUrl":"https:\/\/www.fagor.eus\/wp-content\/uploads\/2020\/05\/fagor_txina.jpg.jpg","articleSection":["Grupo Fagor"],"inLanguage":"es"},{"@type":"WebPage","@id":"https:\/\/www.fagor.eus\/es\/aritz-otxandiano-hemos-podido-tomar-medidas-a-tiempo-para-hacer-frente-a-la-crisis\/","url":"https:\/\/www.fagor.eus\/es\/aritz-otxandiano-hemos-podido-tomar-medidas-a-tiempo-para-hacer-frente-a-la-crisis\/","name":"Aritz Otxandiano: \u201cHemos podido tomar medidas a tiempo para hacer frente a la crisis\u201d &#187; FAGOR Trabajando por un futuro mejor","isPartOf":{"@id":"https:\/\/www.fagor.eus\/#website"},"primaryImageOfPage":{"@id":"https:\/\/www.fagor.eus\/es\/aritz-otxandiano-hemos-podido-tomar-medidas-a-tiempo-para-hacer-frente-a-la-crisis\/#primaryimage"},"image":{"@id":"https:\/\/www.fagor.eus\/es\/aritz-otxandiano-hemos-podido-tomar-medidas-a-tiempo-para-hacer-frente-a-la-crisis\/#primaryimage"},"thumbnailUrl":"https:\/\/www.fagor.eus\/wp-content\/uploads\/2020\/05\/fagor_txina.jpg.jpg","datePublished":"2020-05-27T08:10:05+00:00","dateModified":"2022-01-21T13:04:53+00:00","author":{"@id":"https:\/\/www.fagor.eus\/#\/schema\/person\/d7294802cef9840476f49bd2f2122375"},"breadcrumb":{"@id":"https:\/\/www.fagor.eus\/es\/aritz-otxandiano-hemos-podido-tomar-medidas-a-tiempo-para-hacer-frente-a-la-crisis\/#breadcrumb"},"inLanguage":"es","potentialAction":[{"@type":"ReadAction","target":["https:\/\/www.fagor.eus\/es\/aritz-otxandiano-hemos-podido-tomar-medidas-a-tiempo-para-hacer-frente-a-la-crisis\/"]}]},{"@type":"ImageObject","inLanguage":"es","@id":"https:\/\/www.fagor.eus\/es\/aritz-otxandiano-hemos-podido-tomar-medidas-a-tiempo-para-hacer-frente-a-la-crisis\/#primaryimage","url":"https:\/\/www.fagor.eus\/wp-content\/uploads\/2020\/05\/fagor_txina.jpg.jpg","contentUrl":"https:\/\/www.fagor.eus\/wp-content\/uploads\/2020\/05\/fagor_txina.jpg.jpg","width":726,"height":448},{"@type":"BreadcrumbList","@id":"https:\/\/www.fagor.eus\/es\/aritz-otxandiano-hemos-podido-tomar-medidas-a-tiempo-para-hacer-frente-a-la-crisis\/#breadcrumb","itemListElement":[{"@type":"ListItem","position":1,"name":"Home","item":"https:\/\/www.fagor.eus\/es\/"},{"@type":"ListItem","position":2,"name":"Aritz Otxandiano: \u201cHemos podido tomar medidas a tiempo para hacer frente a la crisis\u201d"}]},{"@type":"WebSite","@id":"https:\/\/www.fagor.eus\/#website","url":"https:\/\/www.fagor.eus\/","name":"Fagor","description":"Trabajando por un futuro mejor","potentialAction":[{"@type":"SearchAction","target":{"@type":"EntryPoint","urlTemplate":"https:\/\/www.fagor.eus\/?s={search_term_string}"},"query-input":{"@type":"PropertyValueSpecification","valueRequired":true,"valueName":"search_term_string"}}],"inLanguage":"es"},{"@type":"Person","@id":"https:\/\/www.fagor.eus\/#\/schema\/person\/d7294802cef9840476f49bd2f2122375","name":"Fagor Taldea","image":{"@type":"ImageObject","inLanguage":"es","@id":"https:\/\/secure.gravatar.com\/avatar\/cec0ca982b168f09eff729422ed88eaaae37172c0336e0d27cd3f2b75015b046?s=96&d=mm&r=g","url":"https:\/\/secure.gravatar.com\/avatar\/cec0ca982b168f09eff729422ed88eaaae37172c0336e0d27cd3f2b75015b046?s=96&d=mm&r=g","contentUrl":"https:\/\/secure.gravatar.com\/avatar\/cec0ca982b168f09eff729422ed88eaaae37172c0336e0d27cd3f2b75015b046?s=96&d=mm&r=g","caption":"Fagor Taldea"},"url":"https:\/\/www.fagor.eus\/es\/author\/system\/"}]}},"_links":{"self":[{"href":"https:\/\/www.fagor.eus\/es\/wp-json\/wp\/v2\/posts\/9144","targetHints":{"allow":["GET"]}}],"collection":[{"href":"https:\/\/www.fagor.eus\/es\/wp-json\/wp\/v2\/posts"}],"about":[{"href":"https:\/\/www.fagor.eus\/es\/wp-json\/wp\/v2\/types\/post"}],"author":[{"embeddable":true,"href":"https:\/\/www.fagor.eus\/es\/wp-json\/wp\/v2\/users\/1"}],"replies":[{"embeddable":true,"href":"https:\/\/www.fagor.eus\/es\/wp-json\/wp\/v2\/comments?post=9144"}],"version-history":[{"count":2,"href":"https:\/\/www.fagor.eus\/es\/wp-json\/wp\/v2\/posts\/9144\/revisions"}],"predecessor-version":[{"id":11922,"href":"https:\/\/www.fagor.eus\/es\/wp-json\/wp\/v2\/posts\/9144\/revisions\/11922"}],"wp:featuredmedia":[{"embeddable":true,"href":"https:\/\/www.fagor.eus\/es\/wp-json\/wp\/v2\/media\/11919"}],"wp:attachment":[{"href":"https:\/\/www.fagor.eus\/es\/wp-json\/wp\/v2\/media?parent=9144"}],"wp:term":[{"taxonomy":"category","embeddable":true,"href":"https:\/\/www.fagor.eus\/es\/wp-json\/wp\/v2\/categories?post=9144"},{"taxonomy":"post_tag","embeddable":true,"href":"https:\/\/www.fagor.eus\/es\/wp-json\/wp\/v2\/tags?post=9144"}],"curies":[{"name":"wp","href":"https:\/\/api.w.org\/{rel}","templated":true}]}}