{"id":9031,"date":"2020-04-07T14:18:04","date_gmt":"2020-04-07T14:18:04","guid":{"rendered":"https:\/\/www.fagor.eus\/?p=9031"},"modified":"2022-01-21T13:06:15","modified_gmt":"2022-01-21T13:06:15","slug":"nos-enorgullece-contribuir-a-la-salida-de-esta-situacion","status":"publish","type":"post","link":"https:\/\/www.fagor.eus\/es\/nos-enorgullece-contribuir-a-la-salida-de-esta-situacion\/","title":{"rendered":"\u00abNos enorgullece contribuir a la salida de esta situaci\u00f3n\u00bb"},"content":{"rendered":"<p>\u201cEs un gran reto fabricar cuatro m\u00e1quinas para hacer m\u00e1scaras quir\u00fargicas en un plazo de cuatro semanas; m\u00e1s a\u00fan en la situaci\u00f3n actual\u201d. I\u00f1igo Velez de Mendizabal, Responsable del Negocio de Automatizaci\u00f3n de <a href=\"https:\/\/www.mondragon-assembly.com\/es\/\">Mondragon Assembly<\/a>, nos ha explicado que los trabajos se est\u00e1n ejecutando seg\u00fan lo previsto.<\/p>\n<p>La cooperativa del Grupo Fagor Mondragon Assembly recibi\u00f3 a mediados de marzo <a href=\"http:\/\/&lt;https:\/\/www.fagor.eus\/mondragon-assembly-del-grupo-fagor-fabricara-maquinas-para-producir-mascarillas-quirurgicas\/?lang=es&gt;\">el encargo de la fabricaci\u00f3n de m\u00e1quinas para fabricar mascarillas quir\u00fargicas por parte Bexen Medical<\/a>. Estas m\u00e1quinas tendr\u00e1n la capacidad de construir alrededor de 10 millones de m\u00e1scaras al mes.<\/p>\n<p><iframe loading=\"lazy\" title=\"&quot;Nos enorgullece contribuir a la salida de esta situaci\u00f3n&quot;\" width=\"1080\" height=\"608\" src=\"https:\/\/www.youtube.com\/embed\/6c8Hku4LgqM?feature=oembed\" frameborder=\"0\" allow=\"accelerometer; autoplay; clipboard-write; encrypted-media; gyroscope; picture-in-picture\" allowfullscreen><\/iframe><\/p>\n","protected":false},"excerpt":{"rendered":"<p>I\u00f1igo Velez de Mendizabal, Responsable del Negocio de Automatizaci\u00f3n de Mondragon Assembly, nos ha explicado que los trabajos se est\u00e1n ejecutando seg\u00fan lo previsto.<\/p>\n","protected":false},"author":1,"featured_media":11971,"comment_status":"closed","ping_status":"closed","sticky":false,"template":"","format":"standard","meta":{"footnotes":""},"categories":[104,101],"tags":[],"class_list":{"0":"post-9031","1":"post","2":"type-post","3":"status-publish","4":"format-standard","5":"has-post-thumbnail","7":"category-grupo-fagor-es","8":"category-mondragon-assembly-es"},"yoast_head":"<!-- This site is optimized with the Yoast SEO plugin v27.4 - https:\/\/yoast.com\/product\/yoast-seo-wordpress\/ -->\n<title>&quot;Nos enorgullece contribuir a la salida de esta situaci\u00f3n&quot; &#187; FAGOR Trabajando por un futuro mejor<\/title>\n<meta name=\"robots\" content=\"index, nofollow, max-snippet:-1, max-image-preview:large, max-video-preview:-1\" \/>\n<link rel=\"canonical\" href=\"https:\/\/www.fagor.eus\/es\/nos-enorgullece-contribuir-a-la-salida-de-esta-situacion\/\" \/>\n<meta property=\"og:locale\" content=\"es_ES\" \/>\n<meta property=\"og:type\" content=\"article\" \/>\n<meta property=\"og:title\" content=\"&quot;Nos enorgullece contribuir a la salida de esta situaci\u00f3n&quot; &#187; FAGOR Trabajando por un futuro mejor\" \/>\n<meta property=\"og:description\" content=\"I\u00f1igo Velez de Mendizabal, Responsable del Negocio de Automatizaci\u00f3n de Mondragon Assembly, nos ha explicado que los trabajos se est\u00e1n ejecutando seg\u00fan lo previsto.\" \/>\n<meta property=\"og:url\" content=\"https:\/\/www.fagor.eus\/es\/nos-enorgullece-contribuir-a-la-salida-de-esta-situacion\/\" \/>\n<meta property=\"og:site_name\" content=\"FAGOR\" \/>\n<meta property=\"article:published_time\" content=\"2020-04-07T14:18:04+00:00\" \/>\n<meta property=\"article:modified_time\" content=\"2022-01-21T13:06:15+00:00\" \/>\n<meta property=\"og:image\" content=\"https:\/\/www.fagor.eus\/wp-content\/uploads\/2020\/04\/maskara-makinak.jpg\" \/>\n\t<meta property=\"og:image:width\" content=\"1269\" \/>\n\t<meta property=\"og:image:height\" content=\"710\" \/>\n\t<meta property=\"og:image:type\" content=\"image\/jpeg\" \/>\n<meta name=\"author\" content=\"Fagor Taldea\" \/>\n<meta name=\"twitter:card\" content=\"summary_large_image\" \/>\n<meta name=\"twitter:creator\" content=\"@FagorTaldea\" \/>\n<meta name=\"twitter:site\" content=\"@FagorTaldea\" \/>\n<meta name=\"twitter:label1\" content=\"Escrito por\" \/>\n\t<meta name=\"twitter:data1\" content=\"Fagor Taldea\" \/>\n\t<meta name=\"twitter:label2\" content=\"Tiempo de lectura\" \/>\n\t<meta name=\"twitter:data2\" content=\"1 minuto\" \/>\n<script type=\"application\/ld+json\" class=\"yoast-schema-graph\">{\"@context\":\"https:\\\/\\\/schema.org\",\"@graph\":[{\"@type\":\"Article\",\"@id\":\"https:\\\/\\\/www.fagor.eus\\\/es\\\/nos-enorgullece-contribuir-a-la-salida-de-esta-situacion\\\/#article\",\"isPartOf\":{\"@id\":\"https:\\\/\\\/www.fagor.eus\\\/es\\\/nos-enorgullece-contribuir-a-la-salida-de-esta-situacion\\\/\"},\"author\":{\"name\":\"Fagor Taldea\",\"@id\":\"https:\\\/\\\/www.fagor.eus\\\/#\\\/schema\\\/person\\\/d7294802cef9840476f49bd2f2122375\"},\"headline\":\"\u00abNos enorgullece contribuir a la salida de esta situaci\u00f3n\u00bb\",\"datePublished\":\"2020-04-07T14:18:04+00:00\",\"dateModified\":\"2022-01-21T13:06:15+00:00\",\"mainEntityOfPage\":{\"@id\":\"https:\\\/\\\/www.fagor.eus\\\/es\\\/nos-enorgullece-contribuir-a-la-salida-de-esta-situacion\\\/\"},\"wordCount\":127,\"image\":{\"@id\":\"https:\\\/\\\/www.fagor.eus\\\/es\\\/nos-enorgullece-contribuir-a-la-salida-de-esta-situacion\\\/#primaryimage\"},\"thumbnailUrl\":\"https:\\\/\\\/www.fagor.eus\\\/wp-content\\\/uploads\\\/2020\\\/04\\\/maskara-makinak.jpg\",\"articleSection\":[\"Grupo Fagor\",\"Mondragon Assembly\"],\"inLanguage\":\"es\"},{\"@type\":\"WebPage\",\"@id\":\"https:\\\/\\\/www.fagor.eus\\\/es\\\/nos-enorgullece-contribuir-a-la-salida-de-esta-situacion\\\/\",\"url\":\"https:\\\/\\\/www.fagor.eus\\\/es\\\/nos-enorgullece-contribuir-a-la-salida-de-esta-situacion\\\/\",\"name\":\"\\\"Nos enorgullece contribuir a la salida de esta situaci\u00f3n\\\" &#187; FAGOR Trabajando por un futuro mejor\",\"isPartOf\":{\"@id\":\"https:\\\/\\\/www.fagor.eus\\\/#website\"},\"primaryImageOfPage\":{\"@id\":\"https:\\\/\\\/www.fagor.eus\\\/es\\\/nos-enorgullece-contribuir-a-la-salida-de-esta-situacion\\\/#primaryimage\"},\"image\":{\"@id\":\"https:\\\/\\\/www.fagor.eus\\\/es\\\/nos-enorgullece-contribuir-a-la-salida-de-esta-situacion\\\/#primaryimage\"},\"thumbnailUrl\":\"https:\\\/\\\/www.fagor.eus\\\/wp-content\\\/uploads\\\/2020\\\/04\\\/maskara-makinak.jpg\",\"datePublished\":\"2020-04-07T14:18:04+00:00\",\"dateModified\":\"2022-01-21T13:06:15+00:00\",\"author\":{\"@id\":\"https:\\\/\\\/www.fagor.eus\\\/#\\\/schema\\\/person\\\/d7294802cef9840476f49bd2f2122375\"},\"breadcrumb\":{\"@id\":\"https:\\\/\\\/www.fagor.eus\\\/es\\\/nos-enorgullece-contribuir-a-la-salida-de-esta-situacion\\\/#breadcrumb\"},\"inLanguage\":\"es\",\"potentialAction\":[{\"@type\":\"ReadAction\",\"target\":[\"https:\\\/\\\/www.fagor.eus\\\/es\\\/nos-enorgullece-contribuir-a-la-salida-de-esta-situacion\\\/\"]}]},{\"@type\":\"ImageObject\",\"inLanguage\":\"es\",\"@id\":\"https:\\\/\\\/www.fagor.eus\\\/es\\\/nos-enorgullece-contribuir-a-la-salida-de-esta-situacion\\\/#primaryimage\",\"url\":\"https:\\\/\\\/www.fagor.eus\\\/wp-content\\\/uploads\\\/2020\\\/04\\\/maskara-makinak.jpg\",\"contentUrl\":\"https:\\\/\\\/www.fagor.eus\\\/wp-content\\\/uploads\\\/2020\\\/04\\\/maskara-makinak.jpg\",\"width\":1269,\"height\":710},{\"@type\":\"BreadcrumbList\",\"@id\":\"https:\\\/\\\/www.fagor.eus\\\/es\\\/nos-enorgullece-contribuir-a-la-salida-de-esta-situacion\\\/#breadcrumb\",\"itemListElement\":[{\"@type\":\"ListItem\",\"position\":1,\"name\":\"Home\",\"item\":\"https:\\\/\\\/www.fagor.eus\\\/es\\\/\"},{\"@type\":\"ListItem\",\"position\":2,\"name\":\"&#8220;Nos enorgullece contribuir a la salida de esta situaci\u00f3n&#8221;\"}]},{\"@type\":\"WebSite\",\"@id\":\"https:\\\/\\\/www.fagor.eus\\\/#website\",\"url\":\"https:\\\/\\\/www.fagor.eus\\\/\",\"name\":\"Fagor\",\"description\":\"Trabajando por un futuro mejor\",\"potentialAction\":[{\"@type\":\"SearchAction\",\"target\":{\"@type\":\"EntryPoint\",\"urlTemplate\":\"https:\\\/\\\/www.fagor.eus\\\/?s={search_term_string}\"},\"query-input\":{\"@type\":\"PropertyValueSpecification\",\"valueRequired\":true,\"valueName\":\"search_term_string\"}}],\"inLanguage\":\"es\"},{\"@type\":\"Person\",\"@id\":\"https:\\\/\\\/www.fagor.eus\\\/#\\\/schema\\\/person\\\/d7294802cef9840476f49bd2f2122375\",\"name\":\"Fagor Taldea\",\"image\":{\"@type\":\"ImageObject\",\"inLanguage\":\"es\",\"@id\":\"https:\\\/\\\/secure.gravatar.com\\\/avatar\\\/cec0ca982b168f09eff729422ed88eaaae37172c0336e0d27cd3f2b75015b046?s=96&d=mm&r=g\",\"url\":\"https:\\\/\\\/secure.gravatar.com\\\/avatar\\\/cec0ca982b168f09eff729422ed88eaaae37172c0336e0d27cd3f2b75015b046?s=96&d=mm&r=g\",\"contentUrl\":\"https:\\\/\\\/secure.gravatar.com\\\/avatar\\\/cec0ca982b168f09eff729422ed88eaaae37172c0336e0d27cd3f2b75015b046?s=96&d=mm&r=g\",\"caption\":\"Fagor Taldea\"},\"url\":\"https:\\\/\\\/www.fagor.eus\\\/es\\\/author\\\/system\\\/\"}]}<\/script>\n<!-- \/ Yoast SEO plugin. -->","yoast_head_json":{"title":"\"Nos enorgullece contribuir a la salida de esta situaci\u00f3n\" &#187; FAGOR Trabajando por un futuro mejor","robots":{"index":"index","follow":"nofollow","max-snippet":"max-snippet:-1","max-image-preview":"max-image-preview:large","max-video-preview":"max-video-preview:-1"},"canonical":"https:\/\/www.fagor.eus\/es\/nos-enorgullece-contribuir-a-la-salida-de-esta-situacion\/","og_locale":"es_ES","og_type":"article","og_title":"\"Nos enorgullece contribuir a la salida de esta situaci\u00f3n\" &#187; FAGOR Trabajando por un futuro mejor","og_description":"I\u00f1igo Velez de Mendizabal, Responsable del Negocio de Automatizaci\u00f3n de Mondragon Assembly, nos ha explicado que los trabajos se est\u00e1n ejecutando seg\u00fan lo previsto.","og_url":"https:\/\/www.fagor.eus\/es\/nos-enorgullece-contribuir-a-la-salida-de-esta-situacion\/","og_site_name":"FAGOR","article_published_time":"2020-04-07T14:18:04+00:00","article_modified_time":"2022-01-21T13:06:15+00:00","og_image":[{"width":1269,"height":710,"url":"https:\/\/www.fagor.eus\/wp-content\/uploads\/2020\/04\/maskara-makinak.jpg","type":"image\/jpeg"}],"author":"Fagor Taldea","twitter_card":"summary_large_image","twitter_creator":"@FagorTaldea","twitter_site":"@FagorTaldea","twitter_misc":{"Escrito por":"Fagor Taldea","Tiempo de lectura":"1 minuto"},"schema":{"@context":"https:\/\/schema.org","@graph":[{"@type":"Article","@id":"https:\/\/www.fagor.eus\/es\/nos-enorgullece-contribuir-a-la-salida-de-esta-situacion\/#article","isPartOf":{"@id":"https:\/\/www.fagor.eus\/es\/nos-enorgullece-contribuir-a-la-salida-de-esta-situacion\/"},"author":{"name":"Fagor Taldea","@id":"https:\/\/www.fagor.eus\/#\/schema\/person\/d7294802cef9840476f49bd2f2122375"},"headline":"\u00abNos enorgullece contribuir a la salida de esta situaci\u00f3n\u00bb","datePublished":"2020-04-07T14:18:04+00:00","dateModified":"2022-01-21T13:06:15+00:00","mainEntityOfPage":{"@id":"https:\/\/www.fagor.eus\/es\/nos-enorgullece-contribuir-a-la-salida-de-esta-situacion\/"},"wordCount":127,"image":{"@id":"https:\/\/www.fagor.eus\/es\/nos-enorgullece-contribuir-a-la-salida-de-esta-situacion\/#primaryimage"},"thumbnailUrl":"https:\/\/www.fagor.eus\/wp-content\/uploads\/2020\/04\/maskara-makinak.jpg","articleSection":["Grupo Fagor","Mondragon Assembly"],"inLanguage":"es"},{"@type":"WebPage","@id":"https:\/\/www.fagor.eus\/es\/nos-enorgullece-contribuir-a-la-salida-de-esta-situacion\/","url":"https:\/\/www.fagor.eus\/es\/nos-enorgullece-contribuir-a-la-salida-de-esta-situacion\/","name":"\"Nos enorgullece contribuir a la salida de esta situaci\u00f3n\" &#187; FAGOR Trabajando por un futuro mejor","isPartOf":{"@id":"https:\/\/www.fagor.eus\/#website"},"primaryImageOfPage":{"@id":"https:\/\/www.fagor.eus\/es\/nos-enorgullece-contribuir-a-la-salida-de-esta-situacion\/#primaryimage"},"image":{"@id":"https:\/\/www.fagor.eus\/es\/nos-enorgullece-contribuir-a-la-salida-de-esta-situacion\/#primaryimage"},"thumbnailUrl":"https:\/\/www.fagor.eus\/wp-content\/uploads\/2020\/04\/maskara-makinak.jpg","datePublished":"2020-04-07T14:18:04+00:00","dateModified":"2022-01-21T13:06:15+00:00","author":{"@id":"https:\/\/www.fagor.eus\/#\/schema\/person\/d7294802cef9840476f49bd2f2122375"},"breadcrumb":{"@id":"https:\/\/www.fagor.eus\/es\/nos-enorgullece-contribuir-a-la-salida-de-esta-situacion\/#breadcrumb"},"inLanguage":"es","potentialAction":[{"@type":"ReadAction","target":["https:\/\/www.fagor.eus\/es\/nos-enorgullece-contribuir-a-la-salida-de-esta-situacion\/"]}]},{"@type":"ImageObject","inLanguage":"es","@id":"https:\/\/www.fagor.eus\/es\/nos-enorgullece-contribuir-a-la-salida-de-esta-situacion\/#primaryimage","url":"https:\/\/www.fagor.eus\/wp-content\/uploads\/2020\/04\/maskara-makinak.jpg","contentUrl":"https:\/\/www.fagor.eus\/wp-content\/uploads\/2020\/04\/maskara-makinak.jpg","width":1269,"height":710},{"@type":"BreadcrumbList","@id":"https:\/\/www.fagor.eus\/es\/nos-enorgullece-contribuir-a-la-salida-de-esta-situacion\/#breadcrumb","itemListElement":[{"@type":"ListItem","position":1,"name":"Home","item":"https:\/\/www.fagor.eus\/es\/"},{"@type":"ListItem","position":2,"name":"&#8220;Nos enorgullece contribuir a la salida de esta situaci\u00f3n&#8221;"}]},{"@type":"WebSite","@id":"https:\/\/www.fagor.eus\/#website","url":"https:\/\/www.fagor.eus\/","name":"Fagor","description":"Trabajando por un futuro mejor","potentialAction":[{"@type":"SearchAction","target":{"@type":"EntryPoint","urlTemplate":"https:\/\/www.fagor.eus\/?s={search_term_string}"},"query-input":{"@type":"PropertyValueSpecification","valueRequired":true,"valueName":"search_term_string"}}],"inLanguage":"es"},{"@type":"Person","@id":"https:\/\/www.fagor.eus\/#\/schema\/person\/d7294802cef9840476f49bd2f2122375","name":"Fagor Taldea","image":{"@type":"ImageObject","inLanguage":"es","@id":"https:\/\/secure.gravatar.com\/avatar\/cec0ca982b168f09eff729422ed88eaaae37172c0336e0d27cd3f2b75015b046?s=96&d=mm&r=g","url":"https:\/\/secure.gravatar.com\/avatar\/cec0ca982b168f09eff729422ed88eaaae37172c0336e0d27cd3f2b75015b046?s=96&d=mm&r=g","contentUrl":"https:\/\/secure.gravatar.com\/avatar\/cec0ca982b168f09eff729422ed88eaaae37172c0336e0d27cd3f2b75015b046?s=96&d=mm&r=g","caption":"Fagor Taldea"},"url":"https:\/\/www.fagor.eus\/es\/author\/system\/"}]}},"_links":{"self":[{"href":"https:\/\/www.fagor.eus\/es\/wp-json\/wp\/v2\/posts\/9031","targetHints":{"allow":["GET"]}}],"collection":[{"href":"https:\/\/www.fagor.eus\/es\/wp-json\/wp\/v2\/posts"}],"about":[{"href":"https:\/\/www.fagor.eus\/es\/wp-json\/wp\/v2\/types\/post"}],"author":[{"embeddable":true,"href":"https:\/\/www.fagor.eus\/es\/wp-json\/wp\/v2\/users\/1"}],"replies":[{"embeddable":true,"href":"https:\/\/www.fagor.eus\/es\/wp-json\/wp\/v2\/comments?post=9031"}],"version-history":[{"count":1,"href":"https:\/\/www.fagor.eus\/es\/wp-json\/wp\/v2\/posts\/9031\/revisions"}],"predecessor-version":[{"id":11973,"href":"https:\/\/www.fagor.eus\/es\/wp-json\/wp\/v2\/posts\/9031\/revisions\/11973"}],"wp:featuredmedia":[{"embeddable":true,"href":"https:\/\/www.fagor.eus\/es\/wp-json\/wp\/v2\/media\/11971"}],"wp:attachment":[{"href":"https:\/\/www.fagor.eus\/es\/wp-json\/wp\/v2\/media?parent=9031"}],"wp:term":[{"taxonomy":"category","embeddable":true,"href":"https:\/\/www.fagor.eus\/es\/wp-json\/wp\/v2\/categories?post=9031"},{"taxonomy":"post_tag","embeddable":true,"href":"https:\/\/www.fagor.eus\/es\/wp-json\/wp\/v2\/tags?post=9031"}],"curies":[{"name":"wp","href":"https:\/\/api.w.org\/{rel}","templated":true}]}}