{"id":8935,"date":"2020-03-11T12:04:43","date_gmt":"2020-03-11T12:04:43","guid":{"rendered":"https:\/\/www.fagor.eus\/?p=8935"},"modified":"2022-02-04T15:45:58","modified_gmt":"2022-02-04T15:45:58","slug":"curso-sobre-objetivos-de-desarrollo-sostenible-con-la-colaboracion-de-fagor","status":"publish","type":"post","link":"https:\/\/www.fagor.eus\/es\/curso-sobre-objetivos-de-desarrollo-sostenible-con-la-colaboracion-de-fagor\/","title":{"rendered":"Curso sobre Objetivos de Desarrollo Sostenible con la colaboraci\u00f3n de Fagor"},"content":{"rendered":"<p>El <strong>23 de marzo<\/strong> comienza la segunda edici\u00f3n del curso <a href=\"http:\/\/www.itd.upm.es\/cursoODS\/\">\u00abODS: una transformaci\u00f3n ineludible\u00bb<\/a> con la colaboraci\u00f3n del Grupo Fagor. El curso est\u00e1 dirigido a profesionales, tanto del \u00e1mbito p\u00fablico como privado, que deseen promover la transici\u00f3n sostenible en sus organizaciones hacia el cumplimiento de los <a href=\"https:\/\/www.un.org\/sustainabledevelopment\/es\/objetivos-de-desarrollo-sostenible\/\">Objetivos de Desarrollo Sostenible<\/a>.<\/p>\n<p>El curso, impartido por la <a href=\"https:\/\/www.upm.es\/\">universidad UPM<\/a>, contar\u00e1 con la participaci\u00f3n de 25 profesores y profesoras procedentes de la empresa privada, la administraci\u00f3n p\u00fablica y el tercer sector. En total, durar\u00e1 <strong>8 semanas<\/strong> y se analizar\u00e1n 8 casos pr\u00e1cticos de transformaci\u00f3n organizacional hacia la sostenibilidad, contados directamente por sus protagonistas. El curso es gratuito y en \u00e9l se ofrecer\u00e1n tres tipos de certificados, el \u00abcertificado de participaci\u00f3n\u00bb que ser\u00e1 gratuito, el \u00abcertificado de superaci\u00f3n\u00bb el cual costar\u00e1 40 \u20ac y el \u00abcertificado UPM\u00bb que valdr\u00e1 185 \u20ac.<\/p>\n<p>Adem\u00e1s del conocimiento acumulado en el curso, las personas participantes podr\u00e1n conectarse con una comunidad global formada por agentes del cambio.<\/p>\n<p>Aqu\u00ed tienes toda la programaci\u00f3n del curso, as\u00ed como las modalidades de inscripci\u00f3n, los distintos tipos de certificados \u2026<\/p>\n<p><a href=\"http:\/\/www.itd.upm.es\/cursoODS\/\">http:\/\/www.itd.upm.es\/cursoODS\/<\/a><\/p>\n<p>&nbsp;<\/p>\n<p><iframe loading=\"lazy\" title=\"Curso online &quot;ODS: Una transformaci\u00f3n ineludible&quot;\" width=\"1080\" height=\"608\" src=\"https:\/\/www.youtube.com\/embed\/7dRIWQFybZw?start=1&#038;feature=oembed\" frameborder=\"0\" allow=\"accelerometer; autoplay; clipboard-write; encrypted-media; gyroscope; picture-in-picture\" allowfullscreen><\/iframe><\/p>\n","protected":false},"excerpt":{"rendered":"<p>El 23 de marzo comenzar\u00e1 el curso \u00abODS: una transformaci\u00f3n ineludible\u201d dirigido a profesionales que quieran promover una transici\u00f3n sostenible en sus organizaciones.<\/p>\n","protected":false},"author":1,"featured_media":11988,"comment_status":"closed","ping_status":"closed","sticky":false,"template":"","format":"standard","meta":{"footnotes":""},"categories":[27],"tags":[],"class_list":{"0":"post-8935","1":"post","2":"type-post","3":"status-publish","4":"format-standard","5":"has-post-thumbnail","7":"category-sin-categorizar"},"yoast_head":"<!-- This site is optimized with the Yoast SEO plugin v27.4 - https:\/\/yoast.com\/product\/yoast-seo-wordpress\/ -->\n<title>Curso sobre Objetivos de Desarrollo Sostenible con la colaboraci\u00f3n de Fagor &#187; FAGOR Trabajando por un futuro mejor<\/title>\n<meta name=\"robots\" content=\"index, follow, max-snippet:-1, max-image-preview:large, max-video-preview:-1\" \/>\n<link rel=\"canonical\" href=\"https:\/\/www.fagor.eus\/es\/curso-sobre-objetivos-de-desarrollo-sostenible-con-la-colaboracion-de-fagor\/\" \/>\n<meta property=\"og:locale\" content=\"es_ES\" \/>\n<meta property=\"og:type\" content=\"article\" \/>\n<meta property=\"og:title\" content=\"Curso sobre Objetivos de Desarrollo Sostenible con la colaboraci\u00f3n de Fagor &#187; FAGOR Trabajando por un futuro mejor\" \/>\n<meta property=\"og:description\" content=\"El 23 de marzo comenzar\u00e1 el curso &quot;ODS: una transformaci\u00f3n ineludible\u201d dirigido a profesionales que quieran promover una transici\u00f3n sostenible en sus organizaciones.\" \/>\n<meta property=\"og:url\" content=\"https:\/\/www.fagor.eus\/es\/curso-sobre-objetivos-de-desarrollo-sostenible-con-la-colaboracion-de-fagor\/\" \/>\n<meta property=\"og:site_name\" content=\"FAGOR\" \/>\n<meta property=\"article:published_time\" content=\"2020-03-11T12:04:43+00:00\" \/>\n<meta property=\"article:modified_time\" content=\"2022-02-04T15:45:58+00:00\" \/>\n<meta property=\"og:image\" content=\"https:\/\/www.fagor.eus\/wp-content\/uploads\/2020\/03\/upm-ikastaroa.jpg\" \/>\n\t<meta property=\"og:image:width\" content=\"2531\" \/>\n\t<meta property=\"og:image:height\" content=\"1275\" \/>\n\t<meta property=\"og:image:type\" content=\"image\/jpeg\" \/>\n<meta name=\"author\" content=\"Fagor Taldea\" \/>\n<meta name=\"twitter:card\" content=\"summary_large_image\" \/>\n<meta name=\"twitter:creator\" content=\"@FagorTaldea\" \/>\n<meta name=\"twitter:site\" content=\"@FagorTaldea\" \/>\n<meta name=\"twitter:label1\" content=\"Escrito por\" \/>\n\t<meta name=\"twitter:data1\" content=\"Fagor Taldea\" \/>\n\t<meta name=\"twitter:label2\" content=\"Tiempo de lectura\" \/>\n\t<meta name=\"twitter:data2\" content=\"1 minuto\" \/>\n<script type=\"application\/ld+json\" class=\"yoast-schema-graph\">{\"@context\":\"https:\\\/\\\/schema.org\",\"@graph\":[{\"@type\":\"Article\",\"@id\":\"https:\\\/\\\/www.fagor.eus\\\/es\\\/curso-sobre-objetivos-de-desarrollo-sostenible-con-la-colaboracion-de-fagor\\\/#article\",\"isPartOf\":{\"@id\":\"https:\\\/\\\/www.fagor.eus\\\/es\\\/curso-sobre-objetivos-de-desarrollo-sostenible-con-la-colaboracion-de-fagor\\\/\"},\"author\":{\"name\":\"Fagor Taldea\",\"@id\":\"https:\\\/\\\/www.fagor.eus\\\/#\\\/schema\\\/person\\\/d7294802cef9840476f49bd2f2122375\"},\"headline\":\"Curso sobre Objetivos de Desarrollo Sostenible con la colaboraci\u00f3n de Fagor\",\"datePublished\":\"2020-03-11T12:04:43+00:00\",\"dateModified\":\"2022-02-04T15:45:58+00:00\",\"mainEntityOfPage\":{\"@id\":\"https:\\\/\\\/www.fagor.eus\\\/es\\\/curso-sobre-objetivos-de-desarrollo-sostenible-con-la-colaboracion-de-fagor\\\/\"},\"wordCount\":219,\"image\":{\"@id\":\"https:\\\/\\\/www.fagor.eus\\\/es\\\/curso-sobre-objetivos-de-desarrollo-sostenible-con-la-colaboracion-de-fagor\\\/#primaryimage\"},\"thumbnailUrl\":\"https:\\\/\\\/www.fagor.eus\\\/wp-content\\\/uploads\\\/2020\\\/03\\\/upm-ikastaroa.jpg\",\"articleSection\":[\"Sin categorizar\"],\"inLanguage\":\"es\"},{\"@type\":\"WebPage\",\"@id\":\"https:\\\/\\\/www.fagor.eus\\\/es\\\/curso-sobre-objetivos-de-desarrollo-sostenible-con-la-colaboracion-de-fagor\\\/\",\"url\":\"https:\\\/\\\/www.fagor.eus\\\/es\\\/curso-sobre-objetivos-de-desarrollo-sostenible-con-la-colaboracion-de-fagor\\\/\",\"name\":\"Curso sobre Objetivos de Desarrollo Sostenible con la colaboraci\u00f3n de Fagor &#187; FAGOR Trabajando por un futuro mejor\",\"isPartOf\":{\"@id\":\"https:\\\/\\\/www.fagor.eus\\\/#website\"},\"primaryImageOfPage\":{\"@id\":\"https:\\\/\\\/www.fagor.eus\\\/es\\\/curso-sobre-objetivos-de-desarrollo-sostenible-con-la-colaboracion-de-fagor\\\/#primaryimage\"},\"image\":{\"@id\":\"https:\\\/\\\/www.fagor.eus\\\/es\\\/curso-sobre-objetivos-de-desarrollo-sostenible-con-la-colaboracion-de-fagor\\\/#primaryimage\"},\"thumbnailUrl\":\"https:\\\/\\\/www.fagor.eus\\\/wp-content\\\/uploads\\\/2020\\\/03\\\/upm-ikastaroa.jpg\",\"datePublished\":\"2020-03-11T12:04:43+00:00\",\"dateModified\":\"2022-02-04T15:45:58+00:00\",\"author\":{\"@id\":\"https:\\\/\\\/www.fagor.eus\\\/#\\\/schema\\\/person\\\/d7294802cef9840476f49bd2f2122375\"},\"breadcrumb\":{\"@id\":\"https:\\\/\\\/www.fagor.eus\\\/es\\\/curso-sobre-objetivos-de-desarrollo-sostenible-con-la-colaboracion-de-fagor\\\/#breadcrumb\"},\"inLanguage\":\"es\",\"potentialAction\":[{\"@type\":\"ReadAction\",\"target\":[\"https:\\\/\\\/www.fagor.eus\\\/es\\\/curso-sobre-objetivos-de-desarrollo-sostenible-con-la-colaboracion-de-fagor\\\/\"]}]},{\"@type\":\"ImageObject\",\"inLanguage\":\"es\",\"@id\":\"https:\\\/\\\/www.fagor.eus\\\/es\\\/curso-sobre-objetivos-de-desarrollo-sostenible-con-la-colaboracion-de-fagor\\\/#primaryimage\",\"url\":\"https:\\\/\\\/www.fagor.eus\\\/wp-content\\\/uploads\\\/2020\\\/03\\\/upm-ikastaroa.jpg\",\"contentUrl\":\"https:\\\/\\\/www.fagor.eus\\\/wp-content\\\/uploads\\\/2020\\\/03\\\/upm-ikastaroa.jpg\",\"width\":2531,\"height\":1275},{\"@type\":\"BreadcrumbList\",\"@id\":\"https:\\\/\\\/www.fagor.eus\\\/es\\\/curso-sobre-objetivos-de-desarrollo-sostenible-con-la-colaboracion-de-fagor\\\/#breadcrumb\",\"itemListElement\":[{\"@type\":\"ListItem\",\"position\":1,\"name\":\"Home\",\"item\":\"https:\\\/\\\/www.fagor.eus\\\/es\\\/\"},{\"@type\":\"ListItem\",\"position\":2,\"name\":\"Curso sobre Objetivos de Desarrollo Sostenible con la colaboraci\u00f3n de Fagor\"}]},{\"@type\":\"WebSite\",\"@id\":\"https:\\\/\\\/www.fagor.eus\\\/#website\",\"url\":\"https:\\\/\\\/www.fagor.eus\\\/\",\"name\":\"Fagor\",\"description\":\"Trabajando por un futuro mejor\",\"potentialAction\":[{\"@type\":\"SearchAction\",\"target\":{\"@type\":\"EntryPoint\",\"urlTemplate\":\"https:\\\/\\\/www.fagor.eus\\\/?s={search_term_string}\"},\"query-input\":{\"@type\":\"PropertyValueSpecification\",\"valueRequired\":true,\"valueName\":\"search_term_string\"}}],\"inLanguage\":\"es\"},{\"@type\":\"Person\",\"@id\":\"https:\\\/\\\/www.fagor.eus\\\/#\\\/schema\\\/person\\\/d7294802cef9840476f49bd2f2122375\",\"name\":\"Fagor Taldea\",\"image\":{\"@type\":\"ImageObject\",\"inLanguage\":\"es\",\"@id\":\"https:\\\/\\\/secure.gravatar.com\\\/avatar\\\/cec0ca982b168f09eff729422ed88eaaae37172c0336e0d27cd3f2b75015b046?s=96&d=mm&r=g\",\"url\":\"https:\\\/\\\/secure.gravatar.com\\\/avatar\\\/cec0ca982b168f09eff729422ed88eaaae37172c0336e0d27cd3f2b75015b046?s=96&d=mm&r=g\",\"contentUrl\":\"https:\\\/\\\/secure.gravatar.com\\\/avatar\\\/cec0ca982b168f09eff729422ed88eaaae37172c0336e0d27cd3f2b75015b046?s=96&d=mm&r=g\",\"caption\":\"Fagor Taldea\"},\"url\":\"https:\\\/\\\/www.fagor.eus\\\/es\\\/author\\\/system\\\/\"}]}<\/script>\n<!-- \/ Yoast SEO plugin. -->","yoast_head_json":{"title":"Curso sobre Objetivos de Desarrollo Sostenible con la colaboraci\u00f3n de Fagor &#187; FAGOR Trabajando por un futuro mejor","robots":{"index":"index","follow":"follow","max-snippet":"max-snippet:-1","max-image-preview":"max-image-preview:large","max-video-preview":"max-video-preview:-1"},"canonical":"https:\/\/www.fagor.eus\/es\/curso-sobre-objetivos-de-desarrollo-sostenible-con-la-colaboracion-de-fagor\/","og_locale":"es_ES","og_type":"article","og_title":"Curso sobre Objetivos de Desarrollo Sostenible con la colaboraci\u00f3n de Fagor &#187; FAGOR Trabajando por un futuro mejor","og_description":"El 23 de marzo comenzar\u00e1 el curso \"ODS: una transformaci\u00f3n ineludible\u201d dirigido a profesionales que quieran promover una transici\u00f3n sostenible en sus organizaciones.","og_url":"https:\/\/www.fagor.eus\/es\/curso-sobre-objetivos-de-desarrollo-sostenible-con-la-colaboracion-de-fagor\/","og_site_name":"FAGOR","article_published_time":"2020-03-11T12:04:43+00:00","article_modified_time":"2022-02-04T15:45:58+00:00","og_image":[{"width":2531,"height":1275,"url":"https:\/\/www.fagor.eus\/wp-content\/uploads\/2020\/03\/upm-ikastaroa.jpg","type":"image\/jpeg"}],"author":"Fagor Taldea","twitter_card":"summary_large_image","twitter_creator":"@FagorTaldea","twitter_site":"@FagorTaldea","twitter_misc":{"Escrito por":"Fagor Taldea","Tiempo de lectura":"1 minuto"},"schema":{"@context":"https:\/\/schema.org","@graph":[{"@type":"Article","@id":"https:\/\/www.fagor.eus\/es\/curso-sobre-objetivos-de-desarrollo-sostenible-con-la-colaboracion-de-fagor\/#article","isPartOf":{"@id":"https:\/\/www.fagor.eus\/es\/curso-sobre-objetivos-de-desarrollo-sostenible-con-la-colaboracion-de-fagor\/"},"author":{"name":"Fagor Taldea","@id":"https:\/\/www.fagor.eus\/#\/schema\/person\/d7294802cef9840476f49bd2f2122375"},"headline":"Curso sobre Objetivos de Desarrollo Sostenible con la colaboraci\u00f3n de Fagor","datePublished":"2020-03-11T12:04:43+00:00","dateModified":"2022-02-04T15:45:58+00:00","mainEntityOfPage":{"@id":"https:\/\/www.fagor.eus\/es\/curso-sobre-objetivos-de-desarrollo-sostenible-con-la-colaboracion-de-fagor\/"},"wordCount":219,"image":{"@id":"https:\/\/www.fagor.eus\/es\/curso-sobre-objetivos-de-desarrollo-sostenible-con-la-colaboracion-de-fagor\/#primaryimage"},"thumbnailUrl":"https:\/\/www.fagor.eus\/wp-content\/uploads\/2020\/03\/upm-ikastaroa.jpg","articleSection":["Sin categorizar"],"inLanguage":"es"},{"@type":"WebPage","@id":"https:\/\/www.fagor.eus\/es\/curso-sobre-objetivos-de-desarrollo-sostenible-con-la-colaboracion-de-fagor\/","url":"https:\/\/www.fagor.eus\/es\/curso-sobre-objetivos-de-desarrollo-sostenible-con-la-colaboracion-de-fagor\/","name":"Curso sobre Objetivos de Desarrollo Sostenible con la colaboraci\u00f3n de Fagor &#187; FAGOR Trabajando por un futuro mejor","isPartOf":{"@id":"https:\/\/www.fagor.eus\/#website"},"primaryImageOfPage":{"@id":"https:\/\/www.fagor.eus\/es\/curso-sobre-objetivos-de-desarrollo-sostenible-con-la-colaboracion-de-fagor\/#primaryimage"},"image":{"@id":"https:\/\/www.fagor.eus\/es\/curso-sobre-objetivos-de-desarrollo-sostenible-con-la-colaboracion-de-fagor\/#primaryimage"},"thumbnailUrl":"https:\/\/www.fagor.eus\/wp-content\/uploads\/2020\/03\/upm-ikastaroa.jpg","datePublished":"2020-03-11T12:04:43+00:00","dateModified":"2022-02-04T15:45:58+00:00","author":{"@id":"https:\/\/www.fagor.eus\/#\/schema\/person\/d7294802cef9840476f49bd2f2122375"},"breadcrumb":{"@id":"https:\/\/www.fagor.eus\/es\/curso-sobre-objetivos-de-desarrollo-sostenible-con-la-colaboracion-de-fagor\/#breadcrumb"},"inLanguage":"es","potentialAction":[{"@type":"ReadAction","target":["https:\/\/www.fagor.eus\/es\/curso-sobre-objetivos-de-desarrollo-sostenible-con-la-colaboracion-de-fagor\/"]}]},{"@type":"ImageObject","inLanguage":"es","@id":"https:\/\/www.fagor.eus\/es\/curso-sobre-objetivos-de-desarrollo-sostenible-con-la-colaboracion-de-fagor\/#primaryimage","url":"https:\/\/www.fagor.eus\/wp-content\/uploads\/2020\/03\/upm-ikastaroa.jpg","contentUrl":"https:\/\/www.fagor.eus\/wp-content\/uploads\/2020\/03\/upm-ikastaroa.jpg","width":2531,"height":1275},{"@type":"BreadcrumbList","@id":"https:\/\/www.fagor.eus\/es\/curso-sobre-objetivos-de-desarrollo-sostenible-con-la-colaboracion-de-fagor\/#breadcrumb","itemListElement":[{"@type":"ListItem","position":1,"name":"Home","item":"https:\/\/www.fagor.eus\/es\/"},{"@type":"ListItem","position":2,"name":"Curso sobre Objetivos de Desarrollo Sostenible con la colaboraci\u00f3n de Fagor"}]},{"@type":"WebSite","@id":"https:\/\/www.fagor.eus\/#website","url":"https:\/\/www.fagor.eus\/","name":"Fagor","description":"Trabajando por un futuro mejor","potentialAction":[{"@type":"SearchAction","target":{"@type":"EntryPoint","urlTemplate":"https:\/\/www.fagor.eus\/?s={search_term_string}"},"query-input":{"@type":"PropertyValueSpecification","valueRequired":true,"valueName":"search_term_string"}}],"inLanguage":"es"},{"@type":"Person","@id":"https:\/\/www.fagor.eus\/#\/schema\/person\/d7294802cef9840476f49bd2f2122375","name":"Fagor Taldea","image":{"@type":"ImageObject","inLanguage":"es","@id":"https:\/\/secure.gravatar.com\/avatar\/cec0ca982b168f09eff729422ed88eaaae37172c0336e0d27cd3f2b75015b046?s=96&d=mm&r=g","url":"https:\/\/secure.gravatar.com\/avatar\/cec0ca982b168f09eff729422ed88eaaae37172c0336e0d27cd3f2b75015b046?s=96&d=mm&r=g","contentUrl":"https:\/\/secure.gravatar.com\/avatar\/cec0ca982b168f09eff729422ed88eaaae37172c0336e0d27cd3f2b75015b046?s=96&d=mm&r=g","caption":"Fagor Taldea"},"url":"https:\/\/www.fagor.eus\/es\/author\/system\/"}]}},"_links":{"self":[{"href":"https:\/\/www.fagor.eus\/es\/wp-json\/wp\/v2\/posts\/8935","targetHints":{"allow":["GET"]}}],"collection":[{"href":"https:\/\/www.fagor.eus\/es\/wp-json\/wp\/v2\/posts"}],"about":[{"href":"https:\/\/www.fagor.eus\/es\/wp-json\/wp\/v2\/types\/post"}],"author":[{"embeddable":true,"href":"https:\/\/www.fagor.eus\/es\/wp-json\/wp\/v2\/users\/1"}],"replies":[{"embeddable":true,"href":"https:\/\/www.fagor.eus\/es\/wp-json\/wp\/v2\/comments?post=8935"}],"version-history":[{"count":2,"href":"https:\/\/www.fagor.eus\/es\/wp-json\/wp\/v2\/posts\/8935\/revisions"}],"predecessor-version":[{"id":12961,"href":"https:\/\/www.fagor.eus\/es\/wp-json\/wp\/v2\/posts\/8935\/revisions\/12961"}],"wp:featuredmedia":[{"embeddable":true,"href":"https:\/\/www.fagor.eus\/es\/wp-json\/wp\/v2\/media\/11988"}],"wp:attachment":[{"href":"https:\/\/www.fagor.eus\/es\/wp-json\/wp\/v2\/media?parent=8935"}],"wp:term":[{"taxonomy":"category","embeddable":true,"href":"https:\/\/www.fagor.eus\/es\/wp-json\/wp\/v2\/categories?post=8935"},{"taxonomy":"post_tag","embeddable":true,"href":"https:\/\/www.fagor.eus\/es\/wp-json\/wp\/v2\/tags?post=8935"}],"curies":[{"name":"wp","href":"https:\/\/api.w.org\/{rel}","templated":true}]}}