{"id":8740,"date":"2019-10-30T12:21:49","date_gmt":"2019-10-30T12:21:49","guid":{"rendered":"http:\/\/www.fagor.com\/?p=7628"},"modified":"2022-01-21T13:07:26","modified_gmt":"2022-01-21T13:07:26","slug":"mondragon-assembly-instala-en-su-sede-de-aretxabaleta-100kw-en-paneles-solares","status":"publish","type":"post","link":"https:\/\/www.fagor.eus\/es\/mondragon-assembly-instala-en-su-sede-de-aretxabaleta-100kw-en-paneles-solares\/","title":{"rendered":"Mondragon Assembly instala en su sede 100kW en paneles solares"},"content":{"rendered":"[vc_row type=\u00bbin_container\u00bb full_screen_row_position=\u00bbmiddle\u00bb column_margin=\u00bbdefault\u00bb scene_position=\u00bbcenter\u00bb text_color=\u00bbdark\u00bb text_align=\u00bbleft\u00bb overlay_strength=\u00bb0.3&#8243; shape_divider_position=\u00bbbottom\u00bb bg_image_animation=\u00bbnone\u00bb][vc_column column_padding=\u00bbno-extra-padding\u00bb column_padding_position=\u00bball\u00bb background_color_opacity=\u00bb1&#8243; background_hover_color_opacity=\u00bb1&#8243; column_link_target=\u00bb_self\u00bb column_shadow=\u00bbnone\u00bb column_border_radius=\u00bbnone\u00bb width=\u00bb1\/1&#8243; tablet_width_inherit=\u00bbdefault\u00bb tablet_text_alignment=\u00bbdefault\u00bb phone_text_alignment=\u00bbdefault\u00bb overlay_strength=\u00bb0.3&#8243; column_border_width=\u00bbnone\u00bb column_border_style=\u00bbsolid\u00bb bg_image_animation=\u00bbnone\u00bb][vc_column_text]\n<p class=\"p1\"><strong><a class=\"external-link\" title=\"\" href=\"http:\/\/www.mondragon-assembly.com\/\" target=\"_self\" rel=\"noopener noreferrer\">Mondragon Assembly<\/a><\/strong> ha puesto en marcha un proyecto con objetivo de lograr un consumo m\u00e1s responsable y de tener unas instalaciones cada vez m\u00e1s sostenibles y eficientes. El proyecto se desarrollar\u00e1 en dos fases, la primera de las cuales ya ha sido puesta en marcha a principios de este a\u00f1o 2019, cuando Mondragon Assembly decidi\u00f3 instalar en su sede de Aretxabaleta 380 paneles solares producidos por sus clientes.<\/p>\n<p class=\"p3\">La segunda fase de este ambicioso proyecto se enmarca en el contexto de un proyecto de I+D europeo y consiste en la instalaci\u00f3n de 150 m<sup>2<\/sup> de BIPV (Building Integrated Photovoltaics) en la fachada de las instalaciones de Mondragon Assembly, en Aretxabaleta. Actualmente existe un alto inter\u00e9s en Europa respecto al desarrollo del BIPV (Building Integrated Photovoltaics) que consiste en la utilizaci\u00f3n de m\u00f3dulos fotovoltaicos en la fachada de los edificios. Con esta instalaci\u00f3n, que se prev\u00e9 que est\u00e9 finalizada para principios de 2021, se podr\u00eda llegar a generar el 18-20% de la energ\u00eda producida.<\/p>\n<p>Adem\u00e1s de este ambicioso proyecto, desde Mondragon Assembly se han puesto en marcha diferentes medidas con el objetivo de alcanzar un consumo sostenible. Por ejemplo, reducir en una tonelada las emisiones de CO2 de la flota de veh\u00edculos que actualmente posee o equipar con luces LED su f\u00e1brica de Aretxabaleta.<\/p>\n<p><b>Paneles solares realizados con l\u00edneas fabricadas por Mondragon Assembly<\/b><\/p>\n<p>Uno de los negocios estrat\u00e9gicos del Grupo Mondragon Assembly es el de dise\u00f1o y fabricaci\u00f3n de equipos llave en mano para la producci\u00f3n de paneles fotovoltaicos y por este motivo, los paneles solares instalados en la parte superior del edificio son producidos por clientes que poseen equipos fabricados por Mondragon Assembly.[\/vc_column_text][\/vc_column][\/vc_row]\n","protected":false},"excerpt":{"rendered":"<p>Mondragon Assembly ha puesto en marcha un proyecto con objetivo de lograr un consumo m\u00e1s responsable y de tener unas instalaciones cada vez m\u00e1s sostenibles y eficientes.<\/p>\n","protected":false},"author":1,"featured_media":12027,"comment_status":"closed","ping_status":"closed","sticky":false,"template":"","format":"standard","meta":{"footnotes":""},"categories":[101],"tags":[],"class_list":{"0":"post-8740","1":"post","2":"type-post","3":"status-publish","4":"format-standard","5":"has-post-thumbnail","7":"category-mondragon-assembly-es"},"yoast_head":"<!-- This site is optimized with the Yoast SEO plugin v27.4 - https:\/\/yoast.com\/product\/yoast-seo-wordpress\/ -->\n<title>Mondragon Assembly instala en su sede 100kW en paneles solares &#187; FAGOR Trabajando por un futuro mejor<\/title>\n<meta name=\"robots\" content=\"index, follow, max-snippet:-1, max-image-preview:large, max-video-preview:-1\" \/>\n<link rel=\"canonical\" href=\"https:\/\/www.fagor.eus\/es\/mondragon-assembly-instala-en-su-sede-de-aretxabaleta-100kw-en-paneles-solares\/\" \/>\n<meta property=\"og:locale\" content=\"es_ES\" \/>\n<meta property=\"og:type\" content=\"article\" \/>\n<meta property=\"og:title\" content=\"Mondragon Assembly instala en su sede 100kW en paneles solares &#187; FAGOR Trabajando por un futuro mejor\" \/>\n<meta property=\"og:description\" content=\"Mondragon Assembly ha puesto en marcha un proyecto con objetivo de lograr un consumo m\u00e1s responsable y de tener unas instalaciones cada vez m\u00e1s sostenibles y eficientes.\" \/>\n<meta property=\"og:url\" content=\"https:\/\/www.fagor.eus\/es\/mondragon-assembly-instala-en-su-sede-de-aretxabaleta-100kw-en-paneles-solares\/\" \/>\n<meta property=\"og:site_name\" content=\"FAGOR\" \/>\n<meta property=\"article:published_time\" content=\"2019-10-30T12:21:49+00:00\" \/>\n<meta property=\"article:modified_time\" content=\"2022-01-21T13:07:26+00:00\" \/>\n<meta property=\"og:image\" content=\"https:\/\/www.fagor.eus\/wp-content\/uploads\/2019\/10\/ma-100kw.jpg\" \/>\n\t<meta property=\"og:image:width\" content=\"800\" \/>\n\t<meta property=\"og:image:height\" content=\"533\" \/>\n\t<meta property=\"og:image:type\" content=\"image\/jpeg\" \/>\n<meta name=\"author\" content=\"Fagor Taldea\" \/>\n<meta name=\"twitter:card\" content=\"summary_large_image\" \/>\n<meta name=\"twitter:creator\" content=\"@FagorTaldea\" \/>\n<meta name=\"twitter:site\" content=\"@FagorTaldea\" \/>\n<meta name=\"twitter:label1\" content=\"Escrito por\" \/>\n\t<meta name=\"twitter:data1\" content=\"Fagor Taldea\" \/>\n\t<meta name=\"twitter:label2\" content=\"Tiempo de lectura\" \/>\n\t<meta name=\"twitter:data2\" content=\"2 minutos\" \/>\n<script type=\"application\/ld+json\" class=\"yoast-schema-graph\">{\"@context\":\"https:\\\/\\\/schema.org\",\"@graph\":[{\"@type\":\"Article\",\"@id\":\"https:\\\/\\\/www.fagor.eus\\\/es\\\/mondragon-assembly-instala-en-su-sede-de-aretxabaleta-100kw-en-paneles-solares\\\/#article\",\"isPartOf\":{\"@id\":\"https:\\\/\\\/www.fagor.eus\\\/es\\\/mondragon-assembly-instala-en-su-sede-de-aretxabaleta-100kw-en-paneles-solares\\\/\"},\"author\":{\"name\":\"Fagor Taldea\",\"@id\":\"https:\\\/\\\/www.fagor.eus\\\/#\\\/schema\\\/person\\\/d7294802cef9840476f49bd2f2122375\"},\"headline\":\"Mondragon Assembly instala en su sede 100kW en paneles solares\",\"datePublished\":\"2019-10-30T12:21:49+00:00\",\"dateModified\":\"2022-01-21T13:07:26+00:00\",\"mainEntityOfPage\":{\"@id\":\"https:\\\/\\\/www.fagor.eus\\\/es\\\/mondragon-assembly-instala-en-su-sede-de-aretxabaleta-100kw-en-paneles-solares\\\/\"},\"wordCount\":394,\"image\":{\"@id\":\"https:\\\/\\\/www.fagor.eus\\\/es\\\/mondragon-assembly-instala-en-su-sede-de-aretxabaleta-100kw-en-paneles-solares\\\/#primaryimage\"},\"thumbnailUrl\":\"https:\\\/\\\/www.fagor.eus\\\/wp-content\\\/uploads\\\/2019\\\/10\\\/ma-100kw.jpg\",\"articleSection\":[\"Mondragon Assembly\"],\"inLanguage\":\"es\"},{\"@type\":\"WebPage\",\"@id\":\"https:\\\/\\\/www.fagor.eus\\\/es\\\/mondragon-assembly-instala-en-su-sede-de-aretxabaleta-100kw-en-paneles-solares\\\/\",\"url\":\"https:\\\/\\\/www.fagor.eus\\\/es\\\/mondragon-assembly-instala-en-su-sede-de-aretxabaleta-100kw-en-paneles-solares\\\/\",\"name\":\"Mondragon Assembly instala en su sede 100kW en paneles solares &#187; FAGOR Trabajando por un futuro mejor\",\"isPartOf\":{\"@id\":\"https:\\\/\\\/www.fagor.eus\\\/#website\"},\"primaryImageOfPage\":{\"@id\":\"https:\\\/\\\/www.fagor.eus\\\/es\\\/mondragon-assembly-instala-en-su-sede-de-aretxabaleta-100kw-en-paneles-solares\\\/#primaryimage\"},\"image\":{\"@id\":\"https:\\\/\\\/www.fagor.eus\\\/es\\\/mondragon-assembly-instala-en-su-sede-de-aretxabaleta-100kw-en-paneles-solares\\\/#primaryimage\"},\"thumbnailUrl\":\"https:\\\/\\\/www.fagor.eus\\\/wp-content\\\/uploads\\\/2019\\\/10\\\/ma-100kw.jpg\",\"datePublished\":\"2019-10-30T12:21:49+00:00\",\"dateModified\":\"2022-01-21T13:07:26+00:00\",\"author\":{\"@id\":\"https:\\\/\\\/www.fagor.eus\\\/#\\\/schema\\\/person\\\/d7294802cef9840476f49bd2f2122375\"},\"breadcrumb\":{\"@id\":\"https:\\\/\\\/www.fagor.eus\\\/es\\\/mondragon-assembly-instala-en-su-sede-de-aretxabaleta-100kw-en-paneles-solares\\\/#breadcrumb\"},\"inLanguage\":\"es\",\"potentialAction\":[{\"@type\":\"ReadAction\",\"target\":[\"https:\\\/\\\/www.fagor.eus\\\/es\\\/mondragon-assembly-instala-en-su-sede-de-aretxabaleta-100kw-en-paneles-solares\\\/\"]}]},{\"@type\":\"ImageObject\",\"inLanguage\":\"es\",\"@id\":\"https:\\\/\\\/www.fagor.eus\\\/es\\\/mondragon-assembly-instala-en-su-sede-de-aretxabaleta-100kw-en-paneles-solares\\\/#primaryimage\",\"url\":\"https:\\\/\\\/www.fagor.eus\\\/wp-content\\\/uploads\\\/2019\\\/10\\\/ma-100kw.jpg\",\"contentUrl\":\"https:\\\/\\\/www.fagor.eus\\\/wp-content\\\/uploads\\\/2019\\\/10\\\/ma-100kw.jpg\",\"width\":800,\"height\":533},{\"@type\":\"BreadcrumbList\",\"@id\":\"https:\\\/\\\/www.fagor.eus\\\/es\\\/mondragon-assembly-instala-en-su-sede-de-aretxabaleta-100kw-en-paneles-solares\\\/#breadcrumb\",\"itemListElement\":[{\"@type\":\"ListItem\",\"position\":1,\"name\":\"Home\",\"item\":\"https:\\\/\\\/www.fagor.eus\\\/es\\\/\"},{\"@type\":\"ListItem\",\"position\":2,\"name\":\"Mondragon Assembly instala en su sede 100kW en paneles solares\"}]},{\"@type\":\"WebSite\",\"@id\":\"https:\\\/\\\/www.fagor.eus\\\/#website\",\"url\":\"https:\\\/\\\/www.fagor.eus\\\/\",\"name\":\"Fagor\",\"description\":\"Trabajando por un futuro mejor\",\"potentialAction\":[{\"@type\":\"SearchAction\",\"target\":{\"@type\":\"EntryPoint\",\"urlTemplate\":\"https:\\\/\\\/www.fagor.eus\\\/?s={search_term_string}\"},\"query-input\":{\"@type\":\"PropertyValueSpecification\",\"valueRequired\":true,\"valueName\":\"search_term_string\"}}],\"inLanguage\":\"es\"},{\"@type\":\"Person\",\"@id\":\"https:\\\/\\\/www.fagor.eus\\\/#\\\/schema\\\/person\\\/d7294802cef9840476f49bd2f2122375\",\"name\":\"Fagor Taldea\",\"image\":{\"@type\":\"ImageObject\",\"inLanguage\":\"es\",\"@id\":\"https:\\\/\\\/secure.gravatar.com\\\/avatar\\\/cec0ca982b168f09eff729422ed88eaaae37172c0336e0d27cd3f2b75015b046?s=96&d=mm&r=g\",\"url\":\"https:\\\/\\\/secure.gravatar.com\\\/avatar\\\/cec0ca982b168f09eff729422ed88eaaae37172c0336e0d27cd3f2b75015b046?s=96&d=mm&r=g\",\"contentUrl\":\"https:\\\/\\\/secure.gravatar.com\\\/avatar\\\/cec0ca982b168f09eff729422ed88eaaae37172c0336e0d27cd3f2b75015b046?s=96&d=mm&r=g\",\"caption\":\"Fagor Taldea\"},\"url\":\"https:\\\/\\\/www.fagor.eus\\\/es\\\/author\\\/system\\\/\"}]}<\/script>\n<!-- \/ Yoast SEO plugin. -->","yoast_head_json":{"title":"Mondragon Assembly instala en su sede 100kW en paneles solares &#187; FAGOR Trabajando por un futuro mejor","robots":{"index":"index","follow":"follow","max-snippet":"max-snippet:-1","max-image-preview":"max-image-preview:large","max-video-preview":"max-video-preview:-1"},"canonical":"https:\/\/www.fagor.eus\/es\/mondragon-assembly-instala-en-su-sede-de-aretxabaleta-100kw-en-paneles-solares\/","og_locale":"es_ES","og_type":"article","og_title":"Mondragon Assembly instala en su sede 100kW en paneles solares &#187; FAGOR Trabajando por un futuro mejor","og_description":"Mondragon Assembly ha puesto en marcha un proyecto con objetivo de lograr un consumo m\u00e1s responsable y de tener unas instalaciones cada vez m\u00e1s sostenibles y eficientes.","og_url":"https:\/\/www.fagor.eus\/es\/mondragon-assembly-instala-en-su-sede-de-aretxabaleta-100kw-en-paneles-solares\/","og_site_name":"FAGOR","article_published_time":"2019-10-30T12:21:49+00:00","article_modified_time":"2022-01-21T13:07:26+00:00","og_image":[{"width":800,"height":533,"url":"https:\/\/www.fagor.eus\/wp-content\/uploads\/2019\/10\/ma-100kw.jpg","type":"image\/jpeg"}],"author":"Fagor Taldea","twitter_card":"summary_large_image","twitter_creator":"@FagorTaldea","twitter_site":"@FagorTaldea","twitter_misc":{"Escrito por":"Fagor Taldea","Tiempo de lectura":"2 minutos"},"schema":{"@context":"https:\/\/schema.org","@graph":[{"@type":"Article","@id":"https:\/\/www.fagor.eus\/es\/mondragon-assembly-instala-en-su-sede-de-aretxabaleta-100kw-en-paneles-solares\/#article","isPartOf":{"@id":"https:\/\/www.fagor.eus\/es\/mondragon-assembly-instala-en-su-sede-de-aretxabaleta-100kw-en-paneles-solares\/"},"author":{"name":"Fagor Taldea","@id":"https:\/\/www.fagor.eus\/#\/schema\/person\/d7294802cef9840476f49bd2f2122375"},"headline":"Mondragon Assembly instala en su sede 100kW en paneles solares","datePublished":"2019-10-30T12:21:49+00:00","dateModified":"2022-01-21T13:07:26+00:00","mainEntityOfPage":{"@id":"https:\/\/www.fagor.eus\/es\/mondragon-assembly-instala-en-su-sede-de-aretxabaleta-100kw-en-paneles-solares\/"},"wordCount":394,"image":{"@id":"https:\/\/www.fagor.eus\/es\/mondragon-assembly-instala-en-su-sede-de-aretxabaleta-100kw-en-paneles-solares\/#primaryimage"},"thumbnailUrl":"https:\/\/www.fagor.eus\/wp-content\/uploads\/2019\/10\/ma-100kw.jpg","articleSection":["Mondragon Assembly"],"inLanguage":"es"},{"@type":"WebPage","@id":"https:\/\/www.fagor.eus\/es\/mondragon-assembly-instala-en-su-sede-de-aretxabaleta-100kw-en-paneles-solares\/","url":"https:\/\/www.fagor.eus\/es\/mondragon-assembly-instala-en-su-sede-de-aretxabaleta-100kw-en-paneles-solares\/","name":"Mondragon Assembly instala en su sede 100kW en paneles solares &#187; FAGOR Trabajando por un futuro mejor","isPartOf":{"@id":"https:\/\/www.fagor.eus\/#website"},"primaryImageOfPage":{"@id":"https:\/\/www.fagor.eus\/es\/mondragon-assembly-instala-en-su-sede-de-aretxabaleta-100kw-en-paneles-solares\/#primaryimage"},"image":{"@id":"https:\/\/www.fagor.eus\/es\/mondragon-assembly-instala-en-su-sede-de-aretxabaleta-100kw-en-paneles-solares\/#primaryimage"},"thumbnailUrl":"https:\/\/www.fagor.eus\/wp-content\/uploads\/2019\/10\/ma-100kw.jpg","datePublished":"2019-10-30T12:21:49+00:00","dateModified":"2022-01-21T13:07:26+00:00","author":{"@id":"https:\/\/www.fagor.eus\/#\/schema\/person\/d7294802cef9840476f49bd2f2122375"},"breadcrumb":{"@id":"https:\/\/www.fagor.eus\/es\/mondragon-assembly-instala-en-su-sede-de-aretxabaleta-100kw-en-paneles-solares\/#breadcrumb"},"inLanguage":"es","potentialAction":[{"@type":"ReadAction","target":["https:\/\/www.fagor.eus\/es\/mondragon-assembly-instala-en-su-sede-de-aretxabaleta-100kw-en-paneles-solares\/"]}]},{"@type":"ImageObject","inLanguage":"es","@id":"https:\/\/www.fagor.eus\/es\/mondragon-assembly-instala-en-su-sede-de-aretxabaleta-100kw-en-paneles-solares\/#primaryimage","url":"https:\/\/www.fagor.eus\/wp-content\/uploads\/2019\/10\/ma-100kw.jpg","contentUrl":"https:\/\/www.fagor.eus\/wp-content\/uploads\/2019\/10\/ma-100kw.jpg","width":800,"height":533},{"@type":"BreadcrumbList","@id":"https:\/\/www.fagor.eus\/es\/mondragon-assembly-instala-en-su-sede-de-aretxabaleta-100kw-en-paneles-solares\/#breadcrumb","itemListElement":[{"@type":"ListItem","position":1,"name":"Home","item":"https:\/\/www.fagor.eus\/es\/"},{"@type":"ListItem","position":2,"name":"Mondragon Assembly instala en su sede 100kW en paneles solares"}]},{"@type":"WebSite","@id":"https:\/\/www.fagor.eus\/#website","url":"https:\/\/www.fagor.eus\/","name":"Fagor","description":"Trabajando por un futuro mejor","potentialAction":[{"@type":"SearchAction","target":{"@type":"EntryPoint","urlTemplate":"https:\/\/www.fagor.eus\/?s={search_term_string}"},"query-input":{"@type":"PropertyValueSpecification","valueRequired":true,"valueName":"search_term_string"}}],"inLanguage":"es"},{"@type":"Person","@id":"https:\/\/www.fagor.eus\/#\/schema\/person\/d7294802cef9840476f49bd2f2122375","name":"Fagor Taldea","image":{"@type":"ImageObject","inLanguage":"es","@id":"https:\/\/secure.gravatar.com\/avatar\/cec0ca982b168f09eff729422ed88eaaae37172c0336e0d27cd3f2b75015b046?s=96&d=mm&r=g","url":"https:\/\/secure.gravatar.com\/avatar\/cec0ca982b168f09eff729422ed88eaaae37172c0336e0d27cd3f2b75015b046?s=96&d=mm&r=g","contentUrl":"https:\/\/secure.gravatar.com\/avatar\/cec0ca982b168f09eff729422ed88eaaae37172c0336e0d27cd3f2b75015b046?s=96&d=mm&r=g","caption":"Fagor Taldea"},"url":"https:\/\/www.fagor.eus\/es\/author\/system\/"}]}},"_links":{"self":[{"href":"https:\/\/www.fagor.eus\/es\/wp-json\/wp\/v2\/posts\/8740","targetHints":{"allow":["GET"]}}],"collection":[{"href":"https:\/\/www.fagor.eus\/es\/wp-json\/wp\/v2\/posts"}],"about":[{"href":"https:\/\/www.fagor.eus\/es\/wp-json\/wp\/v2\/types\/post"}],"author":[{"embeddable":true,"href":"https:\/\/www.fagor.eus\/es\/wp-json\/wp\/v2\/users\/1"}],"replies":[{"embeddable":true,"href":"https:\/\/www.fagor.eus\/es\/wp-json\/wp\/v2\/comments?post=8740"}],"version-history":[{"count":1,"href":"https:\/\/www.fagor.eus\/es\/wp-json\/wp\/v2\/posts\/8740\/revisions"}],"predecessor-version":[{"id":12029,"href":"https:\/\/www.fagor.eus\/es\/wp-json\/wp\/v2\/posts\/8740\/revisions\/12029"}],"wp:featuredmedia":[{"embeddable":true,"href":"https:\/\/www.fagor.eus\/es\/wp-json\/wp\/v2\/media\/12027"}],"wp:attachment":[{"href":"https:\/\/www.fagor.eus\/es\/wp-json\/wp\/v2\/media?parent=8740"}],"wp:term":[{"taxonomy":"category","embeddable":true,"href":"https:\/\/www.fagor.eus\/es\/wp-json\/wp\/v2\/categories?post=8740"},{"taxonomy":"post_tag","embeddable":true,"href":"https:\/\/www.fagor.eus\/es\/wp-json\/wp\/v2\/tags?post=8740"}],"curies":[{"name":"wp","href":"https:\/\/api.w.org\/{rel}","templated":true}]}}