{"id":27136,"date":"2026-08-31T15:51:56","date_gmt":"2026-08-31T13:51:56","guid":{"rendered":"https:\/\/www.fagor.eus\/?p=27136"},"modified":"2026-08-31T15:48:55","modified_gmt":"2026-08-31T13:48:55","slug":"abierta-la-nueva-convocatoria-del-programa-de-cooperacion-fagor-herrigintza","status":"publish","type":"post","link":"https:\/\/www.fagor.eus\/es\/abierta-la-nueva-convocatoria-del-programa-de-cooperacion-fagor-herrigintza\/","title":{"rendered":"Abierta la nueva convocatoria del programa de cooperaci\u00f3n Fagor Herrigintza"},"content":{"rendered":"<p>Hoy, 1 de septiembre, se ha abierto la nueva convocatoria del programa de cooperaci\u00f3n Fagor Herrigintza. Los agentes sociales deber\u00e1n presentar sus proyectos antes del 30 de septiembre. <span style=\"color: #ff0000;\"><a style=\"color: #ff0000;\" href=\"https:\/\/www.fagor.eus\/es\/\">Fagor<\/a> <\/span>destinar\u00e1 tres ayudas \u201460.000 euros, 40.000 euros y 20.000 euros\u2014, 120.000 euros en total, entre diferentes iniciativas sociales vascas impulsadas para construir una sociedad m\u00e1s justa. Con la quinta edici\u00f3n de Fagor Herrigintza, el grupo cooperativo ratifica su compromiso de trabajar en beneficio de la comunidad, ofreciendo herramientas para dar respuestas adecuadas a los diferentes retos.<\/p>\n<p>\u201cEl compromiso de Fagor es claro. Su objetivo no se limita a generar empleo e impulsar el bienestar del territorio, sino que tambi\u00e9n pretende trabajar en beneficio de la sociedad y construir modelos m\u00e1s justos. Para ello, impulsa diferentes proyectos sociales de la comarca Debagoiena, del Pa\u00eds Vasco o del \u00e1mbito internacional. Fagor Herrigintza quiere poner en valor la labor de los agentes sociales vascos, as\u00ed como ayudarlos en la medida de lo posible\u201d, explica Aritz Otxandiano Kanpo, responsable de Sostenibilidad del Grupo Fagor.<\/p>\n<p>Los agentes que quieran presentar sus proyectos deber\u00e1n hacerlo a trav\u00e9s de <span style=\"color: #ff0000;\"><a style=\"color: #ff0000;\" href=\"https:\/\/www.fagor.eus\/es\/fondo-social\/fagor-herrigintza\/\"><em>fagor.eus<\/em><\/a><\/span>, donde tambi\u00e9n encontrar\u00e1n las bases de la nueva convocatoria. Deber\u00e1n adjuntar informaci\u00f3n del proyecto, su aportaci\u00f3n a los Objetivos de Desarrollo Sostenible (ODS), cronograma, presupuesto, plan de financiaci\u00f3n\u2026 La resoluci\u00f3n se dar\u00e1 a conocer en diciembre, despu\u00e9s de valorar todas las iniciativas y finalizar la votaci\u00f3n en la que participar\u00e1n las personas socias de las cooperativas de Fagor \u2014se celebrar\u00e1 en noviembre\u2014.<\/p>\n<p><strong>Programa de cooperaci\u00f3n presentado en 2022<\/strong><\/p>\n<p>Fagor Herrigintza naci\u00f3 en 2022 para ayudar y cooperar con proyectos germinados en la sociedad vasca. Pretende impulsar iniciativas que trabajen para dar respuestas propias e innovadoras a los Objetivos de Desarrollo Sostenible. Con ese mismo objetivo, estos \u00faltimos a\u00f1os ha ayudado a diferentes agentes:<\/p>\n<ul>\n<li>2022: Zaporeak (60.000 euros), Salvamento Mar\u00edtimo Humanitario (40.000 euros) y federaci\u00f3n de ikastolas Seaska (20.000 euros).<\/li>\n<li>2023: Biolur (60.000 euros), Federaci\u00f3n Guipuzcoana de Deporte Adaptado (40.000 euros) e I\u00f1urri (20.000 euros).<\/li>\n<li>2024: Hiruatx (60.000 euros), ikastola Txintxirri (40.000 euros) e Ihitten (20.000 euros).<\/li>\n<li>2025: Arizari (60.000 euros), Haize Berri (40.000 euros) y Shifa (20.000 euros).<\/li>\n<\/ul>\n","protected":false},"excerpt":{"rendered":"<p>Hoy, 1 de septiembre, se ha abierto la nueva convocatoria del programa de cooperaci\u00f3n Fagor Herrigintza. Los agentes sociales deber\u00e1n presentar sus proyectos antes del 30 de septiembre. Fagor destinar\u00e1&#8230;<\/p>\n","protected":false},"author":4,"featured_media":27133,"comment_status":"closed","ping_status":"open","sticky":false,"template":"","format":"standard","meta":{"footnotes":""},"categories":[104],"tags":[],"class_list":["post-27136","post","type-post","status-publish","format-standard","has-post-thumbnail","category-grupo-fagor-es"],"yoast_head":"<!-- This site is optimized with the Yoast SEO plugin v28.3 - https:\/\/yoast.com\/product\/yoast-seo-wordpress\/ -->\n<title>Abierta la nueva convocatoria del programa de cooperaci\u00f3n Fagor Herrigintza &#187; FAGOR Trabajando por un futuro mejor<\/title>\n<meta name=\"description\" content=\"Se acaba de abrir la nueva convocatoria de Fagor Herrigintza. Los proyectos deben ser presentados antes del 30 de septiembre.\" \/>\n<meta name=\"robots\" content=\"index, follow, max-snippet:-1, max-image-preview:large, max-video-preview:-1\" \/>\n<link rel=\"canonical\" href=\"https:\/\/www.fagor.eus\/abian-da-fagor-herrigintza-lankidetza-programaren-deialdi-berria\/\" \/>\n<meta property=\"og:locale\" content=\"es_ES\" \/>\n<meta property=\"og:type\" content=\"article\" \/>\n<meta property=\"og:title\" content=\"Abierta la nueva convocatoria del programa de cooperaci\u00f3n Fagor Herrigintza &#187; FAGOR Trabajando por un futuro mejor\" \/>\n<meta property=\"og:description\" content=\"Se acaba de abrir la nueva convocatoria de Fagor Herrigintza. Los proyectos deben ser presentados antes del 30 de septiembre.\" \/>\n<meta property=\"og:url\" content=\"https:\/\/www.fagor.eus\/abian-da-fagor-herrigintza-lankidetza-programaren-deialdi-berria\/\" \/>\n<meta property=\"og:site_name\" content=\"FAGOR\" \/>\n<meta property=\"article:published_time\" content=\"2026-08-31T13:51:56+00:00\" \/>\n<meta property=\"og:image\" content=\"https:\/\/www.fagor.eus\/wp-content\/uploads\/2026\/08\/Fagor-Herrigintza-deialdia-2026-1024x682.png\" \/>\n\t<meta property=\"og:image:width\" content=\"1024\" \/>\n\t<meta property=\"og:image:height\" content=\"682\" \/>\n\t<meta property=\"og:image:type\" content=\"image\/png\" \/>\n<meta name=\"author\" content=\"komunikazioa\" \/>\n<meta name=\"twitter:card\" content=\"summary_large_image\" \/>\n<meta name=\"twitter:creator\" content=\"@system\" \/>\n<meta name=\"twitter:site\" content=\"@FagorTaldea\" \/>\n<meta name=\"twitter:label1\" content=\"Escrito por\" \/>\n\t<meta name=\"twitter:data1\" content=\"komunikazioa\" \/>\n\t<meta name=\"twitter:label2\" content=\"Tiempo de lectura\" \/>\n\t<meta name=\"twitter:data2\" content=\"2 minutos\" \/>\n<script type=\"application\/ld+json\" class=\"yoast-schema-graph\">{\"@context\":\"https:\\\/\\\/schema.org\",\"@graph\":[{\"@type\":\"Article\",\"@id\":\"https:\\\/\\\/www.fagor.eus\\\/abian-da-fagor-herrigintza-lankidetza-programaren-deialdi-berria\\\/#article\",\"isPartOf\":{\"@id\":\"https:\\\/\\\/www.fagor.eus\\\/abian-da-fagor-herrigintza-lankidetza-programaren-deialdi-berria\\\/\"},\"author\":{\"name\":\"komunikazioa\",\"@id\":\"https:\\\/\\\/www.fagor.eus\\\/#\\\/schema\\\/person\\\/e09b7878906ad616c343aa3e5a83bc2f\"},\"headline\":\"Abierta la nueva convocatoria del programa de cooperaci\u00f3n Fagor Herrigintza\",\"datePublished\":\"2026-08-31T13:51:56+00:00\",\"mainEntityOfPage\":{\"@id\":\"https:\\\/\\\/www.fagor.eus\\\/abian-da-fagor-herrigintza-lankidetza-programaren-deialdi-berria\\\/\"},\"wordCount\":363,\"image\":{\"@id\":\"https:\\\/\\\/www.fagor.eus\\\/abian-da-fagor-herrigintza-lankidetza-programaren-deialdi-berria\\\/#primaryimage\"},\"thumbnailUrl\":\"https:\\\/\\\/www.fagor.eus\\\/wp-content\\\/uploads\\\/2026\\\/08\\\/Fagor-Herrigintza-deialdia-2026.png\",\"articleSection\":[\"Grupo Fagor\"],\"inLanguage\":\"es\"},{\"@type\":\"WebPage\",\"@id\":\"https:\\\/\\\/www.fagor.eus\\\/abian-da-fagor-herrigintza-lankidetza-programaren-deialdi-berria\\\/\",\"url\":\"https:\\\/\\\/www.fagor.eus\\\/abian-da-fagor-herrigintza-lankidetza-programaren-deialdi-berria\\\/\",\"name\":\"Abierta la nueva convocatoria del programa de cooperaci\u00f3n Fagor Herrigintza &#187; FAGOR Trabajando por un futuro mejor\",\"isPartOf\":{\"@id\":\"https:\\\/\\\/www.fagor.eus\\\/#website\"},\"primaryImageOfPage\":{\"@id\":\"https:\\\/\\\/www.fagor.eus\\\/abian-da-fagor-herrigintza-lankidetza-programaren-deialdi-berria\\\/#primaryimage\"},\"image\":{\"@id\":\"https:\\\/\\\/www.fagor.eus\\\/abian-da-fagor-herrigintza-lankidetza-programaren-deialdi-berria\\\/#primaryimage\"},\"thumbnailUrl\":\"https:\\\/\\\/www.fagor.eus\\\/wp-content\\\/uploads\\\/2026\\\/08\\\/Fagor-Herrigintza-deialdia-2026.png\",\"datePublished\":\"2026-08-31T13:51:56+00:00\",\"author\":{\"@id\":\"https:\\\/\\\/www.fagor.eus\\\/#\\\/schema\\\/person\\\/e09b7878906ad616c343aa3e5a83bc2f\"},\"description\":\"Se acaba de abrir la nueva convocatoria de Fagor Herrigintza. Los proyectos deben ser presentados antes del 30 de septiembre.\",\"breadcrumb\":{\"@id\":\"https:\\\/\\\/www.fagor.eus\\\/abian-da-fagor-herrigintza-lankidetza-programaren-deialdi-berria\\\/#breadcrumb\"},\"inLanguage\":\"es\",\"potentialAction\":[{\"@type\":\"ReadAction\",\"target\":[\"https:\\\/\\\/www.fagor.eus\\\/abian-da-fagor-herrigintza-lankidetza-programaren-deialdi-berria\\\/\"]}]},{\"@type\":\"ImageObject\",\"inLanguage\":\"es\",\"@id\":\"https:\\\/\\\/www.fagor.eus\\\/abian-da-fagor-herrigintza-lankidetza-programaren-deialdi-berria\\\/#primaryimage\",\"url\":\"https:\\\/\\\/www.fagor.eus\\\/wp-content\\\/uploads\\\/2026\\\/08\\\/Fagor-Herrigintza-deialdia-2026.png\",\"contentUrl\":\"https:\\\/\\\/www.fagor.eus\\\/wp-content\\\/uploads\\\/2026\\\/08\\\/Fagor-Herrigintza-deialdia-2026.png\",\"width\":2000,\"height\":1333,\"caption\":\"Fagor Herrigintza deialdia 2026\"},{\"@type\":\"BreadcrumbList\",\"@id\":\"https:\\\/\\\/www.fagor.eus\\\/abian-da-fagor-herrigintza-lankidetza-programaren-deialdi-berria\\\/#breadcrumb\",\"itemListElement\":[{\"@type\":\"ListItem\",\"position\":1,\"name\":\"Home\",\"item\":\"https:\\\/\\\/www.fagor.eus\\\/es\\\/\"},{\"@type\":\"ListItem\",\"position\":2,\"name\":\"Abierta la nueva convocatoria del programa de cooperaci\u00f3n Fagor Herrigintza\"}]},{\"@type\":\"WebSite\",\"@id\":\"https:\\\/\\\/www.fagor.eus\\\/#website\",\"url\":\"https:\\\/\\\/www.fagor.eus\\\/\",\"name\":\"Fagor\",\"description\":\"Trabajando por un futuro mejor\",\"potentialAction\":[{\"@type\":\"SearchAction\",\"target\":{\"@type\":\"EntryPoint\",\"urlTemplate\":\"https:\\\/\\\/www.fagor.eus\\\/?s={search_term_string}\"},\"query-input\":{\"@type\":\"PropertyValueSpecification\",\"valueRequired\":true,\"valueName\":\"search_term_string\"}}],\"inLanguage\":\"es\"},{\"@type\":\"Person\",\"@id\":\"https:\\\/\\\/www.fagor.eus\\\/#\\\/schema\\\/person\\\/e09b7878906ad616c343aa3e5a83bc2f\",\"name\":\"komunikazioa\",\"image\":{\"@type\":\"ImageObject\",\"inLanguage\":\"es\",\"@id\":\"https:\\\/\\\/secure.gravatar.com\\\/avatar\\\/0c624a67c23ed6ff6fd4111959b9a1001016b57c6bebaecbec025adcaa081e6e?s=96&d=mm&r=g\",\"url\":\"https:\\\/\\\/secure.gravatar.com\\\/avatar\\\/0c624a67c23ed6ff6fd4111959b9a1001016b57c6bebaecbec025adcaa081e6e?s=96&d=mm&r=g\",\"contentUrl\":\"https:\\\/\\\/secure.gravatar.com\\\/avatar\\\/0c624a67c23ed6ff6fd4111959b9a1001016b57c6bebaecbec025adcaa081e6e?s=96&d=mm&r=g\",\"caption\":\"komunikazioa\"},\"sameAs\":[\"https:\\\/\\\/x.com\\\/system\"],\"url\":\"https:\\\/\\\/www.fagor.eus\\\/es\\\/author\\\/komunikazioa\\\/\"}]}<\/script>\n<!-- \/ Yoast SEO plugin. -->","yoast_head_json":{"title":"Abierta la nueva convocatoria del programa de cooperaci\u00f3n Fagor Herrigintza &#187; FAGOR Trabajando por un futuro mejor","description":"Se acaba de abrir la nueva convocatoria de Fagor Herrigintza. Los proyectos deben ser presentados antes del 30 de septiembre.","robots":{"index":"index","follow":"follow","max-snippet":"max-snippet:-1","max-image-preview":"max-image-preview:large","max-video-preview":"max-video-preview:-1"},"canonical":"https:\/\/www.fagor.eus\/abian-da-fagor-herrigintza-lankidetza-programaren-deialdi-berria\/","og_locale":"es_ES","og_type":"article","og_title":"Abierta la nueva convocatoria del programa de cooperaci\u00f3n Fagor Herrigintza &#187; FAGOR Trabajando por un futuro mejor","og_description":"Se acaba de abrir la nueva convocatoria de Fagor Herrigintza. Los proyectos deben ser presentados antes del 30 de septiembre.","og_url":"https:\/\/www.fagor.eus\/abian-da-fagor-herrigintza-lankidetza-programaren-deialdi-berria\/","og_site_name":"FAGOR","article_published_time":"2026-08-31T13:51:56+00:00","og_image":[{"width":1024,"height":682,"url":"https:\/\/www.fagor.eus\/wp-content\/uploads\/2026\/08\/Fagor-Herrigintza-deialdia-2026-1024x682.png","type":"image\/png"}],"author":"komunikazioa","twitter_card":"summary_large_image","twitter_creator":"@system","twitter_site":"@FagorTaldea","twitter_misc":{"Escrito por":"komunikazioa","Tiempo de lectura":"2 minutos"},"schema":{"@context":"https:\/\/schema.org","@graph":[{"@type":"Article","@id":"https:\/\/www.fagor.eus\/abian-da-fagor-herrigintza-lankidetza-programaren-deialdi-berria\/#article","isPartOf":{"@id":"https:\/\/www.fagor.eus\/abian-da-fagor-herrigintza-lankidetza-programaren-deialdi-berria\/"},"author":{"name":"komunikazioa","@id":"https:\/\/www.fagor.eus\/#\/schema\/person\/e09b7878906ad616c343aa3e5a83bc2f"},"headline":"Abierta la nueva convocatoria del programa de cooperaci\u00f3n Fagor Herrigintza","datePublished":"2026-08-31T13:51:56+00:00","mainEntityOfPage":{"@id":"https:\/\/www.fagor.eus\/abian-da-fagor-herrigintza-lankidetza-programaren-deialdi-berria\/"},"wordCount":363,"image":{"@id":"https:\/\/www.fagor.eus\/abian-da-fagor-herrigintza-lankidetza-programaren-deialdi-berria\/#primaryimage"},"thumbnailUrl":"https:\/\/www.fagor.eus\/wp-content\/uploads\/2026\/08\/Fagor-Herrigintza-deialdia-2026.png","articleSection":["Grupo Fagor"],"inLanguage":"es"},{"@type":"WebPage","@id":"https:\/\/www.fagor.eus\/abian-da-fagor-herrigintza-lankidetza-programaren-deialdi-berria\/","url":"https:\/\/www.fagor.eus\/abian-da-fagor-herrigintza-lankidetza-programaren-deialdi-berria\/","name":"Abierta la nueva convocatoria del programa de cooperaci\u00f3n Fagor Herrigintza &#187; FAGOR Trabajando por un futuro mejor","isPartOf":{"@id":"https:\/\/www.fagor.eus\/#website"},"primaryImageOfPage":{"@id":"https:\/\/www.fagor.eus\/abian-da-fagor-herrigintza-lankidetza-programaren-deialdi-berria\/#primaryimage"},"image":{"@id":"https:\/\/www.fagor.eus\/abian-da-fagor-herrigintza-lankidetza-programaren-deialdi-berria\/#primaryimage"},"thumbnailUrl":"https:\/\/www.fagor.eus\/wp-content\/uploads\/2026\/08\/Fagor-Herrigintza-deialdia-2026.png","datePublished":"2026-08-31T13:51:56+00:00","author":{"@id":"https:\/\/www.fagor.eus\/#\/schema\/person\/e09b7878906ad616c343aa3e5a83bc2f"},"description":"Se acaba de abrir la nueva convocatoria de Fagor Herrigintza. Los proyectos deben ser presentados antes del 30 de septiembre.","breadcrumb":{"@id":"https:\/\/www.fagor.eus\/abian-da-fagor-herrigintza-lankidetza-programaren-deialdi-berria\/#breadcrumb"},"inLanguage":"es","potentialAction":[{"@type":"ReadAction","target":["https:\/\/www.fagor.eus\/abian-da-fagor-herrigintza-lankidetza-programaren-deialdi-berria\/"]}]},{"@type":"ImageObject","inLanguage":"es","@id":"https:\/\/www.fagor.eus\/abian-da-fagor-herrigintza-lankidetza-programaren-deialdi-berria\/#primaryimage","url":"https:\/\/www.fagor.eus\/wp-content\/uploads\/2026\/08\/Fagor-Herrigintza-deialdia-2026.png","contentUrl":"https:\/\/www.fagor.eus\/wp-content\/uploads\/2026\/08\/Fagor-Herrigintza-deialdia-2026.png","width":2000,"height":1333,"caption":"Fagor Herrigintza deialdia 2026"},{"@type":"BreadcrumbList","@id":"https:\/\/www.fagor.eus\/abian-da-fagor-herrigintza-lankidetza-programaren-deialdi-berria\/#breadcrumb","itemListElement":[{"@type":"ListItem","position":1,"name":"Home","item":"https:\/\/www.fagor.eus\/es\/"},{"@type":"ListItem","position":2,"name":"Abierta la nueva convocatoria del programa de cooperaci\u00f3n Fagor Herrigintza"}]},{"@type":"WebSite","@id":"https:\/\/www.fagor.eus\/#website","url":"https:\/\/www.fagor.eus\/","name":"Fagor","description":"Trabajando por un futuro mejor","potentialAction":[{"@type":"SearchAction","target":{"@type":"EntryPoint","urlTemplate":"https:\/\/www.fagor.eus\/?s={search_term_string}"},"query-input":{"@type":"PropertyValueSpecification","valueRequired":true,"valueName":"search_term_string"}}],"inLanguage":"es"},{"@type":"Person","@id":"https:\/\/www.fagor.eus\/#\/schema\/person\/e09b7878906ad616c343aa3e5a83bc2f","name":"komunikazioa","image":{"@type":"ImageObject","inLanguage":"es","@id":"https:\/\/secure.gravatar.com\/avatar\/0c624a67c23ed6ff6fd4111959b9a1001016b57c6bebaecbec025adcaa081e6e?s=96&d=mm&r=g","url":"https:\/\/secure.gravatar.com\/avatar\/0c624a67c23ed6ff6fd4111959b9a1001016b57c6bebaecbec025adcaa081e6e?s=96&d=mm&r=g","contentUrl":"https:\/\/secure.gravatar.com\/avatar\/0c624a67c23ed6ff6fd4111959b9a1001016b57c6bebaecbec025adcaa081e6e?s=96&d=mm&r=g","caption":"komunikazioa"},"sameAs":["https:\/\/x.com\/system"],"url":"https:\/\/www.fagor.eus\/es\/author\/komunikazioa\/"}]}},"_links":{"self":[{"href":"https:\/\/www.fagor.eus\/es\/wp-json\/wp\/v2\/posts\/27136","targetHints":{"allow":["GET"]}}],"collection":[{"href":"https:\/\/www.fagor.eus\/es\/wp-json\/wp\/v2\/posts"}],"about":[{"href":"https:\/\/www.fagor.eus\/es\/wp-json\/wp\/v2\/types\/post"}],"author":[{"embeddable":true,"href":"https:\/\/www.fagor.eus\/es\/wp-json\/wp\/v2\/users\/4"}],"replies":[{"embeddable":true,"href":"https:\/\/www.fagor.eus\/es\/wp-json\/wp\/v2\/comments?post=27136"}],"version-history":[{"count":3,"href":"https:\/\/www.fagor.eus\/es\/wp-json\/wp\/v2\/posts\/27136\/revisions"}],"predecessor-version":[{"id":27159,"href":"https:\/\/www.fagor.eus\/es\/wp-json\/wp\/v2\/posts\/27136\/revisions\/27159"}],"wp:featuredmedia":[{"embeddable":true,"href":"https:\/\/www.fagor.eus\/es\/wp-json\/wp\/v2\/media\/27133"}],"wp:attachment":[{"href":"https:\/\/www.fagor.eus\/es\/wp-json\/wp\/v2\/media?parent=27136"}],"wp:term":[{"taxonomy":"category","embeddable":true,"href":"https:\/\/www.fagor.eus\/es\/wp-json\/wp\/v2\/categories?post=27136"},{"taxonomy":"post_tag","embeddable":true,"href":"https:\/\/www.fagor.eus\/es\/wp-json\/wp\/v2\/tags?post=27136"}],"curies":[{"name":"wp","href":"https:\/\/api.w.org\/{rel}","templated":true}]}}