{"id":26103,"date":"2026-04-30T13:22:13","date_gmt":"2026-04-30T11:22:13","guid":{"rendered":"https:\/\/www.fagor.eus\/?p=26103"},"modified":"2026-04-30T13:22:13","modified_gmt":"2026-04-30T11:22:13","slug":"herramienta-estrategica-para-captar-y-fidelizar-talento","status":"publish","type":"post","link":"https:\/\/www.fagor.eus\/es\/herramienta-estrategica-para-captar-y-fidelizar-talento\/","title":{"rendered":"Herramienta estrat\u00e9gica para captar y fidelizar talento"},"content":{"rendered":"<p>Galbaian\u00a0ha liderado una reflexi\u00f3n estrat\u00e9gica sobre el uso de la propiedad intelectual (IP) como motor de talento dentro de los Proyectos Estrat\u00e9gicos para la Recuperaci\u00f3n y Transformaci\u00f3n Econ\u00f3mica (PERTE).<\/p>\n<p>Bajo el t\u00edtulo \u201cEcosistema cooperativo del talento\u201d, se ha dise\u00f1ado una metodolog\u00eda para maximizar el impacto de la propiedad industrial en la captaci\u00f3n y fidelizaci\u00f3n de profesionales. El proyecto ha culminado con una herramienta de autoevaluaci\u00f3n que pone en valor la IP como activo clave en la transformaci\u00f3n econ\u00f3mica impulsada por estos fondos estrat\u00e9gicos.<\/p>\n","protected":false},"excerpt":{"rendered":"<p>Galbaian\u00a0ha liderado una reflexi\u00f3n estrat\u00e9gica sobre el uso de la propiedad intelectual (IP) como motor de talento dentro de los Proyectos Estrat\u00e9gicos para la Recuperaci\u00f3n y Transformaci\u00f3n Econ\u00f3mica (PERTE). Bajo&#8230;<\/p>\n","protected":false},"author":23,"featured_media":26101,"comment_status":"closed","ping_status":"open","sticky":false,"template":"","format":"standard","meta":{"footnotes":""},"categories":[126],"tags":[],"class_list":{"0":"post-26103","1":"post","2":"type-post","3":"status-publish","4":"format-standard","5":"has-post-thumbnail","7":"category-qr"},"yoast_head":"<!-- This site is optimized with the Yoast SEO plugin v27.4 - https:\/\/yoast.com\/product\/yoast-seo-wordpress\/ -->\n<title>Herramienta estrat\u00e9gica para captar y fidelizar talento &#187; FAGOR Trabajando por un futuro mejor<\/title>\n<meta name=\"robots\" content=\"index, follow, max-snippet:-1, max-image-preview:large, max-video-preview:-1\" \/>\n<link rel=\"canonical\" href=\"https:\/\/www.fagor.eus\/es\/herramienta-estrategica-para-captar-y-fidelizar-talento\/\" \/>\n<meta property=\"og:locale\" content=\"es_ES\" \/>\n<meta property=\"og:type\" content=\"article\" \/>\n<meta property=\"og:title\" content=\"Herramienta estrat\u00e9gica para captar y fidelizar talento &#187; FAGOR Trabajando por un futuro mejor\" \/>\n<meta property=\"og:description\" content=\"Galbaian\u00a0ha liderado una reflexi\u00f3n estrat\u00e9gica sobre el uso de la propiedad intelectual (IP) como motor de talento dentro de los Proyectos Estrat\u00e9gicos para la Recuperaci\u00f3n y Transformaci\u00f3n Econ\u00f3mica (PERTE). Bajo...\" \/>\n<meta property=\"og:url\" content=\"https:\/\/www.fagor.eus\/es\/herramienta-estrategica-para-captar-y-fidelizar-talento\/\" \/>\n<meta property=\"og:site_name\" content=\"FAGOR\" \/>\n<meta property=\"article:published_time\" content=\"2026-04-30T11:22:13+00:00\" \/>\n<meta property=\"og:image\" content=\"https:\/\/www.fagor.eus\/wp-content\/uploads\/2026\/04\/Galbaian-2000.1333.png\" \/>\n\t<meta property=\"og:image:width\" content=\"2000\" \/>\n\t<meta property=\"og:image:height\" content=\"1333\" \/>\n\t<meta property=\"og:image:type\" content=\"image\/png\" \/>\n<meta name=\"author\" content=\"fagoriko\" \/>\n<meta name=\"twitter:card\" content=\"summary_large_image\" \/>\n<meta name=\"twitter:creator\" content=\"@FagorTaldea\" \/>\n<meta name=\"twitter:site\" content=\"@FagorTaldea\" \/>\n<meta name=\"twitter:label1\" content=\"Escrito por\" \/>\n\t<meta name=\"twitter:data1\" content=\"fagoriko\" \/>\n\t<meta name=\"twitter:label2\" content=\"Tiempo de lectura\" \/>\n\t<meta name=\"twitter:data2\" content=\"1 minuto\" \/>\n<script type=\"application\/ld+json\" class=\"yoast-schema-graph\">{\"@context\":\"https:\\\/\\\/schema.org\",\"@graph\":[{\"@type\":\"Article\",\"@id\":\"https:\\\/\\\/www.fagor.eus\\\/es\\\/herramienta-estrategica-para-captar-y-fidelizar-talento\\\/#article\",\"isPartOf\":{\"@id\":\"https:\\\/\\\/www.fagor.eus\\\/es\\\/herramienta-estrategica-para-captar-y-fidelizar-talento\\\/\"},\"author\":{\"name\":\"fagoriko\",\"@id\":\"https:\\\/\\\/www.fagor.eus\\\/#\\\/schema\\\/person\\\/98c9df1cb3cebeb681a4b4d80dc4fbf5\"},\"headline\":\"Herramienta estrat\u00e9gica para captar y fidelizar talento\",\"datePublished\":\"2026-04-30T11:22:13+00:00\",\"mainEntityOfPage\":{\"@id\":\"https:\\\/\\\/www.fagor.eus\\\/es\\\/herramienta-estrategica-para-captar-y-fidelizar-talento\\\/\"},\"wordCount\":107,\"image\":{\"@id\":\"https:\\\/\\\/www.fagor.eus\\\/es\\\/herramienta-estrategica-para-captar-y-fidelizar-talento\\\/#primaryimage\"},\"thumbnailUrl\":\"https:\\\/\\\/www.fagor.eus\\\/wp-content\\\/uploads\\\/2026\\\/04\\\/Galbaian-2000.1333.png\",\"articleSection\":[\"QR\"],\"inLanguage\":\"es\"},{\"@type\":\"WebPage\",\"@id\":\"https:\\\/\\\/www.fagor.eus\\\/es\\\/herramienta-estrategica-para-captar-y-fidelizar-talento\\\/\",\"url\":\"https:\\\/\\\/www.fagor.eus\\\/es\\\/herramienta-estrategica-para-captar-y-fidelizar-talento\\\/\",\"name\":\"Herramienta estrat\u00e9gica para captar y fidelizar talento &#187; FAGOR Trabajando por un futuro mejor\",\"isPartOf\":{\"@id\":\"https:\\\/\\\/www.fagor.eus\\\/#website\"},\"primaryImageOfPage\":{\"@id\":\"https:\\\/\\\/www.fagor.eus\\\/es\\\/herramienta-estrategica-para-captar-y-fidelizar-talento\\\/#primaryimage\"},\"image\":{\"@id\":\"https:\\\/\\\/www.fagor.eus\\\/es\\\/herramienta-estrategica-para-captar-y-fidelizar-talento\\\/#primaryimage\"},\"thumbnailUrl\":\"https:\\\/\\\/www.fagor.eus\\\/wp-content\\\/uploads\\\/2026\\\/04\\\/Galbaian-2000.1333.png\",\"datePublished\":\"2026-04-30T11:22:13+00:00\",\"author\":{\"@id\":\"https:\\\/\\\/www.fagor.eus\\\/#\\\/schema\\\/person\\\/98c9df1cb3cebeb681a4b4d80dc4fbf5\"},\"breadcrumb\":{\"@id\":\"https:\\\/\\\/www.fagor.eus\\\/es\\\/herramienta-estrategica-para-captar-y-fidelizar-talento\\\/#breadcrumb\"},\"inLanguage\":\"es\",\"potentialAction\":[{\"@type\":\"ReadAction\",\"target\":[\"https:\\\/\\\/www.fagor.eus\\\/es\\\/herramienta-estrategica-para-captar-y-fidelizar-talento\\\/\"]}]},{\"@type\":\"ImageObject\",\"inLanguage\":\"es\",\"@id\":\"https:\\\/\\\/www.fagor.eus\\\/es\\\/herramienta-estrategica-para-captar-y-fidelizar-talento\\\/#primaryimage\",\"url\":\"https:\\\/\\\/www.fagor.eus\\\/wp-content\\\/uploads\\\/2026\\\/04\\\/Galbaian-2000.1333.png\",\"contentUrl\":\"https:\\\/\\\/www.fagor.eus\\\/wp-content\\\/uploads\\\/2026\\\/04\\\/Galbaian-2000.1333.png\",\"width\":2000,\"height\":1333,\"caption\":\"Galbaian talentua erakartzeko tresna\"},{\"@type\":\"BreadcrumbList\",\"@id\":\"https:\\\/\\\/www.fagor.eus\\\/es\\\/herramienta-estrategica-para-captar-y-fidelizar-talento\\\/#breadcrumb\",\"itemListElement\":[{\"@type\":\"ListItem\",\"position\":1,\"name\":\"Home\",\"item\":\"https:\\\/\\\/www.fagor.eus\\\/es\\\/\"},{\"@type\":\"ListItem\",\"position\":2,\"name\":\"Herramienta estrat\u00e9gica para captar y fidelizar talento\"}]},{\"@type\":\"WebSite\",\"@id\":\"https:\\\/\\\/www.fagor.eus\\\/#website\",\"url\":\"https:\\\/\\\/www.fagor.eus\\\/\",\"name\":\"Fagor\",\"description\":\"Trabajando por un futuro mejor\",\"potentialAction\":[{\"@type\":\"SearchAction\",\"target\":{\"@type\":\"EntryPoint\",\"urlTemplate\":\"https:\\\/\\\/www.fagor.eus\\\/?s={search_term_string}\"},\"query-input\":{\"@type\":\"PropertyValueSpecification\",\"valueRequired\":true,\"valueName\":\"search_term_string\"}}],\"inLanguage\":\"es\"},{\"@type\":\"Person\",\"@id\":\"https:\\\/\\\/www.fagor.eus\\\/#\\\/schema\\\/person\\\/98c9df1cb3cebeb681a4b4d80dc4fbf5\",\"name\":\"fagoriko\",\"image\":{\"@type\":\"ImageObject\",\"inLanguage\":\"es\",\"@id\":\"https:\\\/\\\/secure.gravatar.com\\\/avatar\\\/b360c2f7d7efd766ef528f934614f0978dc67e91ad991663263d694646e508fd?s=96&d=mm&r=g\",\"url\":\"https:\\\/\\\/secure.gravatar.com\\\/avatar\\\/b360c2f7d7efd766ef528f934614f0978dc67e91ad991663263d694646e508fd?s=96&d=mm&r=g\",\"contentUrl\":\"https:\\\/\\\/secure.gravatar.com\\\/avatar\\\/b360c2f7d7efd766ef528f934614f0978dc67e91ad991663263d694646e508fd?s=96&d=mm&r=g\",\"caption\":\"fagoriko\"},\"url\":\"https:\\\/\\\/www.fagor.eus\\\/es\\\/author\\\/fagor-iko\\\/\"}]}<\/script>\n<!-- \/ Yoast SEO plugin. -->","yoast_head_json":{"title":"Herramienta estrat\u00e9gica para captar y fidelizar talento &#187; FAGOR Trabajando por un futuro mejor","robots":{"index":"index","follow":"follow","max-snippet":"max-snippet:-1","max-image-preview":"max-image-preview:large","max-video-preview":"max-video-preview:-1"},"canonical":"https:\/\/www.fagor.eus\/es\/herramienta-estrategica-para-captar-y-fidelizar-talento\/","og_locale":"es_ES","og_type":"article","og_title":"Herramienta estrat\u00e9gica para captar y fidelizar talento &#187; FAGOR Trabajando por un futuro mejor","og_description":"Galbaian\u00a0ha liderado una reflexi\u00f3n estrat\u00e9gica sobre el uso de la propiedad intelectual (IP) como motor de talento dentro de los Proyectos Estrat\u00e9gicos para la Recuperaci\u00f3n y Transformaci\u00f3n Econ\u00f3mica (PERTE). Bajo...","og_url":"https:\/\/www.fagor.eus\/es\/herramienta-estrategica-para-captar-y-fidelizar-talento\/","og_site_name":"FAGOR","article_published_time":"2026-04-30T11:22:13+00:00","og_image":[{"width":2000,"height":1333,"url":"https:\/\/www.fagor.eus\/wp-content\/uploads\/2026\/04\/Galbaian-2000.1333.png","type":"image\/png"}],"author":"fagoriko","twitter_card":"summary_large_image","twitter_creator":"@FagorTaldea","twitter_site":"@FagorTaldea","twitter_misc":{"Escrito por":"fagoriko","Tiempo de lectura":"1 minuto"},"schema":{"@context":"https:\/\/schema.org","@graph":[{"@type":"Article","@id":"https:\/\/www.fagor.eus\/es\/herramienta-estrategica-para-captar-y-fidelizar-talento\/#article","isPartOf":{"@id":"https:\/\/www.fagor.eus\/es\/herramienta-estrategica-para-captar-y-fidelizar-talento\/"},"author":{"name":"fagoriko","@id":"https:\/\/www.fagor.eus\/#\/schema\/person\/98c9df1cb3cebeb681a4b4d80dc4fbf5"},"headline":"Herramienta estrat\u00e9gica para captar y fidelizar talento","datePublished":"2026-04-30T11:22:13+00:00","mainEntityOfPage":{"@id":"https:\/\/www.fagor.eus\/es\/herramienta-estrategica-para-captar-y-fidelizar-talento\/"},"wordCount":107,"image":{"@id":"https:\/\/www.fagor.eus\/es\/herramienta-estrategica-para-captar-y-fidelizar-talento\/#primaryimage"},"thumbnailUrl":"https:\/\/www.fagor.eus\/wp-content\/uploads\/2026\/04\/Galbaian-2000.1333.png","articleSection":["QR"],"inLanguage":"es"},{"@type":"WebPage","@id":"https:\/\/www.fagor.eus\/es\/herramienta-estrategica-para-captar-y-fidelizar-talento\/","url":"https:\/\/www.fagor.eus\/es\/herramienta-estrategica-para-captar-y-fidelizar-talento\/","name":"Herramienta estrat\u00e9gica para captar y fidelizar talento &#187; FAGOR Trabajando por un futuro mejor","isPartOf":{"@id":"https:\/\/www.fagor.eus\/#website"},"primaryImageOfPage":{"@id":"https:\/\/www.fagor.eus\/es\/herramienta-estrategica-para-captar-y-fidelizar-talento\/#primaryimage"},"image":{"@id":"https:\/\/www.fagor.eus\/es\/herramienta-estrategica-para-captar-y-fidelizar-talento\/#primaryimage"},"thumbnailUrl":"https:\/\/www.fagor.eus\/wp-content\/uploads\/2026\/04\/Galbaian-2000.1333.png","datePublished":"2026-04-30T11:22:13+00:00","author":{"@id":"https:\/\/www.fagor.eus\/#\/schema\/person\/98c9df1cb3cebeb681a4b4d80dc4fbf5"},"breadcrumb":{"@id":"https:\/\/www.fagor.eus\/es\/herramienta-estrategica-para-captar-y-fidelizar-talento\/#breadcrumb"},"inLanguage":"es","potentialAction":[{"@type":"ReadAction","target":["https:\/\/www.fagor.eus\/es\/herramienta-estrategica-para-captar-y-fidelizar-talento\/"]}]},{"@type":"ImageObject","inLanguage":"es","@id":"https:\/\/www.fagor.eus\/es\/herramienta-estrategica-para-captar-y-fidelizar-talento\/#primaryimage","url":"https:\/\/www.fagor.eus\/wp-content\/uploads\/2026\/04\/Galbaian-2000.1333.png","contentUrl":"https:\/\/www.fagor.eus\/wp-content\/uploads\/2026\/04\/Galbaian-2000.1333.png","width":2000,"height":1333,"caption":"Galbaian talentua erakartzeko tresna"},{"@type":"BreadcrumbList","@id":"https:\/\/www.fagor.eus\/es\/herramienta-estrategica-para-captar-y-fidelizar-talento\/#breadcrumb","itemListElement":[{"@type":"ListItem","position":1,"name":"Home","item":"https:\/\/www.fagor.eus\/es\/"},{"@type":"ListItem","position":2,"name":"Herramienta estrat\u00e9gica para captar y fidelizar talento"}]},{"@type":"WebSite","@id":"https:\/\/www.fagor.eus\/#website","url":"https:\/\/www.fagor.eus\/","name":"Fagor","description":"Trabajando por un futuro mejor","potentialAction":[{"@type":"SearchAction","target":{"@type":"EntryPoint","urlTemplate":"https:\/\/www.fagor.eus\/?s={search_term_string}"},"query-input":{"@type":"PropertyValueSpecification","valueRequired":true,"valueName":"search_term_string"}}],"inLanguage":"es"},{"@type":"Person","@id":"https:\/\/www.fagor.eus\/#\/schema\/person\/98c9df1cb3cebeb681a4b4d80dc4fbf5","name":"fagoriko","image":{"@type":"ImageObject","inLanguage":"es","@id":"https:\/\/secure.gravatar.com\/avatar\/b360c2f7d7efd766ef528f934614f0978dc67e91ad991663263d694646e508fd?s=96&d=mm&r=g","url":"https:\/\/secure.gravatar.com\/avatar\/b360c2f7d7efd766ef528f934614f0978dc67e91ad991663263d694646e508fd?s=96&d=mm&r=g","contentUrl":"https:\/\/secure.gravatar.com\/avatar\/b360c2f7d7efd766ef528f934614f0978dc67e91ad991663263d694646e508fd?s=96&d=mm&r=g","caption":"fagoriko"},"url":"https:\/\/www.fagor.eus\/es\/author\/fagor-iko\/"}]}},"_links":{"self":[{"href":"https:\/\/www.fagor.eus\/es\/wp-json\/wp\/v2\/posts\/26103","targetHints":{"allow":["GET"]}}],"collection":[{"href":"https:\/\/www.fagor.eus\/es\/wp-json\/wp\/v2\/posts"}],"about":[{"href":"https:\/\/www.fagor.eus\/es\/wp-json\/wp\/v2\/types\/post"}],"author":[{"embeddable":true,"href":"https:\/\/www.fagor.eus\/es\/wp-json\/wp\/v2\/users\/23"}],"replies":[{"embeddable":true,"href":"https:\/\/www.fagor.eus\/es\/wp-json\/wp\/v2\/comments?post=26103"}],"version-history":[{"count":1,"href":"https:\/\/www.fagor.eus\/es\/wp-json\/wp\/v2\/posts\/26103\/revisions"}],"predecessor-version":[{"id":26104,"href":"https:\/\/www.fagor.eus\/es\/wp-json\/wp\/v2\/posts\/26103\/revisions\/26104"}],"wp:featuredmedia":[{"embeddable":true,"href":"https:\/\/www.fagor.eus\/es\/wp-json\/wp\/v2\/media\/26101"}],"wp:attachment":[{"href":"https:\/\/www.fagor.eus\/es\/wp-json\/wp\/v2\/media?parent=26103"}],"wp:term":[{"taxonomy":"category","embeddable":true,"href":"https:\/\/www.fagor.eus\/es\/wp-json\/wp\/v2\/categories?post=26103"},{"taxonomy":"post_tag","embeddable":true,"href":"https:\/\/www.fagor.eus\/es\/wp-json\/wp\/v2\/tags?post=26103"}],"curies":[{"name":"wp","href":"https:\/\/api.w.org\/{rel}","templated":true}]}}