{"id":26059,"date":"2026-04-28T16:19:25","date_gmt":"2026-04-28T14:19:25","guid":{"rendered":"https:\/\/www.fagor.eus\/?p=26059"},"modified":"2026-04-28T16:19:25","modified_gmt":"2026-04-28T14:19:25","slug":"galbaian-celebra-el-dia-mundial-de-la-propiedad-industrial-e-intelectual","status":"publish","type":"post","link":"https:\/\/www.fagor.eus\/es\/galbaian-celebra-el-dia-mundial-de-la-propiedad-industrial-e-intelectual\/","title":{"rendered":"Galbaian celebra el D\u00eda Mundial de la Propiedad Industrial e Intelectual"},"content":{"rendered":"<p><span style=\"color: #ff0000;\"><a style=\"color: #ff0000;\" href=\"https:\/\/www.fagor.eus\/es\/galbaian\/\">Galbaian<\/a><\/span>, cooperativa del Grupo Fagor, celebra el D\u00eda Mundial de la Propiedad Industrial e Intelectual (PI) con una jornada especial. Este a\u00f1o lo ha hecho bajo el lema <em>Inventores: el ingenio al servicio de la diferenciaci\u00f3n<\/em>, principalmente, queriendo reflexionar sobre el rol de las personas inventoras en el proceso de innovaci\u00f3n. Tambi\u00e9n ha entregado el Premio Galbahe a la mejor persona inventora del a\u00f1o. La jornada ha tenido lugar el 27 de abril en el auditorio de Bilbao As Fabrik, en Zorrotzaurre, Bilbao (Bizkaia).<\/p>\n<p>Este evento ha contado con la participaci\u00f3n de Ismael Igartua Irizar, director de Galbaian; Jorge Santiago Larrinaga, Agente Europeo de Patentes en Galbaian y responsable de la nueva oficina que ha abierto Galbaian en Bilbao As Fabrik; Jes\u00fas Lata P\u00e9rez, ingeniero t\u00e9cnico jefe en Sener; Be\u00f1at Auzmendi Arkarazo, jefe de ingenier\u00eda de innovaci\u00f3n en Orbea; Fernando Burguera Albizuri, gerente de ingenier\u00eda avanzada en Batz y varias personas premiadas con el Premio Galbahe en a\u00f1os anteriores. Concretamente, han reflexionado sobre la Propiedad Industrial e Intelectual en el \u00e1mbito deportivo, el rol de las personas inventoras en la innovaci\u00f3n, la influencia de la Inteligencia Artificial\u2026<\/p>\n<p><strong>Premio Galbahe 2026<\/strong><\/p>\n<p>Galbaian ha aprovechado este evento para entregar el premio Galbahe 2026 a la mejor persona inventora del a\u00f1o, que ha sido para Jes\u00fas Lata P\u00e9rez, ingeniero t\u00e9cnico jefe en Sener. Seg\u00fan el director general de Galbaian, \u201cLata es merecedor del premio por su actividad como inventor en el \u00faltimo a\u00f1o, por su dilatada trayectoria -figura como inventor en veinte familias de patentes ya publicadas-, y sobre todo porque es el tipo de inventor con el que todo agente de patentes desear\u00eda trabajar, por todo lo que aporta y por c\u00f3mo se involucra en el proceso de presentaci\u00f3n y tramitaci\u00f3n de las solicitudes de patente\u201d.<\/p>\n","protected":false},"excerpt":{"rendered":"<p>Galbaian, cooperativa del Grupo Fagor, celebra el D\u00eda Mundial de la Propiedad Industrial e Intelectual (PI) con una jornada especial. Este a\u00f1o lo ha hecho bajo el lema Inventores: el&#8230;<\/p>\n","protected":false},"author":23,"featured_media":26057,"comment_status":"closed","ping_status":"open","sticky":false,"template":"","format":"standard","meta":{"footnotes":""},"categories":[98],"tags":[],"class_list":{"0":"post-26059","1":"post","2":"type-post","3":"status-publish","4":"format-standard","5":"has-post-thumbnail","7":"category-galbaian-es"},"yoast_head":"<!-- This site is optimized with the Yoast SEO plugin v27.4 - https:\/\/yoast.com\/product\/yoast-seo-wordpress\/ -->\n<title>Galbaian celebra el D\u00eda Mundial de la Propieda Industrial e Intelectual &#187; Grupo Fagor<\/title>\n<meta name=\"description\" content=\"Galbaian, cooperativa del Grupo Fagor, celebra el D\u00eda Mundial de la Propiedad Industrial e Intelectual (PI) con una jornada especial.\" \/>\n<meta name=\"robots\" content=\"index, follow, max-snippet:-1, max-image-preview:large, max-video-preview:-1\" \/>\n<link rel=\"canonical\" href=\"https:\/\/www.fagor.eus\/es\/galbaian-celebra-el-dia-mundial-de-la-propiedad-industrial-e-intelectual\/\" \/>\n<meta property=\"og:locale\" content=\"es_ES\" \/>\n<meta property=\"og:type\" content=\"article\" \/>\n<meta property=\"og:title\" content=\"Galbaian celebra el D\u00eda Mundial de la Propieda Industrial e Intelectual &#187; Grupo Fagor\" \/>\n<meta property=\"og:description\" content=\"Galbaian, cooperativa del Grupo Fagor, celebra el D\u00eda Mundial de la Propiedad Industrial e Intelectual (PI) con una jornada especial.\" \/>\n<meta property=\"og:url\" content=\"https:\/\/www.fagor.eus\/es\/galbaian-celebra-el-dia-mundial-de-la-propiedad-industrial-e-intelectual\/\" \/>\n<meta property=\"og:site_name\" content=\"FAGOR\" \/>\n<meta property=\"article:published_time\" content=\"2026-04-28T14:19:25+00:00\" \/>\n<meta property=\"og:image\" content=\"https:\/\/www.fagor.eus\/wp-content\/uploads\/2026\/04\/Galbaian-jardunaldia-2000.1333-1024x682.png\" \/>\n\t<meta property=\"og:image:width\" content=\"1024\" \/>\n\t<meta property=\"og:image:height\" content=\"682\" \/>\n\t<meta property=\"og:image:type\" content=\"image\/png\" \/>\n<meta name=\"author\" content=\"fagoriko\" \/>\n<meta name=\"twitter:card\" content=\"summary_large_image\" \/>\n<meta name=\"twitter:creator\" content=\"@FagorTaldea\" \/>\n<meta name=\"twitter:site\" content=\"@FagorTaldea\" \/>\n<meta name=\"twitter:label1\" content=\"Escrito por\" \/>\n\t<meta name=\"twitter:data1\" content=\"fagoriko\" \/>\n\t<meta name=\"twitter:label2\" content=\"Tiempo de lectura\" \/>\n\t<meta name=\"twitter:data2\" content=\"2 minutos\" \/>\n<script type=\"application\/ld+json\" class=\"yoast-schema-graph\">{\"@context\":\"https:\\\/\\\/schema.org\",\"@graph\":[{\"@type\":\"Article\",\"@id\":\"https:\\\/\\\/www.fagor.eus\\\/es\\\/galbaian-celebra-el-dia-mundial-de-la-propiedad-industrial-e-intelectual\\\/#article\",\"isPartOf\":{\"@id\":\"https:\\\/\\\/www.fagor.eus\\\/es\\\/galbaian-celebra-el-dia-mundial-de-la-propiedad-industrial-e-intelectual\\\/\"},\"author\":{\"name\":\"fagoriko\",\"@id\":\"https:\\\/\\\/www.fagor.eus\\\/#\\\/schema\\\/person\\\/98c9df1cb3cebeb681a4b4d80dc4fbf5\"},\"headline\":\"Galbaian celebra el D\u00eda Mundial de la Propiedad Industrial e Intelectual\",\"datePublished\":\"2026-04-28T14:19:25+00:00\",\"mainEntityOfPage\":{\"@id\":\"https:\\\/\\\/www.fagor.eus\\\/es\\\/galbaian-celebra-el-dia-mundial-de-la-propiedad-industrial-e-intelectual\\\/\"},\"wordCount\":329,\"image\":{\"@id\":\"https:\\\/\\\/www.fagor.eus\\\/es\\\/galbaian-celebra-el-dia-mundial-de-la-propiedad-industrial-e-intelectual\\\/#primaryimage\"},\"thumbnailUrl\":\"https:\\\/\\\/www.fagor.eus\\\/wp-content\\\/uploads\\\/2026\\\/04\\\/Galbaian-jardunaldia-2000.1333.png\",\"articleSection\":[\"Galbaian\"],\"inLanguage\":\"es\"},{\"@type\":\"WebPage\",\"@id\":\"https:\\\/\\\/www.fagor.eus\\\/es\\\/galbaian-celebra-el-dia-mundial-de-la-propiedad-industrial-e-intelectual\\\/\",\"url\":\"https:\\\/\\\/www.fagor.eus\\\/es\\\/galbaian-celebra-el-dia-mundial-de-la-propiedad-industrial-e-intelectual\\\/\",\"name\":\"Galbaian celebra el D\u00eda Mundial de la Propieda Industrial e Intelectual &#187; Grupo Fagor\",\"isPartOf\":{\"@id\":\"https:\\\/\\\/www.fagor.eus\\\/#website\"},\"primaryImageOfPage\":{\"@id\":\"https:\\\/\\\/www.fagor.eus\\\/es\\\/galbaian-celebra-el-dia-mundial-de-la-propiedad-industrial-e-intelectual\\\/#primaryimage\"},\"image\":{\"@id\":\"https:\\\/\\\/www.fagor.eus\\\/es\\\/galbaian-celebra-el-dia-mundial-de-la-propiedad-industrial-e-intelectual\\\/#primaryimage\"},\"thumbnailUrl\":\"https:\\\/\\\/www.fagor.eus\\\/wp-content\\\/uploads\\\/2026\\\/04\\\/Galbaian-jardunaldia-2000.1333.png\",\"datePublished\":\"2026-04-28T14:19:25+00:00\",\"author\":{\"@id\":\"https:\\\/\\\/www.fagor.eus\\\/#\\\/schema\\\/person\\\/98c9df1cb3cebeb681a4b4d80dc4fbf5\"},\"description\":\"Galbaian, cooperativa del Grupo Fagor, celebra el D\u00eda Mundial de la Propiedad Industrial e Intelectual (PI) con una jornada especial.\",\"breadcrumb\":{\"@id\":\"https:\\\/\\\/www.fagor.eus\\\/es\\\/galbaian-celebra-el-dia-mundial-de-la-propiedad-industrial-e-intelectual\\\/#breadcrumb\"},\"inLanguage\":\"es\",\"potentialAction\":[{\"@type\":\"ReadAction\",\"target\":[\"https:\\\/\\\/www.fagor.eus\\\/es\\\/galbaian-celebra-el-dia-mundial-de-la-propiedad-industrial-e-intelectual\\\/\"]}]},{\"@type\":\"ImageObject\",\"inLanguage\":\"es\",\"@id\":\"https:\\\/\\\/www.fagor.eus\\\/es\\\/galbaian-celebra-el-dia-mundial-de-la-propiedad-industrial-e-intelectual\\\/#primaryimage\",\"url\":\"https:\\\/\\\/www.fagor.eus\\\/wp-content\\\/uploads\\\/2026\\\/04\\\/Galbaian-jardunaldia-2000.1333.png\",\"contentUrl\":\"https:\\\/\\\/www.fagor.eus\\\/wp-content\\\/uploads\\\/2026\\\/04\\\/Galbaian-jardunaldia-2000.1333.png\",\"width\":2000,\"height\":1333,\"caption\":\"Jabetza Industrial eta Intelektuala jardunaldia\"},{\"@type\":\"BreadcrumbList\",\"@id\":\"https:\\\/\\\/www.fagor.eus\\\/es\\\/galbaian-celebra-el-dia-mundial-de-la-propiedad-industrial-e-intelectual\\\/#breadcrumb\",\"itemListElement\":[{\"@type\":\"ListItem\",\"position\":1,\"name\":\"Home\",\"item\":\"https:\\\/\\\/www.fagor.eus\\\/es\\\/\"},{\"@type\":\"ListItem\",\"position\":2,\"name\":\"Galbaian celebra el D\u00eda Mundial de la Propiedad Industrial e Intelectual\"}]},{\"@type\":\"WebSite\",\"@id\":\"https:\\\/\\\/www.fagor.eus\\\/#website\",\"url\":\"https:\\\/\\\/www.fagor.eus\\\/\",\"name\":\"Fagor\",\"description\":\"Trabajando por un futuro mejor\",\"potentialAction\":[{\"@type\":\"SearchAction\",\"target\":{\"@type\":\"EntryPoint\",\"urlTemplate\":\"https:\\\/\\\/www.fagor.eus\\\/?s={search_term_string}\"},\"query-input\":{\"@type\":\"PropertyValueSpecification\",\"valueRequired\":true,\"valueName\":\"search_term_string\"}}],\"inLanguage\":\"es\"},{\"@type\":\"Person\",\"@id\":\"https:\\\/\\\/www.fagor.eus\\\/#\\\/schema\\\/person\\\/98c9df1cb3cebeb681a4b4d80dc4fbf5\",\"name\":\"fagoriko\",\"image\":{\"@type\":\"ImageObject\",\"inLanguage\":\"es\",\"@id\":\"https:\\\/\\\/secure.gravatar.com\\\/avatar\\\/b360c2f7d7efd766ef528f934614f0978dc67e91ad991663263d694646e508fd?s=96&d=mm&r=g\",\"url\":\"https:\\\/\\\/secure.gravatar.com\\\/avatar\\\/b360c2f7d7efd766ef528f934614f0978dc67e91ad991663263d694646e508fd?s=96&d=mm&r=g\",\"contentUrl\":\"https:\\\/\\\/secure.gravatar.com\\\/avatar\\\/b360c2f7d7efd766ef528f934614f0978dc67e91ad991663263d694646e508fd?s=96&d=mm&r=g\",\"caption\":\"fagoriko\"},\"url\":\"https:\\\/\\\/www.fagor.eus\\\/es\\\/author\\\/fagor-iko\\\/\"}]}<\/script>\n<!-- \/ Yoast SEO plugin. -->","yoast_head_json":{"title":"Galbaian celebra el D\u00eda Mundial de la Propieda Industrial e Intelectual &#187; Grupo Fagor","description":"Galbaian, cooperativa del Grupo Fagor, celebra el D\u00eda Mundial de la Propiedad Industrial e Intelectual (PI) con una jornada especial.","robots":{"index":"index","follow":"follow","max-snippet":"max-snippet:-1","max-image-preview":"max-image-preview:large","max-video-preview":"max-video-preview:-1"},"canonical":"https:\/\/www.fagor.eus\/es\/galbaian-celebra-el-dia-mundial-de-la-propiedad-industrial-e-intelectual\/","og_locale":"es_ES","og_type":"article","og_title":"Galbaian celebra el D\u00eda Mundial de la Propieda Industrial e Intelectual &#187; Grupo Fagor","og_description":"Galbaian, cooperativa del Grupo Fagor, celebra el D\u00eda Mundial de la Propiedad Industrial e Intelectual (PI) con una jornada especial.","og_url":"https:\/\/www.fagor.eus\/es\/galbaian-celebra-el-dia-mundial-de-la-propiedad-industrial-e-intelectual\/","og_site_name":"FAGOR","article_published_time":"2026-04-28T14:19:25+00:00","og_image":[{"width":1024,"height":682,"url":"https:\/\/www.fagor.eus\/wp-content\/uploads\/2026\/04\/Galbaian-jardunaldia-2000.1333-1024x682.png","type":"image\/png"}],"author":"fagoriko","twitter_card":"summary_large_image","twitter_creator":"@FagorTaldea","twitter_site":"@FagorTaldea","twitter_misc":{"Escrito por":"fagoriko","Tiempo de lectura":"2 minutos"},"schema":{"@context":"https:\/\/schema.org","@graph":[{"@type":"Article","@id":"https:\/\/www.fagor.eus\/es\/galbaian-celebra-el-dia-mundial-de-la-propiedad-industrial-e-intelectual\/#article","isPartOf":{"@id":"https:\/\/www.fagor.eus\/es\/galbaian-celebra-el-dia-mundial-de-la-propiedad-industrial-e-intelectual\/"},"author":{"name":"fagoriko","@id":"https:\/\/www.fagor.eus\/#\/schema\/person\/98c9df1cb3cebeb681a4b4d80dc4fbf5"},"headline":"Galbaian celebra el D\u00eda Mundial de la Propiedad Industrial e Intelectual","datePublished":"2026-04-28T14:19:25+00:00","mainEntityOfPage":{"@id":"https:\/\/www.fagor.eus\/es\/galbaian-celebra-el-dia-mundial-de-la-propiedad-industrial-e-intelectual\/"},"wordCount":329,"image":{"@id":"https:\/\/www.fagor.eus\/es\/galbaian-celebra-el-dia-mundial-de-la-propiedad-industrial-e-intelectual\/#primaryimage"},"thumbnailUrl":"https:\/\/www.fagor.eus\/wp-content\/uploads\/2026\/04\/Galbaian-jardunaldia-2000.1333.png","articleSection":["Galbaian"],"inLanguage":"es"},{"@type":"WebPage","@id":"https:\/\/www.fagor.eus\/es\/galbaian-celebra-el-dia-mundial-de-la-propiedad-industrial-e-intelectual\/","url":"https:\/\/www.fagor.eus\/es\/galbaian-celebra-el-dia-mundial-de-la-propiedad-industrial-e-intelectual\/","name":"Galbaian celebra el D\u00eda Mundial de la Propieda Industrial e Intelectual &#187; Grupo Fagor","isPartOf":{"@id":"https:\/\/www.fagor.eus\/#website"},"primaryImageOfPage":{"@id":"https:\/\/www.fagor.eus\/es\/galbaian-celebra-el-dia-mundial-de-la-propiedad-industrial-e-intelectual\/#primaryimage"},"image":{"@id":"https:\/\/www.fagor.eus\/es\/galbaian-celebra-el-dia-mundial-de-la-propiedad-industrial-e-intelectual\/#primaryimage"},"thumbnailUrl":"https:\/\/www.fagor.eus\/wp-content\/uploads\/2026\/04\/Galbaian-jardunaldia-2000.1333.png","datePublished":"2026-04-28T14:19:25+00:00","author":{"@id":"https:\/\/www.fagor.eus\/#\/schema\/person\/98c9df1cb3cebeb681a4b4d80dc4fbf5"},"description":"Galbaian, cooperativa del Grupo Fagor, celebra el D\u00eda Mundial de la Propiedad Industrial e Intelectual (PI) con una jornada especial.","breadcrumb":{"@id":"https:\/\/www.fagor.eus\/es\/galbaian-celebra-el-dia-mundial-de-la-propiedad-industrial-e-intelectual\/#breadcrumb"},"inLanguage":"es","potentialAction":[{"@type":"ReadAction","target":["https:\/\/www.fagor.eus\/es\/galbaian-celebra-el-dia-mundial-de-la-propiedad-industrial-e-intelectual\/"]}]},{"@type":"ImageObject","inLanguage":"es","@id":"https:\/\/www.fagor.eus\/es\/galbaian-celebra-el-dia-mundial-de-la-propiedad-industrial-e-intelectual\/#primaryimage","url":"https:\/\/www.fagor.eus\/wp-content\/uploads\/2026\/04\/Galbaian-jardunaldia-2000.1333.png","contentUrl":"https:\/\/www.fagor.eus\/wp-content\/uploads\/2026\/04\/Galbaian-jardunaldia-2000.1333.png","width":2000,"height":1333,"caption":"Jabetza Industrial eta Intelektuala jardunaldia"},{"@type":"BreadcrumbList","@id":"https:\/\/www.fagor.eus\/es\/galbaian-celebra-el-dia-mundial-de-la-propiedad-industrial-e-intelectual\/#breadcrumb","itemListElement":[{"@type":"ListItem","position":1,"name":"Home","item":"https:\/\/www.fagor.eus\/es\/"},{"@type":"ListItem","position":2,"name":"Galbaian celebra el D\u00eda Mundial de la Propiedad Industrial e Intelectual"}]},{"@type":"WebSite","@id":"https:\/\/www.fagor.eus\/#website","url":"https:\/\/www.fagor.eus\/","name":"Fagor","description":"Trabajando por un futuro mejor","potentialAction":[{"@type":"SearchAction","target":{"@type":"EntryPoint","urlTemplate":"https:\/\/www.fagor.eus\/?s={search_term_string}"},"query-input":{"@type":"PropertyValueSpecification","valueRequired":true,"valueName":"search_term_string"}}],"inLanguage":"es"},{"@type":"Person","@id":"https:\/\/www.fagor.eus\/#\/schema\/person\/98c9df1cb3cebeb681a4b4d80dc4fbf5","name":"fagoriko","image":{"@type":"ImageObject","inLanguage":"es","@id":"https:\/\/secure.gravatar.com\/avatar\/b360c2f7d7efd766ef528f934614f0978dc67e91ad991663263d694646e508fd?s=96&d=mm&r=g","url":"https:\/\/secure.gravatar.com\/avatar\/b360c2f7d7efd766ef528f934614f0978dc67e91ad991663263d694646e508fd?s=96&d=mm&r=g","contentUrl":"https:\/\/secure.gravatar.com\/avatar\/b360c2f7d7efd766ef528f934614f0978dc67e91ad991663263d694646e508fd?s=96&d=mm&r=g","caption":"fagoriko"},"url":"https:\/\/www.fagor.eus\/es\/author\/fagor-iko\/"}]}},"_links":{"self":[{"href":"https:\/\/www.fagor.eus\/es\/wp-json\/wp\/v2\/posts\/26059","targetHints":{"allow":["GET"]}}],"collection":[{"href":"https:\/\/www.fagor.eus\/es\/wp-json\/wp\/v2\/posts"}],"about":[{"href":"https:\/\/www.fagor.eus\/es\/wp-json\/wp\/v2\/types\/post"}],"author":[{"embeddable":true,"href":"https:\/\/www.fagor.eus\/es\/wp-json\/wp\/v2\/users\/23"}],"replies":[{"embeddable":true,"href":"https:\/\/www.fagor.eus\/es\/wp-json\/wp\/v2\/comments?post=26059"}],"version-history":[{"count":2,"href":"https:\/\/www.fagor.eus\/es\/wp-json\/wp\/v2\/posts\/26059\/revisions"}],"predecessor-version":[{"id":26062,"href":"https:\/\/www.fagor.eus\/es\/wp-json\/wp\/v2\/posts\/26059\/revisions\/26062"}],"wp:featuredmedia":[{"embeddable":true,"href":"https:\/\/www.fagor.eus\/es\/wp-json\/wp\/v2\/media\/26057"}],"wp:attachment":[{"href":"https:\/\/www.fagor.eus\/es\/wp-json\/wp\/v2\/media?parent=26059"}],"wp:term":[{"taxonomy":"category","embeddable":true,"href":"https:\/\/www.fagor.eus\/es\/wp-json\/wp\/v2\/categories?post=26059"},{"taxonomy":"post_tag","embeddable":true,"href":"https:\/\/www.fagor.eus\/es\/wp-json\/wp\/v2\/tags?post=26059"}],"curies":[{"name":"wp","href":"https:\/\/api.w.org\/{rel}","templated":true}]}}