{"id":26052,"date":"2026-04-28T13:32:03","date_gmt":"2026-04-28T11:32:03","guid":{"rendered":"https:\/\/www.fagor.eus\/?p=26052"},"modified":"2026-04-28T13:32:03","modified_gmt":"2026-04-28T11:32:03","slug":"fagor-ederlan-recibe-un-nuevo-reconocimiento-por-su-compromiso-con-la-sostenibilidad","status":"publish","type":"post","link":"https:\/\/www.fagor.eus\/es\/fagor-ederlan-recibe-un-nuevo-reconocimiento-por-su-compromiso-con-la-sostenibilidad\/","title":{"rendered":"Fagor Ederlan recibe un nuevo reconocimiento por su compromiso con la sostenibilidad"},"content":{"rendered":"<p>La cooperativa <span style=\"color: #ff0000;\"><a style=\"color: #ff0000;\" href=\"https:\/\/www.fagor.eus\/es\/fagor-ederlan\/\">Fagor Ederlan<\/a> <\/span>afianza su referencialidad en el \u00e1mbito de la sostenibilidad. Concretamente, ha recibido un nuevo reconocimiento, el nivel V3.1 del rendimiento est\u00e1ndar del certificado ASI, por la producci\u00f3n de componentes de aluminio para el sector de la automoci\u00f3n mediante fundici\u00f3n de troqueler\u00eda de alta y baja presi\u00f3n -carcasas de motores, bloques de motores, carcasas de transmisi\u00f3n, sartenes de aceite&#8230;-. Esto refuerza su posici\u00f3n en el \u00e1mbito del aluminio.<\/p>\n<p>Fagor Ederlan sigue avanzando en el \u00e1mbito de la sostenibilidad. Hace unos meses, esta apuesta tambi\u00e9n fue confirmada y reconocida por Ecovadis, uno de los sistemas de evaluaci\u00f3n de sostenibilidad y responsabilidad social corporativa m\u00e1s reconocidos a nivel mundial. Concretamente, Fagor Ederlan recibi\u00f3 la medalla de bronce por todo el trabajo realizado durante el 2025, con 70 puntos, y mejor\u00f3 as\u00ed su puntuaci\u00f3n global.<\/p>\n<p><strong>Reconocimiento CDP<\/strong><\/p>\n<p>En 2024, el CDP (<em>Carbon Disclosure Project<\/em>), uno de los referentes mundiales en transparencia ambiental, incluy\u00f3 a Fagor Ederlan en la lista de las empresas m\u00e1s comprometidas en la lucha contra el cambio clim\u00e1tico. Esta lista re\u00fane a las empresas que trabajan en contra del cambio clim\u00e1tico a trav\u00e9s de la gesti\u00f3n responsable de sus cadenas de suministro.<\/p>\n<p>Todos estos reconocimientos refuerzan la posici\u00f3n de la cooperativa del Grupo Fagor en el mercado y le abre nuevas oportunidades. \u201cEstamos muy orgullosos y orgullosas. Estos resultados reflejan el trabajo diario de todas las personas que forman Fagor Ederlan y confirman la voluntad de avanzar hacia un modelo cada vez m\u00e1s sostenible\u201d, subrayan desde la cooperativa.<\/p>\n","protected":false},"excerpt":{"rendered":"<p>La cooperativa Fagor Ederlan afianza su referencialidad en el \u00e1mbito de la sostenibilidad. Concretamente, ha recibido un nuevo reconocimiento, el nivel V3.1 del rendimiento est\u00e1ndar del certificado ASI, por la&#8230;<\/p>\n","protected":false},"author":23,"featured_media":26051,"comment_status":"closed","ping_status":"open","sticky":false,"template":"","format":"standard","meta":{"footnotes":""},"categories":[90],"tags":[],"class_list":{"0":"post-26052","1":"post","2":"type-post","3":"status-publish","4":"format-standard","5":"has-post-thumbnail","7":"category-fagor-ederlan-es"},"yoast_head":"<!-- This site is optimized with the Yoast SEO plugin v27.4 - https:\/\/yoast.com\/product\/yoast-seo-wordpress\/ -->\n<title>Fagor Ederlan recibe un nuevo reconocimiento por su compromiso con la sostenibilidad &#187; Grupo Fagor<\/title>\n<meta name=\"description\" content=\"La cooperativa Fagor Ederlan afianza su referencialidad en el \u00e1mbito de la sostenibilidad, recibiendo as\u00ed varios reconocimientos.\" \/>\n<meta name=\"robots\" content=\"index, follow, max-snippet:-1, max-image-preview:large, max-video-preview:-1\" \/>\n<link rel=\"canonical\" href=\"https:\/\/www.fagor.eus\/es\/fagor-ederlan-recibe-un-nuevo-reconocimiento-por-su-compromiso-con-la-sostenibilidad\/\" \/>\n<meta property=\"og:locale\" content=\"es_ES\" \/>\n<meta property=\"og:type\" content=\"article\" \/>\n<meta property=\"og:title\" content=\"Fagor Ederlan recibe un nuevo reconocimiento por su compromiso con la sostenibilidad &#187; Grupo Fagor\" \/>\n<meta property=\"og:description\" content=\"La cooperativa Fagor Ederlan afianza su referencialidad en el \u00e1mbito de la sostenibilidad, recibiendo as\u00ed varios reconocimientos.\" \/>\n<meta property=\"og:url\" content=\"https:\/\/www.fagor.eus\/es\/fagor-ederlan-recibe-un-nuevo-reconocimiento-por-su-compromiso-con-la-sostenibilidad\/\" \/>\n<meta property=\"og:site_name\" content=\"FAGOR\" \/>\n<meta property=\"article:published_time\" content=\"2026-04-28T11:32:03+00:00\" \/>\n<meta property=\"og:image\" content=\"https:\/\/www.fagor.eus\/wp-content\/uploads\/2026\/04\/iraunkortasuna-ASI-1024x682.png\" \/>\n\t<meta property=\"og:image:width\" content=\"1024\" \/>\n\t<meta property=\"og:image:height\" content=\"682\" \/>\n\t<meta property=\"og:image:type\" content=\"image\/png\" \/>\n<meta name=\"author\" content=\"fagoriko\" \/>\n<meta name=\"twitter:card\" content=\"summary_large_image\" \/>\n<meta name=\"twitter:creator\" content=\"@FagorTaldea\" \/>\n<meta name=\"twitter:site\" content=\"@FagorTaldea\" \/>\n<meta name=\"twitter:label1\" content=\"Escrito por\" \/>\n\t<meta name=\"twitter:data1\" content=\"fagoriko\" \/>\n\t<meta name=\"twitter:label2\" content=\"Tiempo de lectura\" \/>\n\t<meta name=\"twitter:data2\" content=\"2 minutos\" \/>\n<script type=\"application\/ld+json\" class=\"yoast-schema-graph\">{\"@context\":\"https:\\\/\\\/schema.org\",\"@graph\":[{\"@type\":\"Article\",\"@id\":\"https:\\\/\\\/www.fagor.eus\\\/es\\\/fagor-ederlan-recibe-un-nuevo-reconocimiento-por-su-compromiso-con-la-sostenibilidad\\\/#article\",\"isPartOf\":{\"@id\":\"https:\\\/\\\/www.fagor.eus\\\/es\\\/fagor-ederlan-recibe-un-nuevo-reconocimiento-por-su-compromiso-con-la-sostenibilidad\\\/\"},\"author\":{\"name\":\"fagoriko\",\"@id\":\"https:\\\/\\\/www.fagor.eus\\\/#\\\/schema\\\/person\\\/98c9df1cb3cebeb681a4b4d80dc4fbf5\"},\"headline\":\"Fagor Ederlan recibe un nuevo reconocimiento por su compromiso con la sostenibilidad\",\"datePublished\":\"2026-04-28T11:32:03+00:00\",\"mainEntityOfPage\":{\"@id\":\"https:\\\/\\\/www.fagor.eus\\\/es\\\/fagor-ederlan-recibe-un-nuevo-reconocimiento-por-su-compromiso-con-la-sostenibilidad\\\/\"},\"wordCount\":281,\"image\":{\"@id\":\"https:\\\/\\\/www.fagor.eus\\\/es\\\/fagor-ederlan-recibe-un-nuevo-reconocimiento-por-su-compromiso-con-la-sostenibilidad\\\/#primaryimage\"},\"thumbnailUrl\":\"https:\\\/\\\/www.fagor.eus\\\/wp-content\\\/uploads\\\/2026\\\/04\\\/iraunkortasuna-ASI.png\",\"articleSection\":[\"Fagor Ederlan\"],\"inLanguage\":\"es\"},{\"@type\":\"WebPage\",\"@id\":\"https:\\\/\\\/www.fagor.eus\\\/es\\\/fagor-ederlan-recibe-un-nuevo-reconocimiento-por-su-compromiso-con-la-sostenibilidad\\\/\",\"url\":\"https:\\\/\\\/www.fagor.eus\\\/es\\\/fagor-ederlan-recibe-un-nuevo-reconocimiento-por-su-compromiso-con-la-sostenibilidad\\\/\",\"name\":\"Fagor Ederlan recibe un nuevo reconocimiento por su compromiso con la sostenibilidad &#187; Grupo Fagor\",\"isPartOf\":{\"@id\":\"https:\\\/\\\/www.fagor.eus\\\/#website\"},\"primaryImageOfPage\":{\"@id\":\"https:\\\/\\\/www.fagor.eus\\\/es\\\/fagor-ederlan-recibe-un-nuevo-reconocimiento-por-su-compromiso-con-la-sostenibilidad\\\/#primaryimage\"},\"image\":{\"@id\":\"https:\\\/\\\/www.fagor.eus\\\/es\\\/fagor-ederlan-recibe-un-nuevo-reconocimiento-por-su-compromiso-con-la-sostenibilidad\\\/#primaryimage\"},\"thumbnailUrl\":\"https:\\\/\\\/www.fagor.eus\\\/wp-content\\\/uploads\\\/2026\\\/04\\\/iraunkortasuna-ASI.png\",\"datePublished\":\"2026-04-28T11:32:03+00:00\",\"author\":{\"@id\":\"https:\\\/\\\/www.fagor.eus\\\/#\\\/schema\\\/person\\\/98c9df1cb3cebeb681a4b4d80dc4fbf5\"},\"description\":\"La cooperativa Fagor Ederlan afianza su referencialidad en el \u00e1mbito de la sostenibilidad, recibiendo as\u00ed varios reconocimientos.\",\"breadcrumb\":{\"@id\":\"https:\\\/\\\/www.fagor.eus\\\/es\\\/fagor-ederlan-recibe-un-nuevo-reconocimiento-por-su-compromiso-con-la-sostenibilidad\\\/#breadcrumb\"},\"inLanguage\":\"es\",\"potentialAction\":[{\"@type\":\"ReadAction\",\"target\":[\"https:\\\/\\\/www.fagor.eus\\\/es\\\/fagor-ederlan-recibe-un-nuevo-reconocimiento-por-su-compromiso-con-la-sostenibilidad\\\/\"]}]},{\"@type\":\"ImageObject\",\"inLanguage\":\"es\",\"@id\":\"https:\\\/\\\/www.fagor.eus\\\/es\\\/fagor-ederlan-recibe-un-nuevo-reconocimiento-por-su-compromiso-con-la-sostenibilidad\\\/#primaryimage\",\"url\":\"https:\\\/\\\/www.fagor.eus\\\/wp-content\\\/uploads\\\/2026\\\/04\\\/iraunkortasuna-ASI.png\",\"contentUrl\":\"https:\\\/\\\/www.fagor.eus\\\/wp-content\\\/uploads\\\/2026\\\/04\\\/iraunkortasuna-ASI.png\",\"width\":2000,\"height\":1333,\"caption\":\"Fagor Ederlan iraunkortasuna\"},{\"@type\":\"BreadcrumbList\",\"@id\":\"https:\\\/\\\/www.fagor.eus\\\/es\\\/fagor-ederlan-recibe-un-nuevo-reconocimiento-por-su-compromiso-con-la-sostenibilidad\\\/#breadcrumb\",\"itemListElement\":[{\"@type\":\"ListItem\",\"position\":1,\"name\":\"Home\",\"item\":\"https:\\\/\\\/www.fagor.eus\\\/es\\\/\"},{\"@type\":\"ListItem\",\"position\":2,\"name\":\"Fagor Ederlan recibe un nuevo reconocimiento por su compromiso con la sostenibilidad\"}]},{\"@type\":\"WebSite\",\"@id\":\"https:\\\/\\\/www.fagor.eus\\\/#website\",\"url\":\"https:\\\/\\\/www.fagor.eus\\\/\",\"name\":\"Fagor\",\"description\":\"Trabajando por un futuro mejor\",\"potentialAction\":[{\"@type\":\"SearchAction\",\"target\":{\"@type\":\"EntryPoint\",\"urlTemplate\":\"https:\\\/\\\/www.fagor.eus\\\/?s={search_term_string}\"},\"query-input\":{\"@type\":\"PropertyValueSpecification\",\"valueRequired\":true,\"valueName\":\"search_term_string\"}}],\"inLanguage\":\"es\"},{\"@type\":\"Person\",\"@id\":\"https:\\\/\\\/www.fagor.eus\\\/#\\\/schema\\\/person\\\/98c9df1cb3cebeb681a4b4d80dc4fbf5\",\"name\":\"fagoriko\",\"image\":{\"@type\":\"ImageObject\",\"inLanguage\":\"es\",\"@id\":\"https:\\\/\\\/secure.gravatar.com\\\/avatar\\\/b360c2f7d7efd766ef528f934614f0978dc67e91ad991663263d694646e508fd?s=96&d=mm&r=g\",\"url\":\"https:\\\/\\\/secure.gravatar.com\\\/avatar\\\/b360c2f7d7efd766ef528f934614f0978dc67e91ad991663263d694646e508fd?s=96&d=mm&r=g\",\"contentUrl\":\"https:\\\/\\\/secure.gravatar.com\\\/avatar\\\/b360c2f7d7efd766ef528f934614f0978dc67e91ad991663263d694646e508fd?s=96&d=mm&r=g\",\"caption\":\"fagoriko\"},\"url\":\"https:\\\/\\\/www.fagor.eus\\\/es\\\/author\\\/fagor-iko\\\/\"}]}<\/script>\n<!-- \/ Yoast SEO plugin. -->","yoast_head_json":{"title":"Fagor Ederlan recibe un nuevo reconocimiento por su compromiso con la sostenibilidad &#187; Grupo Fagor","description":"La cooperativa Fagor Ederlan afianza su referencialidad en el \u00e1mbito de la sostenibilidad, recibiendo as\u00ed varios reconocimientos.","robots":{"index":"index","follow":"follow","max-snippet":"max-snippet:-1","max-image-preview":"max-image-preview:large","max-video-preview":"max-video-preview:-1"},"canonical":"https:\/\/www.fagor.eus\/es\/fagor-ederlan-recibe-un-nuevo-reconocimiento-por-su-compromiso-con-la-sostenibilidad\/","og_locale":"es_ES","og_type":"article","og_title":"Fagor Ederlan recibe un nuevo reconocimiento por su compromiso con la sostenibilidad &#187; Grupo Fagor","og_description":"La cooperativa Fagor Ederlan afianza su referencialidad en el \u00e1mbito de la sostenibilidad, recibiendo as\u00ed varios reconocimientos.","og_url":"https:\/\/www.fagor.eus\/es\/fagor-ederlan-recibe-un-nuevo-reconocimiento-por-su-compromiso-con-la-sostenibilidad\/","og_site_name":"FAGOR","article_published_time":"2026-04-28T11:32:03+00:00","og_image":[{"width":1024,"height":682,"url":"https:\/\/www.fagor.eus\/wp-content\/uploads\/2026\/04\/iraunkortasuna-ASI-1024x682.png","type":"image\/png"}],"author":"fagoriko","twitter_card":"summary_large_image","twitter_creator":"@FagorTaldea","twitter_site":"@FagorTaldea","twitter_misc":{"Escrito por":"fagoriko","Tiempo de lectura":"2 minutos"},"schema":{"@context":"https:\/\/schema.org","@graph":[{"@type":"Article","@id":"https:\/\/www.fagor.eus\/es\/fagor-ederlan-recibe-un-nuevo-reconocimiento-por-su-compromiso-con-la-sostenibilidad\/#article","isPartOf":{"@id":"https:\/\/www.fagor.eus\/es\/fagor-ederlan-recibe-un-nuevo-reconocimiento-por-su-compromiso-con-la-sostenibilidad\/"},"author":{"name":"fagoriko","@id":"https:\/\/www.fagor.eus\/#\/schema\/person\/98c9df1cb3cebeb681a4b4d80dc4fbf5"},"headline":"Fagor Ederlan recibe un nuevo reconocimiento por su compromiso con la sostenibilidad","datePublished":"2026-04-28T11:32:03+00:00","mainEntityOfPage":{"@id":"https:\/\/www.fagor.eus\/es\/fagor-ederlan-recibe-un-nuevo-reconocimiento-por-su-compromiso-con-la-sostenibilidad\/"},"wordCount":281,"image":{"@id":"https:\/\/www.fagor.eus\/es\/fagor-ederlan-recibe-un-nuevo-reconocimiento-por-su-compromiso-con-la-sostenibilidad\/#primaryimage"},"thumbnailUrl":"https:\/\/www.fagor.eus\/wp-content\/uploads\/2026\/04\/iraunkortasuna-ASI.png","articleSection":["Fagor Ederlan"],"inLanguage":"es"},{"@type":"WebPage","@id":"https:\/\/www.fagor.eus\/es\/fagor-ederlan-recibe-un-nuevo-reconocimiento-por-su-compromiso-con-la-sostenibilidad\/","url":"https:\/\/www.fagor.eus\/es\/fagor-ederlan-recibe-un-nuevo-reconocimiento-por-su-compromiso-con-la-sostenibilidad\/","name":"Fagor Ederlan recibe un nuevo reconocimiento por su compromiso con la sostenibilidad &#187; Grupo Fagor","isPartOf":{"@id":"https:\/\/www.fagor.eus\/#website"},"primaryImageOfPage":{"@id":"https:\/\/www.fagor.eus\/es\/fagor-ederlan-recibe-un-nuevo-reconocimiento-por-su-compromiso-con-la-sostenibilidad\/#primaryimage"},"image":{"@id":"https:\/\/www.fagor.eus\/es\/fagor-ederlan-recibe-un-nuevo-reconocimiento-por-su-compromiso-con-la-sostenibilidad\/#primaryimage"},"thumbnailUrl":"https:\/\/www.fagor.eus\/wp-content\/uploads\/2026\/04\/iraunkortasuna-ASI.png","datePublished":"2026-04-28T11:32:03+00:00","author":{"@id":"https:\/\/www.fagor.eus\/#\/schema\/person\/98c9df1cb3cebeb681a4b4d80dc4fbf5"},"description":"La cooperativa Fagor Ederlan afianza su referencialidad en el \u00e1mbito de la sostenibilidad, recibiendo as\u00ed varios reconocimientos.","breadcrumb":{"@id":"https:\/\/www.fagor.eus\/es\/fagor-ederlan-recibe-un-nuevo-reconocimiento-por-su-compromiso-con-la-sostenibilidad\/#breadcrumb"},"inLanguage":"es","potentialAction":[{"@type":"ReadAction","target":["https:\/\/www.fagor.eus\/es\/fagor-ederlan-recibe-un-nuevo-reconocimiento-por-su-compromiso-con-la-sostenibilidad\/"]}]},{"@type":"ImageObject","inLanguage":"es","@id":"https:\/\/www.fagor.eus\/es\/fagor-ederlan-recibe-un-nuevo-reconocimiento-por-su-compromiso-con-la-sostenibilidad\/#primaryimage","url":"https:\/\/www.fagor.eus\/wp-content\/uploads\/2026\/04\/iraunkortasuna-ASI.png","contentUrl":"https:\/\/www.fagor.eus\/wp-content\/uploads\/2026\/04\/iraunkortasuna-ASI.png","width":2000,"height":1333,"caption":"Fagor Ederlan iraunkortasuna"},{"@type":"BreadcrumbList","@id":"https:\/\/www.fagor.eus\/es\/fagor-ederlan-recibe-un-nuevo-reconocimiento-por-su-compromiso-con-la-sostenibilidad\/#breadcrumb","itemListElement":[{"@type":"ListItem","position":1,"name":"Home","item":"https:\/\/www.fagor.eus\/es\/"},{"@type":"ListItem","position":2,"name":"Fagor Ederlan recibe un nuevo reconocimiento por su compromiso con la sostenibilidad"}]},{"@type":"WebSite","@id":"https:\/\/www.fagor.eus\/#website","url":"https:\/\/www.fagor.eus\/","name":"Fagor","description":"Trabajando por un futuro mejor","potentialAction":[{"@type":"SearchAction","target":{"@type":"EntryPoint","urlTemplate":"https:\/\/www.fagor.eus\/?s={search_term_string}"},"query-input":{"@type":"PropertyValueSpecification","valueRequired":true,"valueName":"search_term_string"}}],"inLanguage":"es"},{"@type":"Person","@id":"https:\/\/www.fagor.eus\/#\/schema\/person\/98c9df1cb3cebeb681a4b4d80dc4fbf5","name":"fagoriko","image":{"@type":"ImageObject","inLanguage":"es","@id":"https:\/\/secure.gravatar.com\/avatar\/b360c2f7d7efd766ef528f934614f0978dc67e91ad991663263d694646e508fd?s=96&d=mm&r=g","url":"https:\/\/secure.gravatar.com\/avatar\/b360c2f7d7efd766ef528f934614f0978dc67e91ad991663263d694646e508fd?s=96&d=mm&r=g","contentUrl":"https:\/\/secure.gravatar.com\/avatar\/b360c2f7d7efd766ef528f934614f0978dc67e91ad991663263d694646e508fd?s=96&d=mm&r=g","caption":"fagoriko"},"url":"https:\/\/www.fagor.eus\/es\/author\/fagor-iko\/"}]}},"_links":{"self":[{"href":"https:\/\/www.fagor.eus\/es\/wp-json\/wp\/v2\/posts\/26052","targetHints":{"allow":["GET"]}}],"collection":[{"href":"https:\/\/www.fagor.eus\/es\/wp-json\/wp\/v2\/posts"}],"about":[{"href":"https:\/\/www.fagor.eus\/es\/wp-json\/wp\/v2\/types\/post"}],"author":[{"embeddable":true,"href":"https:\/\/www.fagor.eus\/es\/wp-json\/wp\/v2\/users\/23"}],"replies":[{"embeddable":true,"href":"https:\/\/www.fagor.eus\/es\/wp-json\/wp\/v2\/comments?post=26052"}],"version-history":[{"count":1,"href":"https:\/\/www.fagor.eus\/es\/wp-json\/wp\/v2\/posts\/26052\/revisions"}],"predecessor-version":[{"id":26053,"href":"https:\/\/www.fagor.eus\/es\/wp-json\/wp\/v2\/posts\/26052\/revisions\/26053"}],"wp:featuredmedia":[{"embeddable":true,"href":"https:\/\/www.fagor.eus\/es\/wp-json\/wp\/v2\/media\/26051"}],"wp:attachment":[{"href":"https:\/\/www.fagor.eus\/es\/wp-json\/wp\/v2\/media?parent=26052"}],"wp:term":[{"taxonomy":"category","embeddable":true,"href":"https:\/\/www.fagor.eus\/es\/wp-json\/wp\/v2\/categories?post=26052"},{"taxonomy":"post_tag","embeddable":true,"href":"https:\/\/www.fagor.eus\/es\/wp-json\/wp\/v2\/tags?post=26052"}],"curies":[{"name":"wp","href":"https:\/\/api.w.org\/{rel}","templated":true}]}}