{"id":25660,"date":"2026-03-11T11:31:21","date_gmt":"2026-03-11T09:31:21","guid":{"rendered":"https:\/\/www.fagor.eus\/?p=25660"},"modified":"2026-03-11T12:29:36","modified_gmt":"2026-03-11T10:29:36","slug":"fagor-automation-presenta-novedades-y-conectividad-en-la-bienal-de-la-maquina-herramienta","status":"publish","type":"post","link":"https:\/\/www.fagor.eus\/es\/fagor-automation-presenta-novedades-y-conectividad-en-la-bienal-de-la-maquina-herramienta\/","title":{"rendered":"Fagor Automation presenta novedades y conectividad en la bienal de la m\u00e1quina-herramienta"},"content":{"rendered":"<p><a href=\"https:\/\/www.fagor.eus\/es\/fagor-automation\/\"><strong><span style=\"color: #ff0000;\">Fagor Automation<\/span><\/strong><\/a> vuelve a participar en la bienal internacional de la m\u00e1quina-herramienta que se celebra en el BEC de Barakaldo (Bizkaia). Su stand volvi\u00f3 a convertirse en un punto de encuentro para profesionales del sector, empresas y nuevos contactos interesados en explorar soluciones de automatizaci\u00f3n.\u00a0Reci\u00e9n finalizado el evento que ha durado cinco d\u00edas, la cooperativa ha querido mandar un mensaje de agradecimiento a todas las personas que han acudido a su stand y ha subrayado que \u201cla energ\u00eda y el inter\u00e9s\u201d encontrado la inspiran a seguir desarrollando soluciones innovadoras que respondan a las necesidades del futuro. Fagor Automation ha aprovechado la bienal para presentar sus soluciones m\u00e1s innovadoras.<\/p>\n<p>Una de las principales novedades presentadas ha sido el CNCelite 2.0. \u201cEsta nueva versi\u00f3n incorpora mejoras orientadas a incrementar el rendimiento, la velocidad de respuesta y la flexibilidad del sistema, permitiendo adaptarse con mayor facilidad a distintos tipos de m\u00e1quinas y procesos productivos\u201d, explican representantes de la cooperativa. La evoluci\u00f3n no es solo tecnol\u00f3gica. La interfaz ofrece una experiencia m\u00e1s intuitiva y personalizable, que simplifica el trabajo diario y reduce los tiempos de puesta en marcha, manteniendo al mismo tiempo las prestaciones avanzadas que exigen los entornos industriales m\u00e1s exigentes.<\/p>\n<p>Junto a esta evoluci\u00f3n, Fagor Automation ha presentado el modelo CNC 8065elite 2.0 G espec\u00edfico para aplicaciones de rectificado, desarrollado para responder a los altos requisitos de precisi\u00f3n, estabilidad y control del proceso que caracterizan este tipo de operaciones. \u201cGracias a su amplia librer\u00eda de ciclos predise\u00f1ados, garantiza la repetibilidad, la fiabilidad del proceso y la calidad final de la pieza en todas las variantes del rectificado\u201d, a\u00f1aden desde la cooperativa.<\/p>\n<p><strong>Encoders y digitalizaci\u00f3n<\/strong><\/p>\n<p>La gama de encoders Serie3 contin\u00faa siendo una referencia en el mercado por su robustez, precisi\u00f3n y fiabilidad. Fagor Automation tambi\u00e9n ha presentado novedades en este \u00e1mbito: el encoder lineal modular incremental L3, con hasta 100 metros de curso de medici\u00f3n. \u201cEsta innovaci\u00f3n ampl\u00eda las posibilidades de medici\u00f3n en aplicaciones y entornos exigentes y consolida el liderazgo de Fagor Automation en este segmento a nivel internacional\u201d, subrayan desde la cooperativa.<\/p>\n<p>Adem\u00e1s, la Serie3 refuerza su liderazgo incorporando la tecnolog\u00eda\u00a0<em><a href=\"https:\/\/www.fagorautomation.com\/es\/sistemas-de-captacion\/3statech\/\"><strong><span style=\"color: #ff0000;\">3STATECH<\/span><\/strong><\/a><\/em>, que asegura un funcionamiento fiable incluso en entornos adversos. Su compatibilidad con m\u00faltiples protocolos digitales, incluido <em>FeeDat<\/em>, permite conectar a trav\u00e9s de\u00a0adaptadores de protocolo\u00a0un mismo encoder a diferentes sistemas de control, optimizando el dise\u00f1o y la gesti\u00f3n de materiales. \u201cTodo ello, junto con la certificaci\u00f3n\u00a0<em><a href=\"https:\/\/www.fagorautomation.com\/es\/sistemas-de-captacion\/functional-safety\/\"><strong><span style=\"color: #ff0000;\">Functional Safety<\/span><\/strong><\/a><\/em>, la convierte en la soluci\u00f3n ideal para aplicaciones cr\u00edticas donde la seguridad y la fiabilidad son esenciales\u201d, explican miembros de Fagor Automation.<\/p>\n<p>Asimismo, en su plataforma de digitalizaci\u00f3n industrial dise\u00f1ada para optimizar el rendimiento de las m\u00e1quinas, la cooperativa ha presentado\u00a0<em>FDS Fog On-Premises<\/em>, la alternativa local a su plataforma <em>cloud<\/em>, dise\u00f1ada para aquellas empresas que buscan avanzar en la digitalizaci\u00f3n, manteniendo un control total sobre sus datos.<\/p>\n<p><strong>Ilusi\u00f3n para seguir trabajando<\/strong><\/p>\n<p>Reci\u00e9n finalizada la bienal, la cooperativa a reiterado su compromiso para seguir desarrollando soluciones innovadoras que respondan a las necesidades del futuro. \u201cFagor Automation vuelve de la bienal con muchas ideas, nuevos proyectos y la ilusi\u00f3n de seguir avanzando\u201d, a\u00f1ade. La cooperativa ha publicado un <strong><span style=\"color: #ff0000;\"><a style=\"color: #ff0000;\" href=\"https:\/\/www.fagorautomation.com\/es\/biemh-2026-cinco-dias-de-innovacion-y-conexion\">mensaje de agradecimiento y fotos de la bienal<\/a><\/span><\/strong> en su p\u00e1gina web.<\/p>\n","protected":false},"excerpt":{"rendered":"<p>Fagor Automation vuelve a participar en la bienal internacional de la m\u00e1quina-herramienta que se celebra en el BEC de Barakaldo (Bizkaia). Su stand volvi\u00f3 a convertirse en un punto de&#8230;<\/p>\n","protected":false},"author":4,"featured_media":25664,"comment_status":"closed","ping_status":"open","sticky":false,"template":"","format":"standard","meta":{"footnotes":""},"categories":[87],"tags":[],"class_list":{"0":"post-25660","1":"post","2":"type-post","3":"status-publish","4":"format-standard","5":"has-post-thumbnail","7":"category-fagor-automation-3-es"},"yoast_head":"<!-- This site is optimized with the Yoast SEO plugin v27.4 - https:\/\/yoast.com\/product\/yoast-seo-wordpress\/ -->\n<title>Novedades y conectividad en la bienal de la m\u00e1quina-herramienta &#187; Grupo Fagor<\/title>\n<meta name=\"description\" content=\"Fagor Automation vuelve a participar en la bienal internacional de la m\u00e1quina-herramienta que se celebra en el BEC de Barakaldo (Bizkaia).\" \/>\n<meta name=\"robots\" content=\"index, follow, max-snippet:-1, max-image-preview:large, max-video-preview:-1\" \/>\n<link rel=\"canonical\" href=\"https:\/\/www.fagor.eus\/es\/fagor-automation-presenta-novedades-y-conectividad-en-la-bienal-de-la-maquina-herramienta\/\" \/>\n<meta property=\"og:locale\" content=\"es_ES\" \/>\n<meta property=\"og:type\" content=\"article\" \/>\n<meta property=\"og:title\" content=\"Novedades y conectividad en la bienal de la m\u00e1quina-herramienta &#187; Grupo Fagor\" \/>\n<meta property=\"og:description\" content=\"Fagor Automation vuelve a participar en la bienal internacional de la m\u00e1quina-herramienta que se celebra en el BEC de Barakaldo (Bizkaia).\" \/>\n<meta property=\"og:url\" content=\"https:\/\/www.fagor.eus\/es\/fagor-automation-presenta-novedades-y-conectividad-en-la-bienal-de-la-maquina-herramienta\/\" \/>\n<meta property=\"og:site_name\" content=\"FAGOR\" \/>\n<meta property=\"article:published_time\" content=\"2026-03-11T09:31:21+00:00\" \/>\n<meta property=\"article:modified_time\" content=\"2026-03-11T10:29:36+00:00\" \/>\n<meta property=\"og:image\" content=\"https:\/\/www.fagor.eus\/wp-content\/uploads\/2026\/03\/Fagor-Automation-bienal-2026-stand-2-1024x682.png\" \/>\n\t<meta property=\"og:image:width\" content=\"1024\" \/>\n\t<meta property=\"og:image:height\" content=\"682\" \/>\n\t<meta property=\"og:image:type\" content=\"image\/png\" \/>\n<meta name=\"author\" content=\"komunikazioa\" \/>\n<meta name=\"twitter:card\" content=\"summary_large_image\" \/>\n<meta name=\"twitter:creator\" content=\"@system\" \/>\n<meta name=\"twitter:site\" content=\"@FagorTaldea\" \/>\n<meta name=\"twitter:label1\" content=\"Escrito por\" \/>\n\t<meta name=\"twitter:data1\" content=\"komunikazioa\" \/>\n\t<meta name=\"twitter:label2\" content=\"Tiempo de lectura\" \/>\n\t<meta name=\"twitter:data2\" content=\"3 minutos\" \/>\n<script type=\"application\/ld+json\" class=\"yoast-schema-graph\">{\"@context\":\"https:\\\/\\\/schema.org\",\"@graph\":[{\"@type\":\"Article\",\"@id\":\"https:\\\/\\\/www.fagor.eus\\\/es\\\/fagor-automation-presenta-novedades-y-conectividad-en-la-bienal-de-la-maquina-herramienta\\\/#article\",\"isPartOf\":{\"@id\":\"https:\\\/\\\/www.fagor.eus\\\/es\\\/fagor-automation-presenta-novedades-y-conectividad-en-la-bienal-de-la-maquina-herramienta\\\/\"},\"author\":{\"name\":\"komunikazioa\",\"@id\":\"https:\\\/\\\/www.fagor.eus\\\/#\\\/schema\\\/person\\\/e09b7878906ad616c343aa3e5a83bc2f\"},\"headline\":\"Fagor Automation presenta novedades y conectividad en la bienal de la m\u00e1quina-herramienta\",\"datePublished\":\"2026-03-11T09:31:21+00:00\",\"dateModified\":\"2026-03-11T10:29:36+00:00\",\"mainEntityOfPage\":{\"@id\":\"https:\\\/\\\/www.fagor.eus\\\/es\\\/fagor-automation-presenta-novedades-y-conectividad-en-la-bienal-de-la-maquina-herramienta\\\/\"},\"wordCount\":587,\"image\":{\"@id\":\"https:\\\/\\\/www.fagor.eus\\\/es\\\/fagor-automation-presenta-novedades-y-conectividad-en-la-bienal-de-la-maquina-herramienta\\\/#primaryimage\"},\"thumbnailUrl\":\"https:\\\/\\\/www.fagor.eus\\\/wp-content\\\/uploads\\\/2026\\\/03\\\/Fagor-Automation-bienal-2026-stand-2.png\",\"articleSection\":[\"Fagor Automation\"],\"inLanguage\":\"es\"},{\"@type\":\"WebPage\",\"@id\":\"https:\\\/\\\/www.fagor.eus\\\/es\\\/fagor-automation-presenta-novedades-y-conectividad-en-la-bienal-de-la-maquina-herramienta\\\/\",\"url\":\"https:\\\/\\\/www.fagor.eus\\\/es\\\/fagor-automation-presenta-novedades-y-conectividad-en-la-bienal-de-la-maquina-herramienta\\\/\",\"name\":\"Novedades y conectividad en la bienal de la m\u00e1quina-herramienta &#187; Grupo Fagor\",\"isPartOf\":{\"@id\":\"https:\\\/\\\/www.fagor.eus\\\/#website\"},\"primaryImageOfPage\":{\"@id\":\"https:\\\/\\\/www.fagor.eus\\\/es\\\/fagor-automation-presenta-novedades-y-conectividad-en-la-bienal-de-la-maquina-herramienta\\\/#primaryimage\"},\"image\":{\"@id\":\"https:\\\/\\\/www.fagor.eus\\\/es\\\/fagor-automation-presenta-novedades-y-conectividad-en-la-bienal-de-la-maquina-herramienta\\\/#primaryimage\"},\"thumbnailUrl\":\"https:\\\/\\\/www.fagor.eus\\\/wp-content\\\/uploads\\\/2026\\\/03\\\/Fagor-Automation-bienal-2026-stand-2.png\",\"datePublished\":\"2026-03-11T09:31:21+00:00\",\"dateModified\":\"2026-03-11T10:29:36+00:00\",\"author\":{\"@id\":\"https:\\\/\\\/www.fagor.eus\\\/#\\\/schema\\\/person\\\/e09b7878906ad616c343aa3e5a83bc2f\"},\"description\":\"Fagor Automation vuelve a participar en la bienal internacional de la m\u00e1quina-herramienta que se celebra en el BEC de Barakaldo (Bizkaia).\",\"breadcrumb\":{\"@id\":\"https:\\\/\\\/www.fagor.eus\\\/es\\\/fagor-automation-presenta-novedades-y-conectividad-en-la-bienal-de-la-maquina-herramienta\\\/#breadcrumb\"},\"inLanguage\":\"es\",\"potentialAction\":[{\"@type\":\"ReadAction\",\"target\":[\"https:\\\/\\\/www.fagor.eus\\\/es\\\/fagor-automation-presenta-novedades-y-conectividad-en-la-bienal-de-la-maquina-herramienta\\\/\"]}]},{\"@type\":\"ImageObject\",\"inLanguage\":\"es\",\"@id\":\"https:\\\/\\\/www.fagor.eus\\\/es\\\/fagor-automation-presenta-novedades-y-conectividad-en-la-bienal-de-la-maquina-herramienta\\\/#primaryimage\",\"url\":\"https:\\\/\\\/www.fagor.eus\\\/wp-content\\\/uploads\\\/2026\\\/03\\\/Fagor-Automation-bienal-2026-stand-2.png\",\"contentUrl\":\"https:\\\/\\\/www.fagor.eus\\\/wp-content\\\/uploads\\\/2026\\\/03\\\/Fagor-Automation-bienal-2026-stand-2.png\",\"width\":2000,\"height\":1333},{\"@type\":\"BreadcrumbList\",\"@id\":\"https:\\\/\\\/www.fagor.eus\\\/es\\\/fagor-automation-presenta-novedades-y-conectividad-en-la-bienal-de-la-maquina-herramienta\\\/#breadcrumb\",\"itemListElement\":[{\"@type\":\"ListItem\",\"position\":1,\"name\":\"Home\",\"item\":\"https:\\\/\\\/www.fagor.eus\\\/es\\\/\"},{\"@type\":\"ListItem\",\"position\":2,\"name\":\"Fagor Automation presenta novedades y conectividad en la bienal de la m\u00e1quina-herramienta\"}]},{\"@type\":\"WebSite\",\"@id\":\"https:\\\/\\\/www.fagor.eus\\\/#website\",\"url\":\"https:\\\/\\\/www.fagor.eus\\\/\",\"name\":\"Fagor\",\"description\":\"Trabajando por un futuro mejor\",\"potentialAction\":[{\"@type\":\"SearchAction\",\"target\":{\"@type\":\"EntryPoint\",\"urlTemplate\":\"https:\\\/\\\/www.fagor.eus\\\/?s={search_term_string}\"},\"query-input\":{\"@type\":\"PropertyValueSpecification\",\"valueRequired\":true,\"valueName\":\"search_term_string\"}}],\"inLanguage\":\"es\"},{\"@type\":\"Person\",\"@id\":\"https:\\\/\\\/www.fagor.eus\\\/#\\\/schema\\\/person\\\/e09b7878906ad616c343aa3e5a83bc2f\",\"name\":\"komunikazioa\",\"image\":{\"@type\":\"ImageObject\",\"inLanguage\":\"es\",\"@id\":\"https:\\\/\\\/secure.gravatar.com\\\/avatar\\\/0c624a67c23ed6ff6fd4111959b9a1001016b57c6bebaecbec025adcaa081e6e?s=96&d=mm&r=g\",\"url\":\"https:\\\/\\\/secure.gravatar.com\\\/avatar\\\/0c624a67c23ed6ff6fd4111959b9a1001016b57c6bebaecbec025adcaa081e6e?s=96&d=mm&r=g\",\"contentUrl\":\"https:\\\/\\\/secure.gravatar.com\\\/avatar\\\/0c624a67c23ed6ff6fd4111959b9a1001016b57c6bebaecbec025adcaa081e6e?s=96&d=mm&r=g\",\"caption\":\"komunikazioa\"},\"sameAs\":[\"https:\\\/\\\/x.com\\\/system\"],\"url\":\"https:\\\/\\\/www.fagor.eus\\\/es\\\/author\\\/komunikazioa\\\/\"}]}<\/script>\n<!-- \/ Yoast SEO plugin. -->","yoast_head_json":{"title":"Novedades y conectividad en la bienal de la m\u00e1quina-herramienta &#187; Grupo Fagor","description":"Fagor Automation vuelve a participar en la bienal internacional de la m\u00e1quina-herramienta que se celebra en el BEC de Barakaldo (Bizkaia).","robots":{"index":"index","follow":"follow","max-snippet":"max-snippet:-1","max-image-preview":"max-image-preview:large","max-video-preview":"max-video-preview:-1"},"canonical":"https:\/\/www.fagor.eus\/es\/fagor-automation-presenta-novedades-y-conectividad-en-la-bienal-de-la-maquina-herramienta\/","og_locale":"es_ES","og_type":"article","og_title":"Novedades y conectividad en la bienal de la m\u00e1quina-herramienta &#187; Grupo Fagor","og_description":"Fagor Automation vuelve a participar en la bienal internacional de la m\u00e1quina-herramienta que se celebra en el BEC de Barakaldo (Bizkaia).","og_url":"https:\/\/www.fagor.eus\/es\/fagor-automation-presenta-novedades-y-conectividad-en-la-bienal-de-la-maquina-herramienta\/","og_site_name":"FAGOR","article_published_time":"2026-03-11T09:31:21+00:00","article_modified_time":"2026-03-11T10:29:36+00:00","og_image":[{"width":1024,"height":682,"url":"https:\/\/www.fagor.eus\/wp-content\/uploads\/2026\/03\/Fagor-Automation-bienal-2026-stand-2-1024x682.png","type":"image\/png"}],"author":"komunikazioa","twitter_card":"summary_large_image","twitter_creator":"@system","twitter_site":"@FagorTaldea","twitter_misc":{"Escrito por":"komunikazioa","Tiempo de lectura":"3 minutos"},"schema":{"@context":"https:\/\/schema.org","@graph":[{"@type":"Article","@id":"https:\/\/www.fagor.eus\/es\/fagor-automation-presenta-novedades-y-conectividad-en-la-bienal-de-la-maquina-herramienta\/#article","isPartOf":{"@id":"https:\/\/www.fagor.eus\/es\/fagor-automation-presenta-novedades-y-conectividad-en-la-bienal-de-la-maquina-herramienta\/"},"author":{"name":"komunikazioa","@id":"https:\/\/www.fagor.eus\/#\/schema\/person\/e09b7878906ad616c343aa3e5a83bc2f"},"headline":"Fagor Automation presenta novedades y conectividad en la bienal de la m\u00e1quina-herramienta","datePublished":"2026-03-11T09:31:21+00:00","dateModified":"2026-03-11T10:29:36+00:00","mainEntityOfPage":{"@id":"https:\/\/www.fagor.eus\/es\/fagor-automation-presenta-novedades-y-conectividad-en-la-bienal-de-la-maquina-herramienta\/"},"wordCount":587,"image":{"@id":"https:\/\/www.fagor.eus\/es\/fagor-automation-presenta-novedades-y-conectividad-en-la-bienal-de-la-maquina-herramienta\/#primaryimage"},"thumbnailUrl":"https:\/\/www.fagor.eus\/wp-content\/uploads\/2026\/03\/Fagor-Automation-bienal-2026-stand-2.png","articleSection":["Fagor Automation"],"inLanguage":"es"},{"@type":"WebPage","@id":"https:\/\/www.fagor.eus\/es\/fagor-automation-presenta-novedades-y-conectividad-en-la-bienal-de-la-maquina-herramienta\/","url":"https:\/\/www.fagor.eus\/es\/fagor-automation-presenta-novedades-y-conectividad-en-la-bienal-de-la-maquina-herramienta\/","name":"Novedades y conectividad en la bienal de la m\u00e1quina-herramienta &#187; Grupo Fagor","isPartOf":{"@id":"https:\/\/www.fagor.eus\/#website"},"primaryImageOfPage":{"@id":"https:\/\/www.fagor.eus\/es\/fagor-automation-presenta-novedades-y-conectividad-en-la-bienal-de-la-maquina-herramienta\/#primaryimage"},"image":{"@id":"https:\/\/www.fagor.eus\/es\/fagor-automation-presenta-novedades-y-conectividad-en-la-bienal-de-la-maquina-herramienta\/#primaryimage"},"thumbnailUrl":"https:\/\/www.fagor.eus\/wp-content\/uploads\/2026\/03\/Fagor-Automation-bienal-2026-stand-2.png","datePublished":"2026-03-11T09:31:21+00:00","dateModified":"2026-03-11T10:29:36+00:00","author":{"@id":"https:\/\/www.fagor.eus\/#\/schema\/person\/e09b7878906ad616c343aa3e5a83bc2f"},"description":"Fagor Automation vuelve a participar en la bienal internacional de la m\u00e1quina-herramienta que se celebra en el BEC de Barakaldo (Bizkaia).","breadcrumb":{"@id":"https:\/\/www.fagor.eus\/es\/fagor-automation-presenta-novedades-y-conectividad-en-la-bienal-de-la-maquina-herramienta\/#breadcrumb"},"inLanguage":"es","potentialAction":[{"@type":"ReadAction","target":["https:\/\/www.fagor.eus\/es\/fagor-automation-presenta-novedades-y-conectividad-en-la-bienal-de-la-maquina-herramienta\/"]}]},{"@type":"ImageObject","inLanguage":"es","@id":"https:\/\/www.fagor.eus\/es\/fagor-automation-presenta-novedades-y-conectividad-en-la-bienal-de-la-maquina-herramienta\/#primaryimage","url":"https:\/\/www.fagor.eus\/wp-content\/uploads\/2026\/03\/Fagor-Automation-bienal-2026-stand-2.png","contentUrl":"https:\/\/www.fagor.eus\/wp-content\/uploads\/2026\/03\/Fagor-Automation-bienal-2026-stand-2.png","width":2000,"height":1333},{"@type":"BreadcrumbList","@id":"https:\/\/www.fagor.eus\/es\/fagor-automation-presenta-novedades-y-conectividad-en-la-bienal-de-la-maquina-herramienta\/#breadcrumb","itemListElement":[{"@type":"ListItem","position":1,"name":"Home","item":"https:\/\/www.fagor.eus\/es\/"},{"@type":"ListItem","position":2,"name":"Fagor Automation presenta novedades y conectividad en la bienal de la m\u00e1quina-herramienta"}]},{"@type":"WebSite","@id":"https:\/\/www.fagor.eus\/#website","url":"https:\/\/www.fagor.eus\/","name":"Fagor","description":"Trabajando por un futuro mejor","potentialAction":[{"@type":"SearchAction","target":{"@type":"EntryPoint","urlTemplate":"https:\/\/www.fagor.eus\/?s={search_term_string}"},"query-input":{"@type":"PropertyValueSpecification","valueRequired":true,"valueName":"search_term_string"}}],"inLanguage":"es"},{"@type":"Person","@id":"https:\/\/www.fagor.eus\/#\/schema\/person\/e09b7878906ad616c343aa3e5a83bc2f","name":"komunikazioa","image":{"@type":"ImageObject","inLanguage":"es","@id":"https:\/\/secure.gravatar.com\/avatar\/0c624a67c23ed6ff6fd4111959b9a1001016b57c6bebaecbec025adcaa081e6e?s=96&d=mm&r=g","url":"https:\/\/secure.gravatar.com\/avatar\/0c624a67c23ed6ff6fd4111959b9a1001016b57c6bebaecbec025adcaa081e6e?s=96&d=mm&r=g","contentUrl":"https:\/\/secure.gravatar.com\/avatar\/0c624a67c23ed6ff6fd4111959b9a1001016b57c6bebaecbec025adcaa081e6e?s=96&d=mm&r=g","caption":"komunikazioa"},"sameAs":["https:\/\/x.com\/system"],"url":"https:\/\/www.fagor.eus\/es\/author\/komunikazioa\/"}]}},"_links":{"self":[{"href":"https:\/\/www.fagor.eus\/es\/wp-json\/wp\/v2\/posts\/25660","targetHints":{"allow":["GET"]}}],"collection":[{"href":"https:\/\/www.fagor.eus\/es\/wp-json\/wp\/v2\/posts"}],"about":[{"href":"https:\/\/www.fagor.eus\/es\/wp-json\/wp\/v2\/types\/post"}],"author":[{"embeddable":true,"href":"https:\/\/www.fagor.eus\/es\/wp-json\/wp\/v2\/users\/4"}],"replies":[{"embeddable":true,"href":"https:\/\/www.fagor.eus\/es\/wp-json\/wp\/v2\/comments?post=25660"}],"version-history":[{"count":1,"href":"https:\/\/www.fagor.eus\/es\/wp-json\/wp\/v2\/posts\/25660\/revisions"}],"predecessor-version":[{"id":25661,"href":"https:\/\/www.fagor.eus\/es\/wp-json\/wp\/v2\/posts\/25660\/revisions\/25661"}],"wp:featuredmedia":[{"embeddable":true,"href":"https:\/\/www.fagor.eus\/es\/wp-json\/wp\/v2\/media\/25664"}],"wp:attachment":[{"href":"https:\/\/www.fagor.eus\/es\/wp-json\/wp\/v2\/media?parent=25660"}],"wp:term":[{"taxonomy":"category","embeddable":true,"href":"https:\/\/www.fagor.eus\/es\/wp-json\/wp\/v2\/categories?post=25660"},{"taxonomy":"post_tag","embeddable":true,"href":"https:\/\/www.fagor.eus\/es\/wp-json\/wp\/v2\/tags?post=25660"}],"curies":[{"name":"wp","href":"https:\/\/api.w.org\/{rel}","templated":true}]}}