{"id":25633,"date":"2026-03-10T12:42:37","date_gmt":"2026-03-10T10:42:37","guid":{"rendered":"https:\/\/www.fagor.eus\/?p=25633"},"modified":"2026-03-11T11:56:54","modified_gmt":"2026-03-11T09:56:54","slug":"el-grupo-fagor-fuerte-e-ilusionado-se-une-a-la-korrika-24","status":"publish","type":"post","link":"https:\/\/www.fagor.eus\/es\/el-grupo-fagor-fuerte-e-ilusionado-se-une-a-la-korrika-24\/","title":{"rendered":"El Grupo Fagor, fuerte e ilusionado, se une a la 24\u00aa Korrika"},"content":{"rendered":"<p>Llega la iniciativa m\u00e1s gigante y emotiva a favor del euskera: Korrika. Como cada a\u00f1o, el Grupo Fagor no fallar\u00e1 y responder\u00e1 con firme compromiso a la llamada de toda una comunidad. Un a\u00f1o m\u00e1s, nos calzaremos y pasaremos el testigo de mano en mano, uni\u00e9ndonos a esta iniciativa popular y aportando desde nuestra identidad cooperativa.<\/p>\n<p><iframe loading=\"lazy\" title=\"YouTube video player\" src=\"https:\/\/www.youtube.com\/embed\/vsl0wW1fh60?si=sunU8mjrAlNu0WtZ\" width=\"560\" height=\"315\" frameborder=\"0\" allowfullscreen=\"allowfullscreen\"><\/iframe><\/p>\n<p><strong>La directiva del grupo Fagor, dispuesta a llevar el testigo<\/strong><\/p>\n<p>Entre los actos centrales cabe destacar la participaci\u00f3n directa de las gerencias de las cooperativas del Grupo Fagor. En nombre del Grupo, llevar\u00e1n el testigo en un kil\u00f3metro, representando el apoyo de Fagor y su adhesi\u00f3n a la normalizaci\u00f3n del euskera.<\/p>\n<p>He aqu\u00ed los detalles de la cita:<\/p>\n<ul>\n<li>D\u00eda: Viernes, 27 de marzo.<\/li>\n<li>Lugar: La Puebla de Arganz\u00f3n, \u00c1lava.<\/li>\n<li>Hora: Hacia las 18:10 horas.<\/li>\n<\/ul>\n<p><strong>Cada cooperativa, en su pueblo y con su gente<\/strong><\/p>\n<p>Adem\u00e1s del kil\u00f3metro conjunto del Grupo Fagor, cada cooperativa ha vuelto a hacer un esfuerzo especial y ha adquirido kil\u00f3metros propios en diferentes localidades.<\/p>\n<ul>\n<li>Grupo Fagor: Arrasate y La Puebla de Arganz\u00f3n.<\/li>\n<li>Fagor Arrasate: Donostia, Markina y Zamudio.<\/li>\n<li>Fagor Automation: Usurbil.<\/li>\n<li>Fagor Ederlan: Arrasate, Eskoriatza y Usurbil.<\/li>\n<li>Fagor Electr\u00f3nica: Arrasate.<\/li>\n<li>Copreci: Aretxabaleta y Alsasua.<\/li>\n<li>Mondragon Assembly: Aretxabaleta.<\/li>\n<li>Onnera Group: O\u00f1ati.<\/li>\n<\/ul>\n<p>Estos kil\u00f3metros son una forma de reforzar nuestra conexi\u00f3n con los pueblos y personas socias de nuestro entorno para que el mensaje de Korrika se extienda tambi\u00e9n cerca de nuestros centros de trabajo.<\/p>\n<p><strong>\u00a1Llamamiento para ir a la Korrika!<\/strong><\/p>\n<p>Un a\u00f1o m\u00e1s, os animamos a participar en la Korrika. Es el momento de llenar de euskaldunes las calles y carreteras de nuestros pueblos. Asimismo, os hacemos un llamamiento especial para participar en los kil\u00f3metros adquiridos por las cooperativas.<\/p>\n<p>\u00a1Gora Korrika eta gora euskara!<\/p>\n","protected":false},"excerpt":{"rendered":"<p>Llega la iniciativa m\u00e1s gigante y emotiva a favor del euskera: Korrika. Como cada a\u00f1o, el Grupo Fagor no fallar\u00e1 y responder\u00e1 con firme compromiso a la llamada de toda&#8230;<\/p>\n","protected":false},"author":23,"featured_media":25642,"comment_status":"closed","ping_status":"open","sticky":false,"template":"","format":"standard","meta":{"footnotes":""},"categories":[125],"tags":[],"class_list":{"0":"post-25633","1":"post","2":"type-post","3":"status-publish","4":"format-standard","5":"has-post-thumbnail","7":"category-boletin"},"yoast_head":"<!-- This site is optimized with the Yoast SEO plugin v27.4 - https:\/\/yoast.com\/product\/yoast-seo-wordpress\/ -->\n<title>El Grupo Fagor, fuerte e ilusionado, se une a la 24\u00aa Korrika &#187; FAGOR Trabajando por un futuro mejor<\/title>\n<meta name=\"robots\" content=\"index, follow, max-snippet:-1, max-image-preview:large, max-video-preview:-1\" \/>\n<link rel=\"canonical\" href=\"https:\/\/www.fagor.eus\/es\/el-grupo-fagor-fuerte-e-ilusionado-se-une-a-la-korrika-24\/\" \/>\n<meta property=\"og:locale\" content=\"es_ES\" \/>\n<meta property=\"og:type\" content=\"article\" \/>\n<meta property=\"og:title\" content=\"El Grupo Fagor, fuerte e ilusionado, se une a la 24\u00aa Korrika &#187; FAGOR Trabajando por un futuro mejor\" \/>\n<meta property=\"og:description\" content=\"Llega la iniciativa m\u00e1s gigante y emotiva a favor del euskera: Korrika. Como cada a\u00f1o, el Grupo Fagor no fallar\u00e1 y responder\u00e1 con firme compromiso a la llamada de toda...\" \/>\n<meta property=\"og:url\" content=\"https:\/\/www.fagor.eus\/es\/el-grupo-fagor-fuerte-e-ilusionado-se-une-a-la-korrika-24\/\" \/>\n<meta property=\"og:site_name\" content=\"FAGOR\" \/>\n<meta property=\"article:published_time\" content=\"2026-03-10T10:42:37+00:00\" \/>\n<meta property=\"article:modified_time\" content=\"2026-03-11T09:56:54+00:00\" \/>\n<meta property=\"og:image\" content=\"https:\/\/www.fagor.eus\/wp-content\/uploads\/2026\/03\/lekukoa-2000.1333-1024x682.png\" \/>\n\t<meta property=\"og:image:width\" content=\"1024\" \/>\n\t<meta property=\"og:image:height\" content=\"682\" \/>\n\t<meta property=\"og:image:type\" content=\"image\/png\" \/>\n<meta name=\"author\" content=\"fagoriko\" \/>\n<meta name=\"twitter:card\" content=\"summary_large_image\" \/>\n<meta name=\"twitter:creator\" content=\"@FagorTaldea\" \/>\n<meta name=\"twitter:site\" content=\"@FagorTaldea\" \/>\n<meta name=\"twitter:label1\" content=\"Escrito por\" \/>\n\t<meta name=\"twitter:data1\" content=\"fagoriko\" \/>\n\t<meta name=\"twitter:label2\" content=\"Tiempo de lectura\" \/>\n\t<meta name=\"twitter:data2\" content=\"2 minutos\" \/>\n<script type=\"application\/ld+json\" class=\"yoast-schema-graph\">{\"@context\":\"https:\\\/\\\/schema.org\",\"@graph\":[{\"@type\":\"Article\",\"@id\":\"https:\\\/\\\/www.fagor.eus\\\/es\\\/el-grupo-fagor-fuerte-e-ilusionado-se-une-a-la-korrika-24\\\/#article\",\"isPartOf\":{\"@id\":\"https:\\\/\\\/www.fagor.eus\\\/es\\\/el-grupo-fagor-fuerte-e-ilusionado-se-une-a-la-korrika-24\\\/\"},\"author\":{\"name\":\"fagoriko\",\"@id\":\"https:\\\/\\\/www.fagor.eus\\\/#\\\/schema\\\/person\\\/98c9df1cb3cebeb681a4b4d80dc4fbf5\"},\"headline\":\"El Grupo Fagor, fuerte e ilusionado, se une a la 24\u00aa Korrika\",\"datePublished\":\"2026-03-10T10:42:37+00:00\",\"dateModified\":\"2026-03-11T09:56:54+00:00\",\"mainEntityOfPage\":{\"@id\":\"https:\\\/\\\/www.fagor.eus\\\/es\\\/el-grupo-fagor-fuerte-e-ilusionado-se-une-a-la-korrika-24\\\/\"},\"wordCount\":315,\"image\":{\"@id\":\"https:\\\/\\\/www.fagor.eus\\\/es\\\/el-grupo-fagor-fuerte-e-ilusionado-se-une-a-la-korrika-24\\\/#primaryimage\"},\"thumbnailUrl\":\"https:\\\/\\\/www.fagor.eus\\\/wp-content\\\/uploads\\\/2026\\\/03\\\/lekukoa-2000.1333.png\",\"articleSection\":[\"Bolet\u00edn\"],\"inLanguage\":\"es\"},{\"@type\":\"WebPage\",\"@id\":\"https:\\\/\\\/www.fagor.eus\\\/es\\\/el-grupo-fagor-fuerte-e-ilusionado-se-une-a-la-korrika-24\\\/\",\"url\":\"https:\\\/\\\/www.fagor.eus\\\/es\\\/el-grupo-fagor-fuerte-e-ilusionado-se-une-a-la-korrika-24\\\/\",\"name\":\"El Grupo Fagor, fuerte e ilusionado, se une a la 24\u00aa Korrika &#187; FAGOR Trabajando por un futuro mejor\",\"isPartOf\":{\"@id\":\"https:\\\/\\\/www.fagor.eus\\\/#website\"},\"primaryImageOfPage\":{\"@id\":\"https:\\\/\\\/www.fagor.eus\\\/es\\\/el-grupo-fagor-fuerte-e-ilusionado-se-une-a-la-korrika-24\\\/#primaryimage\"},\"image\":{\"@id\":\"https:\\\/\\\/www.fagor.eus\\\/es\\\/el-grupo-fagor-fuerte-e-ilusionado-se-une-a-la-korrika-24\\\/#primaryimage\"},\"thumbnailUrl\":\"https:\\\/\\\/www.fagor.eus\\\/wp-content\\\/uploads\\\/2026\\\/03\\\/lekukoa-2000.1333.png\",\"datePublished\":\"2026-03-10T10:42:37+00:00\",\"dateModified\":\"2026-03-11T09:56:54+00:00\",\"author\":{\"@id\":\"https:\\\/\\\/www.fagor.eus\\\/#\\\/schema\\\/person\\\/98c9df1cb3cebeb681a4b4d80dc4fbf5\"},\"breadcrumb\":{\"@id\":\"https:\\\/\\\/www.fagor.eus\\\/es\\\/el-grupo-fagor-fuerte-e-ilusionado-se-une-a-la-korrika-24\\\/#breadcrumb\"},\"inLanguage\":\"es\",\"potentialAction\":[{\"@type\":\"ReadAction\",\"target\":[\"https:\\\/\\\/www.fagor.eus\\\/es\\\/el-grupo-fagor-fuerte-e-ilusionado-se-une-a-la-korrika-24\\\/\"]}]},{\"@type\":\"ImageObject\",\"inLanguage\":\"es\",\"@id\":\"https:\\\/\\\/www.fagor.eus\\\/es\\\/el-grupo-fagor-fuerte-e-ilusionado-se-une-a-la-korrika-24\\\/#primaryimage\",\"url\":\"https:\\\/\\\/www.fagor.eus\\\/wp-content\\\/uploads\\\/2026\\\/03\\\/lekukoa-2000.1333.png\",\"contentUrl\":\"https:\\\/\\\/www.fagor.eus\\\/wp-content\\\/uploads\\\/2026\\\/03\\\/lekukoa-2000.1333.png\",\"width\":2000,\"height\":1333,\"caption\":\"24. Korrika Fagor\"},{\"@type\":\"BreadcrumbList\",\"@id\":\"https:\\\/\\\/www.fagor.eus\\\/es\\\/el-grupo-fagor-fuerte-e-ilusionado-se-une-a-la-korrika-24\\\/#breadcrumb\",\"itemListElement\":[{\"@type\":\"ListItem\",\"position\":1,\"name\":\"Home\",\"item\":\"https:\\\/\\\/www.fagor.eus\\\/es\\\/\"},{\"@type\":\"ListItem\",\"position\":2,\"name\":\"El Grupo Fagor, fuerte e ilusionado, se une a la 24\u00aa Korrika\"}]},{\"@type\":\"WebSite\",\"@id\":\"https:\\\/\\\/www.fagor.eus\\\/#website\",\"url\":\"https:\\\/\\\/www.fagor.eus\\\/\",\"name\":\"Fagor\",\"description\":\"Trabajando por un futuro mejor\",\"potentialAction\":[{\"@type\":\"SearchAction\",\"target\":{\"@type\":\"EntryPoint\",\"urlTemplate\":\"https:\\\/\\\/www.fagor.eus\\\/?s={search_term_string}\"},\"query-input\":{\"@type\":\"PropertyValueSpecification\",\"valueRequired\":true,\"valueName\":\"search_term_string\"}}],\"inLanguage\":\"es\"},{\"@type\":\"Person\",\"@id\":\"https:\\\/\\\/www.fagor.eus\\\/#\\\/schema\\\/person\\\/98c9df1cb3cebeb681a4b4d80dc4fbf5\",\"name\":\"fagoriko\",\"image\":{\"@type\":\"ImageObject\",\"inLanguage\":\"es\",\"@id\":\"https:\\\/\\\/secure.gravatar.com\\\/avatar\\\/b360c2f7d7efd766ef528f934614f0978dc67e91ad991663263d694646e508fd?s=96&d=mm&r=g\",\"url\":\"https:\\\/\\\/secure.gravatar.com\\\/avatar\\\/b360c2f7d7efd766ef528f934614f0978dc67e91ad991663263d694646e508fd?s=96&d=mm&r=g\",\"contentUrl\":\"https:\\\/\\\/secure.gravatar.com\\\/avatar\\\/b360c2f7d7efd766ef528f934614f0978dc67e91ad991663263d694646e508fd?s=96&d=mm&r=g\",\"caption\":\"fagoriko\"},\"url\":\"https:\\\/\\\/www.fagor.eus\\\/es\\\/author\\\/fagor-iko\\\/\"}]}<\/script>\n<!-- \/ Yoast SEO plugin. -->","yoast_head_json":{"title":"El Grupo Fagor, fuerte e ilusionado, se une a la 24\u00aa Korrika &#187; FAGOR Trabajando por un futuro mejor","robots":{"index":"index","follow":"follow","max-snippet":"max-snippet:-1","max-image-preview":"max-image-preview:large","max-video-preview":"max-video-preview:-1"},"canonical":"https:\/\/www.fagor.eus\/es\/el-grupo-fagor-fuerte-e-ilusionado-se-une-a-la-korrika-24\/","og_locale":"es_ES","og_type":"article","og_title":"El Grupo Fagor, fuerte e ilusionado, se une a la 24\u00aa Korrika &#187; FAGOR Trabajando por un futuro mejor","og_description":"Llega la iniciativa m\u00e1s gigante y emotiva a favor del euskera: Korrika. Como cada a\u00f1o, el Grupo Fagor no fallar\u00e1 y responder\u00e1 con firme compromiso a la llamada de toda...","og_url":"https:\/\/www.fagor.eus\/es\/el-grupo-fagor-fuerte-e-ilusionado-se-une-a-la-korrika-24\/","og_site_name":"FAGOR","article_published_time":"2026-03-10T10:42:37+00:00","article_modified_time":"2026-03-11T09:56:54+00:00","og_image":[{"width":1024,"height":682,"url":"https:\/\/www.fagor.eus\/wp-content\/uploads\/2026\/03\/lekukoa-2000.1333-1024x682.png","type":"image\/png"}],"author":"fagoriko","twitter_card":"summary_large_image","twitter_creator":"@FagorTaldea","twitter_site":"@FagorTaldea","twitter_misc":{"Escrito por":"fagoriko","Tiempo de lectura":"2 minutos"},"schema":{"@context":"https:\/\/schema.org","@graph":[{"@type":"Article","@id":"https:\/\/www.fagor.eus\/es\/el-grupo-fagor-fuerte-e-ilusionado-se-une-a-la-korrika-24\/#article","isPartOf":{"@id":"https:\/\/www.fagor.eus\/es\/el-grupo-fagor-fuerte-e-ilusionado-se-une-a-la-korrika-24\/"},"author":{"name":"fagoriko","@id":"https:\/\/www.fagor.eus\/#\/schema\/person\/98c9df1cb3cebeb681a4b4d80dc4fbf5"},"headline":"El Grupo Fagor, fuerte e ilusionado, se une a la 24\u00aa Korrika","datePublished":"2026-03-10T10:42:37+00:00","dateModified":"2026-03-11T09:56:54+00:00","mainEntityOfPage":{"@id":"https:\/\/www.fagor.eus\/es\/el-grupo-fagor-fuerte-e-ilusionado-se-une-a-la-korrika-24\/"},"wordCount":315,"image":{"@id":"https:\/\/www.fagor.eus\/es\/el-grupo-fagor-fuerte-e-ilusionado-se-une-a-la-korrika-24\/#primaryimage"},"thumbnailUrl":"https:\/\/www.fagor.eus\/wp-content\/uploads\/2026\/03\/lekukoa-2000.1333.png","articleSection":["Bolet\u00edn"],"inLanguage":"es"},{"@type":"WebPage","@id":"https:\/\/www.fagor.eus\/es\/el-grupo-fagor-fuerte-e-ilusionado-se-une-a-la-korrika-24\/","url":"https:\/\/www.fagor.eus\/es\/el-grupo-fagor-fuerte-e-ilusionado-se-une-a-la-korrika-24\/","name":"El Grupo Fagor, fuerte e ilusionado, se une a la 24\u00aa Korrika &#187; FAGOR Trabajando por un futuro mejor","isPartOf":{"@id":"https:\/\/www.fagor.eus\/#website"},"primaryImageOfPage":{"@id":"https:\/\/www.fagor.eus\/es\/el-grupo-fagor-fuerte-e-ilusionado-se-une-a-la-korrika-24\/#primaryimage"},"image":{"@id":"https:\/\/www.fagor.eus\/es\/el-grupo-fagor-fuerte-e-ilusionado-se-une-a-la-korrika-24\/#primaryimage"},"thumbnailUrl":"https:\/\/www.fagor.eus\/wp-content\/uploads\/2026\/03\/lekukoa-2000.1333.png","datePublished":"2026-03-10T10:42:37+00:00","dateModified":"2026-03-11T09:56:54+00:00","author":{"@id":"https:\/\/www.fagor.eus\/#\/schema\/person\/98c9df1cb3cebeb681a4b4d80dc4fbf5"},"breadcrumb":{"@id":"https:\/\/www.fagor.eus\/es\/el-grupo-fagor-fuerte-e-ilusionado-se-une-a-la-korrika-24\/#breadcrumb"},"inLanguage":"es","potentialAction":[{"@type":"ReadAction","target":["https:\/\/www.fagor.eus\/es\/el-grupo-fagor-fuerte-e-ilusionado-se-une-a-la-korrika-24\/"]}]},{"@type":"ImageObject","inLanguage":"es","@id":"https:\/\/www.fagor.eus\/es\/el-grupo-fagor-fuerte-e-ilusionado-se-une-a-la-korrika-24\/#primaryimage","url":"https:\/\/www.fagor.eus\/wp-content\/uploads\/2026\/03\/lekukoa-2000.1333.png","contentUrl":"https:\/\/www.fagor.eus\/wp-content\/uploads\/2026\/03\/lekukoa-2000.1333.png","width":2000,"height":1333,"caption":"24. Korrika Fagor"},{"@type":"BreadcrumbList","@id":"https:\/\/www.fagor.eus\/es\/el-grupo-fagor-fuerte-e-ilusionado-se-une-a-la-korrika-24\/#breadcrumb","itemListElement":[{"@type":"ListItem","position":1,"name":"Home","item":"https:\/\/www.fagor.eus\/es\/"},{"@type":"ListItem","position":2,"name":"El Grupo Fagor, fuerte e ilusionado, se une a la 24\u00aa Korrika"}]},{"@type":"WebSite","@id":"https:\/\/www.fagor.eus\/#website","url":"https:\/\/www.fagor.eus\/","name":"Fagor","description":"Trabajando por un futuro mejor","potentialAction":[{"@type":"SearchAction","target":{"@type":"EntryPoint","urlTemplate":"https:\/\/www.fagor.eus\/?s={search_term_string}"},"query-input":{"@type":"PropertyValueSpecification","valueRequired":true,"valueName":"search_term_string"}}],"inLanguage":"es"},{"@type":"Person","@id":"https:\/\/www.fagor.eus\/#\/schema\/person\/98c9df1cb3cebeb681a4b4d80dc4fbf5","name":"fagoriko","image":{"@type":"ImageObject","inLanguage":"es","@id":"https:\/\/secure.gravatar.com\/avatar\/b360c2f7d7efd766ef528f934614f0978dc67e91ad991663263d694646e508fd?s=96&d=mm&r=g","url":"https:\/\/secure.gravatar.com\/avatar\/b360c2f7d7efd766ef528f934614f0978dc67e91ad991663263d694646e508fd?s=96&d=mm&r=g","contentUrl":"https:\/\/secure.gravatar.com\/avatar\/b360c2f7d7efd766ef528f934614f0978dc67e91ad991663263d694646e508fd?s=96&d=mm&r=g","caption":"fagoriko"},"url":"https:\/\/www.fagor.eus\/es\/author\/fagor-iko\/"}]}},"_links":{"self":[{"href":"https:\/\/www.fagor.eus\/es\/wp-json\/wp\/v2\/posts\/25633","targetHints":{"allow":["GET"]}}],"collection":[{"href":"https:\/\/www.fagor.eus\/es\/wp-json\/wp\/v2\/posts"}],"about":[{"href":"https:\/\/www.fagor.eus\/es\/wp-json\/wp\/v2\/types\/post"}],"author":[{"embeddable":true,"href":"https:\/\/www.fagor.eus\/es\/wp-json\/wp\/v2\/users\/23"}],"replies":[{"embeddable":true,"href":"https:\/\/www.fagor.eus\/es\/wp-json\/wp\/v2\/comments?post=25633"}],"version-history":[{"count":10,"href":"https:\/\/www.fagor.eus\/es\/wp-json\/wp\/v2\/posts\/25633\/revisions"}],"predecessor-version":[{"id":25663,"href":"https:\/\/www.fagor.eus\/es\/wp-json\/wp\/v2\/posts\/25633\/revisions\/25663"}],"wp:featuredmedia":[{"embeddable":true,"href":"https:\/\/www.fagor.eus\/es\/wp-json\/wp\/v2\/media\/25642"}],"wp:attachment":[{"href":"https:\/\/www.fagor.eus\/es\/wp-json\/wp\/v2\/media?parent=25633"}],"wp:term":[{"taxonomy":"category","embeddable":true,"href":"https:\/\/www.fagor.eus\/es\/wp-json\/wp\/v2\/categories?post=25633"},{"taxonomy":"post_tag","embeddable":true,"href":"https:\/\/www.fagor.eus\/es\/wp-json\/wp\/v2\/tags?post=25633"}],"curies":[{"name":"wp","href":"https:\/\/api.w.org\/{rel}","templated":true}]}}