{"id":25621,"date":"2026-03-10T11:00:30","date_gmt":"2026-03-10T09:00:30","guid":{"rendered":"https:\/\/www.fagor.eus\/?p=25621"},"modified":"2026-03-24T18:14:29","modified_gmt":"2026-03-24T16:14:29","slug":"la-agencia-vasca-spri-entrevista-al-director-general-de-galbaian","status":"publish","type":"post","link":"https:\/\/www.fagor.eus\/es\/la-agencia-vasca-spri-entrevista-al-director-general-de-galbaian\/","title":{"rendered":"Spri entrevista al director general de Galbaian sobre las patentes"},"content":{"rendered":"<p>Sin limitarse al registro de patentes y marcas, <span style=\"color: #ff0000;\"><a style=\"color: #ff0000;\" href=\"https:\/\/www.fagor.eus\/es\/galbaian\/\">Galbaian<\/a><\/span>, cooperativa del Grupo Fagor, asesora en modelos de utilidad, dise\u00f1os industriales, marcas, secretos empresariales y derechos de autor, con un enfoque estrat\u00e9gico. Aprovechando su participaci\u00f3n como ponente de la mesa redonda sobre patentes celebrado en el VIII Congreso Nacional de Industria que tuvo lugar en Bilbo (Bizkaia), la Agencia Vasca de Desarrollo Empresarial Spri entrevist\u00f3 a Ismael Igartua Irizar, director general de Galbaian, para el <em>Blog de la empresa vasca<\/em>.<\/p>\n<p>\u201cLas patentes juegan un papel clave dentro de la estrategia de innovaci\u00f3n empresarial. En el caso de las peque\u00f1as empresas industriales que comienzan a innovar, por ejemplo, es importante integrar la propiedad industrial desde el inicio\u201d, explica el director general de Galbaian. El objetivo de la cooperativa es proteger la propuesta de valor de las asociaciones y empresas mediante las patentes.<\/p>\n<p><strong>Desarrollo de proyectos<\/strong><\/p>\n<p>Igartua tambi\u00e9n ha hablado sobre el lugar que deben tener las patentes en el desarrollo de proyectos. Seg\u00fan \u00e9l, hay que tenerlas en cuenta en tres momentos fundamentales del proyecto: al inicio, mediante b\u00fasquedas de patentes para conocer el estado de la t\u00e9cnica; durante el desarrollo, con un an\u00e1lisis de libertad de operaci\u00f3n; y antes del lanzamiento del mercado, evaluando qu\u00e9 aspectos t\u00e9cnicos merece la pena proteger. Asimismo, destaca la importancia de mantener la confidencialidad de los desarrollos hasta presentar la solicitud de patente, ya que la novedad mundial es el primero de los requisitos de patentabilidad.<\/p>\n<p><iframe loading=\"lazy\" title=\"YouTube video player\" src=\"https:\/\/www.youtube.com\/embed\/YjADpRiqwos?si=Kv5bUhAC0VprM0da\" width=\"560\" height=\"315\" frameborder=\"0\" allowfullscreen=\"allowfullscreen\"><\/iframe><\/p>\n","protected":false},"excerpt":{"rendered":"<p>Sin limitarse al registro de patentes y marcas, Galbaian, cooperativa del Grupo Fagor, asesora en modelos de utilidad, dise\u00f1os industriales, marcas, secretos empresariales y derechos de autor, con un enfoque&#8230;<\/p>\n","protected":false},"author":23,"featured_media":25619,"comment_status":"closed","ping_status":"open","sticky":false,"template":"","format":"standard","meta":{"footnotes":""},"categories":[98],"tags":[],"class_list":{"0":"post-25621","1":"post","2":"type-post","3":"status-publish","4":"format-standard","5":"has-post-thumbnail","7":"category-galbaian-es"},"yoast_head":"<!-- This site is optimized with the Yoast SEO plugin v27.4 - https:\/\/yoast.com\/product\/yoast-seo-wordpress\/ -->\n<title>Spri entrevista al director general de Galbaian para hablar sobre las patentes &#187; Grupo Fagor<\/title>\n<meta name=\"description\" content=\"En el contexto del VIII Congreso Nacional de Industria, Spri entrevista al director general de Galbaian para hablar sobre las patentes.\" \/>\n<meta name=\"robots\" content=\"index, follow, max-snippet:-1, max-image-preview:large, max-video-preview:-1\" \/>\n<link rel=\"canonical\" href=\"https:\/\/www.fagor.eus\/es\/la-agencia-vasca-spri-entrevista-al-director-general-de-galbaian\/\" \/>\n<meta property=\"og:locale\" content=\"es_ES\" \/>\n<meta property=\"og:type\" content=\"article\" \/>\n<meta property=\"og:title\" content=\"Spri entrevista al director general de Galbaian para hablar sobre las patentes &#187; Grupo Fagor\" \/>\n<meta property=\"og:description\" content=\"En el contexto del VIII Congreso Nacional de Industria, Spri entrevista al director general de Galbaian para hablar sobre las patentes.\" \/>\n<meta property=\"og:url\" content=\"https:\/\/www.fagor.eus\/es\/la-agencia-vasca-spri-entrevista-al-director-general-de-galbaian\/\" \/>\n<meta property=\"og:site_name\" content=\"FAGOR\" \/>\n<meta property=\"article:published_time\" content=\"2026-03-10T09:00:30+00:00\" \/>\n<meta property=\"article:modified_time\" content=\"2026-03-24T16:14:29+00:00\" \/>\n<meta property=\"og:image\" content=\"https:\/\/www.fagor.eus\/wp-content\/uploads\/2026\/03\/Spri-Galbaian-1024x682.png\" \/>\n\t<meta property=\"og:image:width\" content=\"1024\" \/>\n\t<meta property=\"og:image:height\" content=\"682\" \/>\n\t<meta property=\"og:image:type\" content=\"image\/png\" \/>\n<meta name=\"author\" content=\"fagoriko\" \/>\n<meta name=\"twitter:card\" content=\"summary_large_image\" \/>\n<meta name=\"twitter:creator\" content=\"@FagorTaldea\" \/>\n<meta name=\"twitter:site\" content=\"@FagorTaldea\" \/>\n<meta name=\"twitter:label1\" content=\"Escrito por\" \/>\n\t<meta name=\"twitter:data1\" content=\"fagoriko\" \/>\n\t<meta name=\"twitter:label2\" content=\"Tiempo de lectura\" \/>\n\t<meta name=\"twitter:data2\" content=\"2 minutos\" \/>\n<script type=\"application\/ld+json\" class=\"yoast-schema-graph\">{\"@context\":\"https:\\\/\\\/schema.org\",\"@graph\":[{\"@type\":\"Article\",\"@id\":\"https:\\\/\\\/www.fagor.eus\\\/es\\\/la-agencia-vasca-spri-entrevista-al-director-general-de-galbaian\\\/#article\",\"isPartOf\":{\"@id\":\"https:\\\/\\\/www.fagor.eus\\\/es\\\/la-agencia-vasca-spri-entrevista-al-director-general-de-galbaian\\\/\"},\"author\":{\"name\":\"fagoriko\",\"@id\":\"https:\\\/\\\/www.fagor.eus\\\/#\\\/schema\\\/person\\\/98c9df1cb3cebeb681a4b4d80dc4fbf5\"},\"headline\":\"Spri entrevista al director general de Galbaian sobre las patentes\",\"datePublished\":\"2026-03-10T09:00:30+00:00\",\"dateModified\":\"2026-03-24T16:14:29+00:00\",\"mainEntityOfPage\":{\"@id\":\"https:\\\/\\\/www.fagor.eus\\\/es\\\/la-agencia-vasca-spri-entrevista-al-director-general-de-galbaian\\\/\"},\"wordCount\":262,\"image\":{\"@id\":\"https:\\\/\\\/www.fagor.eus\\\/es\\\/la-agencia-vasca-spri-entrevista-al-director-general-de-galbaian\\\/#primaryimage\"},\"thumbnailUrl\":\"https:\\\/\\\/www.fagor.eus\\\/wp-content\\\/uploads\\\/2026\\\/03\\\/Spri-Galbaian.png\",\"articleSection\":[\"Galbaian\"],\"inLanguage\":\"es\"},{\"@type\":\"WebPage\",\"@id\":\"https:\\\/\\\/www.fagor.eus\\\/es\\\/la-agencia-vasca-spri-entrevista-al-director-general-de-galbaian\\\/\",\"url\":\"https:\\\/\\\/www.fagor.eus\\\/es\\\/la-agencia-vasca-spri-entrevista-al-director-general-de-galbaian\\\/\",\"name\":\"Spri entrevista al director general de Galbaian para hablar sobre las patentes &#187; Grupo Fagor\",\"isPartOf\":{\"@id\":\"https:\\\/\\\/www.fagor.eus\\\/#website\"},\"primaryImageOfPage\":{\"@id\":\"https:\\\/\\\/www.fagor.eus\\\/es\\\/la-agencia-vasca-spri-entrevista-al-director-general-de-galbaian\\\/#primaryimage\"},\"image\":{\"@id\":\"https:\\\/\\\/www.fagor.eus\\\/es\\\/la-agencia-vasca-spri-entrevista-al-director-general-de-galbaian\\\/#primaryimage\"},\"thumbnailUrl\":\"https:\\\/\\\/www.fagor.eus\\\/wp-content\\\/uploads\\\/2026\\\/03\\\/Spri-Galbaian.png\",\"datePublished\":\"2026-03-10T09:00:30+00:00\",\"dateModified\":\"2026-03-24T16:14:29+00:00\",\"author\":{\"@id\":\"https:\\\/\\\/www.fagor.eus\\\/#\\\/schema\\\/person\\\/98c9df1cb3cebeb681a4b4d80dc4fbf5\"},\"description\":\"En el contexto del VIII Congreso Nacional de Industria, Spri entrevista al director general de Galbaian para hablar sobre las patentes.\",\"breadcrumb\":{\"@id\":\"https:\\\/\\\/www.fagor.eus\\\/es\\\/la-agencia-vasca-spri-entrevista-al-director-general-de-galbaian\\\/#breadcrumb\"},\"inLanguage\":\"es\",\"potentialAction\":[{\"@type\":\"ReadAction\",\"target\":[\"https:\\\/\\\/www.fagor.eus\\\/es\\\/la-agencia-vasca-spri-entrevista-al-director-general-de-galbaian\\\/\"]}]},{\"@type\":\"ImageObject\",\"inLanguage\":\"es\",\"@id\":\"https:\\\/\\\/www.fagor.eus\\\/es\\\/la-agencia-vasca-spri-entrevista-al-director-general-de-galbaian\\\/#primaryimage\",\"url\":\"https:\\\/\\\/www.fagor.eus\\\/wp-content\\\/uploads\\\/2026\\\/03\\\/Spri-Galbaian.png\",\"contentUrl\":\"https:\\\/\\\/www.fagor.eus\\\/wp-content\\\/uploads\\\/2026\\\/03\\\/Spri-Galbaian.png\",\"width\":2000,\"height\":1333,\"caption\":\"Spri Galbaian\"},{\"@type\":\"BreadcrumbList\",\"@id\":\"https:\\\/\\\/www.fagor.eus\\\/es\\\/la-agencia-vasca-spri-entrevista-al-director-general-de-galbaian\\\/#breadcrumb\",\"itemListElement\":[{\"@type\":\"ListItem\",\"position\":1,\"name\":\"Home\",\"item\":\"https:\\\/\\\/www.fagor.eus\\\/es\\\/\"},{\"@type\":\"ListItem\",\"position\":2,\"name\":\"Spri entrevista al director general de Galbaian sobre las patentes\"}]},{\"@type\":\"WebSite\",\"@id\":\"https:\\\/\\\/www.fagor.eus\\\/#website\",\"url\":\"https:\\\/\\\/www.fagor.eus\\\/\",\"name\":\"Fagor\",\"description\":\"Trabajando por un futuro mejor\",\"potentialAction\":[{\"@type\":\"SearchAction\",\"target\":{\"@type\":\"EntryPoint\",\"urlTemplate\":\"https:\\\/\\\/www.fagor.eus\\\/?s={search_term_string}\"},\"query-input\":{\"@type\":\"PropertyValueSpecification\",\"valueRequired\":true,\"valueName\":\"search_term_string\"}}],\"inLanguage\":\"es\"},{\"@type\":\"Person\",\"@id\":\"https:\\\/\\\/www.fagor.eus\\\/#\\\/schema\\\/person\\\/98c9df1cb3cebeb681a4b4d80dc4fbf5\",\"name\":\"fagoriko\",\"image\":{\"@type\":\"ImageObject\",\"inLanguage\":\"es\",\"@id\":\"https:\\\/\\\/secure.gravatar.com\\\/avatar\\\/b360c2f7d7efd766ef528f934614f0978dc67e91ad991663263d694646e508fd?s=96&d=mm&r=g\",\"url\":\"https:\\\/\\\/secure.gravatar.com\\\/avatar\\\/b360c2f7d7efd766ef528f934614f0978dc67e91ad991663263d694646e508fd?s=96&d=mm&r=g\",\"contentUrl\":\"https:\\\/\\\/secure.gravatar.com\\\/avatar\\\/b360c2f7d7efd766ef528f934614f0978dc67e91ad991663263d694646e508fd?s=96&d=mm&r=g\",\"caption\":\"fagoriko\"},\"url\":\"https:\\\/\\\/www.fagor.eus\\\/es\\\/author\\\/fagor-iko\\\/\"}]}<\/script>\n<!-- \/ Yoast SEO plugin. -->","yoast_head_json":{"title":"Spri entrevista al director general de Galbaian para hablar sobre las patentes &#187; Grupo Fagor","description":"En el contexto del VIII Congreso Nacional de Industria, Spri entrevista al director general de Galbaian para hablar sobre las patentes.","robots":{"index":"index","follow":"follow","max-snippet":"max-snippet:-1","max-image-preview":"max-image-preview:large","max-video-preview":"max-video-preview:-1"},"canonical":"https:\/\/www.fagor.eus\/es\/la-agencia-vasca-spri-entrevista-al-director-general-de-galbaian\/","og_locale":"es_ES","og_type":"article","og_title":"Spri entrevista al director general de Galbaian para hablar sobre las patentes &#187; Grupo Fagor","og_description":"En el contexto del VIII Congreso Nacional de Industria, Spri entrevista al director general de Galbaian para hablar sobre las patentes.","og_url":"https:\/\/www.fagor.eus\/es\/la-agencia-vasca-spri-entrevista-al-director-general-de-galbaian\/","og_site_name":"FAGOR","article_published_time":"2026-03-10T09:00:30+00:00","article_modified_time":"2026-03-24T16:14:29+00:00","og_image":[{"width":1024,"height":682,"url":"https:\/\/www.fagor.eus\/wp-content\/uploads\/2026\/03\/Spri-Galbaian-1024x682.png","type":"image\/png"}],"author":"fagoriko","twitter_card":"summary_large_image","twitter_creator":"@FagorTaldea","twitter_site":"@FagorTaldea","twitter_misc":{"Escrito por":"fagoriko","Tiempo de lectura":"2 minutos"},"schema":{"@context":"https:\/\/schema.org","@graph":[{"@type":"Article","@id":"https:\/\/www.fagor.eus\/es\/la-agencia-vasca-spri-entrevista-al-director-general-de-galbaian\/#article","isPartOf":{"@id":"https:\/\/www.fagor.eus\/es\/la-agencia-vasca-spri-entrevista-al-director-general-de-galbaian\/"},"author":{"name":"fagoriko","@id":"https:\/\/www.fagor.eus\/#\/schema\/person\/98c9df1cb3cebeb681a4b4d80dc4fbf5"},"headline":"Spri entrevista al director general de Galbaian sobre las patentes","datePublished":"2026-03-10T09:00:30+00:00","dateModified":"2026-03-24T16:14:29+00:00","mainEntityOfPage":{"@id":"https:\/\/www.fagor.eus\/es\/la-agencia-vasca-spri-entrevista-al-director-general-de-galbaian\/"},"wordCount":262,"image":{"@id":"https:\/\/www.fagor.eus\/es\/la-agencia-vasca-spri-entrevista-al-director-general-de-galbaian\/#primaryimage"},"thumbnailUrl":"https:\/\/www.fagor.eus\/wp-content\/uploads\/2026\/03\/Spri-Galbaian.png","articleSection":["Galbaian"],"inLanguage":"es"},{"@type":"WebPage","@id":"https:\/\/www.fagor.eus\/es\/la-agencia-vasca-spri-entrevista-al-director-general-de-galbaian\/","url":"https:\/\/www.fagor.eus\/es\/la-agencia-vasca-spri-entrevista-al-director-general-de-galbaian\/","name":"Spri entrevista al director general de Galbaian para hablar sobre las patentes &#187; Grupo Fagor","isPartOf":{"@id":"https:\/\/www.fagor.eus\/#website"},"primaryImageOfPage":{"@id":"https:\/\/www.fagor.eus\/es\/la-agencia-vasca-spri-entrevista-al-director-general-de-galbaian\/#primaryimage"},"image":{"@id":"https:\/\/www.fagor.eus\/es\/la-agencia-vasca-spri-entrevista-al-director-general-de-galbaian\/#primaryimage"},"thumbnailUrl":"https:\/\/www.fagor.eus\/wp-content\/uploads\/2026\/03\/Spri-Galbaian.png","datePublished":"2026-03-10T09:00:30+00:00","dateModified":"2026-03-24T16:14:29+00:00","author":{"@id":"https:\/\/www.fagor.eus\/#\/schema\/person\/98c9df1cb3cebeb681a4b4d80dc4fbf5"},"description":"En el contexto del VIII Congreso Nacional de Industria, Spri entrevista al director general de Galbaian para hablar sobre las patentes.","breadcrumb":{"@id":"https:\/\/www.fagor.eus\/es\/la-agencia-vasca-spri-entrevista-al-director-general-de-galbaian\/#breadcrumb"},"inLanguage":"es","potentialAction":[{"@type":"ReadAction","target":["https:\/\/www.fagor.eus\/es\/la-agencia-vasca-spri-entrevista-al-director-general-de-galbaian\/"]}]},{"@type":"ImageObject","inLanguage":"es","@id":"https:\/\/www.fagor.eus\/es\/la-agencia-vasca-spri-entrevista-al-director-general-de-galbaian\/#primaryimage","url":"https:\/\/www.fagor.eus\/wp-content\/uploads\/2026\/03\/Spri-Galbaian.png","contentUrl":"https:\/\/www.fagor.eus\/wp-content\/uploads\/2026\/03\/Spri-Galbaian.png","width":2000,"height":1333,"caption":"Spri Galbaian"},{"@type":"BreadcrumbList","@id":"https:\/\/www.fagor.eus\/es\/la-agencia-vasca-spri-entrevista-al-director-general-de-galbaian\/#breadcrumb","itemListElement":[{"@type":"ListItem","position":1,"name":"Home","item":"https:\/\/www.fagor.eus\/es\/"},{"@type":"ListItem","position":2,"name":"Spri entrevista al director general de Galbaian sobre las patentes"}]},{"@type":"WebSite","@id":"https:\/\/www.fagor.eus\/#website","url":"https:\/\/www.fagor.eus\/","name":"Fagor","description":"Trabajando por un futuro mejor","potentialAction":[{"@type":"SearchAction","target":{"@type":"EntryPoint","urlTemplate":"https:\/\/www.fagor.eus\/?s={search_term_string}"},"query-input":{"@type":"PropertyValueSpecification","valueRequired":true,"valueName":"search_term_string"}}],"inLanguage":"es"},{"@type":"Person","@id":"https:\/\/www.fagor.eus\/#\/schema\/person\/98c9df1cb3cebeb681a4b4d80dc4fbf5","name":"fagoriko","image":{"@type":"ImageObject","inLanguage":"es","@id":"https:\/\/secure.gravatar.com\/avatar\/b360c2f7d7efd766ef528f934614f0978dc67e91ad991663263d694646e508fd?s=96&d=mm&r=g","url":"https:\/\/secure.gravatar.com\/avatar\/b360c2f7d7efd766ef528f934614f0978dc67e91ad991663263d694646e508fd?s=96&d=mm&r=g","contentUrl":"https:\/\/secure.gravatar.com\/avatar\/b360c2f7d7efd766ef528f934614f0978dc67e91ad991663263d694646e508fd?s=96&d=mm&r=g","caption":"fagoriko"},"url":"https:\/\/www.fagor.eus\/es\/author\/fagor-iko\/"}]}},"_links":{"self":[{"href":"https:\/\/www.fagor.eus\/es\/wp-json\/wp\/v2\/posts\/25621","targetHints":{"allow":["GET"]}}],"collection":[{"href":"https:\/\/www.fagor.eus\/es\/wp-json\/wp\/v2\/posts"}],"about":[{"href":"https:\/\/www.fagor.eus\/es\/wp-json\/wp\/v2\/types\/post"}],"author":[{"embeddable":true,"href":"https:\/\/www.fagor.eus\/es\/wp-json\/wp\/v2\/users\/23"}],"replies":[{"embeddable":true,"href":"https:\/\/www.fagor.eus\/es\/wp-json\/wp\/v2\/comments?post=25621"}],"version-history":[{"count":4,"href":"https:\/\/www.fagor.eus\/es\/wp-json\/wp\/v2\/posts\/25621\/revisions"}],"predecessor-version":[{"id":25727,"href":"https:\/\/www.fagor.eus\/es\/wp-json\/wp\/v2\/posts\/25621\/revisions\/25727"}],"wp:featuredmedia":[{"embeddable":true,"href":"https:\/\/www.fagor.eus\/es\/wp-json\/wp\/v2\/media\/25619"}],"wp:attachment":[{"href":"https:\/\/www.fagor.eus\/es\/wp-json\/wp\/v2\/media?parent=25621"}],"wp:term":[{"taxonomy":"category","embeddable":true,"href":"https:\/\/www.fagor.eus\/es\/wp-json\/wp\/v2\/categories?post=25621"},{"taxonomy":"post_tag","embeddable":true,"href":"https:\/\/www.fagor.eus\/es\/wp-json\/wp\/v2\/tags?post=25621"}],"curies":[{"name":"wp","href":"https:\/\/api.w.org\/{rel}","templated":true}]}}