{"id":25017,"date":"2026-01-23T16:21:24","date_gmt":"2026-01-23T14:21:24","guid":{"rendered":"https:\/\/www.fagor.eus\/?p=25017"},"modified":"2026-01-23T16:21:24","modified_gmt":"2026-01-23T14:21:24","slug":"fagor-electronica-mira-a-los-mercados-en-crecimiento","status":"publish","type":"post","link":"https:\/\/www.fagor.eus\/es\/fagor-electronica-mira-a-los-mercados-en-crecimiento\/","title":{"rendered":"Fagor Electr\u00f3nica mira a los mercados en crecimiento"},"content":{"rendered":"<p><a href=\"https:\/\/www.fagor.eus\/es\/fagor-electronica\/\"><span style=\"color: #ff0000;\">Fagor Electr\u00f3nica<\/span><\/a> mira a los mercados en crecimiento. As\u00ed lo ha confirmado en <em>Empresa XXI<\/em>, medio de comunicaci\u00f3n especializado en el sector de la industria. La cooperativa ha definido su hoja de ruta para el ejercicio 2025-2028, en la que consolidar\u00e1 la apuesta por la inversi\u00f3n, la diversificaci\u00f3n, la innovaci\u00f3n y la internacionalizaci\u00f3n. Aspira a incrementar un 20% sus ingresos en los pr\u00f3ximos cuatro ejercicios, hasta los 115 millones de euros en 2028.<\/p>\n<p>M\u00e1s all\u00e1 del crecimiento econ\u00f3mico, Fagor Electr\u00f3nica busca liderazgo tecnol\u00f3gico y sostenibilidad a trav\u00e9s de inversiones que reduzcan el impacto ambiental, optimicen procesos y generen valor a\u00f1adido para las empresas y personas socias.<\/p>\n<p><strong>Soluciones innovadoras<\/strong><\/p>\n<p>Con inversiones en I + D y una visi\u00f3n global, Fagor Electr\u00f3nica se prepara para afrontar los retos de un mundo cada vez m\u00e1s conectado y electrificado. Para ello se apoyar\u00e1 en las fortalezas de sus cinco \u00e1reas de negocio: Semiconductores, <em>Electronic Manufacturing Services<\/em> (EMS), <em>Multimedia Perspectives<\/em>, <em>Smart Data Services<\/em> (SDS) y Nuevas Actividades. En el \u00e1rea de Semiconductores, por ejemplo, en los pr\u00f3ximos cuatro a\u00f1os destinar\u00e1 m\u00e1s de un 7% de las ventas a esta l\u00ednea de negocio para ampliar las instalaciones de la sala blanca en la sede central de Arrasate (Gipuzkoa) y reforzar as\u00ed su capacidad productiva.<\/p>\n","protected":false},"excerpt":{"rendered":"<p>Fagor Electr\u00f3nica mira a los mercados en crecimiento. As\u00ed lo ha confirmado en Empresa XXI, medio de comunicaci\u00f3n especializado en el sector de la industria. La cooperativa ha definido su&#8230;<\/p>\n","protected":false},"author":4,"featured_media":25015,"comment_status":"closed","ping_status":"open","sticky":false,"template":"","format":"standard","meta":{"footnotes":""},"categories":[91],"tags":[],"class_list":{"0":"post-25017","1":"post","2":"type-post","3":"status-publish","4":"format-standard","5":"has-post-thumbnail","7":"category-fagor-electronica-2-es"},"yoast_head":"<!-- This site is optimized with the Yoast SEO plugin v27.4 - https:\/\/yoast.com\/product\/yoast-seo-wordpress\/ -->\n<title>Fagor Electr\u00f3nica mira a los mercados en crecimiento &#187; Grupo Fagor<\/title>\n<meta name=\"description\" content=\"Fagor Electr\u00f3nica mira a los mercados en crecimiento. La cooperativa ha definido su hoja de ruta para el ejercicio 2025-2028.\" \/>\n<meta name=\"robots\" content=\"index, follow, max-snippet:-1, max-image-preview:large, max-video-preview:-1\" \/>\n<link rel=\"canonical\" href=\"https:\/\/www.fagor.eus\/es\/fagor-electronica-mira-a-los-mercados-en-crecimiento\/\" \/>\n<meta property=\"og:locale\" content=\"es_ES\" \/>\n<meta property=\"og:type\" content=\"article\" \/>\n<meta property=\"og:title\" content=\"Fagor Electr\u00f3nica mira a los mercados en crecimiento &#187; Grupo Fagor\" \/>\n<meta property=\"og:description\" content=\"Fagor Electr\u00f3nica mira a los mercados en crecimiento. La cooperativa ha definido su hoja de ruta para el ejercicio 2025-2028.\" \/>\n<meta property=\"og:url\" content=\"https:\/\/www.fagor.eus\/es\/fagor-electronica-mira-a-los-mercados-en-crecimiento\/\" \/>\n<meta property=\"og:site_name\" content=\"FAGOR\" \/>\n<meta property=\"article:published_time\" content=\"2026-01-23T14:21:24+00:00\" \/>\n<meta property=\"og:image\" content=\"https:\/\/www.fagor.eus\/wp-content\/uploads\/2026\/01\/Fagor-Electronica-berrikuntza.png\" \/>\n\t<meta property=\"og:image:width\" content=\"2000\" \/>\n\t<meta property=\"og:image:height\" content=\"1333\" \/>\n\t<meta property=\"og:image:type\" content=\"image\/png\" \/>\n<meta name=\"author\" content=\"komunikazioa\" \/>\n<meta name=\"twitter:card\" content=\"summary_large_image\" \/>\n<meta name=\"twitter:creator\" content=\"@system\" \/>\n<meta name=\"twitter:site\" content=\"@FagorTaldea\" \/>\n<meta name=\"twitter:label1\" content=\"Escrito por\" \/>\n\t<meta name=\"twitter:data1\" content=\"komunikazioa\" \/>\n\t<meta name=\"twitter:label2\" content=\"Tiempo de lectura\" \/>\n\t<meta name=\"twitter:data2\" content=\"2 minutos\" \/>\n<script type=\"application\/ld+json\" class=\"yoast-schema-graph\">{\"@context\":\"https:\\\/\\\/schema.org\",\"@graph\":[{\"@type\":\"Article\",\"@id\":\"https:\\\/\\\/www.fagor.eus\\\/es\\\/fagor-electronica-mira-a-los-mercados-en-crecimiento\\\/#article\",\"isPartOf\":{\"@id\":\"https:\\\/\\\/www.fagor.eus\\\/es\\\/fagor-electronica-mira-a-los-mercados-en-crecimiento\\\/\"},\"author\":{\"name\":\"komunikazioa\",\"@id\":\"https:\\\/\\\/www.fagor.eus\\\/#\\\/schema\\\/person\\\/e09b7878906ad616c343aa3e5a83bc2f\"},\"headline\":\"Fagor Electr\u00f3nica mira a los mercados en crecimiento\",\"datePublished\":\"2026-01-23T14:21:24+00:00\",\"mainEntityOfPage\":{\"@id\":\"https:\\\/\\\/www.fagor.eus\\\/es\\\/fagor-electronica-mira-a-los-mercados-en-crecimiento\\\/\"},\"wordCount\":232,\"image\":{\"@id\":\"https:\\\/\\\/www.fagor.eus\\\/es\\\/fagor-electronica-mira-a-los-mercados-en-crecimiento\\\/#primaryimage\"},\"thumbnailUrl\":\"https:\\\/\\\/www.fagor.eus\\\/wp-content\\\/uploads\\\/2026\\\/01\\\/Fagor-Electronica-berrikuntza.png\",\"articleSection\":[\"Fagor Electronica\"],\"inLanguage\":\"es\"},{\"@type\":\"WebPage\",\"@id\":\"https:\\\/\\\/www.fagor.eus\\\/es\\\/fagor-electronica-mira-a-los-mercados-en-crecimiento\\\/\",\"url\":\"https:\\\/\\\/www.fagor.eus\\\/es\\\/fagor-electronica-mira-a-los-mercados-en-crecimiento\\\/\",\"name\":\"Fagor Electr\u00f3nica mira a los mercados en crecimiento &#187; Grupo Fagor\",\"isPartOf\":{\"@id\":\"https:\\\/\\\/www.fagor.eus\\\/#website\"},\"primaryImageOfPage\":{\"@id\":\"https:\\\/\\\/www.fagor.eus\\\/es\\\/fagor-electronica-mira-a-los-mercados-en-crecimiento\\\/#primaryimage\"},\"image\":{\"@id\":\"https:\\\/\\\/www.fagor.eus\\\/es\\\/fagor-electronica-mira-a-los-mercados-en-crecimiento\\\/#primaryimage\"},\"thumbnailUrl\":\"https:\\\/\\\/www.fagor.eus\\\/wp-content\\\/uploads\\\/2026\\\/01\\\/Fagor-Electronica-berrikuntza.png\",\"datePublished\":\"2026-01-23T14:21:24+00:00\",\"author\":{\"@id\":\"https:\\\/\\\/www.fagor.eus\\\/#\\\/schema\\\/person\\\/e09b7878906ad616c343aa3e5a83bc2f\"},\"description\":\"Fagor Electr\u00f3nica mira a los mercados en crecimiento. La cooperativa ha definido su hoja de ruta para el ejercicio 2025-2028.\",\"breadcrumb\":{\"@id\":\"https:\\\/\\\/www.fagor.eus\\\/es\\\/fagor-electronica-mira-a-los-mercados-en-crecimiento\\\/#breadcrumb\"},\"inLanguage\":\"es\",\"potentialAction\":[{\"@type\":\"ReadAction\",\"target\":[\"https:\\\/\\\/www.fagor.eus\\\/es\\\/fagor-electronica-mira-a-los-mercados-en-crecimiento\\\/\"]}]},{\"@type\":\"ImageObject\",\"inLanguage\":\"es\",\"@id\":\"https:\\\/\\\/www.fagor.eus\\\/es\\\/fagor-electronica-mira-a-los-mercados-en-crecimiento\\\/#primaryimage\",\"url\":\"https:\\\/\\\/www.fagor.eus\\\/wp-content\\\/uploads\\\/2026\\\/01\\\/Fagor-Electronica-berrikuntza.png\",\"contentUrl\":\"https:\\\/\\\/www.fagor.eus\\\/wp-content\\\/uploads\\\/2026\\\/01\\\/Fagor-Electronica-berrikuntza.png\",\"width\":2000,\"height\":1333,\"caption\":\"Fagor Electronica berrikuntza\"},{\"@type\":\"BreadcrumbList\",\"@id\":\"https:\\\/\\\/www.fagor.eus\\\/es\\\/fagor-electronica-mira-a-los-mercados-en-crecimiento\\\/#breadcrumb\",\"itemListElement\":[{\"@type\":\"ListItem\",\"position\":1,\"name\":\"Home\",\"item\":\"https:\\\/\\\/www.fagor.eus\\\/es\\\/\"},{\"@type\":\"ListItem\",\"position\":2,\"name\":\"Fagor Electr\u00f3nica mira a los mercados en crecimiento\"}]},{\"@type\":\"WebSite\",\"@id\":\"https:\\\/\\\/www.fagor.eus\\\/#website\",\"url\":\"https:\\\/\\\/www.fagor.eus\\\/\",\"name\":\"Fagor\",\"description\":\"Trabajando por un futuro mejor\",\"potentialAction\":[{\"@type\":\"SearchAction\",\"target\":{\"@type\":\"EntryPoint\",\"urlTemplate\":\"https:\\\/\\\/www.fagor.eus\\\/?s={search_term_string}\"},\"query-input\":{\"@type\":\"PropertyValueSpecification\",\"valueRequired\":true,\"valueName\":\"search_term_string\"}}],\"inLanguage\":\"es\"},{\"@type\":\"Person\",\"@id\":\"https:\\\/\\\/www.fagor.eus\\\/#\\\/schema\\\/person\\\/e09b7878906ad616c343aa3e5a83bc2f\",\"name\":\"komunikazioa\",\"image\":{\"@type\":\"ImageObject\",\"inLanguage\":\"es\",\"@id\":\"https:\\\/\\\/secure.gravatar.com\\\/avatar\\\/0c624a67c23ed6ff6fd4111959b9a1001016b57c6bebaecbec025adcaa081e6e?s=96&d=mm&r=g\",\"url\":\"https:\\\/\\\/secure.gravatar.com\\\/avatar\\\/0c624a67c23ed6ff6fd4111959b9a1001016b57c6bebaecbec025adcaa081e6e?s=96&d=mm&r=g\",\"contentUrl\":\"https:\\\/\\\/secure.gravatar.com\\\/avatar\\\/0c624a67c23ed6ff6fd4111959b9a1001016b57c6bebaecbec025adcaa081e6e?s=96&d=mm&r=g\",\"caption\":\"komunikazioa\"},\"sameAs\":[\"https:\\\/\\\/x.com\\\/system\"],\"url\":\"https:\\\/\\\/www.fagor.eus\\\/es\\\/author\\\/komunikazioa\\\/\"}]}<\/script>\n<!-- \/ Yoast SEO plugin. -->","yoast_head_json":{"title":"Fagor Electr\u00f3nica mira a los mercados en crecimiento &#187; Grupo Fagor","description":"Fagor Electr\u00f3nica mira a los mercados en crecimiento. La cooperativa ha definido su hoja de ruta para el ejercicio 2025-2028.","robots":{"index":"index","follow":"follow","max-snippet":"max-snippet:-1","max-image-preview":"max-image-preview:large","max-video-preview":"max-video-preview:-1"},"canonical":"https:\/\/www.fagor.eus\/es\/fagor-electronica-mira-a-los-mercados-en-crecimiento\/","og_locale":"es_ES","og_type":"article","og_title":"Fagor Electr\u00f3nica mira a los mercados en crecimiento &#187; Grupo Fagor","og_description":"Fagor Electr\u00f3nica mira a los mercados en crecimiento. La cooperativa ha definido su hoja de ruta para el ejercicio 2025-2028.","og_url":"https:\/\/www.fagor.eus\/es\/fagor-electronica-mira-a-los-mercados-en-crecimiento\/","og_site_name":"FAGOR","article_published_time":"2026-01-23T14:21:24+00:00","og_image":[{"width":2000,"height":1333,"url":"https:\/\/www.fagor.eus\/wp-content\/uploads\/2026\/01\/Fagor-Electronica-berrikuntza.png","type":"image\/png"}],"author":"komunikazioa","twitter_card":"summary_large_image","twitter_creator":"@system","twitter_site":"@FagorTaldea","twitter_misc":{"Escrito por":"komunikazioa","Tiempo de lectura":"2 minutos"},"schema":{"@context":"https:\/\/schema.org","@graph":[{"@type":"Article","@id":"https:\/\/www.fagor.eus\/es\/fagor-electronica-mira-a-los-mercados-en-crecimiento\/#article","isPartOf":{"@id":"https:\/\/www.fagor.eus\/es\/fagor-electronica-mira-a-los-mercados-en-crecimiento\/"},"author":{"name":"komunikazioa","@id":"https:\/\/www.fagor.eus\/#\/schema\/person\/e09b7878906ad616c343aa3e5a83bc2f"},"headline":"Fagor Electr\u00f3nica mira a los mercados en crecimiento","datePublished":"2026-01-23T14:21:24+00:00","mainEntityOfPage":{"@id":"https:\/\/www.fagor.eus\/es\/fagor-electronica-mira-a-los-mercados-en-crecimiento\/"},"wordCount":232,"image":{"@id":"https:\/\/www.fagor.eus\/es\/fagor-electronica-mira-a-los-mercados-en-crecimiento\/#primaryimage"},"thumbnailUrl":"https:\/\/www.fagor.eus\/wp-content\/uploads\/2026\/01\/Fagor-Electronica-berrikuntza.png","articleSection":["Fagor Electronica"],"inLanguage":"es"},{"@type":"WebPage","@id":"https:\/\/www.fagor.eus\/es\/fagor-electronica-mira-a-los-mercados-en-crecimiento\/","url":"https:\/\/www.fagor.eus\/es\/fagor-electronica-mira-a-los-mercados-en-crecimiento\/","name":"Fagor Electr\u00f3nica mira a los mercados en crecimiento &#187; Grupo Fagor","isPartOf":{"@id":"https:\/\/www.fagor.eus\/#website"},"primaryImageOfPage":{"@id":"https:\/\/www.fagor.eus\/es\/fagor-electronica-mira-a-los-mercados-en-crecimiento\/#primaryimage"},"image":{"@id":"https:\/\/www.fagor.eus\/es\/fagor-electronica-mira-a-los-mercados-en-crecimiento\/#primaryimage"},"thumbnailUrl":"https:\/\/www.fagor.eus\/wp-content\/uploads\/2026\/01\/Fagor-Electronica-berrikuntza.png","datePublished":"2026-01-23T14:21:24+00:00","author":{"@id":"https:\/\/www.fagor.eus\/#\/schema\/person\/e09b7878906ad616c343aa3e5a83bc2f"},"description":"Fagor Electr\u00f3nica mira a los mercados en crecimiento. La cooperativa ha definido su hoja de ruta para el ejercicio 2025-2028.","breadcrumb":{"@id":"https:\/\/www.fagor.eus\/es\/fagor-electronica-mira-a-los-mercados-en-crecimiento\/#breadcrumb"},"inLanguage":"es","potentialAction":[{"@type":"ReadAction","target":["https:\/\/www.fagor.eus\/es\/fagor-electronica-mira-a-los-mercados-en-crecimiento\/"]}]},{"@type":"ImageObject","inLanguage":"es","@id":"https:\/\/www.fagor.eus\/es\/fagor-electronica-mira-a-los-mercados-en-crecimiento\/#primaryimage","url":"https:\/\/www.fagor.eus\/wp-content\/uploads\/2026\/01\/Fagor-Electronica-berrikuntza.png","contentUrl":"https:\/\/www.fagor.eus\/wp-content\/uploads\/2026\/01\/Fagor-Electronica-berrikuntza.png","width":2000,"height":1333,"caption":"Fagor Electronica berrikuntza"},{"@type":"BreadcrumbList","@id":"https:\/\/www.fagor.eus\/es\/fagor-electronica-mira-a-los-mercados-en-crecimiento\/#breadcrumb","itemListElement":[{"@type":"ListItem","position":1,"name":"Home","item":"https:\/\/www.fagor.eus\/es\/"},{"@type":"ListItem","position":2,"name":"Fagor Electr\u00f3nica mira a los mercados en crecimiento"}]},{"@type":"WebSite","@id":"https:\/\/www.fagor.eus\/#website","url":"https:\/\/www.fagor.eus\/","name":"Fagor","description":"Trabajando por un futuro mejor","potentialAction":[{"@type":"SearchAction","target":{"@type":"EntryPoint","urlTemplate":"https:\/\/www.fagor.eus\/?s={search_term_string}"},"query-input":{"@type":"PropertyValueSpecification","valueRequired":true,"valueName":"search_term_string"}}],"inLanguage":"es"},{"@type":"Person","@id":"https:\/\/www.fagor.eus\/#\/schema\/person\/e09b7878906ad616c343aa3e5a83bc2f","name":"komunikazioa","image":{"@type":"ImageObject","inLanguage":"es","@id":"https:\/\/secure.gravatar.com\/avatar\/0c624a67c23ed6ff6fd4111959b9a1001016b57c6bebaecbec025adcaa081e6e?s=96&d=mm&r=g","url":"https:\/\/secure.gravatar.com\/avatar\/0c624a67c23ed6ff6fd4111959b9a1001016b57c6bebaecbec025adcaa081e6e?s=96&d=mm&r=g","contentUrl":"https:\/\/secure.gravatar.com\/avatar\/0c624a67c23ed6ff6fd4111959b9a1001016b57c6bebaecbec025adcaa081e6e?s=96&d=mm&r=g","caption":"komunikazioa"},"sameAs":["https:\/\/x.com\/system"],"url":"https:\/\/www.fagor.eus\/es\/author\/komunikazioa\/"}]}},"_links":{"self":[{"href":"https:\/\/www.fagor.eus\/es\/wp-json\/wp\/v2\/posts\/25017","targetHints":{"allow":["GET"]}}],"collection":[{"href":"https:\/\/www.fagor.eus\/es\/wp-json\/wp\/v2\/posts"}],"about":[{"href":"https:\/\/www.fagor.eus\/es\/wp-json\/wp\/v2\/types\/post"}],"author":[{"embeddable":true,"href":"https:\/\/www.fagor.eus\/es\/wp-json\/wp\/v2\/users\/4"}],"replies":[{"embeddable":true,"href":"https:\/\/www.fagor.eus\/es\/wp-json\/wp\/v2\/comments?post=25017"}],"version-history":[{"count":1,"href":"https:\/\/www.fagor.eus\/es\/wp-json\/wp\/v2\/posts\/25017\/revisions"}],"predecessor-version":[{"id":25018,"href":"https:\/\/www.fagor.eus\/es\/wp-json\/wp\/v2\/posts\/25017\/revisions\/25018"}],"wp:featuredmedia":[{"embeddable":true,"href":"https:\/\/www.fagor.eus\/es\/wp-json\/wp\/v2\/media\/25015"}],"wp:attachment":[{"href":"https:\/\/www.fagor.eus\/es\/wp-json\/wp\/v2\/media?parent=25017"}],"wp:term":[{"taxonomy":"category","embeddable":true,"href":"https:\/\/www.fagor.eus\/es\/wp-json\/wp\/v2\/categories?post=25017"},{"taxonomy":"post_tag","embeddable":true,"href":"https:\/\/www.fagor.eus\/es\/wp-json\/wp\/v2\/tags?post=25017"}],"curies":[{"name":"wp","href":"https:\/\/api.w.org\/{rel}","templated":true}]}}