{"id":24734,"date":"2025-12-09T13:48:04","date_gmt":"2025-12-09T11:48:04","guid":{"rendered":"https:\/\/www.fagor.eus\/?p=24734"},"modified":"2025-12-11T10:27:01","modified_gmt":"2025-12-11T08:27:01","slug":"copreci-me-ofrece-un-entorno-laboral-dinamico-y-colaborativo","status":"publish","type":"post","link":"https:\/\/www.fagor.eus\/es\/copreci-me-ofrece-un-entorno-laboral-dinamico-y-colaborativo\/","title":{"rendered":"\u00abCopreci me ofrece un entorno laboral din\u00e1mico y colaborativo\u00bb"},"content":{"rendered":"<p>Hace m\u00e1s de dos a\u00f1os, Laren Hernandez Calderon (Aretxabaleta, 2004) estudiante del grado de ingenier\u00eda inform\u00e1tica en Mondragon Unibertsitatea, decidi\u00f3 realizar su periodo de pr\u00e1cticas Dual en la cooperativa Copreci del Grupo Fagor, hace ya m\u00e1s de dos a\u00f1os. As\u00ed, ha podido participar en proyectos reales y crecer tanto profesional como personalmente. Hern\u00e1ndez nos habla de su experiencia en Copreci y, en general, en el programa Dual.<\/p>\n<ol>\n<li><strong>Formas parte de la cooperativa Copreci mediante el programa Dual.<\/strong><\/li>\n<\/ol>\n<p>As\u00ed es. Hace dos a\u00f1os que tom\u00e9 esta decisi\u00f3n. Gracias al programa Dual, puedo combinar los estudios de ingenier\u00eda inform\u00e1tica y la experiencia laboral. Esto me permite poner en pr\u00e1ctica todo lo aprendido y profundizar en los conocimientos t\u00e9cnicos y profesionales. Ser parte de una experiencia real ayuda a enriquecerte personal y profesionalmente, adem\u00e1s de entender el funcionamiento de la empresa desde un enfoque pr\u00e1ctico y estrat\u00e9gico.<\/p>\n<ol start=\"2\">\n<li><strong> \u00bfQu\u00e9 te ofrece Copreci?<\/strong><\/li>\n<\/ol>\n<p>Copreci me ofrece un espacio de trabajo din\u00e1mico y colaborativo. Gracias a eso, puedo trabajar en proyectos reales, aplicando todo lo que he aprendido y lo que estoy aprendiendo. Adem\u00e1s, tengo muy presente el trabajo en equipo y la cooperaci\u00f3n, y eso me ayuda a aprender de las dem\u00e1s personas y profundizar en mis conocimientos. Adem\u00e1s, los valores y las ideas compartidas de la cooperativa hacen que esta experiencia sea a\u00fan m\u00e1s enriquecedora.<\/p>\n<ol start=\"3\">\n<li><strong> Por lo tanto, el trabajo en equipo y la cooperaci\u00f3n son importantes.<\/strong><\/li>\n<\/ol>\n<p>Sin duda. El trabajo en equipo es muy importante en Copreci. Es verdad que en la universidad estoy acostumbrado a trabajar en equipo, pero lo que estoy viviendo en la empresa es muy diferente. En la universidad te rodeas de gente con la misma experiencia y edad, mientras que en las empresas te encuentras con personas de diferentes perfiles, disciplinas y perspectivas. As\u00ed, los proyectos son m\u00e1s enriquecedores, llenos de aprendizaje.<\/p>\n<ol start=\"4\">\n<li><strong> Hace m\u00e1s de dos a\u00f1os que decidiste empezar en Copreci. En todo este tiempo, \u00bfhan cambiado tus trabajos?<\/strong><\/li>\n<\/ol>\n<p>S\u00ed. El cambio ha sido notable. En este momento estoy en el extranjero terminando mis estudios, y en febrero volver\u00e9 a Copreci para realizar mi Trabajo Fin de Grado. En estos dos a\u00f1os he desarrollado diferentes funciones. El primer a\u00f1o, por ejemplo, trabaj\u00e9 con las soluciones RPA, automatizando procesos repetitivos mediante el software y mejorando su eficacia. El segundo a\u00f1o, particip\u00e9 activamente en la implementaci\u00f3n de un proyecto CRM. Este fue un trabajo mucho m\u00e1s anal\u00edtico, que exig\u00eda mayor responsabilidad y trabajar con otros departamentos. Espero que el Trabajo Fin de Grado sea as\u00ed de enriquecedor, o m\u00e1s a\u00fan.<\/p>\n<ol start=\"5\">\n<li><strong> \u00bfQu\u00e9 le dir\u00edas a una persona que est\u00e1 pensando en hacer las pr\u00e1cticas del programa Dual en una cooperativa de Fagor?<\/strong><\/li>\n<\/ol>\n<p>Que no tenga dudas. Combinar el trabajo con los estudios es una buena manera de crecer tanto personal como profesionalmente. Es verdad que, al principio, debido a los horarios, parece dif\u00edcil combinar los estudios y el trabajo, pero con disciplina y buena organizaci\u00f3n, se puede sacar adelante. Esta experiencia ofrece beneficios que merecen la pena. Adem\u00e1s, al ser una cooperativa, trabajamos por el bien de todas las personas. No solo somos compa\u00f1eros y compa\u00f1eras de trabajo. Se promueven din\u00e1micas de grupo, comidas despu\u00e9s de las reuniones\u2026 Es un lujo poder trabajar en una empresa como Copreci, donde conoces a gente incre\u00edble y formas parte de una experiencia enriquecedora.<\/p>\n","protected":false},"excerpt":{"rendered":"<p>Hace m\u00e1s de dos a\u00f1os, Laren Hernandez Calderon (Aretxabaleta, 2004) estudiante del grado de ingenier\u00eda inform\u00e1tica en Mondragon Unibertsitatea, decidi\u00f3 realizar su periodo de pr\u00e1cticas Dual en la cooperativa Copreci&#8230;<\/p>\n","protected":false},"author":4,"featured_media":24752,"comment_status":"closed","ping_status":"open","sticky":false,"template":"","format":"standard","meta":{"footnotes":""},"categories":[126],"tags":[],"class_list":{"0":"post-24734","1":"post","2":"type-post","3":"status-publish","4":"format-standard","5":"has-post-thumbnail","7":"category-qr"},"yoast_head":"<!-- This site is optimized with the Yoast SEO plugin v27.4 - https:\/\/yoast.com\/product\/yoast-seo-wordpress\/ -->\n<title>&quot;Copreci me ofrece un entorno laboral din\u00e1mico y colaborativo&quot; &#187; FAGOR Trabajando por un futuro mejor<\/title>\n<meta name=\"robots\" content=\"index, follow, max-snippet:-1, max-image-preview:large, max-video-preview:-1\" \/>\n<link rel=\"canonical\" href=\"https:\/\/www.fagor.eus\/es\/copreci-me-ofrece-un-entorno-laboral-dinamico-y-colaborativo\/\" \/>\n<meta property=\"og:locale\" content=\"es_ES\" \/>\n<meta property=\"og:type\" content=\"article\" \/>\n<meta property=\"og:title\" content=\"&quot;Copreci me ofrece un entorno laboral din\u00e1mico y colaborativo&quot; &#187; FAGOR Trabajando por un futuro mejor\" \/>\n<meta property=\"og:description\" content=\"Hace m\u00e1s de dos a\u00f1os, Laren Hernandez Calderon (Aretxabaleta, 2004) estudiante del grado de ingenier\u00eda inform\u00e1tica en Mondragon Unibertsitatea, decidi\u00f3 realizar su periodo de pr\u00e1cticas Dual en la cooperativa Copreci...\" \/>\n<meta property=\"og:url\" content=\"https:\/\/www.fagor.eus\/es\/copreci-me-ofrece-un-entorno-laboral-dinamico-y-colaborativo\/\" \/>\n<meta property=\"og:site_name\" content=\"FAGOR\" \/>\n<meta property=\"article:published_time\" content=\"2025-12-09T11:48:04+00:00\" \/>\n<meta property=\"article:modified_time\" content=\"2025-12-11T08:27:01+00:00\" \/>\n<meta property=\"og:image\" content=\"https:\/\/www.fagor.eus\/wp-content\/uploads\/2025\/12\/laren-2000.1333-1.png\" \/>\n\t<meta property=\"og:image:width\" content=\"2000\" \/>\n\t<meta property=\"og:image:height\" content=\"1333\" \/>\n\t<meta property=\"og:image:type\" content=\"image\/png\" \/>\n<meta name=\"author\" content=\"komunikazioa\" \/>\n<meta name=\"twitter:card\" content=\"summary_large_image\" \/>\n<meta name=\"twitter:creator\" content=\"@system\" \/>\n<meta name=\"twitter:site\" content=\"@FagorTaldea\" \/>\n<meta name=\"twitter:label1\" content=\"Escrito por\" \/>\n\t<meta name=\"twitter:data1\" content=\"komunikazioa\" \/>\n\t<meta name=\"twitter:label2\" content=\"Tiempo de lectura\" \/>\n\t<meta name=\"twitter:data2\" content=\"4 minutos\" \/>\n<script type=\"application\/ld+json\" class=\"yoast-schema-graph\">{\"@context\":\"https:\\\/\\\/schema.org\",\"@graph\":[{\"@type\":\"Article\",\"@id\":\"https:\\\/\\\/www.fagor.eus\\\/es\\\/copreci-me-ofrece-un-entorno-laboral-dinamico-y-colaborativo\\\/#article\",\"isPartOf\":{\"@id\":\"https:\\\/\\\/www.fagor.eus\\\/es\\\/copreci-me-ofrece-un-entorno-laboral-dinamico-y-colaborativo\\\/\"},\"author\":{\"name\":\"komunikazioa\",\"@id\":\"https:\\\/\\\/www.fagor.eus\\\/#\\\/schema\\\/person\\\/e09b7878906ad616c343aa3e5a83bc2f\"},\"headline\":\"\u00abCopreci me ofrece un entorno laboral din\u00e1mico y colaborativo\u00bb\",\"datePublished\":\"2025-12-09T11:48:04+00:00\",\"dateModified\":\"2025-12-11T08:27:01+00:00\",\"mainEntityOfPage\":{\"@id\":\"https:\\\/\\\/www.fagor.eus\\\/es\\\/copreci-me-ofrece-un-entorno-laboral-dinamico-y-colaborativo\\\/\"},\"wordCount\":606,\"image\":{\"@id\":\"https:\\\/\\\/www.fagor.eus\\\/es\\\/copreci-me-ofrece-un-entorno-laboral-dinamico-y-colaborativo\\\/#primaryimage\"},\"thumbnailUrl\":\"https:\\\/\\\/www.fagor.eus\\\/wp-content\\\/uploads\\\/2025\\\/12\\\/laren-2000.1333-1.png\",\"articleSection\":[\"QR\"],\"inLanguage\":\"es\"},{\"@type\":\"WebPage\",\"@id\":\"https:\\\/\\\/www.fagor.eus\\\/es\\\/copreci-me-ofrece-un-entorno-laboral-dinamico-y-colaborativo\\\/\",\"url\":\"https:\\\/\\\/www.fagor.eus\\\/es\\\/copreci-me-ofrece-un-entorno-laboral-dinamico-y-colaborativo\\\/\",\"name\":\"\\\"Copreci me ofrece un entorno laboral din\u00e1mico y colaborativo\\\" &#187; FAGOR Trabajando por un futuro mejor\",\"isPartOf\":{\"@id\":\"https:\\\/\\\/www.fagor.eus\\\/#website\"},\"primaryImageOfPage\":{\"@id\":\"https:\\\/\\\/www.fagor.eus\\\/es\\\/copreci-me-ofrece-un-entorno-laboral-dinamico-y-colaborativo\\\/#primaryimage\"},\"image\":{\"@id\":\"https:\\\/\\\/www.fagor.eus\\\/es\\\/copreci-me-ofrece-un-entorno-laboral-dinamico-y-colaborativo\\\/#primaryimage\"},\"thumbnailUrl\":\"https:\\\/\\\/www.fagor.eus\\\/wp-content\\\/uploads\\\/2025\\\/12\\\/laren-2000.1333-1.png\",\"datePublished\":\"2025-12-09T11:48:04+00:00\",\"dateModified\":\"2025-12-11T08:27:01+00:00\",\"author\":{\"@id\":\"https:\\\/\\\/www.fagor.eus\\\/#\\\/schema\\\/person\\\/e09b7878906ad616c343aa3e5a83bc2f\"},\"breadcrumb\":{\"@id\":\"https:\\\/\\\/www.fagor.eus\\\/es\\\/copreci-me-ofrece-un-entorno-laboral-dinamico-y-colaborativo\\\/#breadcrumb\"},\"inLanguage\":\"es\",\"potentialAction\":[{\"@type\":\"ReadAction\",\"target\":[\"https:\\\/\\\/www.fagor.eus\\\/es\\\/copreci-me-ofrece-un-entorno-laboral-dinamico-y-colaborativo\\\/\"]}]},{\"@type\":\"ImageObject\",\"inLanguage\":\"es\",\"@id\":\"https:\\\/\\\/www.fagor.eus\\\/es\\\/copreci-me-ofrece-un-entorno-laboral-dinamico-y-colaborativo\\\/#primaryimage\",\"url\":\"https:\\\/\\\/www.fagor.eus\\\/wp-content\\\/uploads\\\/2025\\\/12\\\/laren-2000.1333-1.png\",\"contentUrl\":\"https:\\\/\\\/www.fagor.eus\\\/wp-content\\\/uploads\\\/2025\\\/12\\\/laren-2000.1333-1.png\",\"width\":2000,\"height\":1333,\"caption\":\"Laren Dual programa Copreci\"},{\"@type\":\"BreadcrumbList\",\"@id\":\"https:\\\/\\\/www.fagor.eus\\\/es\\\/copreci-me-ofrece-un-entorno-laboral-dinamico-y-colaborativo\\\/#breadcrumb\",\"itemListElement\":[{\"@type\":\"ListItem\",\"position\":1,\"name\":\"Home\",\"item\":\"https:\\\/\\\/www.fagor.eus\\\/es\\\/\"},{\"@type\":\"ListItem\",\"position\":2,\"name\":\"&#8220;Copreci me ofrece un entorno laboral din\u00e1mico y colaborativo&#8221;\"}]},{\"@type\":\"WebSite\",\"@id\":\"https:\\\/\\\/www.fagor.eus\\\/#website\",\"url\":\"https:\\\/\\\/www.fagor.eus\\\/\",\"name\":\"Fagor\",\"description\":\"Trabajando por un futuro mejor\",\"potentialAction\":[{\"@type\":\"SearchAction\",\"target\":{\"@type\":\"EntryPoint\",\"urlTemplate\":\"https:\\\/\\\/www.fagor.eus\\\/?s={search_term_string}\"},\"query-input\":{\"@type\":\"PropertyValueSpecification\",\"valueRequired\":true,\"valueName\":\"search_term_string\"}}],\"inLanguage\":\"es\"},{\"@type\":\"Person\",\"@id\":\"https:\\\/\\\/www.fagor.eus\\\/#\\\/schema\\\/person\\\/e09b7878906ad616c343aa3e5a83bc2f\",\"name\":\"komunikazioa\",\"image\":{\"@type\":\"ImageObject\",\"inLanguage\":\"es\",\"@id\":\"https:\\\/\\\/secure.gravatar.com\\\/avatar\\\/0c624a67c23ed6ff6fd4111959b9a1001016b57c6bebaecbec025adcaa081e6e?s=96&d=mm&r=g\",\"url\":\"https:\\\/\\\/secure.gravatar.com\\\/avatar\\\/0c624a67c23ed6ff6fd4111959b9a1001016b57c6bebaecbec025adcaa081e6e?s=96&d=mm&r=g\",\"contentUrl\":\"https:\\\/\\\/secure.gravatar.com\\\/avatar\\\/0c624a67c23ed6ff6fd4111959b9a1001016b57c6bebaecbec025adcaa081e6e?s=96&d=mm&r=g\",\"caption\":\"komunikazioa\"},\"sameAs\":[\"https:\\\/\\\/x.com\\\/system\"],\"url\":\"https:\\\/\\\/www.fagor.eus\\\/es\\\/author\\\/komunikazioa\\\/\"}]}<\/script>\n<!-- \/ Yoast SEO plugin. -->","yoast_head_json":{"title":"\"Copreci me ofrece un entorno laboral din\u00e1mico y colaborativo\" &#187; FAGOR Trabajando por un futuro mejor","robots":{"index":"index","follow":"follow","max-snippet":"max-snippet:-1","max-image-preview":"max-image-preview:large","max-video-preview":"max-video-preview:-1"},"canonical":"https:\/\/www.fagor.eus\/es\/copreci-me-ofrece-un-entorno-laboral-dinamico-y-colaborativo\/","og_locale":"es_ES","og_type":"article","og_title":"\"Copreci me ofrece un entorno laboral din\u00e1mico y colaborativo\" &#187; FAGOR Trabajando por un futuro mejor","og_description":"Hace m\u00e1s de dos a\u00f1os, Laren Hernandez Calderon (Aretxabaleta, 2004) estudiante del grado de ingenier\u00eda inform\u00e1tica en Mondragon Unibertsitatea, decidi\u00f3 realizar su periodo de pr\u00e1cticas Dual en la cooperativa Copreci...","og_url":"https:\/\/www.fagor.eus\/es\/copreci-me-ofrece-un-entorno-laboral-dinamico-y-colaborativo\/","og_site_name":"FAGOR","article_published_time":"2025-12-09T11:48:04+00:00","article_modified_time":"2025-12-11T08:27:01+00:00","og_image":[{"width":2000,"height":1333,"url":"https:\/\/www.fagor.eus\/wp-content\/uploads\/2025\/12\/laren-2000.1333-1.png","type":"image\/png"}],"author":"komunikazioa","twitter_card":"summary_large_image","twitter_creator":"@system","twitter_site":"@FagorTaldea","twitter_misc":{"Escrito por":"komunikazioa","Tiempo de lectura":"4 minutos"},"schema":{"@context":"https:\/\/schema.org","@graph":[{"@type":"Article","@id":"https:\/\/www.fagor.eus\/es\/copreci-me-ofrece-un-entorno-laboral-dinamico-y-colaborativo\/#article","isPartOf":{"@id":"https:\/\/www.fagor.eus\/es\/copreci-me-ofrece-un-entorno-laboral-dinamico-y-colaborativo\/"},"author":{"name":"komunikazioa","@id":"https:\/\/www.fagor.eus\/#\/schema\/person\/e09b7878906ad616c343aa3e5a83bc2f"},"headline":"\u00abCopreci me ofrece un entorno laboral din\u00e1mico y colaborativo\u00bb","datePublished":"2025-12-09T11:48:04+00:00","dateModified":"2025-12-11T08:27:01+00:00","mainEntityOfPage":{"@id":"https:\/\/www.fagor.eus\/es\/copreci-me-ofrece-un-entorno-laboral-dinamico-y-colaborativo\/"},"wordCount":606,"image":{"@id":"https:\/\/www.fagor.eus\/es\/copreci-me-ofrece-un-entorno-laboral-dinamico-y-colaborativo\/#primaryimage"},"thumbnailUrl":"https:\/\/www.fagor.eus\/wp-content\/uploads\/2025\/12\/laren-2000.1333-1.png","articleSection":["QR"],"inLanguage":"es"},{"@type":"WebPage","@id":"https:\/\/www.fagor.eus\/es\/copreci-me-ofrece-un-entorno-laboral-dinamico-y-colaborativo\/","url":"https:\/\/www.fagor.eus\/es\/copreci-me-ofrece-un-entorno-laboral-dinamico-y-colaborativo\/","name":"\"Copreci me ofrece un entorno laboral din\u00e1mico y colaborativo\" &#187; FAGOR Trabajando por un futuro mejor","isPartOf":{"@id":"https:\/\/www.fagor.eus\/#website"},"primaryImageOfPage":{"@id":"https:\/\/www.fagor.eus\/es\/copreci-me-ofrece-un-entorno-laboral-dinamico-y-colaborativo\/#primaryimage"},"image":{"@id":"https:\/\/www.fagor.eus\/es\/copreci-me-ofrece-un-entorno-laboral-dinamico-y-colaborativo\/#primaryimage"},"thumbnailUrl":"https:\/\/www.fagor.eus\/wp-content\/uploads\/2025\/12\/laren-2000.1333-1.png","datePublished":"2025-12-09T11:48:04+00:00","dateModified":"2025-12-11T08:27:01+00:00","author":{"@id":"https:\/\/www.fagor.eus\/#\/schema\/person\/e09b7878906ad616c343aa3e5a83bc2f"},"breadcrumb":{"@id":"https:\/\/www.fagor.eus\/es\/copreci-me-ofrece-un-entorno-laboral-dinamico-y-colaborativo\/#breadcrumb"},"inLanguage":"es","potentialAction":[{"@type":"ReadAction","target":["https:\/\/www.fagor.eus\/es\/copreci-me-ofrece-un-entorno-laboral-dinamico-y-colaborativo\/"]}]},{"@type":"ImageObject","inLanguage":"es","@id":"https:\/\/www.fagor.eus\/es\/copreci-me-ofrece-un-entorno-laboral-dinamico-y-colaborativo\/#primaryimage","url":"https:\/\/www.fagor.eus\/wp-content\/uploads\/2025\/12\/laren-2000.1333-1.png","contentUrl":"https:\/\/www.fagor.eus\/wp-content\/uploads\/2025\/12\/laren-2000.1333-1.png","width":2000,"height":1333,"caption":"Laren Dual programa Copreci"},{"@type":"BreadcrumbList","@id":"https:\/\/www.fagor.eus\/es\/copreci-me-ofrece-un-entorno-laboral-dinamico-y-colaborativo\/#breadcrumb","itemListElement":[{"@type":"ListItem","position":1,"name":"Home","item":"https:\/\/www.fagor.eus\/es\/"},{"@type":"ListItem","position":2,"name":"&#8220;Copreci me ofrece un entorno laboral din\u00e1mico y colaborativo&#8221;"}]},{"@type":"WebSite","@id":"https:\/\/www.fagor.eus\/#website","url":"https:\/\/www.fagor.eus\/","name":"Fagor","description":"Trabajando por un futuro mejor","potentialAction":[{"@type":"SearchAction","target":{"@type":"EntryPoint","urlTemplate":"https:\/\/www.fagor.eus\/?s={search_term_string}"},"query-input":{"@type":"PropertyValueSpecification","valueRequired":true,"valueName":"search_term_string"}}],"inLanguage":"es"},{"@type":"Person","@id":"https:\/\/www.fagor.eus\/#\/schema\/person\/e09b7878906ad616c343aa3e5a83bc2f","name":"komunikazioa","image":{"@type":"ImageObject","inLanguage":"es","@id":"https:\/\/secure.gravatar.com\/avatar\/0c624a67c23ed6ff6fd4111959b9a1001016b57c6bebaecbec025adcaa081e6e?s=96&d=mm&r=g","url":"https:\/\/secure.gravatar.com\/avatar\/0c624a67c23ed6ff6fd4111959b9a1001016b57c6bebaecbec025adcaa081e6e?s=96&d=mm&r=g","contentUrl":"https:\/\/secure.gravatar.com\/avatar\/0c624a67c23ed6ff6fd4111959b9a1001016b57c6bebaecbec025adcaa081e6e?s=96&d=mm&r=g","caption":"komunikazioa"},"sameAs":["https:\/\/x.com\/system"],"url":"https:\/\/www.fagor.eus\/es\/author\/komunikazioa\/"}]}},"_links":{"self":[{"href":"https:\/\/www.fagor.eus\/es\/wp-json\/wp\/v2\/posts\/24734","targetHints":{"allow":["GET"]}}],"collection":[{"href":"https:\/\/www.fagor.eus\/es\/wp-json\/wp\/v2\/posts"}],"about":[{"href":"https:\/\/www.fagor.eus\/es\/wp-json\/wp\/v2\/types\/post"}],"author":[{"embeddable":true,"href":"https:\/\/www.fagor.eus\/es\/wp-json\/wp\/v2\/users\/4"}],"replies":[{"embeddable":true,"href":"https:\/\/www.fagor.eus\/es\/wp-json\/wp\/v2\/comments?post=24734"}],"version-history":[{"count":3,"href":"https:\/\/www.fagor.eus\/es\/wp-json\/wp\/v2\/posts\/24734\/revisions"}],"predecessor-version":[{"id":24747,"href":"https:\/\/www.fagor.eus\/es\/wp-json\/wp\/v2\/posts\/24734\/revisions\/24747"}],"wp:featuredmedia":[{"embeddable":true,"href":"https:\/\/www.fagor.eus\/es\/wp-json\/wp\/v2\/media\/24752"}],"wp:attachment":[{"href":"https:\/\/www.fagor.eus\/es\/wp-json\/wp\/v2\/media?parent=24734"}],"wp:term":[{"taxonomy":"category","embeddable":true,"href":"https:\/\/www.fagor.eus\/es\/wp-json\/wp\/v2\/categories?post=24734"},{"taxonomy":"post_tag","embeddable":true,"href":"https:\/\/www.fagor.eus\/es\/wp-json\/wp\/v2\/tags?post=24734"}],"curies":[{"name":"wp","href":"https:\/\/api.w.org\/{rel}","templated":true}]}}