{"id":24732,"date":"2025-12-09T13:46:47","date_gmt":"2025-12-09T11:46:47","guid":{"rendered":"https:\/\/www.fagor.eus\/?p=24732"},"modified":"2025-12-11T10:43:51","modified_gmt":"2025-12-11T08:43:51","slug":"las-raices-de-toda-una-experiencia","status":"publish","type":"post","link":"https:\/\/www.fagor.eus\/es\/las-raices-de-toda-una-experiencia\/","title":{"rendered":"Las ra\u00edces de toda una experiencia"},"content":{"rendered":"<p><strong>Las ra\u00edces de toda una experiencia <\/strong><\/p>\n<p>Talleres Ulgor no fue un taller cualquiera. De ah\u00ed provienen las ra\u00edces del Grupo Fagor, y en general, de la experiencia cooperativa de Mondrag\u00f3n, donde se desarroll\u00f3 y consolid\u00f3 una nueva forma de hacer empresa, basada en el cooperativismo. En el a\u00f1o 1955, los j\u00f3venes Luis Usatorre, Jes\u00fas Larra\u00f1aga, Alfonso Gorro\u00f1ogoitia, Jos\u00e9 Mar\u00eda Ormaetxea y Javier Ortubay, con la ayuda de Jos\u00e9 Mar\u00eda Arizmendiarrieta, iniciaron los primeros pasos en busca de un nuevo modelo de empresa. Compraron un taller en Gasteiz (Araba) con licencia para la fabricaci\u00f3n de aparatos dom\u00e9sticos; y unos meses despu\u00e9s, construyeron un pabell\u00f3n en el barrio San Andr\u00e9s de Arrasate (Gipuzkoa).<\/p>\n<p>Talleres Ulgor, que posteriormente pas\u00f3 a ser Fagor Electrodom\u00e9sticos, fue registrada como cooperativa en 1958. Los primeros a\u00f1os se dedic\u00f3 a fabricar hornillos y estufas de petr\u00f3leo, en la f\u00e1brica del barrio San Andr\u00e9s. Fabric\u00f3, por ejemplo, la estufa <em>Loretta<\/em> y el hornillo <em>Maite<\/em>. Ese mismo a\u00f1o, tuvo buenas ventas y aument\u00f3 la producci\u00f3n. Para entonces, Talleres Ulgor ya contaba con un peque\u00f1o recorrido.<\/p>\n<p>La primera f\u00e1brica de Ulgor se construy\u00f3 en 1955 en la parcela <em>Laxarte<\/em> del barrio San Andr\u00e9s, cuya propiedad era de Usatorre -ese mismo a\u00f1o Usatorre vendi\u00f3 las tierras a sus cuatro compa\u00f1eros-. Comenzaron a construir el pabell\u00f3n. Esa fue la nueva y definitiva localizaci\u00f3n de la empresa. Era un edificio de hormig\u00f3n de dos plantas, de unos 750 metros cuadrados cada una. El 14 de abril de 1956, Arizmendiarrieta bendijo los terrenos, y, poco despu\u00e9s, a\u00f1adieron 6.000 metros cuadrados de una parcela adyacente a los 5.200 metros cuadrados de la parcela de Usatorre, pensando en posibles ampliaciones.<\/p>\n<p>Posteriormente, el 12 de junio, obtuvieron el permiso de la Delegaci\u00f3n de Industria para trasladar toda la maquinaria de la f\u00e1brica de Gasteiz a Arrasate, traslado que hicieron en agosto. La planta se inaugur\u00f3 el 12 de noviembre, convirti\u00e9ndose en el primer centro de producci\u00f3n.<\/p>\n<p>Las ra\u00edces siguieron consolid\u00e1ndose, pues la apuesta por un nuevo modelo de empresa atrajo a mucha gente. En 1956 ya eran 120 personas socias. El cooperativismo segu\u00eda extendi\u00e9ndose, y la Experiencia Cooperativa de Mondrag\u00f3n segu\u00eda avanzando. La zona industrial de San Andr\u00e9s se convirti\u00f3 en s\u00edmbolo de una iniciativa de gran futuro. Hoy cuenta con amplia presencia de cooperativas del Grupo Fagor.<\/p>\n","protected":false},"excerpt":{"rendered":"<p>Las ra\u00edces de toda una experiencia Talleres Ulgor no fue un taller cualquiera. De ah\u00ed provienen las ra\u00edces del Grupo Fagor, y en general, de la experiencia cooperativa de Mondrag\u00f3n,&#8230;<\/p>\n","protected":false},"author":4,"featured_media":24756,"comment_status":"closed","ping_status":"open","sticky":false,"template":"","format":"standard","meta":{"footnotes":""},"categories":[126],"tags":[],"class_list":{"0":"post-24732","1":"post","2":"type-post","3":"status-publish","4":"format-standard","5":"has-post-thumbnail","7":"category-qr"},"yoast_head":"<!-- This site is optimized with the Yoast SEO plugin v27.4 - https:\/\/yoast.com\/product\/yoast-seo-wordpress\/ -->\n<title>Las ra\u00edces de toda una experiencia &#187; FAGOR Trabajando por un futuro mejor<\/title>\n<meta name=\"robots\" content=\"index, follow, max-snippet:-1, max-image-preview:large, max-video-preview:-1\" \/>\n<link rel=\"canonical\" href=\"https:\/\/www.fagor.eus\/es\/las-raices-de-toda-una-experiencia\/\" \/>\n<meta property=\"og:locale\" content=\"es_ES\" \/>\n<meta property=\"og:type\" content=\"article\" \/>\n<meta property=\"og:title\" content=\"Las ra\u00edces de toda una experiencia &#187; FAGOR Trabajando por un futuro mejor\" \/>\n<meta property=\"og:description\" content=\"Las ra\u00edces de toda una experiencia Talleres Ulgor no fue un taller cualquiera. De ah\u00ed provienen las ra\u00edces del Grupo Fagor, y en general, de la experiencia cooperativa de Mondrag\u00f3n,...\" \/>\n<meta property=\"og:url\" content=\"https:\/\/www.fagor.eus\/es\/las-raices-de-toda-una-experiencia\/\" \/>\n<meta property=\"og:site_name\" content=\"FAGOR\" \/>\n<meta property=\"article:published_time\" content=\"2025-12-09T11:46:47+00:00\" \/>\n<meta property=\"article:modified_time\" content=\"2025-12-11T08:43:51+00:00\" \/>\n<meta property=\"og:image\" content=\"https:\/\/www.fagor.eus\/wp-content\/uploads\/2025\/12\/Ulgor-2000.1333.png\" \/>\n\t<meta property=\"og:image:width\" content=\"2000\" \/>\n\t<meta property=\"og:image:height\" content=\"1333\" \/>\n\t<meta property=\"og:image:type\" content=\"image\/png\" \/>\n<meta name=\"author\" content=\"komunikazioa\" \/>\n<meta name=\"twitter:card\" content=\"summary_large_image\" \/>\n<meta name=\"twitter:creator\" content=\"@system\" \/>\n<meta name=\"twitter:site\" content=\"@FagorTaldea\" \/>\n<meta name=\"twitter:label1\" content=\"Escrito por\" \/>\n\t<meta name=\"twitter:data1\" content=\"komunikazioa\" \/>\n\t<meta name=\"twitter:label2\" content=\"Tiempo de lectura\" \/>\n\t<meta name=\"twitter:data2\" content=\"3 minutos\" \/>\n<script type=\"application\/ld+json\" class=\"yoast-schema-graph\">{\"@context\":\"https:\\\/\\\/schema.org\",\"@graph\":[{\"@type\":\"Article\",\"@id\":\"https:\\\/\\\/www.fagor.eus\\\/es\\\/las-raices-de-toda-una-experiencia\\\/#article\",\"isPartOf\":{\"@id\":\"https:\\\/\\\/www.fagor.eus\\\/es\\\/las-raices-de-toda-una-experiencia\\\/\"},\"author\":{\"name\":\"komunikazioa\",\"@id\":\"https:\\\/\\\/www.fagor.eus\\\/#\\\/schema\\\/person\\\/e09b7878906ad616c343aa3e5a83bc2f\"},\"headline\":\"Las ra\u00edces de toda una experiencia\",\"datePublished\":\"2025-12-09T11:46:47+00:00\",\"dateModified\":\"2025-12-11T08:43:51+00:00\",\"mainEntityOfPage\":{\"@id\":\"https:\\\/\\\/www.fagor.eus\\\/es\\\/las-raices-de-toda-una-experiencia\\\/\"},\"wordCount\":419,\"image\":{\"@id\":\"https:\\\/\\\/www.fagor.eus\\\/es\\\/las-raices-de-toda-una-experiencia\\\/#primaryimage\"},\"thumbnailUrl\":\"https:\\\/\\\/www.fagor.eus\\\/wp-content\\\/uploads\\\/2025\\\/12\\\/Ulgor-2000.1333.png\",\"articleSection\":[\"QR\"],\"inLanguage\":\"es\"},{\"@type\":\"WebPage\",\"@id\":\"https:\\\/\\\/www.fagor.eus\\\/es\\\/las-raices-de-toda-una-experiencia\\\/\",\"url\":\"https:\\\/\\\/www.fagor.eus\\\/es\\\/las-raices-de-toda-una-experiencia\\\/\",\"name\":\"Las ra\u00edces de toda una experiencia &#187; FAGOR Trabajando por un futuro mejor\",\"isPartOf\":{\"@id\":\"https:\\\/\\\/www.fagor.eus\\\/#website\"},\"primaryImageOfPage\":{\"@id\":\"https:\\\/\\\/www.fagor.eus\\\/es\\\/las-raices-de-toda-una-experiencia\\\/#primaryimage\"},\"image\":{\"@id\":\"https:\\\/\\\/www.fagor.eus\\\/es\\\/las-raices-de-toda-una-experiencia\\\/#primaryimage\"},\"thumbnailUrl\":\"https:\\\/\\\/www.fagor.eus\\\/wp-content\\\/uploads\\\/2025\\\/12\\\/Ulgor-2000.1333.png\",\"datePublished\":\"2025-12-09T11:46:47+00:00\",\"dateModified\":\"2025-12-11T08:43:51+00:00\",\"author\":{\"@id\":\"https:\\\/\\\/www.fagor.eus\\\/#\\\/schema\\\/person\\\/e09b7878906ad616c343aa3e5a83bc2f\"},\"breadcrumb\":{\"@id\":\"https:\\\/\\\/www.fagor.eus\\\/es\\\/las-raices-de-toda-una-experiencia\\\/#breadcrumb\"},\"inLanguage\":\"es\",\"potentialAction\":[{\"@type\":\"ReadAction\",\"target\":[\"https:\\\/\\\/www.fagor.eus\\\/es\\\/las-raices-de-toda-una-experiencia\\\/\"]}]},{\"@type\":\"ImageObject\",\"inLanguage\":\"es\",\"@id\":\"https:\\\/\\\/www.fagor.eus\\\/es\\\/las-raices-de-toda-una-experiencia\\\/#primaryimage\",\"url\":\"https:\\\/\\\/www.fagor.eus\\\/wp-content\\\/uploads\\\/2025\\\/12\\\/Ulgor-2000.1333.png\",\"contentUrl\":\"https:\\\/\\\/www.fagor.eus\\\/wp-content\\\/uploads\\\/2025\\\/12\\\/Ulgor-2000.1333.png\",\"width\":2000,\"height\":1333,\"caption\":\"Ulgor ikuspegi historikoa\"},{\"@type\":\"BreadcrumbList\",\"@id\":\"https:\\\/\\\/www.fagor.eus\\\/es\\\/las-raices-de-toda-una-experiencia\\\/#breadcrumb\",\"itemListElement\":[{\"@type\":\"ListItem\",\"position\":1,\"name\":\"Home\",\"item\":\"https:\\\/\\\/www.fagor.eus\\\/es\\\/\"},{\"@type\":\"ListItem\",\"position\":2,\"name\":\"Las ra\u00edces de toda una experiencia\"}]},{\"@type\":\"WebSite\",\"@id\":\"https:\\\/\\\/www.fagor.eus\\\/#website\",\"url\":\"https:\\\/\\\/www.fagor.eus\\\/\",\"name\":\"Fagor\",\"description\":\"Trabajando por un futuro mejor\",\"potentialAction\":[{\"@type\":\"SearchAction\",\"target\":{\"@type\":\"EntryPoint\",\"urlTemplate\":\"https:\\\/\\\/www.fagor.eus\\\/?s={search_term_string}\"},\"query-input\":{\"@type\":\"PropertyValueSpecification\",\"valueRequired\":true,\"valueName\":\"search_term_string\"}}],\"inLanguage\":\"es\"},{\"@type\":\"Person\",\"@id\":\"https:\\\/\\\/www.fagor.eus\\\/#\\\/schema\\\/person\\\/e09b7878906ad616c343aa3e5a83bc2f\",\"name\":\"komunikazioa\",\"image\":{\"@type\":\"ImageObject\",\"inLanguage\":\"es\",\"@id\":\"https:\\\/\\\/secure.gravatar.com\\\/avatar\\\/0c624a67c23ed6ff6fd4111959b9a1001016b57c6bebaecbec025adcaa081e6e?s=96&d=mm&r=g\",\"url\":\"https:\\\/\\\/secure.gravatar.com\\\/avatar\\\/0c624a67c23ed6ff6fd4111959b9a1001016b57c6bebaecbec025adcaa081e6e?s=96&d=mm&r=g\",\"contentUrl\":\"https:\\\/\\\/secure.gravatar.com\\\/avatar\\\/0c624a67c23ed6ff6fd4111959b9a1001016b57c6bebaecbec025adcaa081e6e?s=96&d=mm&r=g\",\"caption\":\"komunikazioa\"},\"sameAs\":[\"https:\\\/\\\/x.com\\\/system\"],\"url\":\"https:\\\/\\\/www.fagor.eus\\\/es\\\/author\\\/komunikazioa\\\/\"}]}<\/script>\n<!-- \/ Yoast SEO plugin. -->","yoast_head_json":{"title":"Las ra\u00edces de toda una experiencia &#187; FAGOR Trabajando por un futuro mejor","robots":{"index":"index","follow":"follow","max-snippet":"max-snippet:-1","max-image-preview":"max-image-preview:large","max-video-preview":"max-video-preview:-1"},"canonical":"https:\/\/www.fagor.eus\/es\/las-raices-de-toda-una-experiencia\/","og_locale":"es_ES","og_type":"article","og_title":"Las ra\u00edces de toda una experiencia &#187; FAGOR Trabajando por un futuro mejor","og_description":"Las ra\u00edces de toda una experiencia Talleres Ulgor no fue un taller cualquiera. De ah\u00ed provienen las ra\u00edces del Grupo Fagor, y en general, de la experiencia cooperativa de Mondrag\u00f3n,...","og_url":"https:\/\/www.fagor.eus\/es\/las-raices-de-toda-una-experiencia\/","og_site_name":"FAGOR","article_published_time":"2025-12-09T11:46:47+00:00","article_modified_time":"2025-12-11T08:43:51+00:00","og_image":[{"width":2000,"height":1333,"url":"https:\/\/www.fagor.eus\/wp-content\/uploads\/2025\/12\/Ulgor-2000.1333.png","type":"image\/png"}],"author":"komunikazioa","twitter_card":"summary_large_image","twitter_creator":"@system","twitter_site":"@FagorTaldea","twitter_misc":{"Escrito por":"komunikazioa","Tiempo de lectura":"3 minutos"},"schema":{"@context":"https:\/\/schema.org","@graph":[{"@type":"Article","@id":"https:\/\/www.fagor.eus\/es\/las-raices-de-toda-una-experiencia\/#article","isPartOf":{"@id":"https:\/\/www.fagor.eus\/es\/las-raices-de-toda-una-experiencia\/"},"author":{"name":"komunikazioa","@id":"https:\/\/www.fagor.eus\/#\/schema\/person\/e09b7878906ad616c343aa3e5a83bc2f"},"headline":"Las ra\u00edces de toda una experiencia","datePublished":"2025-12-09T11:46:47+00:00","dateModified":"2025-12-11T08:43:51+00:00","mainEntityOfPage":{"@id":"https:\/\/www.fagor.eus\/es\/las-raices-de-toda-una-experiencia\/"},"wordCount":419,"image":{"@id":"https:\/\/www.fagor.eus\/es\/las-raices-de-toda-una-experiencia\/#primaryimage"},"thumbnailUrl":"https:\/\/www.fagor.eus\/wp-content\/uploads\/2025\/12\/Ulgor-2000.1333.png","articleSection":["QR"],"inLanguage":"es"},{"@type":"WebPage","@id":"https:\/\/www.fagor.eus\/es\/las-raices-de-toda-una-experiencia\/","url":"https:\/\/www.fagor.eus\/es\/las-raices-de-toda-una-experiencia\/","name":"Las ra\u00edces de toda una experiencia &#187; FAGOR Trabajando por un futuro mejor","isPartOf":{"@id":"https:\/\/www.fagor.eus\/#website"},"primaryImageOfPage":{"@id":"https:\/\/www.fagor.eus\/es\/las-raices-de-toda-una-experiencia\/#primaryimage"},"image":{"@id":"https:\/\/www.fagor.eus\/es\/las-raices-de-toda-una-experiencia\/#primaryimage"},"thumbnailUrl":"https:\/\/www.fagor.eus\/wp-content\/uploads\/2025\/12\/Ulgor-2000.1333.png","datePublished":"2025-12-09T11:46:47+00:00","dateModified":"2025-12-11T08:43:51+00:00","author":{"@id":"https:\/\/www.fagor.eus\/#\/schema\/person\/e09b7878906ad616c343aa3e5a83bc2f"},"breadcrumb":{"@id":"https:\/\/www.fagor.eus\/es\/las-raices-de-toda-una-experiencia\/#breadcrumb"},"inLanguage":"es","potentialAction":[{"@type":"ReadAction","target":["https:\/\/www.fagor.eus\/es\/las-raices-de-toda-una-experiencia\/"]}]},{"@type":"ImageObject","inLanguage":"es","@id":"https:\/\/www.fagor.eus\/es\/las-raices-de-toda-una-experiencia\/#primaryimage","url":"https:\/\/www.fagor.eus\/wp-content\/uploads\/2025\/12\/Ulgor-2000.1333.png","contentUrl":"https:\/\/www.fagor.eus\/wp-content\/uploads\/2025\/12\/Ulgor-2000.1333.png","width":2000,"height":1333,"caption":"Ulgor ikuspegi historikoa"},{"@type":"BreadcrumbList","@id":"https:\/\/www.fagor.eus\/es\/las-raices-de-toda-una-experiencia\/#breadcrumb","itemListElement":[{"@type":"ListItem","position":1,"name":"Home","item":"https:\/\/www.fagor.eus\/es\/"},{"@type":"ListItem","position":2,"name":"Las ra\u00edces de toda una experiencia"}]},{"@type":"WebSite","@id":"https:\/\/www.fagor.eus\/#website","url":"https:\/\/www.fagor.eus\/","name":"Fagor","description":"Trabajando por un futuro mejor","potentialAction":[{"@type":"SearchAction","target":{"@type":"EntryPoint","urlTemplate":"https:\/\/www.fagor.eus\/?s={search_term_string}"},"query-input":{"@type":"PropertyValueSpecification","valueRequired":true,"valueName":"search_term_string"}}],"inLanguage":"es"},{"@type":"Person","@id":"https:\/\/www.fagor.eus\/#\/schema\/person\/e09b7878906ad616c343aa3e5a83bc2f","name":"komunikazioa","image":{"@type":"ImageObject","inLanguage":"es","@id":"https:\/\/secure.gravatar.com\/avatar\/0c624a67c23ed6ff6fd4111959b9a1001016b57c6bebaecbec025adcaa081e6e?s=96&d=mm&r=g","url":"https:\/\/secure.gravatar.com\/avatar\/0c624a67c23ed6ff6fd4111959b9a1001016b57c6bebaecbec025adcaa081e6e?s=96&d=mm&r=g","contentUrl":"https:\/\/secure.gravatar.com\/avatar\/0c624a67c23ed6ff6fd4111959b9a1001016b57c6bebaecbec025adcaa081e6e?s=96&d=mm&r=g","caption":"komunikazioa"},"sameAs":["https:\/\/x.com\/system"],"url":"https:\/\/www.fagor.eus\/es\/author\/komunikazioa\/"}]}},"_links":{"self":[{"href":"https:\/\/www.fagor.eus\/es\/wp-json\/wp\/v2\/posts\/24732","targetHints":{"allow":["GET"]}}],"collection":[{"href":"https:\/\/www.fagor.eus\/es\/wp-json\/wp\/v2\/posts"}],"about":[{"href":"https:\/\/www.fagor.eus\/es\/wp-json\/wp\/v2\/types\/post"}],"author":[{"embeddable":true,"href":"https:\/\/www.fagor.eus\/es\/wp-json\/wp\/v2\/users\/4"}],"replies":[{"embeddable":true,"href":"https:\/\/www.fagor.eus\/es\/wp-json\/wp\/v2\/comments?post=24732"}],"version-history":[{"count":3,"href":"https:\/\/www.fagor.eus\/es\/wp-json\/wp\/v2\/posts\/24732\/revisions"}],"predecessor-version":[{"id":24759,"href":"https:\/\/www.fagor.eus\/es\/wp-json\/wp\/v2\/posts\/24732\/revisions\/24759"}],"wp:featuredmedia":[{"embeddable":true,"href":"https:\/\/www.fagor.eus\/es\/wp-json\/wp\/v2\/media\/24756"}],"wp:attachment":[{"href":"https:\/\/www.fagor.eus\/es\/wp-json\/wp\/v2\/media?parent=24732"}],"wp:term":[{"taxonomy":"category","embeddable":true,"href":"https:\/\/www.fagor.eus\/es\/wp-json\/wp\/v2\/categories?post=24732"},{"taxonomy":"post_tag","embeddable":true,"href":"https:\/\/www.fagor.eus\/es\/wp-json\/wp\/v2\/tags?post=24732"}],"curies":[{"name":"wp","href":"https:\/\/api.w.org\/{rel}","templated":true}]}}