{"id":24680,"date":"2025-12-09T06:00:27","date_gmt":"2025-12-09T04:00:27","guid":{"rendered":"https:\/\/www.fagor.eus\/?p=24680"},"modified":"2025-12-05T14:58:55","modified_gmt":"2025-12-05T12:58:55","slug":"fagor-elige-los-tres-proyectos-que-impulsara-a-traves-de-fagor-herrigintza","status":"publish","type":"post","link":"https:\/\/www.fagor.eus\/es\/fagor-elige-los-tres-proyectos-que-impulsara-a-traves-de-fagor-herrigintza\/","title":{"rendered":"Fagor elige los tres proyectos que impulsar\u00e1 a trav\u00e9s de Fagor Herrigintza"},"content":{"rendered":"<p>Acaba de finalizar la votaci\u00f3n del programa de cooperaci\u00f3n <a href=\"https:\/\/www.fagor.eus\/es\/fondo-social\/fagor-herrigintza\/\"><span style=\"color: #cfa500;\">Fagor Herrigintza<\/span><\/a>. Las personas socias ya han elegido qu\u00e9 tres proyectos impulsar\u00e1 el Grupo Fagor: Arizari Hezkuntza Elkartea (60.000 euros), Haize Berri Aniztasun Funtzionalaren Aisialdi Elkartea (40.000 euros) y Shifa Elkartea (20.000 euros). Un a\u00f1o m\u00e1s, a trav\u00e9s de Fagor Herrigintza, Fagor destinar\u00e1 120.000 euros a proyectos que trabajan por un mundo m\u00e1s justo.<\/p>\n<p>Esta nueva convocatoria ha contado con 38 proyectos. Una vez valorados seg\u00fan las bases previamente publicadas, la votaci\u00f3n ha contado con nueve proyectos -tres proyectos por cada ayuda-. En total, han votado 1.585 (36,22%) personas.<\/p>\n<p>He aqu\u00ed los resultados de la votaci\u00f3n -se ayudar\u00e1n los proyectos de los agentes sociales que est\u00e1n primeros en la lista-:<\/p>\n<p><span style=\"color: #cfa500;\"><strong>60.000 euros<\/strong><\/span><\/p>\n<p>1.<strong> Arizari Hezkuntza Elkartea <\/strong>(57,35 %)<\/p>\n<p><iframe loading=\"lazy\" title=\"YouTube video player\" src=\"https:\/\/www.youtube.com\/embed\/SBlltE7rBwA?si=Gs4zrogxRfxoNztp\" width=\"560\" height=\"315\" frameborder=\"0\" allowfullscreen=\"allowfullscreen\"><\/iframe>2<\/p>\n<p><span style=\"color: #000000;\">2. <\/span><span style=\"color: #dbaf00;\"><a style=\"color: #dbaf00;\" href=\"https:\/\/youtu.be\/jjcpGjMDb5I\">EuskarAbentura Elkartea<\/a><\/span> (25,49 %)<\/p>\n<p><span style=\"color: #000000;\">3. <span style=\"color: #dbaf00;\"><a style=\"color: #dbaf00;\" href=\"https:\/\/youtu.be\/0aAzNG1qfdA\">Gizartearen Moneta Elkarte Soziala<\/a> <\/span><\/span>(17,16 %)<\/p>\n<p><span style=\"color: #cfa500;\"><strong>40.000 euros<\/strong><\/span><\/p>\n<p>1. <strong>Haize Berri Aniztasun Funtzionalaren Aisialdi Elkartea<\/strong> (64,54 %)<\/p>\n<p><iframe loading=\"lazy\" title=\"YouTube video player\" src=\"https:\/\/www.youtube.com\/embed\/0Eh2n4sLUHQ?si=tZ63D2QxHi9C3hS1\" width=\"560\" height=\"315\" frameborder=\"0\" allowfullscreen=\"allowfullscreen\"><\/iframe><\/p>\n<p><span style=\"color: #000000;\">2. <\/span><span style=\"color: #dbaf00;\"><a style=\"color: #dbaf00;\" href=\"https:\/\/youtu.be\/P9ZQW2BQBfo\">Arrasate Rugby Elkartea<\/a><\/span> (30,28 %)<\/p>\n<p><span style=\"color: #000000;\">3. <a style=\"color: #000000;\" href=\"https:\/\/youtu.be\/QkE7MoG-54E\"><span style=\"color: #dbaf00;\">Gero Axular Kultur Taldea<\/span><\/a> <\/span>(5,17 %)<\/p>\n<p><span style=\"color: #cfa500;\"><strong>20.000 euros<\/strong><\/span><\/p>\n<p>1. <strong>Shifa Elkartea <\/strong>(51,23 %)<\/p>\n<p><iframe loading=\"lazy\" title=\"YouTube video player\" src=\"https:\/\/www.youtube.com\/embed\/pg-GFvZva_U?si=PqGoV3KzbcEo9Aeb\" width=\"560\" height=\"315\" frameborder=\"0\" allowfullscreen=\"allowfullscreen\"><\/iframe><\/p>\n<p><span style=\"color: #000000;\">2.<\/span><span style=\"color: #000000;\">\u00a0<\/span><a href=\"https:\/\/youtu.be\/sksVDFsTShA\"><span style=\"color: #000000;\"><span style=\"color: #dbaf00;\">Tolosaldeako Ahots Gazteen Elkartea<\/span><\/span><\/a> (34,64 %)<\/p>\n<p><span style=\"color: #000000;\">3. <a style=\"color: #000000;\" href=\"https:\/\/youtu.be\/hG9IJ7kfcw4\"><span style=\"color: #dbaf00;\">Ipartel<\/span><\/a> <\/span>(14,13 %)<\/p>\n","protected":false},"excerpt":{"rendered":"<p>Acaba de finalizar la votaci\u00f3n del programa de cooperaci\u00f3n Fagor Herrigintza. Las personas socias ya han elegido qu\u00e9 tres proyectos impulsar\u00e1 el Grupo Fagor: Arizari Hezkuntza Elkartea (60.000 euros), Haize&#8230;<\/p>\n","protected":false},"author":23,"featured_media":24130,"comment_status":"closed","ping_status":"open","sticky":false,"template":"","format":"standard","meta":{"footnotes":""},"categories":[125],"tags":[],"class_list":{"0":"post-24680","1":"post","2":"type-post","3":"status-publish","4":"format-standard","5":"has-post-thumbnail","7":"category-boletin"},"yoast_head":"<!-- This site is optimized with the Yoast SEO plugin v27.4 - https:\/\/yoast.com\/product\/yoast-seo-wordpress\/ -->\n<title>Fagor elige los tres proyectos que impulsar\u00e1 a trav\u00e9s de Fagor Herrigintza &#187; FAGOR Trabajando por un futuro mejor<\/title>\n<meta name=\"robots\" content=\"index, follow, max-snippet:-1, max-image-preview:large, max-video-preview:-1\" \/>\n<link rel=\"canonical\" href=\"https:\/\/www.fagor.eus\/dagoeneko-zehaztuta-daude-fagor-herrigintza-bidez-lagunduko-diren-hiru-proiektuak\/\" \/>\n<meta property=\"og:locale\" content=\"es_ES\" \/>\n<meta property=\"og:type\" content=\"article\" \/>\n<meta property=\"og:title\" content=\"Fagor elige los tres proyectos que impulsar\u00e1 a trav\u00e9s de Fagor Herrigintza &#187; FAGOR Trabajando por un futuro mejor\" \/>\n<meta property=\"og:description\" content=\"Acaba de finalizar la votaci\u00f3n del programa de cooperaci\u00f3n Fagor Herrigintza. Las personas socias ya han elegido qu\u00e9 tres proyectos impulsar\u00e1 el Grupo Fagor: Arizari Hezkuntza Elkartea (60.000 euros), Haize...\" \/>\n<meta property=\"og:url\" content=\"https:\/\/www.fagor.eus\/dagoeneko-zehaztuta-daude-fagor-herrigintza-bidez-lagunduko-diren-hiru-proiektuak\/\" \/>\n<meta property=\"og:site_name\" content=\"FAGOR\" \/>\n<meta property=\"article:published_time\" content=\"2025-12-09T04:00:27+00:00\" \/>\n<meta property=\"og:image\" content=\"https:\/\/www.fagor.eus\/wp-content\/uploads\/2025\/10\/fagor-herrigintza-2000.1333-1024x682.png\" \/>\n\t<meta property=\"og:image:width\" content=\"1024\" \/>\n\t<meta property=\"og:image:height\" content=\"682\" \/>\n\t<meta property=\"og:image:type\" content=\"image\/png\" \/>\n<meta name=\"author\" content=\"fagoriko\" \/>\n<meta name=\"twitter:card\" content=\"summary_large_image\" \/>\n<meta name=\"twitter:creator\" content=\"@FagorTaldea\" \/>\n<meta name=\"twitter:site\" content=\"@FagorTaldea\" \/>\n<meta name=\"twitter:label1\" content=\"Escrito por\" \/>\n\t<meta name=\"twitter:data1\" content=\"fagoriko\" \/>\n\t<meta name=\"twitter:label2\" content=\"Tiempo de lectura\" \/>\n\t<meta name=\"twitter:data2\" content=\"2 minutos\" \/>\n<script type=\"application\/ld+json\" class=\"yoast-schema-graph\">{\"@context\":\"https:\\\/\\\/schema.org\",\"@graph\":[{\"@type\":\"Article\",\"@id\":\"https:\\\/\\\/www.fagor.eus\\\/dagoeneko-zehaztuta-daude-fagor-herrigintza-bidez-lagunduko-diren-hiru-proiektuak\\\/#article\",\"isPartOf\":{\"@id\":\"https:\\\/\\\/www.fagor.eus\\\/dagoeneko-zehaztuta-daude-fagor-herrigintza-bidez-lagunduko-diren-hiru-proiektuak\\\/\"},\"author\":{\"name\":\"fagoriko\",\"@id\":\"https:\\\/\\\/www.fagor.eus\\\/#\\\/schema\\\/person\\\/98c9df1cb3cebeb681a4b4d80dc4fbf5\"},\"headline\":\"Fagor elige los tres proyectos que impulsar\u00e1 a trav\u00e9s de Fagor Herrigintza\",\"datePublished\":\"2025-12-09T04:00:27+00:00\",\"mainEntityOfPage\":{\"@id\":\"https:\\\/\\\/www.fagor.eus\\\/dagoeneko-zehaztuta-daude-fagor-herrigintza-bidez-lagunduko-diren-hiru-proiektuak\\\/\"},\"wordCount\":168,\"image\":{\"@id\":\"https:\\\/\\\/www.fagor.eus\\\/dagoeneko-zehaztuta-daude-fagor-herrigintza-bidez-lagunduko-diren-hiru-proiektuak\\\/#primaryimage\"},\"thumbnailUrl\":\"https:\\\/\\\/www.fagor.eus\\\/wp-content\\\/uploads\\\/2025\\\/10\\\/fagor-herrigintza-2000.1333.png\",\"articleSection\":[\"Bolet\u00edn\"],\"inLanguage\":\"es\"},{\"@type\":\"WebPage\",\"@id\":\"https:\\\/\\\/www.fagor.eus\\\/dagoeneko-zehaztuta-daude-fagor-herrigintza-bidez-lagunduko-diren-hiru-proiektuak\\\/\",\"url\":\"https:\\\/\\\/www.fagor.eus\\\/dagoeneko-zehaztuta-daude-fagor-herrigintza-bidez-lagunduko-diren-hiru-proiektuak\\\/\",\"name\":\"Fagor elige los tres proyectos que impulsar\u00e1 a trav\u00e9s de Fagor Herrigintza &#187; FAGOR Trabajando por un futuro mejor\",\"isPartOf\":{\"@id\":\"https:\\\/\\\/www.fagor.eus\\\/#website\"},\"primaryImageOfPage\":{\"@id\":\"https:\\\/\\\/www.fagor.eus\\\/dagoeneko-zehaztuta-daude-fagor-herrigintza-bidez-lagunduko-diren-hiru-proiektuak\\\/#primaryimage\"},\"image\":{\"@id\":\"https:\\\/\\\/www.fagor.eus\\\/dagoeneko-zehaztuta-daude-fagor-herrigintza-bidez-lagunduko-diren-hiru-proiektuak\\\/#primaryimage\"},\"thumbnailUrl\":\"https:\\\/\\\/www.fagor.eus\\\/wp-content\\\/uploads\\\/2025\\\/10\\\/fagor-herrigintza-2000.1333.png\",\"datePublished\":\"2025-12-09T04:00:27+00:00\",\"author\":{\"@id\":\"https:\\\/\\\/www.fagor.eus\\\/#\\\/schema\\\/person\\\/98c9df1cb3cebeb681a4b4d80dc4fbf5\"},\"breadcrumb\":{\"@id\":\"https:\\\/\\\/www.fagor.eus\\\/dagoeneko-zehaztuta-daude-fagor-herrigintza-bidez-lagunduko-diren-hiru-proiektuak\\\/#breadcrumb\"},\"inLanguage\":\"es\",\"potentialAction\":[{\"@type\":\"ReadAction\",\"target\":[\"https:\\\/\\\/www.fagor.eus\\\/dagoeneko-zehaztuta-daude-fagor-herrigintza-bidez-lagunduko-diren-hiru-proiektuak\\\/\"]}]},{\"@type\":\"ImageObject\",\"inLanguage\":\"es\",\"@id\":\"https:\\\/\\\/www.fagor.eus\\\/dagoeneko-zehaztuta-daude-fagor-herrigintza-bidez-lagunduko-diren-hiru-proiektuak\\\/#primaryimage\",\"url\":\"https:\\\/\\\/www.fagor.eus\\\/wp-content\\\/uploads\\\/2025\\\/10\\\/fagor-herrigintza-2000.1333.png\",\"contentUrl\":\"https:\\\/\\\/www.fagor.eus\\\/wp-content\\\/uploads\\\/2025\\\/10\\\/fagor-herrigintza-2000.1333.png\",\"width\":2000,\"height\":1333,\"caption\":\"Fagor Herrigintza\"},{\"@type\":\"BreadcrumbList\",\"@id\":\"https:\\\/\\\/www.fagor.eus\\\/dagoeneko-zehaztuta-daude-fagor-herrigintza-bidez-lagunduko-diren-hiru-proiektuak\\\/#breadcrumb\",\"itemListElement\":[{\"@type\":\"ListItem\",\"position\":1,\"name\":\"Home\",\"item\":\"https:\\\/\\\/www.fagor.eus\\\/es\\\/\"},{\"@type\":\"ListItem\",\"position\":2,\"name\":\"Fagor elige los tres proyectos que impulsar\u00e1 a trav\u00e9s de Fagor Herrigintza\"}]},{\"@type\":\"WebSite\",\"@id\":\"https:\\\/\\\/www.fagor.eus\\\/#website\",\"url\":\"https:\\\/\\\/www.fagor.eus\\\/\",\"name\":\"Fagor\",\"description\":\"Trabajando por un futuro mejor\",\"potentialAction\":[{\"@type\":\"SearchAction\",\"target\":{\"@type\":\"EntryPoint\",\"urlTemplate\":\"https:\\\/\\\/www.fagor.eus\\\/?s={search_term_string}\"},\"query-input\":{\"@type\":\"PropertyValueSpecification\",\"valueRequired\":true,\"valueName\":\"search_term_string\"}}],\"inLanguage\":\"es\"},{\"@type\":\"Person\",\"@id\":\"https:\\\/\\\/www.fagor.eus\\\/#\\\/schema\\\/person\\\/98c9df1cb3cebeb681a4b4d80dc4fbf5\",\"name\":\"fagoriko\",\"image\":{\"@type\":\"ImageObject\",\"inLanguage\":\"es\",\"@id\":\"https:\\\/\\\/secure.gravatar.com\\\/avatar\\\/b360c2f7d7efd766ef528f934614f0978dc67e91ad991663263d694646e508fd?s=96&d=mm&r=g\",\"url\":\"https:\\\/\\\/secure.gravatar.com\\\/avatar\\\/b360c2f7d7efd766ef528f934614f0978dc67e91ad991663263d694646e508fd?s=96&d=mm&r=g\",\"contentUrl\":\"https:\\\/\\\/secure.gravatar.com\\\/avatar\\\/b360c2f7d7efd766ef528f934614f0978dc67e91ad991663263d694646e508fd?s=96&d=mm&r=g\",\"caption\":\"fagoriko\"},\"url\":\"https:\\\/\\\/www.fagor.eus\\\/es\\\/author\\\/fagor-iko\\\/\"}]}<\/script>\n<!-- \/ Yoast SEO plugin. -->","yoast_head_json":{"title":"Fagor elige los tres proyectos que impulsar\u00e1 a trav\u00e9s de Fagor Herrigintza &#187; FAGOR Trabajando por un futuro mejor","robots":{"index":"index","follow":"follow","max-snippet":"max-snippet:-1","max-image-preview":"max-image-preview:large","max-video-preview":"max-video-preview:-1"},"canonical":"https:\/\/www.fagor.eus\/dagoeneko-zehaztuta-daude-fagor-herrigintza-bidez-lagunduko-diren-hiru-proiektuak\/","og_locale":"es_ES","og_type":"article","og_title":"Fagor elige los tres proyectos que impulsar\u00e1 a trav\u00e9s de Fagor Herrigintza &#187; FAGOR Trabajando por un futuro mejor","og_description":"Acaba de finalizar la votaci\u00f3n del programa de cooperaci\u00f3n Fagor Herrigintza. Las personas socias ya han elegido qu\u00e9 tres proyectos impulsar\u00e1 el Grupo Fagor: Arizari Hezkuntza Elkartea (60.000 euros), Haize...","og_url":"https:\/\/www.fagor.eus\/dagoeneko-zehaztuta-daude-fagor-herrigintza-bidez-lagunduko-diren-hiru-proiektuak\/","og_site_name":"FAGOR","article_published_time":"2025-12-09T04:00:27+00:00","og_image":[{"width":1024,"height":682,"url":"https:\/\/www.fagor.eus\/wp-content\/uploads\/2025\/10\/fagor-herrigintza-2000.1333-1024x682.png","type":"image\/png"}],"author":"fagoriko","twitter_card":"summary_large_image","twitter_creator":"@FagorTaldea","twitter_site":"@FagorTaldea","twitter_misc":{"Escrito por":"fagoriko","Tiempo de lectura":"2 minutos"},"schema":{"@context":"https:\/\/schema.org","@graph":[{"@type":"Article","@id":"https:\/\/www.fagor.eus\/dagoeneko-zehaztuta-daude-fagor-herrigintza-bidez-lagunduko-diren-hiru-proiektuak\/#article","isPartOf":{"@id":"https:\/\/www.fagor.eus\/dagoeneko-zehaztuta-daude-fagor-herrigintza-bidez-lagunduko-diren-hiru-proiektuak\/"},"author":{"name":"fagoriko","@id":"https:\/\/www.fagor.eus\/#\/schema\/person\/98c9df1cb3cebeb681a4b4d80dc4fbf5"},"headline":"Fagor elige los tres proyectos que impulsar\u00e1 a trav\u00e9s de Fagor Herrigintza","datePublished":"2025-12-09T04:00:27+00:00","mainEntityOfPage":{"@id":"https:\/\/www.fagor.eus\/dagoeneko-zehaztuta-daude-fagor-herrigintza-bidez-lagunduko-diren-hiru-proiektuak\/"},"wordCount":168,"image":{"@id":"https:\/\/www.fagor.eus\/dagoeneko-zehaztuta-daude-fagor-herrigintza-bidez-lagunduko-diren-hiru-proiektuak\/#primaryimage"},"thumbnailUrl":"https:\/\/www.fagor.eus\/wp-content\/uploads\/2025\/10\/fagor-herrigintza-2000.1333.png","articleSection":["Bolet\u00edn"],"inLanguage":"es"},{"@type":"WebPage","@id":"https:\/\/www.fagor.eus\/dagoeneko-zehaztuta-daude-fagor-herrigintza-bidez-lagunduko-diren-hiru-proiektuak\/","url":"https:\/\/www.fagor.eus\/dagoeneko-zehaztuta-daude-fagor-herrigintza-bidez-lagunduko-diren-hiru-proiektuak\/","name":"Fagor elige los tres proyectos que impulsar\u00e1 a trav\u00e9s de Fagor Herrigintza &#187; FAGOR Trabajando por un futuro mejor","isPartOf":{"@id":"https:\/\/www.fagor.eus\/#website"},"primaryImageOfPage":{"@id":"https:\/\/www.fagor.eus\/dagoeneko-zehaztuta-daude-fagor-herrigintza-bidez-lagunduko-diren-hiru-proiektuak\/#primaryimage"},"image":{"@id":"https:\/\/www.fagor.eus\/dagoeneko-zehaztuta-daude-fagor-herrigintza-bidez-lagunduko-diren-hiru-proiektuak\/#primaryimage"},"thumbnailUrl":"https:\/\/www.fagor.eus\/wp-content\/uploads\/2025\/10\/fagor-herrigintza-2000.1333.png","datePublished":"2025-12-09T04:00:27+00:00","author":{"@id":"https:\/\/www.fagor.eus\/#\/schema\/person\/98c9df1cb3cebeb681a4b4d80dc4fbf5"},"breadcrumb":{"@id":"https:\/\/www.fagor.eus\/dagoeneko-zehaztuta-daude-fagor-herrigintza-bidez-lagunduko-diren-hiru-proiektuak\/#breadcrumb"},"inLanguage":"es","potentialAction":[{"@type":"ReadAction","target":["https:\/\/www.fagor.eus\/dagoeneko-zehaztuta-daude-fagor-herrigintza-bidez-lagunduko-diren-hiru-proiektuak\/"]}]},{"@type":"ImageObject","inLanguage":"es","@id":"https:\/\/www.fagor.eus\/dagoeneko-zehaztuta-daude-fagor-herrigintza-bidez-lagunduko-diren-hiru-proiektuak\/#primaryimage","url":"https:\/\/www.fagor.eus\/wp-content\/uploads\/2025\/10\/fagor-herrigintza-2000.1333.png","contentUrl":"https:\/\/www.fagor.eus\/wp-content\/uploads\/2025\/10\/fagor-herrigintza-2000.1333.png","width":2000,"height":1333,"caption":"Fagor Herrigintza"},{"@type":"BreadcrumbList","@id":"https:\/\/www.fagor.eus\/dagoeneko-zehaztuta-daude-fagor-herrigintza-bidez-lagunduko-diren-hiru-proiektuak\/#breadcrumb","itemListElement":[{"@type":"ListItem","position":1,"name":"Home","item":"https:\/\/www.fagor.eus\/es\/"},{"@type":"ListItem","position":2,"name":"Fagor elige los tres proyectos que impulsar\u00e1 a trav\u00e9s de Fagor Herrigintza"}]},{"@type":"WebSite","@id":"https:\/\/www.fagor.eus\/#website","url":"https:\/\/www.fagor.eus\/","name":"Fagor","description":"Trabajando por un futuro mejor","potentialAction":[{"@type":"SearchAction","target":{"@type":"EntryPoint","urlTemplate":"https:\/\/www.fagor.eus\/?s={search_term_string}"},"query-input":{"@type":"PropertyValueSpecification","valueRequired":true,"valueName":"search_term_string"}}],"inLanguage":"es"},{"@type":"Person","@id":"https:\/\/www.fagor.eus\/#\/schema\/person\/98c9df1cb3cebeb681a4b4d80dc4fbf5","name":"fagoriko","image":{"@type":"ImageObject","inLanguage":"es","@id":"https:\/\/secure.gravatar.com\/avatar\/b360c2f7d7efd766ef528f934614f0978dc67e91ad991663263d694646e508fd?s=96&d=mm&r=g","url":"https:\/\/secure.gravatar.com\/avatar\/b360c2f7d7efd766ef528f934614f0978dc67e91ad991663263d694646e508fd?s=96&d=mm&r=g","contentUrl":"https:\/\/secure.gravatar.com\/avatar\/b360c2f7d7efd766ef528f934614f0978dc67e91ad991663263d694646e508fd?s=96&d=mm&r=g","caption":"fagoriko"},"url":"https:\/\/www.fagor.eus\/es\/author\/fagor-iko\/"}]}},"_links":{"self":[{"href":"https:\/\/www.fagor.eus\/es\/wp-json\/wp\/v2\/posts\/24680","targetHints":{"allow":["GET"]}}],"collection":[{"href":"https:\/\/www.fagor.eus\/es\/wp-json\/wp\/v2\/posts"}],"about":[{"href":"https:\/\/www.fagor.eus\/es\/wp-json\/wp\/v2\/types\/post"}],"author":[{"embeddable":true,"href":"https:\/\/www.fagor.eus\/es\/wp-json\/wp\/v2\/users\/23"}],"replies":[{"embeddable":true,"href":"https:\/\/www.fagor.eus\/es\/wp-json\/wp\/v2\/comments?post=24680"}],"version-history":[{"count":13,"href":"https:\/\/www.fagor.eus\/es\/wp-json\/wp\/v2\/posts\/24680\/revisions"}],"predecessor-version":[{"id":24707,"href":"https:\/\/www.fagor.eus\/es\/wp-json\/wp\/v2\/posts\/24680\/revisions\/24707"}],"wp:featuredmedia":[{"embeddable":true,"href":"https:\/\/www.fagor.eus\/es\/wp-json\/wp\/v2\/media\/24130"}],"wp:attachment":[{"href":"https:\/\/www.fagor.eus\/es\/wp-json\/wp\/v2\/media?parent=24680"}],"wp:term":[{"taxonomy":"category","embeddable":true,"href":"https:\/\/www.fagor.eus\/es\/wp-json\/wp\/v2\/categories?post=24680"},{"taxonomy":"post_tag","embeddable":true,"href":"https:\/\/www.fagor.eus\/es\/wp-json\/wp\/v2\/tags?post=24680"}],"curies":[{"name":"wp","href":"https:\/\/api.w.org\/{rel}","templated":true}]}}