{"id":24582,"date":"2025-11-28T13:48:58","date_gmt":"2025-11-28T11:48:58","guid":{"rendered":"https:\/\/www.fagor.eus\/?p=24582"},"modified":"2025-11-28T13:48:58","modified_gmt":"2025-11-28T11:48:58","slug":"el-premio-fagor-taldea-de-los-premios-tfg-tfm-mondragon-ya-tiene-ganadores","status":"publish","type":"post","link":"https:\/\/www.fagor.eus\/es\/el-premio-fagor-taldea-de-los-premios-tfg-tfm-mondragon-ya-tiene-ganadores\/","title":{"rendered":"El premio Fagor Taldea de los premios TFG-TFM Mondragon ya tiene ganadores"},"content":{"rendered":"<p>El trabajo <em>Transferentzia bidezko ikaskuntza tekniketan oinarritutako sodio-ioi baterien egoera-algoritmoak, <\/em>presentado por el estudiante de Mondragon Unibertsitatea Danel Madrazo Unanue, ha ganado el premio Fagor Taldea a la Transformaci\u00f3n Energ\u00e9tico-Clim\u00e1tica de los premios TFG-TFM Mondragon -esta categor\u00eda ha recogido trabajos relacionados con la descarbonizaci\u00f3n, econom\u00eda circular y neutralidad clim\u00e1tica-. El segundo premio ha sido para el proyecto <em>An\u00e1lisis y optimizaci\u00f3n bio-hidrodin\u00e1mica mediante CFD de humedales artificiales para el control, tratamiento y reutilizaci\u00f3n de escorrent\u00eda urbana, <\/em>de Lander G\u00f3mez de la Cruz, estudiante de Euskal Herriko Unibertsitatea. La jornada ha reunido a 57 finalistas y 47 profesionales de diferentes cooperativas y, en total, se han repartido 26.250 euros entre 13 proyectos ganadores.<\/p>\n<p>La cuarta edici\u00f3n de los premios TFG-TFM Mondragon ha recibido 340 proyectos de 53 universidades, la cifra m\u00e1s alta hasta la fecha. Todos estos han tratado temas relacionados con los retos actuales, como son la salud y la ciudadan\u00eda, la energ\u00eda, la digitalizaci\u00f3n, las finanzas o la gesti\u00f3n de personas. Adem\u00e1s, el 59% de los proyectos han sido presentados por alumnos y alumnas de diferentes universidades de Euskal Herria. La organizaci\u00f3n se ha mostrado satisfecha con la participaci\u00f3n de esta nueva edici\u00f3n. \u201cLa alta participaci\u00f3n confirma el inter\u00e9s de la juventud por el modelo cooperativo y el impacto social, especialmente en Euskal Herria\u201d, subraya.<\/p>\n<p><strong>Cinco categor\u00edas<\/strong><\/p>\n<p>La entrega de premios de se ha celebrado en Bilbo (Bizkaia). Una vez m\u00e1s, ha habido cinco categor\u00edas principales y tres transversales, patrocinados por el Grupo Fagor, Danobatgroup, Laboral Kutxa, Mondragon Health, Ikerlan, Eika, Mundukide y la propia Mondragon Corporaci\u00f3n. El acto ha contado con la presencia de 70 profesionales de distintas cooperativas, instituciones y universidades.<\/p>\n","protected":false},"excerpt":{"rendered":"<p>El trabajo Transferentzia bidezko ikaskuntza tekniketan oinarritutako sodio-ioi baterien egoera-algoritmoak, presentado por el estudiante de Mondragon Unibertsitatea Danel Madrazo Unanue, ha ganado el premio Fagor Taldea a la Transformaci\u00f3n Energ\u00e9tico-Clim\u00e1tica&#8230;<\/p>\n","protected":false},"author":23,"featured_media":24581,"comment_status":"closed","ping_status":"open","sticky":false,"template":"","format":"standard","meta":{"footnotes":""},"categories":[104],"tags":[],"class_list":{"0":"post-24582","1":"post","2":"type-post","3":"status-publish","4":"format-standard","5":"has-post-thumbnail","7":"category-grupo-fagor-es"},"yoast_head":"<!-- This site is optimized with the Yoast SEO plugin v27.4 - https:\/\/yoast.com\/product\/yoast-seo-wordpress\/ -->\n<title>El premio Fagor Taldea de los premios TFG-TFM Mondragon ya tiene ganadores &#187; Grupo Fagor<\/title>\n<meta name=\"description\" content=\"El premio Fagor Taldea a la Transformaci\u00f3n Energ\u00e9tico-Clim\u00e1tica de los premios TFG-TFM Mondragon ya tiene ganadores.\" \/>\n<meta name=\"robots\" content=\"index, follow, max-snippet:-1, max-image-preview:large, max-video-preview:-1\" \/>\n<link rel=\"canonical\" href=\"https:\/\/www.fagor.eus\/es\/el-premio-fagor-taldea-de-los-premios-tfg-tfm-mondragon-ya-tiene-ganadores\/\" \/>\n<meta property=\"og:locale\" content=\"es_ES\" \/>\n<meta property=\"og:type\" content=\"article\" \/>\n<meta property=\"og:title\" content=\"El premio Fagor Taldea de los premios TFG-TFM Mondragon ya tiene ganadores &#187; Grupo Fagor\" \/>\n<meta property=\"og:description\" content=\"El premio Fagor Taldea a la Transformaci\u00f3n Energ\u00e9tico-Clim\u00e1tica de los premios TFG-TFM Mondragon ya tiene ganadores.\" \/>\n<meta property=\"og:url\" content=\"https:\/\/www.fagor.eus\/es\/el-premio-fagor-taldea-de-los-premios-tfg-tfm-mondragon-ya-tiene-ganadores\/\" \/>\n<meta property=\"og:site_name\" content=\"FAGOR\" \/>\n<meta property=\"article:published_time\" content=\"2025-11-28T11:48:58+00:00\" \/>\n<meta property=\"og:image\" content=\"https:\/\/www.fagor.eus\/wp-content\/uploads\/2025\/11\/tfgtfm-1024x682.png\" \/>\n\t<meta property=\"og:image:width\" content=\"1024\" \/>\n\t<meta property=\"og:image:height\" content=\"682\" \/>\n\t<meta property=\"og:image:type\" content=\"image\/png\" \/>\n<meta name=\"author\" content=\"fagoriko\" \/>\n<meta name=\"twitter:card\" content=\"summary_large_image\" \/>\n<meta name=\"twitter:creator\" content=\"@FagorTaldea\" \/>\n<meta name=\"twitter:site\" content=\"@FagorTaldea\" \/>\n<meta name=\"twitter:label1\" content=\"Escrito por\" \/>\n\t<meta name=\"twitter:data1\" content=\"fagoriko\" \/>\n\t<meta name=\"twitter:label2\" content=\"Tiempo de lectura\" \/>\n\t<meta name=\"twitter:data2\" content=\"2 minutos\" \/>\n<script type=\"application\/ld+json\" class=\"yoast-schema-graph\">{\"@context\":\"https:\\\/\\\/schema.org\",\"@graph\":[{\"@type\":\"Article\",\"@id\":\"https:\\\/\\\/www.fagor.eus\\\/es\\\/el-premio-fagor-taldea-de-los-premios-tfg-tfm-mondragon-ya-tiene-ganadores\\\/#article\",\"isPartOf\":{\"@id\":\"https:\\\/\\\/www.fagor.eus\\\/es\\\/el-premio-fagor-taldea-de-los-premios-tfg-tfm-mondragon-ya-tiene-ganadores\\\/\"},\"author\":{\"name\":\"fagoriko\",\"@id\":\"https:\\\/\\\/www.fagor.eus\\\/#\\\/schema\\\/person\\\/98c9df1cb3cebeb681a4b4d80dc4fbf5\"},\"headline\":\"El premio Fagor Taldea de los premios TFG-TFM Mondragon ya tiene ganadores\",\"datePublished\":\"2025-11-28T11:48:58+00:00\",\"mainEntityOfPage\":{\"@id\":\"https:\\\/\\\/www.fagor.eus\\\/es\\\/el-premio-fagor-taldea-de-los-premios-tfg-tfm-mondragon-ya-tiene-ganadores\\\/\"},\"wordCount\":306,\"image\":{\"@id\":\"https:\\\/\\\/www.fagor.eus\\\/es\\\/el-premio-fagor-taldea-de-los-premios-tfg-tfm-mondragon-ya-tiene-ganadores\\\/#primaryimage\"},\"thumbnailUrl\":\"https:\\\/\\\/www.fagor.eus\\\/wp-content\\\/uploads\\\/2025\\\/11\\\/tfgtfm.png\",\"articleSection\":[\"Grupo Fagor\"],\"inLanguage\":\"es\"},{\"@type\":\"WebPage\",\"@id\":\"https:\\\/\\\/www.fagor.eus\\\/es\\\/el-premio-fagor-taldea-de-los-premios-tfg-tfm-mondragon-ya-tiene-ganadores\\\/\",\"url\":\"https:\\\/\\\/www.fagor.eus\\\/es\\\/el-premio-fagor-taldea-de-los-premios-tfg-tfm-mondragon-ya-tiene-ganadores\\\/\",\"name\":\"El premio Fagor Taldea de los premios TFG-TFM Mondragon ya tiene ganadores &#187; Grupo Fagor\",\"isPartOf\":{\"@id\":\"https:\\\/\\\/www.fagor.eus\\\/#website\"},\"primaryImageOfPage\":{\"@id\":\"https:\\\/\\\/www.fagor.eus\\\/es\\\/el-premio-fagor-taldea-de-los-premios-tfg-tfm-mondragon-ya-tiene-ganadores\\\/#primaryimage\"},\"image\":{\"@id\":\"https:\\\/\\\/www.fagor.eus\\\/es\\\/el-premio-fagor-taldea-de-los-premios-tfg-tfm-mondragon-ya-tiene-ganadores\\\/#primaryimage\"},\"thumbnailUrl\":\"https:\\\/\\\/www.fagor.eus\\\/wp-content\\\/uploads\\\/2025\\\/11\\\/tfgtfm.png\",\"datePublished\":\"2025-11-28T11:48:58+00:00\",\"author\":{\"@id\":\"https:\\\/\\\/www.fagor.eus\\\/#\\\/schema\\\/person\\\/98c9df1cb3cebeb681a4b4d80dc4fbf5\"},\"description\":\"El premio Fagor Taldea a la Transformaci\u00f3n Energ\u00e9tico-Clim\u00e1tica de los premios TFG-TFM Mondragon ya tiene ganadores.\",\"breadcrumb\":{\"@id\":\"https:\\\/\\\/www.fagor.eus\\\/es\\\/el-premio-fagor-taldea-de-los-premios-tfg-tfm-mondragon-ya-tiene-ganadores\\\/#breadcrumb\"},\"inLanguage\":\"es\",\"potentialAction\":[{\"@type\":\"ReadAction\",\"target\":[\"https:\\\/\\\/www.fagor.eus\\\/es\\\/el-premio-fagor-taldea-de-los-premios-tfg-tfm-mondragon-ya-tiene-ganadores\\\/\"]}]},{\"@type\":\"ImageObject\",\"inLanguage\":\"es\",\"@id\":\"https:\\\/\\\/www.fagor.eus\\\/es\\\/el-premio-fagor-taldea-de-los-premios-tfg-tfm-mondragon-ya-tiene-ganadores\\\/#primaryimage\",\"url\":\"https:\\\/\\\/www.fagor.eus\\\/wp-content\\\/uploads\\\/2025\\\/11\\\/tfgtfm.png\",\"contentUrl\":\"https:\\\/\\\/www.fagor.eus\\\/wp-content\\\/uploads\\\/2025\\\/11\\\/tfgtfm.png\",\"width\":2000,\"height\":1333,\"caption\":\"TFG-TFM Mondragon Fagor\"},{\"@type\":\"BreadcrumbList\",\"@id\":\"https:\\\/\\\/www.fagor.eus\\\/es\\\/el-premio-fagor-taldea-de-los-premios-tfg-tfm-mondragon-ya-tiene-ganadores\\\/#breadcrumb\",\"itemListElement\":[{\"@type\":\"ListItem\",\"position\":1,\"name\":\"Home\",\"item\":\"https:\\\/\\\/www.fagor.eus\\\/es\\\/\"},{\"@type\":\"ListItem\",\"position\":2,\"name\":\"El premio Fagor Taldea de los premios TFG-TFM Mondragon ya tiene ganadores\"}]},{\"@type\":\"WebSite\",\"@id\":\"https:\\\/\\\/www.fagor.eus\\\/#website\",\"url\":\"https:\\\/\\\/www.fagor.eus\\\/\",\"name\":\"Fagor\",\"description\":\"Trabajando por un futuro mejor\",\"potentialAction\":[{\"@type\":\"SearchAction\",\"target\":{\"@type\":\"EntryPoint\",\"urlTemplate\":\"https:\\\/\\\/www.fagor.eus\\\/?s={search_term_string}\"},\"query-input\":{\"@type\":\"PropertyValueSpecification\",\"valueRequired\":true,\"valueName\":\"search_term_string\"}}],\"inLanguage\":\"es\"},{\"@type\":\"Person\",\"@id\":\"https:\\\/\\\/www.fagor.eus\\\/#\\\/schema\\\/person\\\/98c9df1cb3cebeb681a4b4d80dc4fbf5\",\"name\":\"fagoriko\",\"image\":{\"@type\":\"ImageObject\",\"inLanguage\":\"es\",\"@id\":\"https:\\\/\\\/secure.gravatar.com\\\/avatar\\\/b360c2f7d7efd766ef528f934614f0978dc67e91ad991663263d694646e508fd?s=96&d=mm&r=g\",\"url\":\"https:\\\/\\\/secure.gravatar.com\\\/avatar\\\/b360c2f7d7efd766ef528f934614f0978dc67e91ad991663263d694646e508fd?s=96&d=mm&r=g\",\"contentUrl\":\"https:\\\/\\\/secure.gravatar.com\\\/avatar\\\/b360c2f7d7efd766ef528f934614f0978dc67e91ad991663263d694646e508fd?s=96&d=mm&r=g\",\"caption\":\"fagoriko\"},\"url\":\"https:\\\/\\\/www.fagor.eus\\\/es\\\/author\\\/fagor-iko\\\/\"}]}<\/script>\n<!-- \/ Yoast SEO plugin. -->","yoast_head_json":{"title":"El premio Fagor Taldea de los premios TFG-TFM Mondragon ya tiene ganadores &#187; Grupo Fagor","description":"El premio Fagor Taldea a la Transformaci\u00f3n Energ\u00e9tico-Clim\u00e1tica de los premios TFG-TFM Mondragon ya tiene ganadores.","robots":{"index":"index","follow":"follow","max-snippet":"max-snippet:-1","max-image-preview":"max-image-preview:large","max-video-preview":"max-video-preview:-1"},"canonical":"https:\/\/www.fagor.eus\/es\/el-premio-fagor-taldea-de-los-premios-tfg-tfm-mondragon-ya-tiene-ganadores\/","og_locale":"es_ES","og_type":"article","og_title":"El premio Fagor Taldea de los premios TFG-TFM Mondragon ya tiene ganadores &#187; Grupo Fagor","og_description":"El premio Fagor Taldea a la Transformaci\u00f3n Energ\u00e9tico-Clim\u00e1tica de los premios TFG-TFM Mondragon ya tiene ganadores.","og_url":"https:\/\/www.fagor.eus\/es\/el-premio-fagor-taldea-de-los-premios-tfg-tfm-mondragon-ya-tiene-ganadores\/","og_site_name":"FAGOR","article_published_time":"2025-11-28T11:48:58+00:00","og_image":[{"width":1024,"height":682,"url":"https:\/\/www.fagor.eus\/wp-content\/uploads\/2025\/11\/tfgtfm-1024x682.png","type":"image\/png"}],"author":"fagoriko","twitter_card":"summary_large_image","twitter_creator":"@FagorTaldea","twitter_site":"@FagorTaldea","twitter_misc":{"Escrito por":"fagoriko","Tiempo de lectura":"2 minutos"},"schema":{"@context":"https:\/\/schema.org","@graph":[{"@type":"Article","@id":"https:\/\/www.fagor.eus\/es\/el-premio-fagor-taldea-de-los-premios-tfg-tfm-mondragon-ya-tiene-ganadores\/#article","isPartOf":{"@id":"https:\/\/www.fagor.eus\/es\/el-premio-fagor-taldea-de-los-premios-tfg-tfm-mondragon-ya-tiene-ganadores\/"},"author":{"name":"fagoriko","@id":"https:\/\/www.fagor.eus\/#\/schema\/person\/98c9df1cb3cebeb681a4b4d80dc4fbf5"},"headline":"El premio Fagor Taldea de los premios TFG-TFM Mondragon ya tiene ganadores","datePublished":"2025-11-28T11:48:58+00:00","mainEntityOfPage":{"@id":"https:\/\/www.fagor.eus\/es\/el-premio-fagor-taldea-de-los-premios-tfg-tfm-mondragon-ya-tiene-ganadores\/"},"wordCount":306,"image":{"@id":"https:\/\/www.fagor.eus\/es\/el-premio-fagor-taldea-de-los-premios-tfg-tfm-mondragon-ya-tiene-ganadores\/#primaryimage"},"thumbnailUrl":"https:\/\/www.fagor.eus\/wp-content\/uploads\/2025\/11\/tfgtfm.png","articleSection":["Grupo Fagor"],"inLanguage":"es"},{"@type":"WebPage","@id":"https:\/\/www.fagor.eus\/es\/el-premio-fagor-taldea-de-los-premios-tfg-tfm-mondragon-ya-tiene-ganadores\/","url":"https:\/\/www.fagor.eus\/es\/el-premio-fagor-taldea-de-los-premios-tfg-tfm-mondragon-ya-tiene-ganadores\/","name":"El premio Fagor Taldea de los premios TFG-TFM Mondragon ya tiene ganadores &#187; Grupo Fagor","isPartOf":{"@id":"https:\/\/www.fagor.eus\/#website"},"primaryImageOfPage":{"@id":"https:\/\/www.fagor.eus\/es\/el-premio-fagor-taldea-de-los-premios-tfg-tfm-mondragon-ya-tiene-ganadores\/#primaryimage"},"image":{"@id":"https:\/\/www.fagor.eus\/es\/el-premio-fagor-taldea-de-los-premios-tfg-tfm-mondragon-ya-tiene-ganadores\/#primaryimage"},"thumbnailUrl":"https:\/\/www.fagor.eus\/wp-content\/uploads\/2025\/11\/tfgtfm.png","datePublished":"2025-11-28T11:48:58+00:00","author":{"@id":"https:\/\/www.fagor.eus\/#\/schema\/person\/98c9df1cb3cebeb681a4b4d80dc4fbf5"},"description":"El premio Fagor Taldea a la Transformaci\u00f3n Energ\u00e9tico-Clim\u00e1tica de los premios TFG-TFM Mondragon ya tiene ganadores.","breadcrumb":{"@id":"https:\/\/www.fagor.eus\/es\/el-premio-fagor-taldea-de-los-premios-tfg-tfm-mondragon-ya-tiene-ganadores\/#breadcrumb"},"inLanguage":"es","potentialAction":[{"@type":"ReadAction","target":["https:\/\/www.fagor.eus\/es\/el-premio-fagor-taldea-de-los-premios-tfg-tfm-mondragon-ya-tiene-ganadores\/"]}]},{"@type":"ImageObject","inLanguage":"es","@id":"https:\/\/www.fagor.eus\/es\/el-premio-fagor-taldea-de-los-premios-tfg-tfm-mondragon-ya-tiene-ganadores\/#primaryimage","url":"https:\/\/www.fagor.eus\/wp-content\/uploads\/2025\/11\/tfgtfm.png","contentUrl":"https:\/\/www.fagor.eus\/wp-content\/uploads\/2025\/11\/tfgtfm.png","width":2000,"height":1333,"caption":"TFG-TFM Mondragon Fagor"},{"@type":"BreadcrumbList","@id":"https:\/\/www.fagor.eus\/es\/el-premio-fagor-taldea-de-los-premios-tfg-tfm-mondragon-ya-tiene-ganadores\/#breadcrumb","itemListElement":[{"@type":"ListItem","position":1,"name":"Home","item":"https:\/\/www.fagor.eus\/es\/"},{"@type":"ListItem","position":2,"name":"El premio Fagor Taldea de los premios TFG-TFM Mondragon ya tiene ganadores"}]},{"@type":"WebSite","@id":"https:\/\/www.fagor.eus\/#website","url":"https:\/\/www.fagor.eus\/","name":"Fagor","description":"Trabajando por un futuro mejor","potentialAction":[{"@type":"SearchAction","target":{"@type":"EntryPoint","urlTemplate":"https:\/\/www.fagor.eus\/?s={search_term_string}"},"query-input":{"@type":"PropertyValueSpecification","valueRequired":true,"valueName":"search_term_string"}}],"inLanguage":"es"},{"@type":"Person","@id":"https:\/\/www.fagor.eus\/#\/schema\/person\/98c9df1cb3cebeb681a4b4d80dc4fbf5","name":"fagoriko","image":{"@type":"ImageObject","inLanguage":"es","@id":"https:\/\/secure.gravatar.com\/avatar\/b360c2f7d7efd766ef528f934614f0978dc67e91ad991663263d694646e508fd?s=96&d=mm&r=g","url":"https:\/\/secure.gravatar.com\/avatar\/b360c2f7d7efd766ef528f934614f0978dc67e91ad991663263d694646e508fd?s=96&d=mm&r=g","contentUrl":"https:\/\/secure.gravatar.com\/avatar\/b360c2f7d7efd766ef528f934614f0978dc67e91ad991663263d694646e508fd?s=96&d=mm&r=g","caption":"fagoriko"},"url":"https:\/\/www.fagor.eus\/es\/author\/fagor-iko\/"}]}},"_links":{"self":[{"href":"https:\/\/www.fagor.eus\/es\/wp-json\/wp\/v2\/posts\/24582","targetHints":{"allow":["GET"]}}],"collection":[{"href":"https:\/\/www.fagor.eus\/es\/wp-json\/wp\/v2\/posts"}],"about":[{"href":"https:\/\/www.fagor.eus\/es\/wp-json\/wp\/v2\/types\/post"}],"author":[{"embeddable":true,"href":"https:\/\/www.fagor.eus\/es\/wp-json\/wp\/v2\/users\/23"}],"replies":[{"embeddable":true,"href":"https:\/\/www.fagor.eus\/es\/wp-json\/wp\/v2\/comments?post=24582"}],"version-history":[{"count":1,"href":"https:\/\/www.fagor.eus\/es\/wp-json\/wp\/v2\/posts\/24582\/revisions"}],"predecessor-version":[{"id":24583,"href":"https:\/\/www.fagor.eus\/es\/wp-json\/wp\/v2\/posts\/24582\/revisions\/24583"}],"wp:featuredmedia":[{"embeddable":true,"href":"https:\/\/www.fagor.eus\/es\/wp-json\/wp\/v2\/media\/24581"}],"wp:attachment":[{"href":"https:\/\/www.fagor.eus\/es\/wp-json\/wp\/v2\/media?parent=24582"}],"wp:term":[{"taxonomy":"category","embeddable":true,"href":"https:\/\/www.fagor.eus\/es\/wp-json\/wp\/v2\/categories?post=24582"},{"taxonomy":"post_tag","embeddable":true,"href":"https:\/\/www.fagor.eus\/es\/wp-json\/wp\/v2\/tags?post=24582"}],"curies":[{"name":"wp","href":"https:\/\/api.w.org\/{rel}","templated":true}]}}