{"id":24507,"date":"2025-11-25T13:58:15","date_gmt":"2025-11-25T11:58:15","guid":{"rendered":"https:\/\/www.fagor.eus\/?p=24507"},"modified":"2025-11-25T17:06:49","modified_gmt":"2025-11-25T15:06:49","slug":"fagor-elabora-un-modelo-de-protocolo-para-crear-un-espacio-de-trabajo-seguro-y-saludable","status":"publish","type":"post","link":"https:\/\/www.fagor.eus\/es\/fagor-elabora-un-modelo-de-protocolo-para-crear-un-espacio-de-trabajo-seguro-y-saludable\/","title":{"rendered":"Fagor elabora un modelo de protocolo para crear un espacio de trabajo seguro y saludable"},"content":{"rendered":"<p>La Comisi\u00f3n de Igualdad del Grupo Fagor elabora un modelo de protocolo para prevenir y actuar en casos de acoso en al \u00e1mbito laboral y dar as\u00ed un paso m\u00e1s hacia espacios de trabajo seguros y saludables. Este protocolo pretende sobre todo incidir en la prevenci\u00f3n del acoso en las cooperativas del Grupo. \u00a0Adem\u00e1s, el modelo de protocolo responde tanto a los requisitos legales para prevenir y erradicar las distintas discriminaciones estructurales que tambi\u00e9n se dan el \u00e1mbito laboral como a la responsabilidad social de Fagor, en concreto, a la prevenci\u00f3n y gesti\u00f3n del acoso sexual, por raz\u00f3n de g\u00e9nero, orientaci\u00f3n sexual, identidad de g\u00e9nero, expresi\u00f3n de g\u00e9nero, as\u00ed como el acoso laboral.<\/p>\n<p>El apartado relativo a la prevenci\u00f3n ha sido tratado y consensuado en espacios compartidos con personas del \u00e1mbito de la prevenci\u00f3n de las cooperativas del Grupo. Asimismo, en espacios creados durante este proceso tambi\u00e9n han participado las personas responsables de los Planes de Igualdad Cooperativos de Fagor, agentes responsables de gestionar el acoso en las cooperativas y las asesor\u00edas Sortzen y Emun, especialistas en este \u00e1mbito. Algunos de los objetivos de estos espacios han sido formarse, aterrizar la propuesta en los protocolos vigentes de cada cooperativa e identificar y compartir los pr\u00f3ximos pasos a dar en esta materia.<\/p>\n<p>Para el 2026, se prev\u00e9 seguir trabajando en el campo de la prevenci\u00f3n, as\u00ed como ofrecer recursos a todas aquellas personas encargadas de gestionar casos de acoso en las cooperativas, por ejemplo, sistematizando procedimientos y ofreciendo apoyo para el acompa\u00f1amiento en los procesos.<\/p>\n","protected":false},"excerpt":{"rendered":"<p>La Comisi\u00f3n de Igualdad del Grupo Fagor elabora un modelo de protocolo para prevenir y actuar en casos de acoso en al \u00e1mbito laboral y dar as\u00ed un paso m\u00e1s&#8230;<\/p>\n","protected":false},"author":23,"featured_media":24505,"comment_status":"closed","ping_status":"open","sticky":false,"template":"","format":"standard","meta":{"footnotes":""},"categories":[125],"tags":[],"class_list":{"0":"post-24507","1":"post","2":"type-post","3":"status-publish","4":"format-standard","5":"has-post-thumbnail","7":"category-boletin"},"yoast_head":"<!-- This site is optimized with the Yoast SEO plugin v27.4 - https:\/\/yoast.com\/product\/yoast-seo-wordpress\/ -->\n<title>Fagor elabora un modelo de protocolo para crear un espacio de trabajo seguro y saludable &#187; Grupo Fagor<\/title>\n<meta name=\"description\" content=\"Fagor elabora un modelo de protocolo desde el Plan de Igualdad de G\u00e9nero del Grupo para crear un espacio de trabajo seguro y saludable.\" \/>\n<meta name=\"robots\" content=\"index, follow, max-snippet:-1, max-image-preview:large, max-video-preview:-1\" \/>\n<link rel=\"canonical\" href=\"https:\/\/www.fagor.eus\/es\/fagor-elabora-un-modelo-de-protocolo-para-crear-un-espacio-de-trabajo-seguro-y-saludable\/\" \/>\n<meta property=\"og:locale\" content=\"es_ES\" \/>\n<meta property=\"og:type\" content=\"article\" \/>\n<meta property=\"og:title\" content=\"Fagor elabora un modelo de protocolo para crear un espacio de trabajo seguro y saludable &#187; Grupo Fagor\" \/>\n<meta property=\"og:description\" content=\"Fagor elabora un modelo de protocolo desde el Plan de Igualdad de G\u00e9nero del Grupo para crear un espacio de trabajo seguro y saludable.\" \/>\n<meta property=\"og:url\" content=\"https:\/\/www.fagor.eus\/es\/fagor-elabora-un-modelo-de-protocolo-para-crear-un-espacio-de-trabajo-seguro-y-saludable\/\" \/>\n<meta property=\"og:site_name\" content=\"FAGOR\" \/>\n<meta property=\"article:published_time\" content=\"2025-11-25T11:58:15+00:00\" \/>\n<meta property=\"article:modified_time\" content=\"2025-11-25T15:06:49+00:00\" \/>\n<meta property=\"og:image\" content=\"https:\/\/www.fagor.eus\/wp-content\/uploads\/2025\/11\/argazkia-albiste-nagusia.jpg\" \/>\n\t<meta property=\"og:image:width\" content=\"1875\" \/>\n\t<meta property=\"og:image:height\" content=\"1250\" \/>\n\t<meta property=\"og:image:type\" content=\"image\/jpeg\" \/>\n<meta name=\"author\" content=\"fagoriko\" \/>\n<meta name=\"twitter:card\" content=\"summary_large_image\" \/>\n<meta name=\"twitter:creator\" content=\"@FagorTaldea\" \/>\n<meta name=\"twitter:site\" content=\"@FagorTaldea\" \/>\n<meta name=\"twitter:label1\" content=\"Escrito por\" \/>\n\t<meta name=\"twitter:data1\" content=\"fagoriko\" \/>\n\t<meta name=\"twitter:label2\" content=\"Tiempo de lectura\" \/>\n\t<meta name=\"twitter:data2\" content=\"2 minutos\" \/>\n<script type=\"application\/ld+json\" class=\"yoast-schema-graph\">{\"@context\":\"https:\\\/\\\/schema.org\",\"@graph\":[{\"@type\":\"Article\",\"@id\":\"https:\\\/\\\/www.fagor.eus\\\/es\\\/fagor-elabora-un-modelo-de-protocolo-para-crear-un-espacio-de-trabajo-seguro-y-saludable\\\/#article\",\"isPartOf\":{\"@id\":\"https:\\\/\\\/www.fagor.eus\\\/es\\\/fagor-elabora-un-modelo-de-protocolo-para-crear-un-espacio-de-trabajo-seguro-y-saludable\\\/\"},\"author\":{\"name\":\"fagoriko\",\"@id\":\"https:\\\/\\\/www.fagor.eus\\\/#\\\/schema\\\/person\\\/98c9df1cb3cebeb681a4b4d80dc4fbf5\"},\"headline\":\"Fagor elabora un modelo de protocolo para crear un espacio de trabajo seguro y saludable\",\"datePublished\":\"2025-11-25T11:58:15+00:00\",\"dateModified\":\"2025-11-25T15:06:49+00:00\",\"mainEntityOfPage\":{\"@id\":\"https:\\\/\\\/www.fagor.eus\\\/es\\\/fagor-elabora-un-modelo-de-protocolo-para-crear-un-espacio-de-trabajo-seguro-y-saludable\\\/\"},\"wordCount\":288,\"image\":{\"@id\":\"https:\\\/\\\/www.fagor.eus\\\/es\\\/fagor-elabora-un-modelo-de-protocolo-para-crear-un-espacio-de-trabajo-seguro-y-saludable\\\/#primaryimage\"},\"thumbnailUrl\":\"https:\\\/\\\/www.fagor.eus\\\/wp-content\\\/uploads\\\/2025\\\/11\\\/argazkia-albiste-nagusia.jpg\",\"articleSection\":[\"Bolet\u00edn\"],\"inLanguage\":\"es\"},{\"@type\":\"WebPage\",\"@id\":\"https:\\\/\\\/www.fagor.eus\\\/es\\\/fagor-elabora-un-modelo-de-protocolo-para-crear-un-espacio-de-trabajo-seguro-y-saludable\\\/\",\"url\":\"https:\\\/\\\/www.fagor.eus\\\/es\\\/fagor-elabora-un-modelo-de-protocolo-para-crear-un-espacio-de-trabajo-seguro-y-saludable\\\/\",\"name\":\"Fagor elabora un modelo de protocolo para crear un espacio de trabajo seguro y saludable &#187; Grupo Fagor\",\"isPartOf\":{\"@id\":\"https:\\\/\\\/www.fagor.eus\\\/#website\"},\"primaryImageOfPage\":{\"@id\":\"https:\\\/\\\/www.fagor.eus\\\/es\\\/fagor-elabora-un-modelo-de-protocolo-para-crear-un-espacio-de-trabajo-seguro-y-saludable\\\/#primaryimage\"},\"image\":{\"@id\":\"https:\\\/\\\/www.fagor.eus\\\/es\\\/fagor-elabora-un-modelo-de-protocolo-para-crear-un-espacio-de-trabajo-seguro-y-saludable\\\/#primaryimage\"},\"thumbnailUrl\":\"https:\\\/\\\/www.fagor.eus\\\/wp-content\\\/uploads\\\/2025\\\/11\\\/argazkia-albiste-nagusia.jpg\",\"datePublished\":\"2025-11-25T11:58:15+00:00\",\"dateModified\":\"2025-11-25T15:06:49+00:00\",\"author\":{\"@id\":\"https:\\\/\\\/www.fagor.eus\\\/#\\\/schema\\\/person\\\/98c9df1cb3cebeb681a4b4d80dc4fbf5\"},\"description\":\"Fagor elabora un modelo de protocolo desde el Plan de Igualdad de G\u00e9nero del Grupo para crear un espacio de trabajo seguro y saludable.\",\"breadcrumb\":{\"@id\":\"https:\\\/\\\/www.fagor.eus\\\/es\\\/fagor-elabora-un-modelo-de-protocolo-para-crear-un-espacio-de-trabajo-seguro-y-saludable\\\/#breadcrumb\"},\"inLanguage\":\"es\",\"potentialAction\":[{\"@type\":\"ReadAction\",\"target\":[\"https:\\\/\\\/www.fagor.eus\\\/es\\\/fagor-elabora-un-modelo-de-protocolo-para-crear-un-espacio-de-trabajo-seguro-y-saludable\\\/\"]}]},{\"@type\":\"ImageObject\",\"inLanguage\":\"es\",\"@id\":\"https:\\\/\\\/www.fagor.eus\\\/es\\\/fagor-elabora-un-modelo-de-protocolo-para-crear-un-espacio-de-trabajo-seguro-y-saludable\\\/#primaryimage\",\"url\":\"https:\\\/\\\/www.fagor.eus\\\/wp-content\\\/uploads\\\/2025\\\/11\\\/argazkia-albiste-nagusia.jpg\",\"contentUrl\":\"https:\\\/\\\/www.fagor.eus\\\/wp-content\\\/uploads\\\/2025\\\/11\\\/argazkia-albiste-nagusia.jpg\",\"width\":1875,\"height\":1250,\"caption\":\"Protokolo eredua\"},{\"@type\":\"BreadcrumbList\",\"@id\":\"https:\\\/\\\/www.fagor.eus\\\/es\\\/fagor-elabora-un-modelo-de-protocolo-para-crear-un-espacio-de-trabajo-seguro-y-saludable\\\/#breadcrumb\",\"itemListElement\":[{\"@type\":\"ListItem\",\"position\":1,\"name\":\"Home\",\"item\":\"https:\\\/\\\/www.fagor.eus\\\/es\\\/\"},{\"@type\":\"ListItem\",\"position\":2,\"name\":\"Fagor elabora un modelo de protocolo para crear un espacio de trabajo seguro y saludable\"}]},{\"@type\":\"WebSite\",\"@id\":\"https:\\\/\\\/www.fagor.eus\\\/#website\",\"url\":\"https:\\\/\\\/www.fagor.eus\\\/\",\"name\":\"Fagor\",\"description\":\"Trabajando por un futuro mejor\",\"potentialAction\":[{\"@type\":\"SearchAction\",\"target\":{\"@type\":\"EntryPoint\",\"urlTemplate\":\"https:\\\/\\\/www.fagor.eus\\\/?s={search_term_string}\"},\"query-input\":{\"@type\":\"PropertyValueSpecification\",\"valueRequired\":true,\"valueName\":\"search_term_string\"}}],\"inLanguage\":\"es\"},{\"@type\":\"Person\",\"@id\":\"https:\\\/\\\/www.fagor.eus\\\/#\\\/schema\\\/person\\\/98c9df1cb3cebeb681a4b4d80dc4fbf5\",\"name\":\"fagoriko\",\"image\":{\"@type\":\"ImageObject\",\"inLanguage\":\"es\",\"@id\":\"https:\\\/\\\/secure.gravatar.com\\\/avatar\\\/b360c2f7d7efd766ef528f934614f0978dc67e91ad991663263d694646e508fd?s=96&d=mm&r=g\",\"url\":\"https:\\\/\\\/secure.gravatar.com\\\/avatar\\\/b360c2f7d7efd766ef528f934614f0978dc67e91ad991663263d694646e508fd?s=96&d=mm&r=g\",\"contentUrl\":\"https:\\\/\\\/secure.gravatar.com\\\/avatar\\\/b360c2f7d7efd766ef528f934614f0978dc67e91ad991663263d694646e508fd?s=96&d=mm&r=g\",\"caption\":\"fagoriko\"},\"url\":\"https:\\\/\\\/www.fagor.eus\\\/es\\\/author\\\/fagor-iko\\\/\"}]}<\/script>\n<!-- \/ Yoast SEO plugin. -->","yoast_head_json":{"title":"Fagor elabora un modelo de protocolo para crear un espacio de trabajo seguro y saludable &#187; Grupo Fagor","description":"Fagor elabora un modelo de protocolo desde el Plan de Igualdad de G\u00e9nero del Grupo para crear un espacio de trabajo seguro y saludable.","robots":{"index":"index","follow":"follow","max-snippet":"max-snippet:-1","max-image-preview":"max-image-preview:large","max-video-preview":"max-video-preview:-1"},"canonical":"https:\/\/www.fagor.eus\/es\/fagor-elabora-un-modelo-de-protocolo-para-crear-un-espacio-de-trabajo-seguro-y-saludable\/","og_locale":"es_ES","og_type":"article","og_title":"Fagor elabora un modelo de protocolo para crear un espacio de trabajo seguro y saludable &#187; Grupo Fagor","og_description":"Fagor elabora un modelo de protocolo desde el Plan de Igualdad de G\u00e9nero del Grupo para crear un espacio de trabajo seguro y saludable.","og_url":"https:\/\/www.fagor.eus\/es\/fagor-elabora-un-modelo-de-protocolo-para-crear-un-espacio-de-trabajo-seguro-y-saludable\/","og_site_name":"FAGOR","article_published_time":"2025-11-25T11:58:15+00:00","article_modified_time":"2025-11-25T15:06:49+00:00","og_image":[{"width":1875,"height":1250,"url":"https:\/\/www.fagor.eus\/wp-content\/uploads\/2025\/11\/argazkia-albiste-nagusia.jpg","type":"image\/jpeg"}],"author":"fagoriko","twitter_card":"summary_large_image","twitter_creator":"@FagorTaldea","twitter_site":"@FagorTaldea","twitter_misc":{"Escrito por":"fagoriko","Tiempo de lectura":"2 minutos"},"schema":{"@context":"https:\/\/schema.org","@graph":[{"@type":"Article","@id":"https:\/\/www.fagor.eus\/es\/fagor-elabora-un-modelo-de-protocolo-para-crear-un-espacio-de-trabajo-seguro-y-saludable\/#article","isPartOf":{"@id":"https:\/\/www.fagor.eus\/es\/fagor-elabora-un-modelo-de-protocolo-para-crear-un-espacio-de-trabajo-seguro-y-saludable\/"},"author":{"name":"fagoriko","@id":"https:\/\/www.fagor.eus\/#\/schema\/person\/98c9df1cb3cebeb681a4b4d80dc4fbf5"},"headline":"Fagor elabora un modelo de protocolo para crear un espacio de trabajo seguro y saludable","datePublished":"2025-11-25T11:58:15+00:00","dateModified":"2025-11-25T15:06:49+00:00","mainEntityOfPage":{"@id":"https:\/\/www.fagor.eus\/es\/fagor-elabora-un-modelo-de-protocolo-para-crear-un-espacio-de-trabajo-seguro-y-saludable\/"},"wordCount":288,"image":{"@id":"https:\/\/www.fagor.eus\/es\/fagor-elabora-un-modelo-de-protocolo-para-crear-un-espacio-de-trabajo-seguro-y-saludable\/#primaryimage"},"thumbnailUrl":"https:\/\/www.fagor.eus\/wp-content\/uploads\/2025\/11\/argazkia-albiste-nagusia.jpg","articleSection":["Bolet\u00edn"],"inLanguage":"es"},{"@type":"WebPage","@id":"https:\/\/www.fagor.eus\/es\/fagor-elabora-un-modelo-de-protocolo-para-crear-un-espacio-de-trabajo-seguro-y-saludable\/","url":"https:\/\/www.fagor.eus\/es\/fagor-elabora-un-modelo-de-protocolo-para-crear-un-espacio-de-trabajo-seguro-y-saludable\/","name":"Fagor elabora un modelo de protocolo para crear un espacio de trabajo seguro y saludable &#187; Grupo Fagor","isPartOf":{"@id":"https:\/\/www.fagor.eus\/#website"},"primaryImageOfPage":{"@id":"https:\/\/www.fagor.eus\/es\/fagor-elabora-un-modelo-de-protocolo-para-crear-un-espacio-de-trabajo-seguro-y-saludable\/#primaryimage"},"image":{"@id":"https:\/\/www.fagor.eus\/es\/fagor-elabora-un-modelo-de-protocolo-para-crear-un-espacio-de-trabajo-seguro-y-saludable\/#primaryimage"},"thumbnailUrl":"https:\/\/www.fagor.eus\/wp-content\/uploads\/2025\/11\/argazkia-albiste-nagusia.jpg","datePublished":"2025-11-25T11:58:15+00:00","dateModified":"2025-11-25T15:06:49+00:00","author":{"@id":"https:\/\/www.fagor.eus\/#\/schema\/person\/98c9df1cb3cebeb681a4b4d80dc4fbf5"},"description":"Fagor elabora un modelo de protocolo desde el Plan de Igualdad de G\u00e9nero del Grupo para crear un espacio de trabajo seguro y saludable.","breadcrumb":{"@id":"https:\/\/www.fagor.eus\/es\/fagor-elabora-un-modelo-de-protocolo-para-crear-un-espacio-de-trabajo-seguro-y-saludable\/#breadcrumb"},"inLanguage":"es","potentialAction":[{"@type":"ReadAction","target":["https:\/\/www.fagor.eus\/es\/fagor-elabora-un-modelo-de-protocolo-para-crear-un-espacio-de-trabajo-seguro-y-saludable\/"]}]},{"@type":"ImageObject","inLanguage":"es","@id":"https:\/\/www.fagor.eus\/es\/fagor-elabora-un-modelo-de-protocolo-para-crear-un-espacio-de-trabajo-seguro-y-saludable\/#primaryimage","url":"https:\/\/www.fagor.eus\/wp-content\/uploads\/2025\/11\/argazkia-albiste-nagusia.jpg","contentUrl":"https:\/\/www.fagor.eus\/wp-content\/uploads\/2025\/11\/argazkia-albiste-nagusia.jpg","width":1875,"height":1250,"caption":"Protokolo eredua"},{"@type":"BreadcrumbList","@id":"https:\/\/www.fagor.eus\/es\/fagor-elabora-un-modelo-de-protocolo-para-crear-un-espacio-de-trabajo-seguro-y-saludable\/#breadcrumb","itemListElement":[{"@type":"ListItem","position":1,"name":"Home","item":"https:\/\/www.fagor.eus\/es\/"},{"@type":"ListItem","position":2,"name":"Fagor elabora un modelo de protocolo para crear un espacio de trabajo seguro y saludable"}]},{"@type":"WebSite","@id":"https:\/\/www.fagor.eus\/#website","url":"https:\/\/www.fagor.eus\/","name":"Fagor","description":"Trabajando por un futuro mejor","potentialAction":[{"@type":"SearchAction","target":{"@type":"EntryPoint","urlTemplate":"https:\/\/www.fagor.eus\/?s={search_term_string}"},"query-input":{"@type":"PropertyValueSpecification","valueRequired":true,"valueName":"search_term_string"}}],"inLanguage":"es"},{"@type":"Person","@id":"https:\/\/www.fagor.eus\/#\/schema\/person\/98c9df1cb3cebeb681a4b4d80dc4fbf5","name":"fagoriko","image":{"@type":"ImageObject","inLanguage":"es","@id":"https:\/\/secure.gravatar.com\/avatar\/b360c2f7d7efd766ef528f934614f0978dc67e91ad991663263d694646e508fd?s=96&d=mm&r=g","url":"https:\/\/secure.gravatar.com\/avatar\/b360c2f7d7efd766ef528f934614f0978dc67e91ad991663263d694646e508fd?s=96&d=mm&r=g","contentUrl":"https:\/\/secure.gravatar.com\/avatar\/b360c2f7d7efd766ef528f934614f0978dc67e91ad991663263d694646e508fd?s=96&d=mm&r=g","caption":"fagoriko"},"url":"https:\/\/www.fagor.eus\/es\/author\/fagor-iko\/"}]}},"_links":{"self":[{"href":"https:\/\/www.fagor.eus\/es\/wp-json\/wp\/v2\/posts\/24507","targetHints":{"allow":["GET"]}}],"collection":[{"href":"https:\/\/www.fagor.eus\/es\/wp-json\/wp\/v2\/posts"}],"about":[{"href":"https:\/\/www.fagor.eus\/es\/wp-json\/wp\/v2\/types\/post"}],"author":[{"embeddable":true,"href":"https:\/\/www.fagor.eus\/es\/wp-json\/wp\/v2\/users\/23"}],"replies":[{"embeddable":true,"href":"https:\/\/www.fagor.eus\/es\/wp-json\/wp\/v2\/comments?post=24507"}],"version-history":[{"count":6,"href":"https:\/\/www.fagor.eus\/es\/wp-json\/wp\/v2\/posts\/24507\/revisions"}],"predecessor-version":[{"id":24528,"href":"https:\/\/www.fagor.eus\/es\/wp-json\/wp\/v2\/posts\/24507\/revisions\/24528"}],"wp:featuredmedia":[{"embeddable":true,"href":"https:\/\/www.fagor.eus\/es\/wp-json\/wp\/v2\/media\/24505"}],"wp:attachment":[{"href":"https:\/\/www.fagor.eus\/es\/wp-json\/wp\/v2\/media?parent=24507"}],"wp:term":[{"taxonomy":"category","embeddable":true,"href":"https:\/\/www.fagor.eus\/es\/wp-json\/wp\/v2\/categories?post=24507"},{"taxonomy":"post_tag","embeddable":true,"href":"https:\/\/www.fagor.eus\/es\/wp-json\/wp\/v2\/tags?post=24507"}],"curies":[{"name":"wp","href":"https:\/\/api.w.org\/{rel}","templated":true}]}}