{"id":24235,"date":"2025-10-30T13:58:23","date_gmt":"2025-10-30T11:58:23","guid":{"rendered":"https:\/\/www.fagor.eus\/?p=24235"},"modified":"2025-11-06T15:15:26","modified_gmt":"2025-11-06T13:15:26","slug":"fagor-automation-se-abre-a-nuevos-horizontes","status":"publish","type":"post","link":"https:\/\/www.fagor.eus\/es\/fagor-automation-se-abre-a-nuevos-horizontes\/","title":{"rendered":"Fagor Automation se abre a nuevos horizontes"},"content":{"rendered":"<p>La cooperativa <span style=\"color: #ff0000;\"><a style=\"color: #ff0000;\" href=\"https:\/\/www.fagor.eus\/es\/fagor-automation\/\">Fagor Automation<\/a><\/span> se abre a nuevos horizontes. As\u00ed lo recoge el Plan Estrat\u00e9gico 2025-2028. Mediante el sistema <em>Smart Encoder System<\/em> (SES), emprende una nueva etapa de diversificaci\u00f3n tecnol\u00f3gica, expansi\u00f3n sectorial e impulso a la innovaci\u00f3n. Se trata de una de las grandes apuestas de Fagor Automation. Este proceso se apoyar\u00e1 en la expansi\u00f3n de los negocios CNC, Feedback y Service, y en la consolidaci\u00f3n del sistema SES. As\u00ed lo ha explicado el medio de comunicaci\u00f3n <em><span style=\"color: #ff0000;\"><a style=\"color: #ff0000;\" href=\"https:\/\/www.empresaxxi.com\/post\/fagor-automation-abre-nuevos-horizontes\">Empresa XXI<\/a><\/span><\/em>.<\/p>\n<p>El nuevo plan del sistema <em>Smart Encoder System <\/em>ser\u00e1 una de las principales herramientas para el crecimiento de Fagor Automation. En el plan estrat\u00e9gico de cuatro a\u00f1os, prev\u00e9n cerrar el primer a\u00f1o con un crecimiento consolidado superior al 1% respecto al 2024, pese a la incertidumbre que sobrevuela los mercados en el complejo contexto geopol\u00edtico. M\u00e1s all\u00e1 de la m\u00e1quina herramienta, la cooperativa pretende facturar 100 millones de euros de cara a 2028, y as\u00ed, posicionarse entre las empresas que superan los 100 millones de euros de facturaci\u00f3n anual. El director general de Fagor Automation, Jos\u00e9 P\u00e9rez Berdud, ha explicado lo siguiente: \u201cEl negocio est\u00e1 dise\u00f1ado para satisfacer las exigencias de precisi\u00f3n de las industrias m\u00e1s r\u00e1pidas y complejas de la actualidad, como son la metrolog\u00eda, los semiconductores y las grandes instalaciones cient\u00edficas\u201d.<\/p>\n<p><strong>Nuevos horizontes<\/strong><\/p>\n<p>Con esta nueva estrategia, Fagor Automation ha abierto nuevas posibilidades de negocio en Jap\u00f3n, Corea y Taiw\u00e1n. Seg\u00fan P\u00e9rez, son pa\u00edses con un gran potencial de crecimiento y con un posicionamiento tecnol\u00f3gico \u201cmuy importante\u201d. Tampoco dejar\u00e1n de lado mercados como China y Estados Unidos.<\/p>\n<p>P\u00e9rez tambi\u00e9n ha subrayado que la participaci\u00f3n en ferias internacionales es clave para dar a conocer la marca de Fagor Automation. \u201cGracias a nuestra presencia en estos eventos hemos consolidado nuestra imagen en el sector del semiconductor, donde Fagor Automation empieza a ser reconocida como una empresa tecnol\u00f3gica relevante\u201d.<\/p>\n","protected":false},"excerpt":{"rendered":"<p>La cooperativa Fagor Automation se abre a nuevos horizontes. As\u00ed lo recoge el Plan Estrat\u00e9gico 2025-2028. Mediante el sistema Smart Encoder System (SES), emprende una nueva etapa de diversificaci\u00f3n tecnol\u00f3gica,&#8230;<\/p>\n","protected":false},"author":23,"featured_media":24233,"comment_status":"closed","ping_status":"open","sticky":false,"template":"","format":"standard","meta":{"footnotes":""},"categories":[87],"tags":[],"class_list":{"0":"post-24235","1":"post","2":"type-post","3":"status-publish","4":"format-standard","5":"has-post-thumbnail","7":"category-fagor-automation-3-es"},"yoast_head":"<!-- This site is optimized with the Yoast SEO plugin v27.4 - https:\/\/yoast.com\/product\/yoast-seo-wordpress\/ -->\n<title>Fagor Automation se abre a nuevos horizontes &#187; Grupo Fagor<\/title>\n<meta name=\"description\" content=\"La cooperativa Fagor Automation se abre a nuevos horizontes. As\u00ed lo recoge en el Plan Estrat\u00e9gico 2025-2028.\" \/>\n<meta name=\"robots\" content=\"index, follow, max-snippet:-1, max-image-preview:large, max-video-preview:-1\" \/>\n<link rel=\"canonical\" href=\"https:\/\/www.fagor.eus\/es\/fagor-automation-se-abre-a-nuevos-horizontes\/\" \/>\n<meta property=\"og:locale\" content=\"es_ES\" \/>\n<meta property=\"og:type\" content=\"article\" \/>\n<meta property=\"og:title\" content=\"Fagor Automation se abre a nuevos horizontes &#187; Grupo Fagor\" \/>\n<meta property=\"og:description\" content=\"La cooperativa Fagor Automation se abre a nuevos horizontes. As\u00ed lo recoge en el Plan Estrat\u00e9gico 2025-2028.\" \/>\n<meta property=\"og:url\" content=\"https:\/\/www.fagor.eus\/es\/fagor-automation-se-abre-a-nuevos-horizontes\/\" \/>\n<meta property=\"og:site_name\" content=\"FAGOR\" \/>\n<meta property=\"article:published_time\" content=\"2025-10-30T11:58:23+00:00\" \/>\n<meta property=\"article:modified_time\" content=\"2025-11-06T13:15:26+00:00\" \/>\n<meta property=\"og:image\" content=\"https:\/\/www.fagor.eus\/wp-content\/uploads\/2025\/10\/Sektore-berriak-2000.1333-1024x682.png\" \/>\n\t<meta property=\"og:image:width\" content=\"1024\" \/>\n\t<meta property=\"og:image:height\" content=\"682\" \/>\n\t<meta property=\"og:image:type\" content=\"image\/png\" \/>\n<meta name=\"author\" content=\"fagoriko\" \/>\n<meta name=\"twitter:card\" content=\"summary_large_image\" \/>\n<meta name=\"twitter:creator\" content=\"@FagorTaldea\" \/>\n<meta name=\"twitter:site\" content=\"@FagorTaldea\" \/>\n<meta name=\"twitter:label1\" content=\"Escrito por\" \/>\n\t<meta name=\"twitter:data1\" content=\"fagoriko\" \/>\n\t<meta name=\"twitter:label2\" content=\"Tiempo de lectura\" \/>\n\t<meta name=\"twitter:data2\" content=\"2 minutos\" \/>\n<script type=\"application\/ld+json\" class=\"yoast-schema-graph\">{\"@context\":\"https:\\\/\\\/schema.org\",\"@graph\":[{\"@type\":\"Article\",\"@id\":\"https:\\\/\\\/www.fagor.eus\\\/es\\\/fagor-automation-se-abre-a-nuevos-horizontes\\\/#article\",\"isPartOf\":{\"@id\":\"https:\\\/\\\/www.fagor.eus\\\/es\\\/fagor-automation-se-abre-a-nuevos-horizontes\\\/\"},\"author\":{\"name\":\"fagoriko\",\"@id\":\"https:\\\/\\\/www.fagor.eus\\\/#\\\/schema\\\/person\\\/98c9df1cb3cebeb681a4b4d80dc4fbf5\"},\"headline\":\"Fagor Automation se abre a nuevos horizontes\",\"datePublished\":\"2025-10-30T11:58:23+00:00\",\"dateModified\":\"2025-11-06T13:15:26+00:00\",\"mainEntityOfPage\":{\"@id\":\"https:\\\/\\\/www.fagor.eus\\\/es\\\/fagor-automation-se-abre-a-nuevos-horizontes\\\/\"},\"wordCount\":343,\"image\":{\"@id\":\"https:\\\/\\\/www.fagor.eus\\\/es\\\/fagor-automation-se-abre-a-nuevos-horizontes\\\/#primaryimage\"},\"thumbnailUrl\":\"https:\\\/\\\/www.fagor.eus\\\/wp-content\\\/uploads\\\/2025\\\/10\\\/Sektore-berriak-2000.1333.png\",\"articleSection\":[\"Fagor Automation\"],\"inLanguage\":\"es\"},{\"@type\":\"WebPage\",\"@id\":\"https:\\\/\\\/www.fagor.eus\\\/es\\\/fagor-automation-se-abre-a-nuevos-horizontes\\\/\",\"url\":\"https:\\\/\\\/www.fagor.eus\\\/es\\\/fagor-automation-se-abre-a-nuevos-horizontes\\\/\",\"name\":\"Fagor Automation se abre a nuevos horizontes &#187; Grupo Fagor\",\"isPartOf\":{\"@id\":\"https:\\\/\\\/www.fagor.eus\\\/#website\"},\"primaryImageOfPage\":{\"@id\":\"https:\\\/\\\/www.fagor.eus\\\/es\\\/fagor-automation-se-abre-a-nuevos-horizontes\\\/#primaryimage\"},\"image\":{\"@id\":\"https:\\\/\\\/www.fagor.eus\\\/es\\\/fagor-automation-se-abre-a-nuevos-horizontes\\\/#primaryimage\"},\"thumbnailUrl\":\"https:\\\/\\\/www.fagor.eus\\\/wp-content\\\/uploads\\\/2025\\\/10\\\/Sektore-berriak-2000.1333.png\",\"datePublished\":\"2025-10-30T11:58:23+00:00\",\"dateModified\":\"2025-11-06T13:15:26+00:00\",\"author\":{\"@id\":\"https:\\\/\\\/www.fagor.eus\\\/#\\\/schema\\\/person\\\/98c9df1cb3cebeb681a4b4d80dc4fbf5\"},\"description\":\"La cooperativa Fagor Automation se abre a nuevos horizontes. As\u00ed lo recoge en el Plan Estrat\u00e9gico 2025-2028.\",\"breadcrumb\":{\"@id\":\"https:\\\/\\\/www.fagor.eus\\\/es\\\/fagor-automation-se-abre-a-nuevos-horizontes\\\/#breadcrumb\"},\"inLanguage\":\"es\",\"potentialAction\":[{\"@type\":\"ReadAction\",\"target\":[\"https:\\\/\\\/www.fagor.eus\\\/es\\\/fagor-automation-se-abre-a-nuevos-horizontes\\\/\"]}]},{\"@type\":\"ImageObject\",\"inLanguage\":\"es\",\"@id\":\"https:\\\/\\\/www.fagor.eus\\\/es\\\/fagor-automation-se-abre-a-nuevos-horizontes\\\/#primaryimage\",\"url\":\"https:\\\/\\\/www.fagor.eus\\\/wp-content\\\/uploads\\\/2025\\\/10\\\/Sektore-berriak-2000.1333.png\",\"contentUrl\":\"https:\\\/\\\/www.fagor.eus\\\/wp-content\\\/uploads\\\/2025\\\/10\\\/Sektore-berriak-2000.1333.png\",\"width\":2000,\"height\":1333,\"caption\":\"Merkatu berriak\"},{\"@type\":\"BreadcrumbList\",\"@id\":\"https:\\\/\\\/www.fagor.eus\\\/es\\\/fagor-automation-se-abre-a-nuevos-horizontes\\\/#breadcrumb\",\"itemListElement\":[{\"@type\":\"ListItem\",\"position\":1,\"name\":\"Home\",\"item\":\"https:\\\/\\\/www.fagor.eus\\\/es\\\/\"},{\"@type\":\"ListItem\",\"position\":2,\"name\":\"Fagor Automation se abre a nuevos horizontes\"}]},{\"@type\":\"WebSite\",\"@id\":\"https:\\\/\\\/www.fagor.eus\\\/#website\",\"url\":\"https:\\\/\\\/www.fagor.eus\\\/\",\"name\":\"Fagor\",\"description\":\"Trabajando por un futuro mejor\",\"potentialAction\":[{\"@type\":\"SearchAction\",\"target\":{\"@type\":\"EntryPoint\",\"urlTemplate\":\"https:\\\/\\\/www.fagor.eus\\\/?s={search_term_string}\"},\"query-input\":{\"@type\":\"PropertyValueSpecification\",\"valueRequired\":true,\"valueName\":\"search_term_string\"}}],\"inLanguage\":\"es\"},{\"@type\":\"Person\",\"@id\":\"https:\\\/\\\/www.fagor.eus\\\/#\\\/schema\\\/person\\\/98c9df1cb3cebeb681a4b4d80dc4fbf5\",\"name\":\"fagoriko\",\"image\":{\"@type\":\"ImageObject\",\"inLanguage\":\"es\",\"@id\":\"https:\\\/\\\/secure.gravatar.com\\\/avatar\\\/b360c2f7d7efd766ef528f934614f0978dc67e91ad991663263d694646e508fd?s=96&d=mm&r=g\",\"url\":\"https:\\\/\\\/secure.gravatar.com\\\/avatar\\\/b360c2f7d7efd766ef528f934614f0978dc67e91ad991663263d694646e508fd?s=96&d=mm&r=g\",\"contentUrl\":\"https:\\\/\\\/secure.gravatar.com\\\/avatar\\\/b360c2f7d7efd766ef528f934614f0978dc67e91ad991663263d694646e508fd?s=96&d=mm&r=g\",\"caption\":\"fagoriko\"},\"url\":\"https:\\\/\\\/www.fagor.eus\\\/es\\\/author\\\/fagor-iko\\\/\"}]}<\/script>\n<!-- \/ Yoast SEO plugin. -->","yoast_head_json":{"title":"Fagor Automation se abre a nuevos horizontes &#187; Grupo Fagor","description":"La cooperativa Fagor Automation se abre a nuevos horizontes. As\u00ed lo recoge en el Plan Estrat\u00e9gico 2025-2028.","robots":{"index":"index","follow":"follow","max-snippet":"max-snippet:-1","max-image-preview":"max-image-preview:large","max-video-preview":"max-video-preview:-1"},"canonical":"https:\/\/www.fagor.eus\/es\/fagor-automation-se-abre-a-nuevos-horizontes\/","og_locale":"es_ES","og_type":"article","og_title":"Fagor Automation se abre a nuevos horizontes &#187; Grupo Fagor","og_description":"La cooperativa Fagor Automation se abre a nuevos horizontes. As\u00ed lo recoge en el Plan Estrat\u00e9gico 2025-2028.","og_url":"https:\/\/www.fagor.eus\/es\/fagor-automation-se-abre-a-nuevos-horizontes\/","og_site_name":"FAGOR","article_published_time":"2025-10-30T11:58:23+00:00","article_modified_time":"2025-11-06T13:15:26+00:00","og_image":[{"width":1024,"height":682,"url":"https:\/\/www.fagor.eus\/wp-content\/uploads\/2025\/10\/Sektore-berriak-2000.1333-1024x682.png","type":"image\/png"}],"author":"fagoriko","twitter_card":"summary_large_image","twitter_creator":"@FagorTaldea","twitter_site":"@FagorTaldea","twitter_misc":{"Escrito por":"fagoriko","Tiempo de lectura":"2 minutos"},"schema":{"@context":"https:\/\/schema.org","@graph":[{"@type":"Article","@id":"https:\/\/www.fagor.eus\/es\/fagor-automation-se-abre-a-nuevos-horizontes\/#article","isPartOf":{"@id":"https:\/\/www.fagor.eus\/es\/fagor-automation-se-abre-a-nuevos-horizontes\/"},"author":{"name":"fagoriko","@id":"https:\/\/www.fagor.eus\/#\/schema\/person\/98c9df1cb3cebeb681a4b4d80dc4fbf5"},"headline":"Fagor Automation se abre a nuevos horizontes","datePublished":"2025-10-30T11:58:23+00:00","dateModified":"2025-11-06T13:15:26+00:00","mainEntityOfPage":{"@id":"https:\/\/www.fagor.eus\/es\/fagor-automation-se-abre-a-nuevos-horizontes\/"},"wordCount":343,"image":{"@id":"https:\/\/www.fagor.eus\/es\/fagor-automation-se-abre-a-nuevos-horizontes\/#primaryimage"},"thumbnailUrl":"https:\/\/www.fagor.eus\/wp-content\/uploads\/2025\/10\/Sektore-berriak-2000.1333.png","articleSection":["Fagor Automation"],"inLanguage":"es"},{"@type":"WebPage","@id":"https:\/\/www.fagor.eus\/es\/fagor-automation-se-abre-a-nuevos-horizontes\/","url":"https:\/\/www.fagor.eus\/es\/fagor-automation-se-abre-a-nuevos-horizontes\/","name":"Fagor Automation se abre a nuevos horizontes &#187; Grupo Fagor","isPartOf":{"@id":"https:\/\/www.fagor.eus\/#website"},"primaryImageOfPage":{"@id":"https:\/\/www.fagor.eus\/es\/fagor-automation-se-abre-a-nuevos-horizontes\/#primaryimage"},"image":{"@id":"https:\/\/www.fagor.eus\/es\/fagor-automation-se-abre-a-nuevos-horizontes\/#primaryimage"},"thumbnailUrl":"https:\/\/www.fagor.eus\/wp-content\/uploads\/2025\/10\/Sektore-berriak-2000.1333.png","datePublished":"2025-10-30T11:58:23+00:00","dateModified":"2025-11-06T13:15:26+00:00","author":{"@id":"https:\/\/www.fagor.eus\/#\/schema\/person\/98c9df1cb3cebeb681a4b4d80dc4fbf5"},"description":"La cooperativa Fagor Automation se abre a nuevos horizontes. As\u00ed lo recoge en el Plan Estrat\u00e9gico 2025-2028.","breadcrumb":{"@id":"https:\/\/www.fagor.eus\/es\/fagor-automation-se-abre-a-nuevos-horizontes\/#breadcrumb"},"inLanguage":"es","potentialAction":[{"@type":"ReadAction","target":["https:\/\/www.fagor.eus\/es\/fagor-automation-se-abre-a-nuevos-horizontes\/"]}]},{"@type":"ImageObject","inLanguage":"es","@id":"https:\/\/www.fagor.eus\/es\/fagor-automation-se-abre-a-nuevos-horizontes\/#primaryimage","url":"https:\/\/www.fagor.eus\/wp-content\/uploads\/2025\/10\/Sektore-berriak-2000.1333.png","contentUrl":"https:\/\/www.fagor.eus\/wp-content\/uploads\/2025\/10\/Sektore-berriak-2000.1333.png","width":2000,"height":1333,"caption":"Merkatu berriak"},{"@type":"BreadcrumbList","@id":"https:\/\/www.fagor.eus\/es\/fagor-automation-se-abre-a-nuevos-horizontes\/#breadcrumb","itemListElement":[{"@type":"ListItem","position":1,"name":"Home","item":"https:\/\/www.fagor.eus\/es\/"},{"@type":"ListItem","position":2,"name":"Fagor Automation se abre a nuevos horizontes"}]},{"@type":"WebSite","@id":"https:\/\/www.fagor.eus\/#website","url":"https:\/\/www.fagor.eus\/","name":"Fagor","description":"Trabajando por un futuro mejor","potentialAction":[{"@type":"SearchAction","target":{"@type":"EntryPoint","urlTemplate":"https:\/\/www.fagor.eus\/?s={search_term_string}"},"query-input":{"@type":"PropertyValueSpecification","valueRequired":true,"valueName":"search_term_string"}}],"inLanguage":"es"},{"@type":"Person","@id":"https:\/\/www.fagor.eus\/#\/schema\/person\/98c9df1cb3cebeb681a4b4d80dc4fbf5","name":"fagoriko","image":{"@type":"ImageObject","inLanguage":"es","@id":"https:\/\/secure.gravatar.com\/avatar\/b360c2f7d7efd766ef528f934614f0978dc67e91ad991663263d694646e508fd?s=96&d=mm&r=g","url":"https:\/\/secure.gravatar.com\/avatar\/b360c2f7d7efd766ef528f934614f0978dc67e91ad991663263d694646e508fd?s=96&d=mm&r=g","contentUrl":"https:\/\/secure.gravatar.com\/avatar\/b360c2f7d7efd766ef528f934614f0978dc67e91ad991663263d694646e508fd?s=96&d=mm&r=g","caption":"fagoriko"},"url":"https:\/\/www.fagor.eus\/es\/author\/fagor-iko\/"}]}},"_links":{"self":[{"href":"https:\/\/www.fagor.eus\/es\/wp-json\/wp\/v2\/posts\/24235","targetHints":{"allow":["GET"]}}],"collection":[{"href":"https:\/\/www.fagor.eus\/es\/wp-json\/wp\/v2\/posts"}],"about":[{"href":"https:\/\/www.fagor.eus\/es\/wp-json\/wp\/v2\/types\/post"}],"author":[{"embeddable":true,"href":"https:\/\/www.fagor.eus\/es\/wp-json\/wp\/v2\/users\/23"}],"replies":[{"embeddable":true,"href":"https:\/\/www.fagor.eus\/es\/wp-json\/wp\/v2\/comments?post=24235"}],"version-history":[{"count":3,"href":"https:\/\/www.fagor.eus\/es\/wp-json\/wp\/v2\/posts\/24235\/revisions"}],"predecessor-version":[{"id":24401,"href":"https:\/\/www.fagor.eus\/es\/wp-json\/wp\/v2\/posts\/24235\/revisions\/24401"}],"wp:featuredmedia":[{"embeddable":true,"href":"https:\/\/www.fagor.eus\/es\/wp-json\/wp\/v2\/media\/24233"}],"wp:attachment":[{"href":"https:\/\/www.fagor.eus\/es\/wp-json\/wp\/v2\/media?parent=24235"}],"wp:term":[{"taxonomy":"category","embeddable":true,"href":"https:\/\/www.fagor.eus\/es\/wp-json\/wp\/v2\/categories?post=24235"},{"taxonomy":"post_tag","embeddable":true,"href":"https:\/\/www.fagor.eus\/es\/wp-json\/wp\/v2\/tags?post=24235"}],"curies":[{"name":"wp","href":"https:\/\/api.w.org\/{rel}","templated":true}]}}