{"id":24132,"date":"2025-10-21T09:46:17","date_gmt":"2025-10-21T07:46:17","guid":{"rendered":"https:\/\/www.fagor.eus\/?p=24132"},"modified":"2025-10-21T12:17:26","modified_gmt":"2025-10-21T10:17:26","slug":"los-proyectos-de-fagor-herrigintza-en-fase-de-priorizacion","status":"publish","type":"post","link":"https:\/\/www.fagor.eus\/es\/los-proyectos-de-fagor-herrigintza-en-fase-de-priorizacion\/","title":{"rendered":"Los proyectos de Fagor Herrigintza se encuentran en la fase de priorizaci\u00f3n"},"content":{"rendered":"<p>El programa de cooperaci\u00f3n <span style=\"color: #ff0000;\"><a style=\"color: #ff0000;\" href=\"https:\/\/www.fagor.eus\/es\/fondo-social\/fagor-herrigintza\/\">Fagor Herrigintza<\/a><\/span> ha entrado en la fase de priorizaci\u00f3n. En total, el Grupo Fagor ha recibido 38 proyectos de agentes sociales del Pa\u00eds Vasco, los cuales est\u00e1n siendo valorados seg\u00fan las bases previamente publicadas, para que, del 10 al 20 de noviembre, las personas socias de las cooperativas de Fagor voten entre los proyectos con mayor puntuaci\u00f3n -tres, por cada l\u00ednea de ayuda-. La decisi\u00f3n se har\u00e1 p\u00fablica a mediados de diciembre.<\/p>\n<p>Por cuarto a\u00f1o consecutivo, Fagor conceder\u00e1 tres ayudas econ\u00f3micas, 120.000 euros en total, para apoyar proyectos sociales que trabajan por un mundo mejor: 60.000 euros, 40.000 euros y 20.000 euros.<\/p>\n<p>El responsable de Sostenibilidad del Grupo Fagor, Aritz Otxandiano Kanpo, se ha mostrado \u201csatisfecho\u201d por la acogida que ha tenido Fagor Herrigintza: \u201cHemos recibido 38 propuestas diferentes. Esto muestra que se ha convertido en una convocatoria referente para diversos agentes sociales del Pa\u00eds Vasco. Hemos vuelto a confirmar que hay muchos proyectos interesantes que siguen trabajando para construir un mundo mejor. M\u00e1s all\u00e1 del apoyo econ\u00f3mico, Fagor Herrigintza pretende reconocer el trabajo de todos estos agentes\u201d.<\/p>\n","protected":false},"excerpt":{"rendered":"<p>El programa de cooperaci\u00f3n Fagor Herrigintza ha entrado en la fase de priorizaci\u00f3n. En total, el Grupo Fagor ha recibido 38 proyectos de agentes sociales del Pa\u00eds Vasco, los cuales&#8230;<\/p>\n","protected":false},"author":23,"featured_media":24130,"comment_status":"closed","ping_status":"open","sticky":false,"template":"","format":"standard","meta":{"footnotes":""},"categories":[104],"tags":[],"class_list":{"0":"post-24132","1":"post","2":"type-post","3":"status-publish","4":"format-standard","5":"has-post-thumbnail","7":"category-grupo-fagor-es"},"yoast_head":"<!-- This site is optimized with the Yoast SEO plugin v27.4 - https:\/\/yoast.com\/product\/yoast-seo-wordpress\/ -->\n<title>Los proyectos de Fagor Herrigintza, en fase de priorizaci\u00f3n &#187; Grupo Fagor<\/title>\n<meta name=\"description\" content=\"Los proyectos presentados en el programa Fagor Herrigintza est\u00e1n en fase de priorizaci\u00f3n. En total, el Grupo Fagor ha recibido 38 proyectos.\" \/>\n<meta name=\"robots\" content=\"index, follow, max-snippet:-1, max-image-preview:large, max-video-preview:-1\" \/>\n<link rel=\"canonical\" href=\"https:\/\/www.fagor.eus\/es\/los-proyectos-de-fagor-herrigintza-en-fase-de-priorizacion\/\" \/>\n<meta property=\"og:locale\" content=\"es_ES\" \/>\n<meta property=\"og:type\" content=\"article\" \/>\n<meta property=\"og:title\" content=\"Los proyectos de Fagor Herrigintza, en fase de priorizaci\u00f3n &#187; Grupo Fagor\" \/>\n<meta property=\"og:description\" content=\"Los proyectos presentados en el programa Fagor Herrigintza est\u00e1n en fase de priorizaci\u00f3n. En total, el Grupo Fagor ha recibido 38 proyectos.\" \/>\n<meta property=\"og:url\" content=\"https:\/\/www.fagor.eus\/es\/los-proyectos-de-fagor-herrigintza-en-fase-de-priorizacion\/\" \/>\n<meta property=\"og:site_name\" content=\"FAGOR\" \/>\n<meta property=\"article:published_time\" content=\"2025-10-21T07:46:17+00:00\" \/>\n<meta property=\"article:modified_time\" content=\"2025-10-21T10:17:26+00:00\" \/>\n<meta property=\"og:image\" content=\"https:\/\/www.fagor.eus\/wp-content\/uploads\/2025\/10\/fagor-herrigintza-2000.1333-1024x682.png\" \/>\n\t<meta property=\"og:image:width\" content=\"1024\" \/>\n\t<meta property=\"og:image:height\" content=\"682\" \/>\n\t<meta property=\"og:image:type\" content=\"image\/png\" \/>\n<meta name=\"author\" content=\"fagoriko\" \/>\n<meta name=\"twitter:card\" content=\"summary_large_image\" \/>\n<meta name=\"twitter:creator\" content=\"@FagorTaldea\" \/>\n<meta name=\"twitter:site\" content=\"@FagorTaldea\" \/>\n<meta name=\"twitter:label1\" content=\"Escrito por\" \/>\n\t<meta name=\"twitter:data1\" content=\"fagoriko\" \/>\n\t<meta name=\"twitter:label2\" content=\"Tiempo de lectura\" \/>\n\t<meta name=\"twitter:data2\" content=\"2 minutos\" \/>\n<script type=\"application\/ld+json\" class=\"yoast-schema-graph\">{\"@context\":\"https:\\\/\\\/schema.org\",\"@graph\":[{\"@type\":\"Article\",\"@id\":\"https:\\\/\\\/www.fagor.eus\\\/es\\\/los-proyectos-de-fagor-herrigintza-en-fase-de-priorizacion\\\/#article\",\"isPartOf\":{\"@id\":\"https:\\\/\\\/www.fagor.eus\\\/es\\\/los-proyectos-de-fagor-herrigintza-en-fase-de-priorizacion\\\/\"},\"author\":{\"name\":\"fagoriko\",\"@id\":\"https:\\\/\\\/www.fagor.eus\\\/#\\\/schema\\\/person\\\/98c9df1cb3cebeb681a4b4d80dc4fbf5\"},\"headline\":\"Los proyectos de Fagor Herrigintza se encuentran en la fase de priorizaci\u00f3n\",\"datePublished\":\"2025-10-21T07:46:17+00:00\",\"dateModified\":\"2025-10-21T10:17:26+00:00\",\"mainEntityOfPage\":{\"@id\":\"https:\\\/\\\/www.fagor.eus\\\/es\\\/los-proyectos-de-fagor-herrigintza-en-fase-de-priorizacion\\\/\"},\"wordCount\":201,\"image\":{\"@id\":\"https:\\\/\\\/www.fagor.eus\\\/es\\\/los-proyectos-de-fagor-herrigintza-en-fase-de-priorizacion\\\/#primaryimage\"},\"thumbnailUrl\":\"https:\\\/\\\/www.fagor.eus\\\/wp-content\\\/uploads\\\/2025\\\/10\\\/fagor-herrigintza-2000.1333.png\",\"articleSection\":[\"Grupo Fagor\"],\"inLanguage\":\"es\"},{\"@type\":\"WebPage\",\"@id\":\"https:\\\/\\\/www.fagor.eus\\\/es\\\/los-proyectos-de-fagor-herrigintza-en-fase-de-priorizacion\\\/\",\"url\":\"https:\\\/\\\/www.fagor.eus\\\/es\\\/los-proyectos-de-fagor-herrigintza-en-fase-de-priorizacion\\\/\",\"name\":\"Los proyectos de Fagor Herrigintza, en fase de priorizaci\u00f3n &#187; Grupo Fagor\",\"isPartOf\":{\"@id\":\"https:\\\/\\\/www.fagor.eus\\\/#website\"},\"primaryImageOfPage\":{\"@id\":\"https:\\\/\\\/www.fagor.eus\\\/es\\\/los-proyectos-de-fagor-herrigintza-en-fase-de-priorizacion\\\/#primaryimage\"},\"image\":{\"@id\":\"https:\\\/\\\/www.fagor.eus\\\/es\\\/los-proyectos-de-fagor-herrigintza-en-fase-de-priorizacion\\\/#primaryimage\"},\"thumbnailUrl\":\"https:\\\/\\\/www.fagor.eus\\\/wp-content\\\/uploads\\\/2025\\\/10\\\/fagor-herrigintza-2000.1333.png\",\"datePublished\":\"2025-10-21T07:46:17+00:00\",\"dateModified\":\"2025-10-21T10:17:26+00:00\",\"author\":{\"@id\":\"https:\\\/\\\/www.fagor.eus\\\/#\\\/schema\\\/person\\\/98c9df1cb3cebeb681a4b4d80dc4fbf5\"},\"description\":\"Los proyectos presentados en el programa Fagor Herrigintza est\u00e1n en fase de priorizaci\u00f3n. En total, el Grupo Fagor ha recibido 38 proyectos.\",\"breadcrumb\":{\"@id\":\"https:\\\/\\\/www.fagor.eus\\\/es\\\/los-proyectos-de-fagor-herrigintza-en-fase-de-priorizacion\\\/#breadcrumb\"},\"inLanguage\":\"es\",\"potentialAction\":[{\"@type\":\"ReadAction\",\"target\":[\"https:\\\/\\\/www.fagor.eus\\\/es\\\/los-proyectos-de-fagor-herrigintza-en-fase-de-priorizacion\\\/\"]}]},{\"@type\":\"ImageObject\",\"inLanguage\":\"es\",\"@id\":\"https:\\\/\\\/www.fagor.eus\\\/es\\\/los-proyectos-de-fagor-herrigintza-en-fase-de-priorizacion\\\/#primaryimage\",\"url\":\"https:\\\/\\\/www.fagor.eus\\\/wp-content\\\/uploads\\\/2025\\\/10\\\/fagor-herrigintza-2000.1333.png\",\"contentUrl\":\"https:\\\/\\\/www.fagor.eus\\\/wp-content\\\/uploads\\\/2025\\\/10\\\/fagor-herrigintza-2000.1333.png\",\"width\":2000,\"height\":1333,\"caption\":\"Fagor Herrigintza\"},{\"@type\":\"BreadcrumbList\",\"@id\":\"https:\\\/\\\/www.fagor.eus\\\/es\\\/los-proyectos-de-fagor-herrigintza-en-fase-de-priorizacion\\\/#breadcrumb\",\"itemListElement\":[{\"@type\":\"ListItem\",\"position\":1,\"name\":\"Home\",\"item\":\"https:\\\/\\\/www.fagor.eus\\\/es\\\/\"},{\"@type\":\"ListItem\",\"position\":2,\"name\":\"Los proyectos de Fagor Herrigintza se encuentran en la fase de priorizaci\u00f3n\"}]},{\"@type\":\"WebSite\",\"@id\":\"https:\\\/\\\/www.fagor.eus\\\/#website\",\"url\":\"https:\\\/\\\/www.fagor.eus\\\/\",\"name\":\"Fagor\",\"description\":\"Trabajando por un futuro mejor\",\"potentialAction\":[{\"@type\":\"SearchAction\",\"target\":{\"@type\":\"EntryPoint\",\"urlTemplate\":\"https:\\\/\\\/www.fagor.eus\\\/?s={search_term_string}\"},\"query-input\":{\"@type\":\"PropertyValueSpecification\",\"valueRequired\":true,\"valueName\":\"search_term_string\"}}],\"inLanguage\":\"es\"},{\"@type\":\"Person\",\"@id\":\"https:\\\/\\\/www.fagor.eus\\\/#\\\/schema\\\/person\\\/98c9df1cb3cebeb681a4b4d80dc4fbf5\",\"name\":\"fagoriko\",\"image\":{\"@type\":\"ImageObject\",\"inLanguage\":\"es\",\"@id\":\"https:\\\/\\\/secure.gravatar.com\\\/avatar\\\/b360c2f7d7efd766ef528f934614f0978dc67e91ad991663263d694646e508fd?s=96&d=mm&r=g\",\"url\":\"https:\\\/\\\/secure.gravatar.com\\\/avatar\\\/b360c2f7d7efd766ef528f934614f0978dc67e91ad991663263d694646e508fd?s=96&d=mm&r=g\",\"contentUrl\":\"https:\\\/\\\/secure.gravatar.com\\\/avatar\\\/b360c2f7d7efd766ef528f934614f0978dc67e91ad991663263d694646e508fd?s=96&d=mm&r=g\",\"caption\":\"fagoriko\"},\"url\":\"https:\\\/\\\/www.fagor.eus\\\/es\\\/author\\\/fagor-iko\\\/\"}]}<\/script>\n<!-- \/ Yoast SEO plugin. -->","yoast_head_json":{"title":"Los proyectos de Fagor Herrigintza, en fase de priorizaci\u00f3n &#187; Grupo Fagor","description":"Los proyectos presentados en el programa Fagor Herrigintza est\u00e1n en fase de priorizaci\u00f3n. En total, el Grupo Fagor ha recibido 38 proyectos.","robots":{"index":"index","follow":"follow","max-snippet":"max-snippet:-1","max-image-preview":"max-image-preview:large","max-video-preview":"max-video-preview:-1"},"canonical":"https:\/\/www.fagor.eus\/es\/los-proyectos-de-fagor-herrigintza-en-fase-de-priorizacion\/","og_locale":"es_ES","og_type":"article","og_title":"Los proyectos de Fagor Herrigintza, en fase de priorizaci\u00f3n &#187; Grupo Fagor","og_description":"Los proyectos presentados en el programa Fagor Herrigintza est\u00e1n en fase de priorizaci\u00f3n. En total, el Grupo Fagor ha recibido 38 proyectos.","og_url":"https:\/\/www.fagor.eus\/es\/los-proyectos-de-fagor-herrigintza-en-fase-de-priorizacion\/","og_site_name":"FAGOR","article_published_time":"2025-10-21T07:46:17+00:00","article_modified_time":"2025-10-21T10:17:26+00:00","og_image":[{"width":1024,"height":682,"url":"https:\/\/www.fagor.eus\/wp-content\/uploads\/2025\/10\/fagor-herrigintza-2000.1333-1024x682.png","type":"image\/png"}],"author":"fagoriko","twitter_card":"summary_large_image","twitter_creator":"@FagorTaldea","twitter_site":"@FagorTaldea","twitter_misc":{"Escrito por":"fagoriko","Tiempo de lectura":"2 minutos"},"schema":{"@context":"https:\/\/schema.org","@graph":[{"@type":"Article","@id":"https:\/\/www.fagor.eus\/es\/los-proyectos-de-fagor-herrigintza-en-fase-de-priorizacion\/#article","isPartOf":{"@id":"https:\/\/www.fagor.eus\/es\/los-proyectos-de-fagor-herrigintza-en-fase-de-priorizacion\/"},"author":{"name":"fagoriko","@id":"https:\/\/www.fagor.eus\/#\/schema\/person\/98c9df1cb3cebeb681a4b4d80dc4fbf5"},"headline":"Los proyectos de Fagor Herrigintza se encuentran en la fase de priorizaci\u00f3n","datePublished":"2025-10-21T07:46:17+00:00","dateModified":"2025-10-21T10:17:26+00:00","mainEntityOfPage":{"@id":"https:\/\/www.fagor.eus\/es\/los-proyectos-de-fagor-herrigintza-en-fase-de-priorizacion\/"},"wordCount":201,"image":{"@id":"https:\/\/www.fagor.eus\/es\/los-proyectos-de-fagor-herrigintza-en-fase-de-priorizacion\/#primaryimage"},"thumbnailUrl":"https:\/\/www.fagor.eus\/wp-content\/uploads\/2025\/10\/fagor-herrigintza-2000.1333.png","articleSection":["Grupo Fagor"],"inLanguage":"es"},{"@type":"WebPage","@id":"https:\/\/www.fagor.eus\/es\/los-proyectos-de-fagor-herrigintza-en-fase-de-priorizacion\/","url":"https:\/\/www.fagor.eus\/es\/los-proyectos-de-fagor-herrigintza-en-fase-de-priorizacion\/","name":"Los proyectos de Fagor Herrigintza, en fase de priorizaci\u00f3n &#187; Grupo Fagor","isPartOf":{"@id":"https:\/\/www.fagor.eus\/#website"},"primaryImageOfPage":{"@id":"https:\/\/www.fagor.eus\/es\/los-proyectos-de-fagor-herrigintza-en-fase-de-priorizacion\/#primaryimage"},"image":{"@id":"https:\/\/www.fagor.eus\/es\/los-proyectos-de-fagor-herrigintza-en-fase-de-priorizacion\/#primaryimage"},"thumbnailUrl":"https:\/\/www.fagor.eus\/wp-content\/uploads\/2025\/10\/fagor-herrigintza-2000.1333.png","datePublished":"2025-10-21T07:46:17+00:00","dateModified":"2025-10-21T10:17:26+00:00","author":{"@id":"https:\/\/www.fagor.eus\/#\/schema\/person\/98c9df1cb3cebeb681a4b4d80dc4fbf5"},"description":"Los proyectos presentados en el programa Fagor Herrigintza est\u00e1n en fase de priorizaci\u00f3n. En total, el Grupo Fagor ha recibido 38 proyectos.","breadcrumb":{"@id":"https:\/\/www.fagor.eus\/es\/los-proyectos-de-fagor-herrigintza-en-fase-de-priorizacion\/#breadcrumb"},"inLanguage":"es","potentialAction":[{"@type":"ReadAction","target":["https:\/\/www.fagor.eus\/es\/los-proyectos-de-fagor-herrigintza-en-fase-de-priorizacion\/"]}]},{"@type":"ImageObject","inLanguage":"es","@id":"https:\/\/www.fagor.eus\/es\/los-proyectos-de-fagor-herrigintza-en-fase-de-priorizacion\/#primaryimage","url":"https:\/\/www.fagor.eus\/wp-content\/uploads\/2025\/10\/fagor-herrigintza-2000.1333.png","contentUrl":"https:\/\/www.fagor.eus\/wp-content\/uploads\/2025\/10\/fagor-herrigintza-2000.1333.png","width":2000,"height":1333,"caption":"Fagor Herrigintza"},{"@type":"BreadcrumbList","@id":"https:\/\/www.fagor.eus\/es\/los-proyectos-de-fagor-herrigintza-en-fase-de-priorizacion\/#breadcrumb","itemListElement":[{"@type":"ListItem","position":1,"name":"Home","item":"https:\/\/www.fagor.eus\/es\/"},{"@type":"ListItem","position":2,"name":"Los proyectos de Fagor Herrigintza se encuentran en la fase de priorizaci\u00f3n"}]},{"@type":"WebSite","@id":"https:\/\/www.fagor.eus\/#website","url":"https:\/\/www.fagor.eus\/","name":"Fagor","description":"Trabajando por un futuro mejor","potentialAction":[{"@type":"SearchAction","target":{"@type":"EntryPoint","urlTemplate":"https:\/\/www.fagor.eus\/?s={search_term_string}"},"query-input":{"@type":"PropertyValueSpecification","valueRequired":true,"valueName":"search_term_string"}}],"inLanguage":"es"},{"@type":"Person","@id":"https:\/\/www.fagor.eus\/#\/schema\/person\/98c9df1cb3cebeb681a4b4d80dc4fbf5","name":"fagoriko","image":{"@type":"ImageObject","inLanguage":"es","@id":"https:\/\/secure.gravatar.com\/avatar\/b360c2f7d7efd766ef528f934614f0978dc67e91ad991663263d694646e508fd?s=96&d=mm&r=g","url":"https:\/\/secure.gravatar.com\/avatar\/b360c2f7d7efd766ef528f934614f0978dc67e91ad991663263d694646e508fd?s=96&d=mm&r=g","contentUrl":"https:\/\/secure.gravatar.com\/avatar\/b360c2f7d7efd766ef528f934614f0978dc67e91ad991663263d694646e508fd?s=96&d=mm&r=g","caption":"fagoriko"},"url":"https:\/\/www.fagor.eus\/es\/author\/fagor-iko\/"}]}},"_links":{"self":[{"href":"https:\/\/www.fagor.eus\/es\/wp-json\/wp\/v2\/posts\/24132","targetHints":{"allow":["GET"]}}],"collection":[{"href":"https:\/\/www.fagor.eus\/es\/wp-json\/wp\/v2\/posts"}],"about":[{"href":"https:\/\/www.fagor.eus\/es\/wp-json\/wp\/v2\/types\/post"}],"author":[{"embeddable":true,"href":"https:\/\/www.fagor.eus\/es\/wp-json\/wp\/v2\/users\/23"}],"replies":[{"embeddable":true,"href":"https:\/\/www.fagor.eus\/es\/wp-json\/wp\/v2\/comments?post=24132"}],"version-history":[{"count":3,"href":"https:\/\/www.fagor.eus\/es\/wp-json\/wp\/v2\/posts\/24132\/revisions"}],"predecessor-version":[{"id":24135,"href":"https:\/\/www.fagor.eus\/es\/wp-json\/wp\/v2\/posts\/24132\/revisions\/24135"}],"wp:featuredmedia":[{"embeddable":true,"href":"https:\/\/www.fagor.eus\/es\/wp-json\/wp\/v2\/media\/24130"}],"wp:attachment":[{"href":"https:\/\/www.fagor.eus\/es\/wp-json\/wp\/v2\/media?parent=24132"}],"wp:term":[{"taxonomy":"category","embeddable":true,"href":"https:\/\/www.fagor.eus\/es\/wp-json\/wp\/v2\/categories?post=24132"},{"taxonomy":"post_tag","embeddable":true,"href":"https:\/\/www.fagor.eus\/es\/wp-json\/wp\/v2\/tags?post=24132"}],"curies":[{"name":"wp","href":"https:\/\/api.w.org\/{rel}","templated":true}]}}