{"id":24122,"date":"2025-10-20T11:52:35","date_gmt":"2025-10-20T09:52:35","guid":{"rendered":"https:\/\/www.fagor.eus\/?p=24122"},"modified":"2025-10-20T12:41:04","modified_gmt":"2025-10-20T10:41:04","slug":"amplia-participacion-en-la-carrera-solidaria-de-mundukide","status":"publish","type":"post","link":"https:\/\/www.fagor.eus\/es\/amplia-participacion-en-la-carrera-solidaria-de-mundukide\/","title":{"rendered":"Amplia participaci\u00f3n en la Carrera Solidaria de Mundukide"},"content":{"rendered":"<p>La d\u00e9cima edici\u00f3n de la Carrera Solidaria de Mundukide vuelve a reunir a amplia representaci\u00f3n de las cooperativas. Desde el cooperativismo y la solidaridad, han participado personas de 57 cooperativas. Fagor vuelve a tener amplia presencia -han acudido personas de varias cooperativas del Grupo-. Adem\u00e1s, <span style=\"color: #ff0000;\"><a style=\"color: #ff0000;\" href=\"https:\/\/www.fagor.eus\/es\/fagor-electronica\/\">Fagor Electr\u00f3nica<\/a><\/span> ha sido la cooperativa con mayor n\u00famero de participantes. La Carrera Solidaria de Mundukide crece a\u00f1o tras a\u00f1o, y ya se ha convertido en una cita de referencia para la comarca Debagoiena.<\/p>\n<p>En la categor\u00eda femenina, el grupo m\u00e1s r\u00e1pido ha sido el formado por M\u00f3nica Vaz Iglesias, Sara Ferm\u00edn Amorebieta y Eneritz Oruna Anduaga, de la cooperativa Fagor Electr\u00f3nica. Han necesitado menos de 34 minutos. La cooperativa Eroski se ha hecho con el segundo puesto, y Emun, con el tercero.<\/p>\n<p>En la categor\u00eda mixta, el mejor tiempo ha sido para Athlon. Despu\u00e9s, han llegado los grupos de Orbea y Ulma Architectural Solutions. En la categor\u00eda masculina, en cambio, el mejor tiempo ha sido para Orbea, con un tiempo de 25 minutos. El segundo puesto ha sido para la cooperativa Copreci, del Grupo Fagor, y el tercero, para Orbik Cybersecurity.<\/p>\n<p><strong>Mantiene el compromiso<\/strong><\/p>\n<p>La d\u00e9cima edici\u00f3n de la Carrera Solidaria de Mundukide confirma su compromiso con la justicia y la vida digna. Asimismo, ha pedido a las cooperativas que sigan ayudando a los proyectos de transformaci\u00f3n impulsados en \u00c1frica y Sudam\u00e9rica.<\/p>\n","protected":false},"excerpt":{"rendered":"<p>La d\u00e9cima edici\u00f3n de la Carrera Solidaria de Mundukide vuelve a reunir a amplia representaci\u00f3n de las cooperativas. Desde el cooperativismo y la solidaridad, han participado personas de 57 cooperativas&#8230;.<\/p>\n","protected":false},"author":23,"featured_media":24120,"comment_status":"closed","ping_status":"open","sticky":false,"template":"","format":"standard","meta":{"footnotes":""},"categories":[104],"tags":[],"class_list":{"0":"post-24122","1":"post","2":"type-post","3":"status-publish","4":"format-standard","5":"has-post-thumbnail","7":"category-grupo-fagor-es"},"yoast_head":"<!-- This site is optimized with the Yoast SEO plugin v27.4 - https:\/\/yoast.com\/product\/yoast-seo-wordpress\/ -->\n<title>Amplia participaci\u00f3n en la Carrera Solidaria de Mundukide &#187; Grupo Fagor<\/title>\n<meta name=\"description\" content=\"La d\u00e9cima edici\u00f3n de la Carrera Solidaria de Mundukide vuelve a reunir a amplia representaci\u00f3n de las cooperativas.\" \/>\n<meta name=\"robots\" content=\"index, follow, max-snippet:-1, max-image-preview:large, max-video-preview:-1\" \/>\n<link rel=\"canonical\" href=\"https:\/\/www.fagor.eus\/es\/amplia-participacion-en-la-carrera-solidaria-de-mundukide\/\" \/>\n<meta property=\"og:locale\" content=\"es_ES\" \/>\n<meta property=\"og:type\" content=\"article\" \/>\n<meta property=\"og:title\" content=\"Amplia participaci\u00f3n en la Carrera Solidaria de Mundukide &#187; Grupo Fagor\" \/>\n<meta property=\"og:description\" content=\"La d\u00e9cima edici\u00f3n de la Carrera Solidaria de Mundukide vuelve a reunir a amplia representaci\u00f3n de las cooperativas.\" \/>\n<meta property=\"og:url\" content=\"https:\/\/www.fagor.eus\/es\/amplia-participacion-en-la-carrera-solidaria-de-mundukide\/\" \/>\n<meta property=\"og:site_name\" content=\"FAGOR\" \/>\n<meta property=\"article:published_time\" content=\"2025-10-20T09:52:35+00:00\" \/>\n<meta property=\"article:modified_time\" content=\"2025-10-20T10:41:04+00:00\" \/>\n<meta property=\"og:image\" content=\"https:\/\/www.fagor.eus\/wp-content\/uploads\/2025\/10\/argazkia-2000.1333-1024x682.png\" \/>\n\t<meta property=\"og:image:width\" content=\"1024\" \/>\n\t<meta property=\"og:image:height\" content=\"682\" \/>\n\t<meta property=\"og:image:type\" content=\"image\/png\" \/>\n<meta name=\"author\" content=\"fagoriko\" \/>\n<meta name=\"twitter:card\" content=\"summary_large_image\" \/>\n<meta name=\"twitter:creator\" content=\"@FagorTaldea\" \/>\n<meta name=\"twitter:site\" content=\"@FagorTaldea\" \/>\n<meta name=\"twitter:label1\" content=\"Escrito por\" \/>\n\t<meta name=\"twitter:data1\" content=\"fagoriko\" \/>\n\t<meta name=\"twitter:label2\" content=\"Tiempo de lectura\" \/>\n\t<meta name=\"twitter:data2\" content=\"2 minutos\" \/>\n<script type=\"application\/ld+json\" class=\"yoast-schema-graph\">{\"@context\":\"https:\\\/\\\/schema.org\",\"@graph\":[{\"@type\":\"Article\",\"@id\":\"https:\\\/\\\/www.fagor.eus\\\/es\\\/amplia-participacion-en-la-carrera-solidaria-de-mundukide\\\/#article\",\"isPartOf\":{\"@id\":\"https:\\\/\\\/www.fagor.eus\\\/es\\\/amplia-participacion-en-la-carrera-solidaria-de-mundukide\\\/\"},\"author\":{\"name\":\"fagoriko\",\"@id\":\"https:\\\/\\\/www.fagor.eus\\\/#\\\/schema\\\/person\\\/98c9df1cb3cebeb681a4b4d80dc4fbf5\"},\"headline\":\"Amplia participaci\u00f3n en la Carrera Solidaria de Mundukide\",\"datePublished\":\"2025-10-20T09:52:35+00:00\",\"dateModified\":\"2025-10-20T10:41:04+00:00\",\"mainEntityOfPage\":{\"@id\":\"https:\\\/\\\/www.fagor.eus\\\/es\\\/amplia-participacion-en-la-carrera-solidaria-de-mundukide\\\/\"},\"wordCount\":255,\"image\":{\"@id\":\"https:\\\/\\\/www.fagor.eus\\\/es\\\/amplia-participacion-en-la-carrera-solidaria-de-mundukide\\\/#primaryimage\"},\"thumbnailUrl\":\"https:\\\/\\\/www.fagor.eus\\\/wp-content\\\/uploads\\\/2025\\\/10\\\/argazkia-2000.1333.png\",\"articleSection\":[\"Grupo Fagor\"],\"inLanguage\":\"es\"},{\"@type\":\"WebPage\",\"@id\":\"https:\\\/\\\/www.fagor.eus\\\/es\\\/amplia-participacion-en-la-carrera-solidaria-de-mundukide\\\/\",\"url\":\"https:\\\/\\\/www.fagor.eus\\\/es\\\/amplia-participacion-en-la-carrera-solidaria-de-mundukide\\\/\",\"name\":\"Amplia participaci\u00f3n en la Carrera Solidaria de Mundukide &#187; Grupo Fagor\",\"isPartOf\":{\"@id\":\"https:\\\/\\\/www.fagor.eus\\\/#website\"},\"primaryImageOfPage\":{\"@id\":\"https:\\\/\\\/www.fagor.eus\\\/es\\\/amplia-participacion-en-la-carrera-solidaria-de-mundukide\\\/#primaryimage\"},\"image\":{\"@id\":\"https:\\\/\\\/www.fagor.eus\\\/es\\\/amplia-participacion-en-la-carrera-solidaria-de-mundukide\\\/#primaryimage\"},\"thumbnailUrl\":\"https:\\\/\\\/www.fagor.eus\\\/wp-content\\\/uploads\\\/2025\\\/10\\\/argazkia-2000.1333.png\",\"datePublished\":\"2025-10-20T09:52:35+00:00\",\"dateModified\":\"2025-10-20T10:41:04+00:00\",\"author\":{\"@id\":\"https:\\\/\\\/www.fagor.eus\\\/#\\\/schema\\\/person\\\/98c9df1cb3cebeb681a4b4d80dc4fbf5\"},\"description\":\"La d\u00e9cima edici\u00f3n de la Carrera Solidaria de Mundukide vuelve a reunir a amplia representaci\u00f3n de las cooperativas.\",\"breadcrumb\":{\"@id\":\"https:\\\/\\\/www.fagor.eus\\\/es\\\/amplia-participacion-en-la-carrera-solidaria-de-mundukide\\\/#breadcrumb\"},\"inLanguage\":\"es\",\"potentialAction\":[{\"@type\":\"ReadAction\",\"target\":[\"https:\\\/\\\/www.fagor.eus\\\/es\\\/amplia-participacion-en-la-carrera-solidaria-de-mundukide\\\/\"]}]},{\"@type\":\"ImageObject\",\"inLanguage\":\"es\",\"@id\":\"https:\\\/\\\/www.fagor.eus\\\/es\\\/amplia-participacion-en-la-carrera-solidaria-de-mundukide\\\/#primaryimage\",\"url\":\"https:\\\/\\\/www.fagor.eus\\\/wp-content\\\/uploads\\\/2025\\\/10\\\/argazkia-2000.1333.png\",\"contentUrl\":\"https:\\\/\\\/www.fagor.eus\\\/wp-content\\\/uploads\\\/2025\\\/10\\\/argazkia-2000.1333.png\",\"width\":2000,\"height\":1333,\"caption\":\"Mundukide Lasterketa Solidarioa\"},{\"@type\":\"BreadcrumbList\",\"@id\":\"https:\\\/\\\/www.fagor.eus\\\/es\\\/amplia-participacion-en-la-carrera-solidaria-de-mundukide\\\/#breadcrumb\",\"itemListElement\":[{\"@type\":\"ListItem\",\"position\":1,\"name\":\"Home\",\"item\":\"https:\\\/\\\/www.fagor.eus\\\/es\\\/\"},{\"@type\":\"ListItem\",\"position\":2,\"name\":\"Amplia participaci\u00f3n en la Carrera Solidaria de Mundukide\"}]},{\"@type\":\"WebSite\",\"@id\":\"https:\\\/\\\/www.fagor.eus\\\/#website\",\"url\":\"https:\\\/\\\/www.fagor.eus\\\/\",\"name\":\"Fagor\",\"description\":\"Trabajando por un futuro mejor\",\"potentialAction\":[{\"@type\":\"SearchAction\",\"target\":{\"@type\":\"EntryPoint\",\"urlTemplate\":\"https:\\\/\\\/www.fagor.eus\\\/?s={search_term_string}\"},\"query-input\":{\"@type\":\"PropertyValueSpecification\",\"valueRequired\":true,\"valueName\":\"search_term_string\"}}],\"inLanguage\":\"es\"},{\"@type\":\"Person\",\"@id\":\"https:\\\/\\\/www.fagor.eus\\\/#\\\/schema\\\/person\\\/98c9df1cb3cebeb681a4b4d80dc4fbf5\",\"name\":\"fagoriko\",\"image\":{\"@type\":\"ImageObject\",\"inLanguage\":\"es\",\"@id\":\"https:\\\/\\\/secure.gravatar.com\\\/avatar\\\/b360c2f7d7efd766ef528f934614f0978dc67e91ad991663263d694646e508fd?s=96&d=mm&r=g\",\"url\":\"https:\\\/\\\/secure.gravatar.com\\\/avatar\\\/b360c2f7d7efd766ef528f934614f0978dc67e91ad991663263d694646e508fd?s=96&d=mm&r=g\",\"contentUrl\":\"https:\\\/\\\/secure.gravatar.com\\\/avatar\\\/b360c2f7d7efd766ef528f934614f0978dc67e91ad991663263d694646e508fd?s=96&d=mm&r=g\",\"caption\":\"fagoriko\"},\"url\":\"https:\\\/\\\/www.fagor.eus\\\/es\\\/author\\\/fagor-iko\\\/\"}]}<\/script>\n<!-- \/ Yoast SEO plugin. -->","yoast_head_json":{"title":"Amplia participaci\u00f3n en la Carrera Solidaria de Mundukide &#187; Grupo Fagor","description":"La d\u00e9cima edici\u00f3n de la Carrera Solidaria de Mundukide vuelve a reunir a amplia representaci\u00f3n de las cooperativas.","robots":{"index":"index","follow":"follow","max-snippet":"max-snippet:-1","max-image-preview":"max-image-preview:large","max-video-preview":"max-video-preview:-1"},"canonical":"https:\/\/www.fagor.eus\/es\/amplia-participacion-en-la-carrera-solidaria-de-mundukide\/","og_locale":"es_ES","og_type":"article","og_title":"Amplia participaci\u00f3n en la Carrera Solidaria de Mundukide &#187; Grupo Fagor","og_description":"La d\u00e9cima edici\u00f3n de la Carrera Solidaria de Mundukide vuelve a reunir a amplia representaci\u00f3n de las cooperativas.","og_url":"https:\/\/www.fagor.eus\/es\/amplia-participacion-en-la-carrera-solidaria-de-mundukide\/","og_site_name":"FAGOR","article_published_time":"2025-10-20T09:52:35+00:00","article_modified_time":"2025-10-20T10:41:04+00:00","og_image":[{"width":1024,"height":682,"url":"https:\/\/www.fagor.eus\/wp-content\/uploads\/2025\/10\/argazkia-2000.1333-1024x682.png","type":"image\/png"}],"author":"fagoriko","twitter_card":"summary_large_image","twitter_creator":"@FagorTaldea","twitter_site":"@FagorTaldea","twitter_misc":{"Escrito por":"fagoriko","Tiempo de lectura":"2 minutos"},"schema":{"@context":"https:\/\/schema.org","@graph":[{"@type":"Article","@id":"https:\/\/www.fagor.eus\/es\/amplia-participacion-en-la-carrera-solidaria-de-mundukide\/#article","isPartOf":{"@id":"https:\/\/www.fagor.eus\/es\/amplia-participacion-en-la-carrera-solidaria-de-mundukide\/"},"author":{"name":"fagoriko","@id":"https:\/\/www.fagor.eus\/#\/schema\/person\/98c9df1cb3cebeb681a4b4d80dc4fbf5"},"headline":"Amplia participaci\u00f3n en la Carrera Solidaria de Mundukide","datePublished":"2025-10-20T09:52:35+00:00","dateModified":"2025-10-20T10:41:04+00:00","mainEntityOfPage":{"@id":"https:\/\/www.fagor.eus\/es\/amplia-participacion-en-la-carrera-solidaria-de-mundukide\/"},"wordCount":255,"image":{"@id":"https:\/\/www.fagor.eus\/es\/amplia-participacion-en-la-carrera-solidaria-de-mundukide\/#primaryimage"},"thumbnailUrl":"https:\/\/www.fagor.eus\/wp-content\/uploads\/2025\/10\/argazkia-2000.1333.png","articleSection":["Grupo Fagor"],"inLanguage":"es"},{"@type":"WebPage","@id":"https:\/\/www.fagor.eus\/es\/amplia-participacion-en-la-carrera-solidaria-de-mundukide\/","url":"https:\/\/www.fagor.eus\/es\/amplia-participacion-en-la-carrera-solidaria-de-mundukide\/","name":"Amplia participaci\u00f3n en la Carrera Solidaria de Mundukide &#187; Grupo Fagor","isPartOf":{"@id":"https:\/\/www.fagor.eus\/#website"},"primaryImageOfPage":{"@id":"https:\/\/www.fagor.eus\/es\/amplia-participacion-en-la-carrera-solidaria-de-mundukide\/#primaryimage"},"image":{"@id":"https:\/\/www.fagor.eus\/es\/amplia-participacion-en-la-carrera-solidaria-de-mundukide\/#primaryimage"},"thumbnailUrl":"https:\/\/www.fagor.eus\/wp-content\/uploads\/2025\/10\/argazkia-2000.1333.png","datePublished":"2025-10-20T09:52:35+00:00","dateModified":"2025-10-20T10:41:04+00:00","author":{"@id":"https:\/\/www.fagor.eus\/#\/schema\/person\/98c9df1cb3cebeb681a4b4d80dc4fbf5"},"description":"La d\u00e9cima edici\u00f3n de la Carrera Solidaria de Mundukide vuelve a reunir a amplia representaci\u00f3n de las cooperativas.","breadcrumb":{"@id":"https:\/\/www.fagor.eus\/es\/amplia-participacion-en-la-carrera-solidaria-de-mundukide\/#breadcrumb"},"inLanguage":"es","potentialAction":[{"@type":"ReadAction","target":["https:\/\/www.fagor.eus\/es\/amplia-participacion-en-la-carrera-solidaria-de-mundukide\/"]}]},{"@type":"ImageObject","inLanguage":"es","@id":"https:\/\/www.fagor.eus\/es\/amplia-participacion-en-la-carrera-solidaria-de-mundukide\/#primaryimage","url":"https:\/\/www.fagor.eus\/wp-content\/uploads\/2025\/10\/argazkia-2000.1333.png","contentUrl":"https:\/\/www.fagor.eus\/wp-content\/uploads\/2025\/10\/argazkia-2000.1333.png","width":2000,"height":1333,"caption":"Mundukide Lasterketa Solidarioa"},{"@type":"BreadcrumbList","@id":"https:\/\/www.fagor.eus\/es\/amplia-participacion-en-la-carrera-solidaria-de-mundukide\/#breadcrumb","itemListElement":[{"@type":"ListItem","position":1,"name":"Home","item":"https:\/\/www.fagor.eus\/es\/"},{"@type":"ListItem","position":2,"name":"Amplia participaci\u00f3n en la Carrera Solidaria de Mundukide"}]},{"@type":"WebSite","@id":"https:\/\/www.fagor.eus\/#website","url":"https:\/\/www.fagor.eus\/","name":"Fagor","description":"Trabajando por un futuro mejor","potentialAction":[{"@type":"SearchAction","target":{"@type":"EntryPoint","urlTemplate":"https:\/\/www.fagor.eus\/?s={search_term_string}"},"query-input":{"@type":"PropertyValueSpecification","valueRequired":true,"valueName":"search_term_string"}}],"inLanguage":"es"},{"@type":"Person","@id":"https:\/\/www.fagor.eus\/#\/schema\/person\/98c9df1cb3cebeb681a4b4d80dc4fbf5","name":"fagoriko","image":{"@type":"ImageObject","inLanguage":"es","@id":"https:\/\/secure.gravatar.com\/avatar\/b360c2f7d7efd766ef528f934614f0978dc67e91ad991663263d694646e508fd?s=96&d=mm&r=g","url":"https:\/\/secure.gravatar.com\/avatar\/b360c2f7d7efd766ef528f934614f0978dc67e91ad991663263d694646e508fd?s=96&d=mm&r=g","contentUrl":"https:\/\/secure.gravatar.com\/avatar\/b360c2f7d7efd766ef528f934614f0978dc67e91ad991663263d694646e508fd?s=96&d=mm&r=g","caption":"fagoriko"},"url":"https:\/\/www.fagor.eus\/es\/author\/fagor-iko\/"}]}},"_links":{"self":[{"href":"https:\/\/www.fagor.eus\/es\/wp-json\/wp\/v2\/posts\/24122","targetHints":{"allow":["GET"]}}],"collection":[{"href":"https:\/\/www.fagor.eus\/es\/wp-json\/wp\/v2\/posts"}],"about":[{"href":"https:\/\/www.fagor.eus\/es\/wp-json\/wp\/v2\/types\/post"}],"author":[{"embeddable":true,"href":"https:\/\/www.fagor.eus\/es\/wp-json\/wp\/v2\/users\/23"}],"replies":[{"embeddable":true,"href":"https:\/\/www.fagor.eus\/es\/wp-json\/wp\/v2\/comments?post=24122"}],"version-history":[{"count":4,"href":"https:\/\/www.fagor.eus\/es\/wp-json\/wp\/v2\/posts\/24122\/revisions"}],"predecessor-version":[{"id":24126,"href":"https:\/\/www.fagor.eus\/es\/wp-json\/wp\/v2\/posts\/24122\/revisions\/24126"}],"wp:featuredmedia":[{"embeddable":true,"href":"https:\/\/www.fagor.eus\/es\/wp-json\/wp\/v2\/media\/24120"}],"wp:attachment":[{"href":"https:\/\/www.fagor.eus\/es\/wp-json\/wp\/v2\/media?parent=24122"}],"wp:term":[{"taxonomy":"category","embeddable":true,"href":"https:\/\/www.fagor.eus\/es\/wp-json\/wp\/v2\/categories?post=24122"},{"taxonomy":"post_tag","embeddable":true,"href":"https:\/\/www.fagor.eus\/es\/wp-json\/wp\/v2\/tags?post=24122"}],"curies":[{"name":"wp","href":"https:\/\/api.w.org\/{rel}","templated":true}]}}