{"id":23705,"date":"2025-09-01T08:50:38","date_gmt":"2025-09-01T06:50:38","guid":{"rendered":"https:\/\/www.fagor.eus\/?p=23705"},"modified":"2025-09-05T08:32:24","modified_gmt":"2025-09-05T06:32:24","slug":"comienza-la-nueva-convocatoria-del-programa-de-cooperacion-fagor-herrigintza","status":"publish","type":"post","link":"https:\/\/www.fagor.eus\/es\/comienza-la-nueva-convocatoria-del-programa-de-cooperacion-fagor-herrigintza\/","title":{"rendered":"Abierta la nueva convocatoria del programa de cooperaci\u00f3n Fagor Herrigintza"},"content":{"rendered":"<p>Abierta la nueva convocatoria del programa de cooperaci\u00f3n <span style=\"color: #ff0000;\"><a style=\"color: #ff0000;\" href=\"https:\/\/www.fagor.eus\/es\/fondo-social\/fagor-herrigintza\/\">Fagor Herrigintza<\/a><\/span>. Por cuarto a\u00f1o consecutivo, el Grupo Fagor decide impulsar proyectos que trabajan e inciden en la mejora de la sociedad vasca, ratificando su compromiso comunitario y la apuesta de seguir trabajando para construir respuestas adecuadas para los retos sociales. A trav\u00e9s de Fagor Herrigintza, volver\u00e1 a destinar tres ayudas econ\u00f3micas: 60.000 euros, 40.000 euros y 20.000 euros. Los agentes sociales deber\u00e1n presentar sus propuestas antes del 30 de septiembre, a trav\u00e9s de la p\u00e1gina web <em>fagor.eus<\/em>. La documentaci\u00f3n debe ser presentadas al menos en euskera.<\/p>\n<p>Una vez los proyectos hayan sido analizados y valorados seg\u00fan las <span style=\"color: #ff0000;\"><a style=\"color: #ff0000;\" href=\"https:\/\/www.fagor.eus\/wp-content\/uploads\/2025\/07\/Fagor-Herrigintza-2025-oinarriak.pdf\">bases<\/a><\/span> previamente publicadas en la p\u00e1gina web, en noviembre, se abrir\u00e1 un periodo de votaci\u00f3n para las personas socias de las cooperativas de Fagor en el cual habr\u00e1 tres proyectos por cada ayuda -en total, ser\u00e1n nueve los proyectos que pasar\u00e1n a la fase de votaci\u00f3n-. La decisi\u00f3n de las personas socias ser\u00e1 comunicada en la primera quincena de diciembre. \u201cFagor ha impulsado proyectos muy diferentes a trav\u00e9s de Fagor Herrigintza, tanto locales como aquellos relacionados con la solidaridad internacional. Esta convocatoria est\u00e1 dirigida a todos esos agentes sociales que trabajan en o desde el Pa\u00eds Vasco, ofreciendoles la posibilidad de recibir una importante ayuda econ\u00f3mica que parte del compromiso social de Fagor. Asimismo, pretende poner en valor todo el trabajo y esfuerzo que realizan d\u00eda a d\u00eda\u201d, explica Aritz Otxandiano Campo, responsable de sostenibilidad del Grupo Fagor.<\/p>\n<p><strong>Programa de cooperaci\u00f3n presentado en 2022<\/strong><\/p>\n<p>Fagor Herrigintza naci\u00f3 en 2022 para ayudar y cooperar con proyectos germinados en la sociedad vasca. Pretende impulsar iniciativas que trabajen para dar respuestas propias e innovadoras a los Objetivos de Desarrollo Sostenible. Con ese mismo objetivo, estos \u00faltimos a\u00f1os ha ayudado diferentes iniciativas:<\/p>\n<ul>\n<li>2022: Zaporeak (60.000 euros), Salvamento Mar\u00edtimo Humanitario (40.000 euros) y federaci\u00f3n de ikastolas Seaska (20.000 euros).<\/li>\n<li>2023: Biolur (60.000 euros), Federaci\u00f3n Guipuzcoana de Deporte Adaptado (40.000 euros) e I\u00f1urri (20.000 euros).<\/li>\n<li>2024: Hiruatx (60.000 euros), ikastola Txintxirri (40.000 euros) e Ihitten (20.000 euros).<\/li>\n<\/ul>\n","protected":false},"excerpt":{"rendered":"<p>Comienza la nueva convocatoria del programa de cooperaci\u00f3n Fagor Herrigintza. Por cuarto a\u00f1o consecutivo, el Grupo Fagor decide impulsar proyectos que trabajan e inciden en la mejora de la sociedad vasca, ratificando su compromiso comunitario y la apuesta de seguir trabajando para construir respuestas adecuadas para los retos sociales.<\/p>\n","protected":false},"author":4,"featured_media":23649,"comment_status":"closed","ping_status":"open","sticky":false,"template":"","format":"standard","meta":{"footnotes":""},"categories":[104],"tags":[],"class_list":{"0":"post-23705","1":"post","2":"type-post","3":"status-publish","4":"format-standard","5":"has-post-thumbnail","7":"category-grupo-fagor-es"},"yoast_head":"<!-- This site is optimized with the Yoast SEO plugin v27.4 - https:\/\/yoast.com\/product\/yoast-seo-wordpress\/ -->\n<title>Abierta la nueva convocatoria de Fagor Herrigintza &#187; Grupo Fagor<\/title>\n<meta name=\"description\" content=\"Abierta la nueva convocatoria del programa de cooperaci\u00f3n Fagor Herrigintza el cual pretende impulsar proyectos sociales.\" \/>\n<meta name=\"robots\" content=\"index, follow, max-snippet:-1, max-image-preview:large, max-video-preview:-1\" \/>\n<link rel=\"canonical\" href=\"https:\/\/www.fagor.eus\/es\/comienza-la-nueva-convocatoria-del-programa-de-cooperacion-fagor-herrigintza\/\" \/>\n<meta property=\"og:locale\" content=\"es_ES\" \/>\n<meta property=\"og:type\" content=\"article\" \/>\n<meta property=\"og:title\" content=\"Abierta la nueva convocatoria de Fagor Herrigintza &#187; Grupo Fagor\" \/>\n<meta property=\"og:description\" content=\"Abierta la nueva convocatoria del programa de cooperaci\u00f3n Fagor Herrigintza el cual pretende impulsar proyectos sociales.\" \/>\n<meta property=\"og:url\" content=\"https:\/\/www.fagor.eus\/es\/comienza-la-nueva-convocatoria-del-programa-de-cooperacion-fagor-herrigintza\/\" \/>\n<meta property=\"og:site_name\" content=\"FAGOR\" \/>\n<meta property=\"article:published_time\" content=\"2025-09-01T06:50:38+00:00\" \/>\n<meta property=\"article:modified_time\" content=\"2025-09-05T06:32:24+00:00\" \/>\n<meta property=\"og:image\" content=\"https:\/\/www.fagor.eus\/wp-content\/uploads\/2025\/07\/Fagor-Herrigintza-2025-1024x682.png\" \/>\n\t<meta property=\"og:image:width\" content=\"1024\" \/>\n\t<meta property=\"og:image:height\" content=\"682\" \/>\n\t<meta property=\"og:image:type\" content=\"image\/png\" \/>\n<meta name=\"author\" content=\"komunikazioa\" \/>\n<meta name=\"twitter:card\" content=\"summary_large_image\" \/>\n<meta name=\"twitter:creator\" content=\"@system\" \/>\n<meta name=\"twitter:site\" content=\"@FagorTaldea\" \/>\n<meta name=\"twitter:label1\" content=\"Escrito por\" \/>\n\t<meta name=\"twitter:data1\" content=\"komunikazioa\" \/>\n\t<meta name=\"twitter:label2\" content=\"Tiempo de lectura\" \/>\n\t<meta name=\"twitter:data2\" content=\"2 minutos\" \/>\n<script type=\"application\/ld+json\" class=\"yoast-schema-graph\">{\"@context\":\"https:\\\/\\\/schema.org\",\"@graph\":[{\"@type\":\"Article\",\"@id\":\"https:\\\/\\\/www.fagor.eus\\\/es\\\/comienza-la-nueva-convocatoria-del-programa-de-cooperacion-fagor-herrigintza\\\/#article\",\"isPartOf\":{\"@id\":\"https:\\\/\\\/www.fagor.eus\\\/es\\\/comienza-la-nueva-convocatoria-del-programa-de-cooperacion-fagor-herrigintza\\\/\"},\"author\":{\"name\":\"komunikazioa\",\"@id\":\"https:\\\/\\\/www.fagor.eus\\\/#\\\/schema\\\/person\\\/e09b7878906ad616c343aa3e5a83bc2f\"},\"headline\":\"Abierta la nueva convocatoria del programa de cooperaci\u00f3n Fagor Herrigintza\",\"datePublished\":\"2025-09-01T06:50:38+00:00\",\"dateModified\":\"2025-09-05T06:32:24+00:00\",\"mainEntityOfPage\":{\"@id\":\"https:\\\/\\\/www.fagor.eus\\\/es\\\/comienza-la-nueva-convocatoria-del-programa-de-cooperacion-fagor-herrigintza\\\/\"},\"wordCount\":357,\"image\":{\"@id\":\"https:\\\/\\\/www.fagor.eus\\\/es\\\/comienza-la-nueva-convocatoria-del-programa-de-cooperacion-fagor-herrigintza\\\/#primaryimage\"},\"thumbnailUrl\":\"https:\\\/\\\/www.fagor.eus\\\/wp-content\\\/uploads\\\/2025\\\/07\\\/Fagor-Herrigintza-2025.png\",\"articleSection\":[\"Grupo Fagor\"],\"inLanguage\":\"es\"},{\"@type\":\"WebPage\",\"@id\":\"https:\\\/\\\/www.fagor.eus\\\/es\\\/comienza-la-nueva-convocatoria-del-programa-de-cooperacion-fagor-herrigintza\\\/\",\"url\":\"https:\\\/\\\/www.fagor.eus\\\/es\\\/comienza-la-nueva-convocatoria-del-programa-de-cooperacion-fagor-herrigintza\\\/\",\"name\":\"Abierta la nueva convocatoria de Fagor Herrigintza &#187; Grupo Fagor\",\"isPartOf\":{\"@id\":\"https:\\\/\\\/www.fagor.eus\\\/#website\"},\"primaryImageOfPage\":{\"@id\":\"https:\\\/\\\/www.fagor.eus\\\/es\\\/comienza-la-nueva-convocatoria-del-programa-de-cooperacion-fagor-herrigintza\\\/#primaryimage\"},\"image\":{\"@id\":\"https:\\\/\\\/www.fagor.eus\\\/es\\\/comienza-la-nueva-convocatoria-del-programa-de-cooperacion-fagor-herrigintza\\\/#primaryimage\"},\"thumbnailUrl\":\"https:\\\/\\\/www.fagor.eus\\\/wp-content\\\/uploads\\\/2025\\\/07\\\/Fagor-Herrigintza-2025.png\",\"datePublished\":\"2025-09-01T06:50:38+00:00\",\"dateModified\":\"2025-09-05T06:32:24+00:00\",\"author\":{\"@id\":\"https:\\\/\\\/www.fagor.eus\\\/#\\\/schema\\\/person\\\/e09b7878906ad616c343aa3e5a83bc2f\"},\"description\":\"Abierta la nueva convocatoria del programa de cooperaci\u00f3n Fagor Herrigintza el cual pretende impulsar proyectos sociales.\",\"breadcrumb\":{\"@id\":\"https:\\\/\\\/www.fagor.eus\\\/es\\\/comienza-la-nueva-convocatoria-del-programa-de-cooperacion-fagor-herrigintza\\\/#breadcrumb\"},\"inLanguage\":\"es\",\"potentialAction\":[{\"@type\":\"ReadAction\",\"target\":[\"https:\\\/\\\/www.fagor.eus\\\/es\\\/comienza-la-nueva-convocatoria-del-programa-de-cooperacion-fagor-herrigintza\\\/\"]}]},{\"@type\":\"ImageObject\",\"inLanguage\":\"es\",\"@id\":\"https:\\\/\\\/www.fagor.eus\\\/es\\\/comienza-la-nueva-convocatoria-del-programa-de-cooperacion-fagor-herrigintza\\\/#primaryimage\",\"url\":\"https:\\\/\\\/www.fagor.eus\\\/wp-content\\\/uploads\\\/2025\\\/07\\\/Fagor-Herrigintza-2025.png\",\"contentUrl\":\"https:\\\/\\\/www.fagor.eus\\\/wp-content\\\/uploads\\\/2025\\\/07\\\/Fagor-Herrigintza-2025.png\",\"width\":2000,\"height\":1333,\"caption\":\"Fagor Herrigintza 2025\"},{\"@type\":\"BreadcrumbList\",\"@id\":\"https:\\\/\\\/www.fagor.eus\\\/es\\\/comienza-la-nueva-convocatoria-del-programa-de-cooperacion-fagor-herrigintza\\\/#breadcrumb\",\"itemListElement\":[{\"@type\":\"ListItem\",\"position\":1,\"name\":\"Home\",\"item\":\"https:\\\/\\\/www.fagor.eus\\\/es\\\/\"},{\"@type\":\"ListItem\",\"position\":2,\"name\":\"Abierta la nueva convocatoria del programa de cooperaci\u00f3n Fagor Herrigintza\"}]},{\"@type\":\"WebSite\",\"@id\":\"https:\\\/\\\/www.fagor.eus\\\/#website\",\"url\":\"https:\\\/\\\/www.fagor.eus\\\/\",\"name\":\"Fagor\",\"description\":\"Trabajando por un futuro mejor\",\"potentialAction\":[{\"@type\":\"SearchAction\",\"target\":{\"@type\":\"EntryPoint\",\"urlTemplate\":\"https:\\\/\\\/www.fagor.eus\\\/?s={search_term_string}\"},\"query-input\":{\"@type\":\"PropertyValueSpecification\",\"valueRequired\":true,\"valueName\":\"search_term_string\"}}],\"inLanguage\":\"es\"},{\"@type\":\"Person\",\"@id\":\"https:\\\/\\\/www.fagor.eus\\\/#\\\/schema\\\/person\\\/e09b7878906ad616c343aa3e5a83bc2f\",\"name\":\"komunikazioa\",\"image\":{\"@type\":\"ImageObject\",\"inLanguage\":\"es\",\"@id\":\"https:\\\/\\\/secure.gravatar.com\\\/avatar\\\/0c624a67c23ed6ff6fd4111959b9a1001016b57c6bebaecbec025adcaa081e6e?s=96&d=mm&r=g\",\"url\":\"https:\\\/\\\/secure.gravatar.com\\\/avatar\\\/0c624a67c23ed6ff6fd4111959b9a1001016b57c6bebaecbec025adcaa081e6e?s=96&d=mm&r=g\",\"contentUrl\":\"https:\\\/\\\/secure.gravatar.com\\\/avatar\\\/0c624a67c23ed6ff6fd4111959b9a1001016b57c6bebaecbec025adcaa081e6e?s=96&d=mm&r=g\",\"caption\":\"komunikazioa\"},\"sameAs\":[\"https:\\\/\\\/x.com\\\/system\"],\"url\":\"https:\\\/\\\/www.fagor.eus\\\/es\\\/author\\\/komunikazioa\\\/\"}]}<\/script>\n<!-- \/ Yoast SEO plugin. -->","yoast_head_json":{"title":"Abierta la nueva convocatoria de Fagor Herrigintza &#187; Grupo Fagor","description":"Abierta la nueva convocatoria del programa de cooperaci\u00f3n Fagor Herrigintza el cual pretende impulsar proyectos sociales.","robots":{"index":"index","follow":"follow","max-snippet":"max-snippet:-1","max-image-preview":"max-image-preview:large","max-video-preview":"max-video-preview:-1"},"canonical":"https:\/\/www.fagor.eus\/es\/comienza-la-nueva-convocatoria-del-programa-de-cooperacion-fagor-herrigintza\/","og_locale":"es_ES","og_type":"article","og_title":"Abierta la nueva convocatoria de Fagor Herrigintza &#187; Grupo Fagor","og_description":"Abierta la nueva convocatoria del programa de cooperaci\u00f3n Fagor Herrigintza el cual pretende impulsar proyectos sociales.","og_url":"https:\/\/www.fagor.eus\/es\/comienza-la-nueva-convocatoria-del-programa-de-cooperacion-fagor-herrigintza\/","og_site_name":"FAGOR","article_published_time":"2025-09-01T06:50:38+00:00","article_modified_time":"2025-09-05T06:32:24+00:00","og_image":[{"width":1024,"height":682,"url":"https:\/\/www.fagor.eus\/wp-content\/uploads\/2025\/07\/Fagor-Herrigintza-2025-1024x682.png","type":"image\/png"}],"author":"komunikazioa","twitter_card":"summary_large_image","twitter_creator":"@system","twitter_site":"@FagorTaldea","twitter_misc":{"Escrito por":"komunikazioa","Tiempo de lectura":"2 minutos"},"schema":{"@context":"https:\/\/schema.org","@graph":[{"@type":"Article","@id":"https:\/\/www.fagor.eus\/es\/comienza-la-nueva-convocatoria-del-programa-de-cooperacion-fagor-herrigintza\/#article","isPartOf":{"@id":"https:\/\/www.fagor.eus\/es\/comienza-la-nueva-convocatoria-del-programa-de-cooperacion-fagor-herrigintza\/"},"author":{"name":"komunikazioa","@id":"https:\/\/www.fagor.eus\/#\/schema\/person\/e09b7878906ad616c343aa3e5a83bc2f"},"headline":"Abierta la nueva convocatoria del programa de cooperaci\u00f3n Fagor Herrigintza","datePublished":"2025-09-01T06:50:38+00:00","dateModified":"2025-09-05T06:32:24+00:00","mainEntityOfPage":{"@id":"https:\/\/www.fagor.eus\/es\/comienza-la-nueva-convocatoria-del-programa-de-cooperacion-fagor-herrigintza\/"},"wordCount":357,"image":{"@id":"https:\/\/www.fagor.eus\/es\/comienza-la-nueva-convocatoria-del-programa-de-cooperacion-fagor-herrigintza\/#primaryimage"},"thumbnailUrl":"https:\/\/www.fagor.eus\/wp-content\/uploads\/2025\/07\/Fagor-Herrigintza-2025.png","articleSection":["Grupo Fagor"],"inLanguage":"es"},{"@type":"WebPage","@id":"https:\/\/www.fagor.eus\/es\/comienza-la-nueva-convocatoria-del-programa-de-cooperacion-fagor-herrigintza\/","url":"https:\/\/www.fagor.eus\/es\/comienza-la-nueva-convocatoria-del-programa-de-cooperacion-fagor-herrigintza\/","name":"Abierta la nueva convocatoria de Fagor Herrigintza &#187; Grupo Fagor","isPartOf":{"@id":"https:\/\/www.fagor.eus\/#website"},"primaryImageOfPage":{"@id":"https:\/\/www.fagor.eus\/es\/comienza-la-nueva-convocatoria-del-programa-de-cooperacion-fagor-herrigintza\/#primaryimage"},"image":{"@id":"https:\/\/www.fagor.eus\/es\/comienza-la-nueva-convocatoria-del-programa-de-cooperacion-fagor-herrigintza\/#primaryimage"},"thumbnailUrl":"https:\/\/www.fagor.eus\/wp-content\/uploads\/2025\/07\/Fagor-Herrigintza-2025.png","datePublished":"2025-09-01T06:50:38+00:00","dateModified":"2025-09-05T06:32:24+00:00","author":{"@id":"https:\/\/www.fagor.eus\/#\/schema\/person\/e09b7878906ad616c343aa3e5a83bc2f"},"description":"Abierta la nueva convocatoria del programa de cooperaci\u00f3n Fagor Herrigintza el cual pretende impulsar proyectos sociales.","breadcrumb":{"@id":"https:\/\/www.fagor.eus\/es\/comienza-la-nueva-convocatoria-del-programa-de-cooperacion-fagor-herrigintza\/#breadcrumb"},"inLanguage":"es","potentialAction":[{"@type":"ReadAction","target":["https:\/\/www.fagor.eus\/es\/comienza-la-nueva-convocatoria-del-programa-de-cooperacion-fagor-herrigintza\/"]}]},{"@type":"ImageObject","inLanguage":"es","@id":"https:\/\/www.fagor.eus\/es\/comienza-la-nueva-convocatoria-del-programa-de-cooperacion-fagor-herrigintza\/#primaryimage","url":"https:\/\/www.fagor.eus\/wp-content\/uploads\/2025\/07\/Fagor-Herrigintza-2025.png","contentUrl":"https:\/\/www.fagor.eus\/wp-content\/uploads\/2025\/07\/Fagor-Herrigintza-2025.png","width":2000,"height":1333,"caption":"Fagor Herrigintza 2025"},{"@type":"BreadcrumbList","@id":"https:\/\/www.fagor.eus\/es\/comienza-la-nueva-convocatoria-del-programa-de-cooperacion-fagor-herrigintza\/#breadcrumb","itemListElement":[{"@type":"ListItem","position":1,"name":"Home","item":"https:\/\/www.fagor.eus\/es\/"},{"@type":"ListItem","position":2,"name":"Abierta la nueva convocatoria del programa de cooperaci\u00f3n Fagor Herrigintza"}]},{"@type":"WebSite","@id":"https:\/\/www.fagor.eus\/#website","url":"https:\/\/www.fagor.eus\/","name":"Fagor","description":"Trabajando por un futuro mejor","potentialAction":[{"@type":"SearchAction","target":{"@type":"EntryPoint","urlTemplate":"https:\/\/www.fagor.eus\/?s={search_term_string}"},"query-input":{"@type":"PropertyValueSpecification","valueRequired":true,"valueName":"search_term_string"}}],"inLanguage":"es"},{"@type":"Person","@id":"https:\/\/www.fagor.eus\/#\/schema\/person\/e09b7878906ad616c343aa3e5a83bc2f","name":"komunikazioa","image":{"@type":"ImageObject","inLanguage":"es","@id":"https:\/\/secure.gravatar.com\/avatar\/0c624a67c23ed6ff6fd4111959b9a1001016b57c6bebaecbec025adcaa081e6e?s=96&d=mm&r=g","url":"https:\/\/secure.gravatar.com\/avatar\/0c624a67c23ed6ff6fd4111959b9a1001016b57c6bebaecbec025adcaa081e6e?s=96&d=mm&r=g","contentUrl":"https:\/\/secure.gravatar.com\/avatar\/0c624a67c23ed6ff6fd4111959b9a1001016b57c6bebaecbec025adcaa081e6e?s=96&d=mm&r=g","caption":"komunikazioa"},"sameAs":["https:\/\/x.com\/system"],"url":"https:\/\/www.fagor.eus\/es\/author\/komunikazioa\/"}]}},"_links":{"self":[{"href":"https:\/\/www.fagor.eus\/es\/wp-json\/wp\/v2\/posts\/23705","targetHints":{"allow":["GET"]}}],"collection":[{"href":"https:\/\/www.fagor.eus\/es\/wp-json\/wp\/v2\/posts"}],"about":[{"href":"https:\/\/www.fagor.eus\/es\/wp-json\/wp\/v2\/types\/post"}],"author":[{"embeddable":true,"href":"https:\/\/www.fagor.eus\/es\/wp-json\/wp\/v2\/users\/4"}],"replies":[{"embeddable":true,"href":"https:\/\/www.fagor.eus\/es\/wp-json\/wp\/v2\/comments?post=23705"}],"version-history":[{"count":2,"href":"https:\/\/www.fagor.eus\/es\/wp-json\/wp\/v2\/posts\/23705\/revisions"}],"predecessor-version":[{"id":23727,"href":"https:\/\/www.fagor.eus\/es\/wp-json\/wp\/v2\/posts\/23705\/revisions\/23727"}],"wp:featuredmedia":[{"embeddable":true,"href":"https:\/\/www.fagor.eus\/es\/wp-json\/wp\/v2\/media\/23649"}],"wp:attachment":[{"href":"https:\/\/www.fagor.eus\/es\/wp-json\/wp\/v2\/media?parent=23705"}],"wp:term":[{"taxonomy":"category","embeddable":true,"href":"https:\/\/www.fagor.eus\/es\/wp-json\/wp\/v2\/categories?post=23705"},{"taxonomy":"post_tag","embeddable":true,"href":"https:\/\/www.fagor.eus\/es\/wp-json\/wp\/v2\/tags?post=23705"}],"curies":[{"name":"wp","href":"https:\/\/api.w.org\/{rel}","templated":true}]}}