{"id":23612,"date":"2025-07-21T11:52:22","date_gmt":"2025-07-21T09:52:22","guid":{"rendered":"https:\/\/www.fagor.eus\/?p=23612"},"modified":"2025-07-21T11:52:22","modified_gmt":"2025-07-21T09:52:22","slug":"fagor-envia-14-toneladas-de-alimentos-al-campamento-de-personas-refugiadas-de-lesbos","status":"publish","type":"post","link":"https:\/\/www.fagor.eus\/es\/fagor-envia-14-toneladas-de-alimentos-al-campamento-de-personas-refugiadas-de-lesbos\/","title":{"rendered":"Fagor env\u00eda 1,4 toneladas de alimentos al campamento de personas refugiadas de Lesbos"},"content":{"rendered":"<p>Fagor env\u00eda 1,4 toneladas de alimentos -arroz, pasta, legumbres, aceite y conservas- al campamento de personas refugiadas de Lesbos (Grecia) gracias a la campa\u00f1a de recogida puesta en marcha por tercer a\u00f1o consecutivo en 30 puntos de diferentes cooperativas del Grupo en colaboraci\u00f3n con la asociaci\u00f3n Zaporeak. La recogida se ha celebrado entre el 2 y 14 de julio y, con ella, Fagor ha ratificado su compromiso de colaboraci\u00f3n comenzado en 2022.<\/p>\n<p>\u201cLa primera recogida de alimentos fue organizada en 2022. Se recogieron 1,4 toneladas, y, el a\u00f1o pasado, esa cifra descendi\u00f3 hasta llegar a una tonelada. Este a\u00f1o se ha logrado recuperar la cifra del primer a\u00f1o. Las personas de Fagor mantienen su compromiso. La valoraci\u00f3n es positiva\u201d, explica Aritz Otxandiano Kanpo, responsable de Sostenibilidad del Grupo Fagor. Por su parte, responsables de Zaporeak han agradecido la solidaridad de las personas de Fagor. \u201cZaporeak puede seguir trabajando gracias a personas como vosotras\u201d, a\u00f1aden.<\/p>\n<p><strong>Necesidad de alimentos<\/strong><\/p>\n<p>En verano, el n\u00famero de personas refugiadas de los campamentos y las necesidades ascienden considerablemente. Zaporeak llega a repartir 3.000 comidas diarias -durante el resto del a\u00f1o reparte 2.000 comidas diarias de media-. Esta es la raz\u00f3n por la que Fagor ha elegido el mes de julio para realizar la recogida de alimentos.<\/p>\n","protected":false},"excerpt":{"rendered":"<p>Fagor env\u00eda 1,4 toneladas de alimentos -arroz, pasta, legumbres, aceite y conservas- al campamento de personas refugiadas de Lesbos (Grecia) gracias a la campa\u00f1a de recogida puesta en marcha por tercer a\u00f1o consecutivo en 30 puntos de diferentes cooperativas del Grupo en colaboraci\u00f3n con la asociaci\u00f3n Zaporeak.<\/p>\n","protected":false},"author":4,"featured_media":23583,"comment_status":"closed","ping_status":"open","sticky":false,"template":"","format":"standard","meta":{"footnotes":""},"categories":[104],"tags":[],"class_list":{"0":"post-23612","1":"post","2":"type-post","3":"status-publish","4":"format-standard","5":"has-post-thumbnail","7":"category-grupo-fagor-es"},"yoast_head":"<!-- This site is optimized with the Yoast SEO plugin v27.4 - https:\/\/yoast.com\/product\/yoast-seo-wordpress\/ -->\n<title>Fagor env\u00eda 1,4 toneladas de alimentos a Lesbos &#187; Grupo Fagor<\/title>\n<meta name=\"description\" content=\"Fagor env\u00eda 1,4 toneladas de alimentos a Lesbos gracias a la campa\u00f1a de recogida de alimentos puesta en marcha en colaboraci\u00f3n con Zaporeak.\" \/>\n<meta name=\"robots\" content=\"index, follow, max-snippet:-1, max-image-preview:large, max-video-preview:-1\" \/>\n<link rel=\"canonical\" href=\"https:\/\/www.fagor.eus\/es\/fagor-envia-14-toneladas-de-alimentos-al-campamento-de-personas-refugiadas-de-lesbos\/\" \/>\n<meta property=\"og:locale\" content=\"es_ES\" \/>\n<meta property=\"og:type\" content=\"article\" \/>\n<meta property=\"og:title\" content=\"Fagor env\u00eda 1,4 toneladas de alimentos a Lesbos &#187; Grupo Fagor\" \/>\n<meta property=\"og:description\" content=\"Fagor env\u00eda 1,4 toneladas de alimentos a Lesbos gracias a la campa\u00f1a de recogida de alimentos puesta en marcha en colaboraci\u00f3n con Zaporeak.\" \/>\n<meta property=\"og:url\" content=\"https:\/\/www.fagor.eus\/es\/fagor-envia-14-toneladas-de-alimentos-al-campamento-de-personas-refugiadas-de-lesbos\/\" \/>\n<meta property=\"og:site_name\" content=\"FAGOR\" \/>\n<meta property=\"article:published_time\" content=\"2025-07-21T09:52:22+00:00\" \/>\n<meta property=\"og:image\" content=\"https:\/\/www.fagor.eus\/wp-content\/uploads\/2025\/07\/Zaporeak-Fagor-elikagai-bilketa-2025-recogida-de-alimentos-1024x682.png\" \/>\n\t<meta property=\"og:image:width\" content=\"1024\" \/>\n\t<meta property=\"og:image:height\" content=\"682\" \/>\n\t<meta property=\"og:image:type\" content=\"image\/png\" \/>\n<meta name=\"author\" content=\"komunikazioa\" \/>\n<meta name=\"twitter:card\" content=\"summary_large_image\" \/>\n<meta name=\"twitter:creator\" content=\"@system\" \/>\n<meta name=\"twitter:site\" content=\"@FagorTaldea\" \/>\n<meta name=\"twitter:label1\" content=\"Escrito por\" \/>\n\t<meta name=\"twitter:data1\" content=\"komunikazioa\" \/>\n\t<meta name=\"twitter:label2\" content=\"Tiempo de lectura\" \/>\n\t<meta name=\"twitter:data2\" content=\"2 minutos\" \/>\n<script type=\"application\/ld+json\" class=\"yoast-schema-graph\">{\"@context\":\"https:\\\/\\\/schema.org\",\"@graph\":[{\"@type\":\"Article\",\"@id\":\"https:\\\/\\\/www.fagor.eus\\\/es\\\/fagor-envia-14-toneladas-de-alimentos-al-campamento-de-personas-refugiadas-de-lesbos\\\/#article\",\"isPartOf\":{\"@id\":\"https:\\\/\\\/www.fagor.eus\\\/es\\\/fagor-envia-14-toneladas-de-alimentos-al-campamento-de-personas-refugiadas-de-lesbos\\\/\"},\"author\":{\"name\":\"komunikazioa\",\"@id\":\"https:\\\/\\\/www.fagor.eus\\\/#\\\/schema\\\/person\\\/e09b7878906ad616c343aa3e5a83bc2f\"},\"headline\":\"Fagor env\u00eda 1,4 toneladas de alimentos al campamento de personas refugiadas de Lesbos\",\"datePublished\":\"2025-07-21T09:52:22+00:00\",\"mainEntityOfPage\":{\"@id\":\"https:\\\/\\\/www.fagor.eus\\\/es\\\/fagor-envia-14-toneladas-de-alimentos-al-campamento-de-personas-refugiadas-de-lesbos\\\/\"},\"wordCount\":228,\"image\":{\"@id\":\"https:\\\/\\\/www.fagor.eus\\\/es\\\/fagor-envia-14-toneladas-de-alimentos-al-campamento-de-personas-refugiadas-de-lesbos\\\/#primaryimage\"},\"thumbnailUrl\":\"https:\\\/\\\/www.fagor.eus\\\/wp-content\\\/uploads\\\/2025\\\/07\\\/Zaporeak-Fagor-elikagai-bilketa-2025-recogida-de-alimentos.png\",\"articleSection\":[\"Grupo Fagor\"],\"inLanguage\":\"es\"},{\"@type\":\"WebPage\",\"@id\":\"https:\\\/\\\/www.fagor.eus\\\/es\\\/fagor-envia-14-toneladas-de-alimentos-al-campamento-de-personas-refugiadas-de-lesbos\\\/\",\"url\":\"https:\\\/\\\/www.fagor.eus\\\/es\\\/fagor-envia-14-toneladas-de-alimentos-al-campamento-de-personas-refugiadas-de-lesbos\\\/\",\"name\":\"Fagor env\u00eda 1,4 toneladas de alimentos a Lesbos &#187; Grupo Fagor\",\"isPartOf\":{\"@id\":\"https:\\\/\\\/www.fagor.eus\\\/#website\"},\"primaryImageOfPage\":{\"@id\":\"https:\\\/\\\/www.fagor.eus\\\/es\\\/fagor-envia-14-toneladas-de-alimentos-al-campamento-de-personas-refugiadas-de-lesbos\\\/#primaryimage\"},\"image\":{\"@id\":\"https:\\\/\\\/www.fagor.eus\\\/es\\\/fagor-envia-14-toneladas-de-alimentos-al-campamento-de-personas-refugiadas-de-lesbos\\\/#primaryimage\"},\"thumbnailUrl\":\"https:\\\/\\\/www.fagor.eus\\\/wp-content\\\/uploads\\\/2025\\\/07\\\/Zaporeak-Fagor-elikagai-bilketa-2025-recogida-de-alimentos.png\",\"datePublished\":\"2025-07-21T09:52:22+00:00\",\"author\":{\"@id\":\"https:\\\/\\\/www.fagor.eus\\\/#\\\/schema\\\/person\\\/e09b7878906ad616c343aa3e5a83bc2f\"},\"description\":\"Fagor env\u00eda 1,4 toneladas de alimentos a Lesbos gracias a la campa\u00f1a de recogida de alimentos puesta en marcha en colaboraci\u00f3n con Zaporeak.\",\"breadcrumb\":{\"@id\":\"https:\\\/\\\/www.fagor.eus\\\/es\\\/fagor-envia-14-toneladas-de-alimentos-al-campamento-de-personas-refugiadas-de-lesbos\\\/#breadcrumb\"},\"inLanguage\":\"es\",\"potentialAction\":[{\"@type\":\"ReadAction\",\"target\":[\"https:\\\/\\\/www.fagor.eus\\\/es\\\/fagor-envia-14-toneladas-de-alimentos-al-campamento-de-personas-refugiadas-de-lesbos\\\/\"]}]},{\"@type\":\"ImageObject\",\"inLanguage\":\"es\",\"@id\":\"https:\\\/\\\/www.fagor.eus\\\/es\\\/fagor-envia-14-toneladas-de-alimentos-al-campamento-de-personas-refugiadas-de-lesbos\\\/#primaryimage\",\"url\":\"https:\\\/\\\/www.fagor.eus\\\/wp-content\\\/uploads\\\/2025\\\/07\\\/Zaporeak-Fagor-elikagai-bilketa-2025-recogida-de-alimentos.png\",\"contentUrl\":\"https:\\\/\\\/www.fagor.eus\\\/wp-content\\\/uploads\\\/2025\\\/07\\\/Zaporeak-Fagor-elikagai-bilketa-2025-recogida-de-alimentos.png\",\"width\":2000,\"height\":1333},{\"@type\":\"BreadcrumbList\",\"@id\":\"https:\\\/\\\/www.fagor.eus\\\/es\\\/fagor-envia-14-toneladas-de-alimentos-al-campamento-de-personas-refugiadas-de-lesbos\\\/#breadcrumb\",\"itemListElement\":[{\"@type\":\"ListItem\",\"position\":1,\"name\":\"Home\",\"item\":\"https:\\\/\\\/www.fagor.eus\\\/es\\\/\"},{\"@type\":\"ListItem\",\"position\":2,\"name\":\"Fagor env\u00eda 1,4 toneladas de alimentos al campamento de personas refugiadas de Lesbos\"}]},{\"@type\":\"WebSite\",\"@id\":\"https:\\\/\\\/www.fagor.eus\\\/#website\",\"url\":\"https:\\\/\\\/www.fagor.eus\\\/\",\"name\":\"Fagor\",\"description\":\"Trabajando por un futuro mejor\",\"potentialAction\":[{\"@type\":\"SearchAction\",\"target\":{\"@type\":\"EntryPoint\",\"urlTemplate\":\"https:\\\/\\\/www.fagor.eus\\\/?s={search_term_string}\"},\"query-input\":{\"@type\":\"PropertyValueSpecification\",\"valueRequired\":true,\"valueName\":\"search_term_string\"}}],\"inLanguage\":\"es\"},{\"@type\":\"Person\",\"@id\":\"https:\\\/\\\/www.fagor.eus\\\/#\\\/schema\\\/person\\\/e09b7878906ad616c343aa3e5a83bc2f\",\"name\":\"komunikazioa\",\"image\":{\"@type\":\"ImageObject\",\"inLanguage\":\"es\",\"@id\":\"https:\\\/\\\/secure.gravatar.com\\\/avatar\\\/0c624a67c23ed6ff6fd4111959b9a1001016b57c6bebaecbec025adcaa081e6e?s=96&d=mm&r=g\",\"url\":\"https:\\\/\\\/secure.gravatar.com\\\/avatar\\\/0c624a67c23ed6ff6fd4111959b9a1001016b57c6bebaecbec025adcaa081e6e?s=96&d=mm&r=g\",\"contentUrl\":\"https:\\\/\\\/secure.gravatar.com\\\/avatar\\\/0c624a67c23ed6ff6fd4111959b9a1001016b57c6bebaecbec025adcaa081e6e?s=96&d=mm&r=g\",\"caption\":\"komunikazioa\"},\"sameAs\":[\"https:\\\/\\\/x.com\\\/system\"],\"url\":\"https:\\\/\\\/www.fagor.eus\\\/es\\\/author\\\/komunikazioa\\\/\"}]}<\/script>\n<!-- \/ Yoast SEO plugin. -->","yoast_head_json":{"title":"Fagor env\u00eda 1,4 toneladas de alimentos a Lesbos &#187; Grupo Fagor","description":"Fagor env\u00eda 1,4 toneladas de alimentos a Lesbos gracias a la campa\u00f1a de recogida de alimentos puesta en marcha en colaboraci\u00f3n con Zaporeak.","robots":{"index":"index","follow":"follow","max-snippet":"max-snippet:-1","max-image-preview":"max-image-preview:large","max-video-preview":"max-video-preview:-1"},"canonical":"https:\/\/www.fagor.eus\/es\/fagor-envia-14-toneladas-de-alimentos-al-campamento-de-personas-refugiadas-de-lesbos\/","og_locale":"es_ES","og_type":"article","og_title":"Fagor env\u00eda 1,4 toneladas de alimentos a Lesbos &#187; Grupo Fagor","og_description":"Fagor env\u00eda 1,4 toneladas de alimentos a Lesbos gracias a la campa\u00f1a de recogida de alimentos puesta en marcha en colaboraci\u00f3n con Zaporeak.","og_url":"https:\/\/www.fagor.eus\/es\/fagor-envia-14-toneladas-de-alimentos-al-campamento-de-personas-refugiadas-de-lesbos\/","og_site_name":"FAGOR","article_published_time":"2025-07-21T09:52:22+00:00","og_image":[{"width":1024,"height":682,"url":"https:\/\/www.fagor.eus\/wp-content\/uploads\/2025\/07\/Zaporeak-Fagor-elikagai-bilketa-2025-recogida-de-alimentos-1024x682.png","type":"image\/png"}],"author":"komunikazioa","twitter_card":"summary_large_image","twitter_creator":"@system","twitter_site":"@FagorTaldea","twitter_misc":{"Escrito por":"komunikazioa","Tiempo de lectura":"2 minutos"},"schema":{"@context":"https:\/\/schema.org","@graph":[{"@type":"Article","@id":"https:\/\/www.fagor.eus\/es\/fagor-envia-14-toneladas-de-alimentos-al-campamento-de-personas-refugiadas-de-lesbos\/#article","isPartOf":{"@id":"https:\/\/www.fagor.eus\/es\/fagor-envia-14-toneladas-de-alimentos-al-campamento-de-personas-refugiadas-de-lesbos\/"},"author":{"name":"komunikazioa","@id":"https:\/\/www.fagor.eus\/#\/schema\/person\/e09b7878906ad616c343aa3e5a83bc2f"},"headline":"Fagor env\u00eda 1,4 toneladas de alimentos al campamento de personas refugiadas de Lesbos","datePublished":"2025-07-21T09:52:22+00:00","mainEntityOfPage":{"@id":"https:\/\/www.fagor.eus\/es\/fagor-envia-14-toneladas-de-alimentos-al-campamento-de-personas-refugiadas-de-lesbos\/"},"wordCount":228,"image":{"@id":"https:\/\/www.fagor.eus\/es\/fagor-envia-14-toneladas-de-alimentos-al-campamento-de-personas-refugiadas-de-lesbos\/#primaryimage"},"thumbnailUrl":"https:\/\/www.fagor.eus\/wp-content\/uploads\/2025\/07\/Zaporeak-Fagor-elikagai-bilketa-2025-recogida-de-alimentos.png","articleSection":["Grupo Fagor"],"inLanguage":"es"},{"@type":"WebPage","@id":"https:\/\/www.fagor.eus\/es\/fagor-envia-14-toneladas-de-alimentos-al-campamento-de-personas-refugiadas-de-lesbos\/","url":"https:\/\/www.fagor.eus\/es\/fagor-envia-14-toneladas-de-alimentos-al-campamento-de-personas-refugiadas-de-lesbos\/","name":"Fagor env\u00eda 1,4 toneladas de alimentos a Lesbos &#187; Grupo Fagor","isPartOf":{"@id":"https:\/\/www.fagor.eus\/#website"},"primaryImageOfPage":{"@id":"https:\/\/www.fagor.eus\/es\/fagor-envia-14-toneladas-de-alimentos-al-campamento-de-personas-refugiadas-de-lesbos\/#primaryimage"},"image":{"@id":"https:\/\/www.fagor.eus\/es\/fagor-envia-14-toneladas-de-alimentos-al-campamento-de-personas-refugiadas-de-lesbos\/#primaryimage"},"thumbnailUrl":"https:\/\/www.fagor.eus\/wp-content\/uploads\/2025\/07\/Zaporeak-Fagor-elikagai-bilketa-2025-recogida-de-alimentos.png","datePublished":"2025-07-21T09:52:22+00:00","author":{"@id":"https:\/\/www.fagor.eus\/#\/schema\/person\/e09b7878906ad616c343aa3e5a83bc2f"},"description":"Fagor env\u00eda 1,4 toneladas de alimentos a Lesbos gracias a la campa\u00f1a de recogida de alimentos puesta en marcha en colaboraci\u00f3n con Zaporeak.","breadcrumb":{"@id":"https:\/\/www.fagor.eus\/es\/fagor-envia-14-toneladas-de-alimentos-al-campamento-de-personas-refugiadas-de-lesbos\/#breadcrumb"},"inLanguage":"es","potentialAction":[{"@type":"ReadAction","target":["https:\/\/www.fagor.eus\/es\/fagor-envia-14-toneladas-de-alimentos-al-campamento-de-personas-refugiadas-de-lesbos\/"]}]},{"@type":"ImageObject","inLanguage":"es","@id":"https:\/\/www.fagor.eus\/es\/fagor-envia-14-toneladas-de-alimentos-al-campamento-de-personas-refugiadas-de-lesbos\/#primaryimage","url":"https:\/\/www.fagor.eus\/wp-content\/uploads\/2025\/07\/Zaporeak-Fagor-elikagai-bilketa-2025-recogida-de-alimentos.png","contentUrl":"https:\/\/www.fagor.eus\/wp-content\/uploads\/2025\/07\/Zaporeak-Fagor-elikagai-bilketa-2025-recogida-de-alimentos.png","width":2000,"height":1333},{"@type":"BreadcrumbList","@id":"https:\/\/www.fagor.eus\/es\/fagor-envia-14-toneladas-de-alimentos-al-campamento-de-personas-refugiadas-de-lesbos\/#breadcrumb","itemListElement":[{"@type":"ListItem","position":1,"name":"Home","item":"https:\/\/www.fagor.eus\/es\/"},{"@type":"ListItem","position":2,"name":"Fagor env\u00eda 1,4 toneladas de alimentos al campamento de personas refugiadas de Lesbos"}]},{"@type":"WebSite","@id":"https:\/\/www.fagor.eus\/#website","url":"https:\/\/www.fagor.eus\/","name":"Fagor","description":"Trabajando por un futuro mejor","potentialAction":[{"@type":"SearchAction","target":{"@type":"EntryPoint","urlTemplate":"https:\/\/www.fagor.eus\/?s={search_term_string}"},"query-input":{"@type":"PropertyValueSpecification","valueRequired":true,"valueName":"search_term_string"}}],"inLanguage":"es"},{"@type":"Person","@id":"https:\/\/www.fagor.eus\/#\/schema\/person\/e09b7878906ad616c343aa3e5a83bc2f","name":"komunikazioa","image":{"@type":"ImageObject","inLanguage":"es","@id":"https:\/\/secure.gravatar.com\/avatar\/0c624a67c23ed6ff6fd4111959b9a1001016b57c6bebaecbec025adcaa081e6e?s=96&d=mm&r=g","url":"https:\/\/secure.gravatar.com\/avatar\/0c624a67c23ed6ff6fd4111959b9a1001016b57c6bebaecbec025adcaa081e6e?s=96&d=mm&r=g","contentUrl":"https:\/\/secure.gravatar.com\/avatar\/0c624a67c23ed6ff6fd4111959b9a1001016b57c6bebaecbec025adcaa081e6e?s=96&d=mm&r=g","caption":"komunikazioa"},"sameAs":["https:\/\/x.com\/system"],"url":"https:\/\/www.fagor.eus\/es\/author\/komunikazioa\/"}]}},"_links":{"self":[{"href":"https:\/\/www.fagor.eus\/es\/wp-json\/wp\/v2\/posts\/23612","targetHints":{"allow":["GET"]}}],"collection":[{"href":"https:\/\/www.fagor.eus\/es\/wp-json\/wp\/v2\/posts"}],"about":[{"href":"https:\/\/www.fagor.eus\/es\/wp-json\/wp\/v2\/types\/post"}],"author":[{"embeddable":true,"href":"https:\/\/www.fagor.eus\/es\/wp-json\/wp\/v2\/users\/4"}],"replies":[{"embeddable":true,"href":"https:\/\/www.fagor.eus\/es\/wp-json\/wp\/v2\/comments?post=23612"}],"version-history":[{"count":1,"href":"https:\/\/www.fagor.eus\/es\/wp-json\/wp\/v2\/posts\/23612\/revisions"}],"predecessor-version":[{"id":23613,"href":"https:\/\/www.fagor.eus\/es\/wp-json\/wp\/v2\/posts\/23612\/revisions\/23613"}],"wp:featuredmedia":[{"embeddable":true,"href":"https:\/\/www.fagor.eus\/es\/wp-json\/wp\/v2\/media\/23583"}],"wp:attachment":[{"href":"https:\/\/www.fagor.eus\/es\/wp-json\/wp\/v2\/media?parent=23612"}],"wp:term":[{"taxonomy":"category","embeddable":true,"href":"https:\/\/www.fagor.eus\/es\/wp-json\/wp\/v2\/categories?post=23612"},{"taxonomy":"post_tag","embeddable":true,"href":"https:\/\/www.fagor.eus\/es\/wp-json\/wp\/v2\/tags?post=23612"}],"curies":[{"name":"wp","href":"https:\/\/api.w.org\/{rel}","templated":true}]}}