{"id":23561,"date":"2025-07-11T09:24:18","date_gmt":"2025-07-11T07:24:18","guid":{"rendered":"https:\/\/www.fagor.eus\/?p=23561"},"modified":"2025-07-11T09:50:16","modified_gmt":"2025-07-11T07:50:16","slug":"mondragon-alcanzo-unas-ventas-de-11-213-millones-de-euros-en-2024","status":"publish","type":"post","link":"https:\/\/www.fagor.eus\/es\/mondragon-alcanzo-unas-ventas-de-11-213-millones-de-euros-en-2024\/","title":{"rendered":"Mondragon alcanz\u00f3 unas ventas de 11.213 millones de euros en 2024"},"content":{"rendered":"<p>La Corporaci\u00f3n Mondragon ha celebrado su congreso anual, este mi\u00e9rcoles, en el Palacio de Congresos Europa de Gasteiz (Araba) -la cita ha reunido a 650 personas de diferentes cooperativas de Mondragon entre las que se encontraban representantes del Grupo Fagor-. Entre otras cuestiones, se present\u00f3 el cierre del 2024. Pello Rodr\u00edguez Zabaleta, presidente del Consejo General de Mondragon, valor\u00f3 positivamente la evoluci\u00f3n de la Corporaci\u00f3n, haciendo especial hincapi\u00e9 en el contexto actual, \u201cel marcado por una elevada incertidumbre geopol\u00edtica y tensiones crecientes en los mercados globales\u201d. Concretamente, en 2024, el conjunto de cooperativas de Industria y Distribuci\u00f3n alcanz\u00f3 los 11.213 millones de euros en ventas, con un incremento del 1,6% respecto a la cifra del a\u00f1o precedente. Adem\u00e1s, se invirtieron 377 millones de euros. En relaci\u00f3n con el empleo, la plantilla media se situ\u00f3 alrededor de 70.00 personas, lo que consolida a las cooperativas de Mondragon como el primer empleador de la CAV, segundo de Navarra y el quinto empleador privado del Estado.<\/p>\n<p><strong>Cooperativas industriales<\/strong><\/p>\n<p>Las cooperativas industriales de Mondragon cerraron 2024 con una facturaci\u00f3n agregada de 5.020 millones, una plantilla media de m\u00e1s de 26.700 personas y unos resultados netos agregados de 267 millones de euros. Adem\u00e1s, invirtieron 200 millones de euros -el importe total de las inversiones industriales de las cooperativas en el \u00faltimo quinquenio asciende a 903 millones de euros-. Por otro lado, el congreso de Mondragon quiso resaltar el \u00e1mbito del conocimiento, pues las inversiones totales en I+D ascendieron a 201 millones de euros, lo que representa un 4% de las ventas totales.<\/p>\n<p>\u00abEl ejercicio 2024 ha vuelto a demostrar la solidez y resiliencia del modelo cooperativo de Mondragon. En un entorno global marcado por la inestabilidad y la incertidumbre, ha mantenido su rumbo, con un crecimiento en ventas, una s\u00f3lida rentabilidad y un nivel de inversiones que refleja nuestra apuesta decidida por el futuro\u00bb, ha se\u00f1alado el presidente.<\/p>\n<p><strong>Compromiso social<\/strong><\/p>\n<p>En 2024an, las cooperativas de Mondragon han recibido reconocimientos significativos del \u00e1mbito social. Entre otras, La Asamblea General de la ONU ha destacado expresamente a las cooperativas, y en particular a Mondragon, como ejemplo de contribuci\u00f3n al desarrollo sostenible. Asimismo, el an\u00e1lisis elaborado por Orkestra (Instituto Vasco de Competitividad) avala el impacto positivo del modelo cooperativo en la promoci\u00f3n de la igualdad en aquellas zonas con alta densidad cooperativa. A ello se suma la importante contribuci\u00f3n social realizada por el conjunto de cooperativas y Fundaci\u00f3n Mondragon que han destinado m\u00e1s de 50 millones de euros a un millar de entidades que centran su labor en temas como pobreza e inclusi\u00f3n, clima y biodiversidad, cultura, salud y deporte, educaci\u00f3n o euskera, entre otros.<\/p>\n","protected":false},"excerpt":{"rendered":"<p>La Corporaci\u00f3n Mondragon ha celebrado su congreso anual, este mi\u00e9rcoles, en el Palacio de Congresos Europa de Gasteiz (Araba) -la cita ha reunido a 650 personas de diferentes cooperativas de Mondragon entre las que se encontraban representantes del Grupo Fagor-. Entre otras cuestiones, se present\u00f3 el cierre del 2024.<\/p>\n","protected":false},"author":4,"featured_media":23556,"comment_status":"closed","ping_status":"open","sticky":false,"template":"","format":"standard","meta":{"footnotes":""},"categories":[104],"tags":[],"class_list":{"0":"post-23561","1":"post","2":"type-post","3":"status-publish","4":"format-standard","5":"has-post-thumbnail","7":"category-grupo-fagor-es"},"yoast_head":"<!-- This site is optimized with the Yoast SEO plugin v27.4 - https:\/\/yoast.com\/product\/yoast-seo-wordpress\/ -->\n<title>Mondragon alcanz\u00f3 unas ventas de 11.213 millones &#187; Grupo Fagor<\/title>\n<meta name=\"description\" content=\"La Corporaci\u00f3n Mondragon ha celebrado su congreso anual, este mi\u00e9rcoles, en Gasteiz (Araba) para presentar el cierre del 2024.\" \/>\n<meta name=\"robots\" content=\"index, follow, max-snippet:-1, max-image-preview:large, max-video-preview:-1\" \/>\n<link rel=\"canonical\" href=\"https:\/\/www.fagor.eus\/es\/mondragon-alcanzo-unas-ventas-de-11-213-millones-de-euros-en-2024\/\" \/>\n<meta property=\"og:locale\" content=\"es_ES\" \/>\n<meta property=\"og:type\" content=\"article\" \/>\n<meta property=\"og:title\" content=\"Mondragon alcanz\u00f3 unas ventas de 11.213 millones &#187; Grupo Fagor\" \/>\n<meta property=\"og:description\" content=\"La Corporaci\u00f3n Mondragon ha celebrado su congreso anual, este mi\u00e9rcoles, en Gasteiz (Araba) para presentar el cierre del 2024.\" \/>\n<meta property=\"og:url\" content=\"https:\/\/www.fagor.eus\/es\/mondragon-alcanzo-unas-ventas-de-11-213-millones-de-euros-en-2024\/\" \/>\n<meta property=\"og:site_name\" content=\"FAGOR\" \/>\n<meta property=\"article:published_time\" content=\"2025-07-11T07:24:18+00:00\" \/>\n<meta property=\"article:modified_time\" content=\"2025-07-11T07:50:16+00:00\" \/>\n<meta property=\"og:image\" content=\"https:\/\/www.fagor.eus\/wp-content\/uploads\/2025\/07\/Mondragon-2024-cierre-Fagor-1024x682.png\" \/>\n\t<meta property=\"og:image:width\" content=\"1024\" \/>\n\t<meta property=\"og:image:height\" content=\"682\" \/>\n\t<meta property=\"og:image:type\" content=\"image\/png\" \/>\n<meta name=\"author\" content=\"komunikazioa\" \/>\n<meta name=\"twitter:card\" content=\"summary_large_image\" \/>\n<meta name=\"twitter:creator\" content=\"@system\" \/>\n<meta name=\"twitter:site\" content=\"@FagorTaldea\" \/>\n<meta name=\"twitter:label1\" content=\"Escrito por\" \/>\n\t<meta name=\"twitter:data1\" content=\"komunikazioa\" \/>\n\t<meta name=\"twitter:label2\" content=\"Tiempo de lectura\" \/>\n\t<meta name=\"twitter:data2\" content=\"3 minutos\" \/>\n<script type=\"application\/ld+json\" class=\"yoast-schema-graph\">{\"@context\":\"https:\\\/\\\/schema.org\",\"@graph\":[{\"@type\":\"Article\",\"@id\":\"https:\\\/\\\/www.fagor.eus\\\/es\\\/mondragon-alcanzo-unas-ventas-de-11-213-millones-de-euros-en-2024\\\/#article\",\"isPartOf\":{\"@id\":\"https:\\\/\\\/www.fagor.eus\\\/es\\\/mondragon-alcanzo-unas-ventas-de-11-213-millones-de-euros-en-2024\\\/\"},\"author\":{\"name\":\"komunikazioa\",\"@id\":\"https:\\\/\\\/www.fagor.eus\\\/#\\\/schema\\\/person\\\/e09b7878906ad616c343aa3e5a83bc2f\"},\"headline\":\"Mondragon alcanz\u00f3 unas ventas de 11.213 millones de euros en 2024\",\"datePublished\":\"2025-07-11T07:24:18+00:00\",\"dateModified\":\"2025-07-11T07:50:16+00:00\",\"mainEntityOfPage\":{\"@id\":\"https:\\\/\\\/www.fagor.eus\\\/es\\\/mondragon-alcanzo-unas-ventas-de-11-213-millones-de-euros-en-2024\\\/\"},\"wordCount\":453,\"image\":{\"@id\":\"https:\\\/\\\/www.fagor.eus\\\/es\\\/mondragon-alcanzo-unas-ventas-de-11-213-millones-de-euros-en-2024\\\/#primaryimage\"},\"thumbnailUrl\":\"https:\\\/\\\/www.fagor.eus\\\/wp-content\\\/uploads\\\/2025\\\/07\\\/Mondragon-2024-cierre-Fagor.png\",\"articleSection\":[\"Grupo Fagor\"],\"inLanguage\":\"es\"},{\"@type\":\"WebPage\",\"@id\":\"https:\\\/\\\/www.fagor.eus\\\/es\\\/mondragon-alcanzo-unas-ventas-de-11-213-millones-de-euros-en-2024\\\/\",\"url\":\"https:\\\/\\\/www.fagor.eus\\\/es\\\/mondragon-alcanzo-unas-ventas-de-11-213-millones-de-euros-en-2024\\\/\",\"name\":\"Mondragon alcanz\u00f3 unas ventas de 11.213 millones &#187; Grupo Fagor\",\"isPartOf\":{\"@id\":\"https:\\\/\\\/www.fagor.eus\\\/#website\"},\"primaryImageOfPage\":{\"@id\":\"https:\\\/\\\/www.fagor.eus\\\/es\\\/mondragon-alcanzo-unas-ventas-de-11-213-millones-de-euros-en-2024\\\/#primaryimage\"},\"image\":{\"@id\":\"https:\\\/\\\/www.fagor.eus\\\/es\\\/mondragon-alcanzo-unas-ventas-de-11-213-millones-de-euros-en-2024\\\/#primaryimage\"},\"thumbnailUrl\":\"https:\\\/\\\/www.fagor.eus\\\/wp-content\\\/uploads\\\/2025\\\/07\\\/Mondragon-2024-cierre-Fagor.png\",\"datePublished\":\"2025-07-11T07:24:18+00:00\",\"dateModified\":\"2025-07-11T07:50:16+00:00\",\"author\":{\"@id\":\"https:\\\/\\\/www.fagor.eus\\\/#\\\/schema\\\/person\\\/e09b7878906ad616c343aa3e5a83bc2f\"},\"description\":\"La Corporaci\u00f3n Mondragon ha celebrado su congreso anual, este mi\u00e9rcoles, en Gasteiz (Araba) para presentar el cierre del 2024.\",\"breadcrumb\":{\"@id\":\"https:\\\/\\\/www.fagor.eus\\\/es\\\/mondragon-alcanzo-unas-ventas-de-11-213-millones-de-euros-en-2024\\\/#breadcrumb\"},\"inLanguage\":\"es\",\"potentialAction\":[{\"@type\":\"ReadAction\",\"target\":[\"https:\\\/\\\/www.fagor.eus\\\/es\\\/mondragon-alcanzo-unas-ventas-de-11-213-millones-de-euros-en-2024\\\/\"]}]},{\"@type\":\"ImageObject\",\"inLanguage\":\"es\",\"@id\":\"https:\\\/\\\/www.fagor.eus\\\/es\\\/mondragon-alcanzo-unas-ventas-de-11-213-millones-de-euros-en-2024\\\/#primaryimage\",\"url\":\"https:\\\/\\\/www.fagor.eus\\\/wp-content\\\/uploads\\\/2025\\\/07\\\/Mondragon-2024-cierre-Fagor.png\",\"contentUrl\":\"https:\\\/\\\/www.fagor.eus\\\/wp-content\\\/uploads\\\/2025\\\/07\\\/Mondragon-2024-cierre-Fagor.png\",\"width\":2000,\"height\":1333,\"caption\":\"Mondragon 2024 cierre Fagor\"},{\"@type\":\"BreadcrumbList\",\"@id\":\"https:\\\/\\\/www.fagor.eus\\\/es\\\/mondragon-alcanzo-unas-ventas-de-11-213-millones-de-euros-en-2024\\\/#breadcrumb\",\"itemListElement\":[{\"@type\":\"ListItem\",\"position\":1,\"name\":\"Home\",\"item\":\"https:\\\/\\\/www.fagor.eus\\\/es\\\/\"},{\"@type\":\"ListItem\",\"position\":2,\"name\":\"Mondragon alcanz\u00f3 unas ventas de 11.213 millones de euros en 2024\"}]},{\"@type\":\"WebSite\",\"@id\":\"https:\\\/\\\/www.fagor.eus\\\/#website\",\"url\":\"https:\\\/\\\/www.fagor.eus\\\/\",\"name\":\"Fagor\",\"description\":\"Trabajando por un futuro mejor\",\"potentialAction\":[{\"@type\":\"SearchAction\",\"target\":{\"@type\":\"EntryPoint\",\"urlTemplate\":\"https:\\\/\\\/www.fagor.eus\\\/?s={search_term_string}\"},\"query-input\":{\"@type\":\"PropertyValueSpecification\",\"valueRequired\":true,\"valueName\":\"search_term_string\"}}],\"inLanguage\":\"es\"},{\"@type\":\"Person\",\"@id\":\"https:\\\/\\\/www.fagor.eus\\\/#\\\/schema\\\/person\\\/e09b7878906ad616c343aa3e5a83bc2f\",\"name\":\"komunikazioa\",\"image\":{\"@type\":\"ImageObject\",\"inLanguage\":\"es\",\"@id\":\"https:\\\/\\\/secure.gravatar.com\\\/avatar\\\/0c624a67c23ed6ff6fd4111959b9a1001016b57c6bebaecbec025adcaa081e6e?s=96&d=mm&r=g\",\"url\":\"https:\\\/\\\/secure.gravatar.com\\\/avatar\\\/0c624a67c23ed6ff6fd4111959b9a1001016b57c6bebaecbec025adcaa081e6e?s=96&d=mm&r=g\",\"contentUrl\":\"https:\\\/\\\/secure.gravatar.com\\\/avatar\\\/0c624a67c23ed6ff6fd4111959b9a1001016b57c6bebaecbec025adcaa081e6e?s=96&d=mm&r=g\",\"caption\":\"komunikazioa\"},\"sameAs\":[\"https:\\\/\\\/x.com\\\/system\"],\"url\":\"https:\\\/\\\/www.fagor.eus\\\/es\\\/author\\\/komunikazioa\\\/\"}]}<\/script>\n<!-- \/ Yoast SEO plugin. -->","yoast_head_json":{"title":"Mondragon alcanz\u00f3 unas ventas de 11.213 millones &#187; Grupo Fagor","description":"La Corporaci\u00f3n Mondragon ha celebrado su congreso anual, este mi\u00e9rcoles, en Gasteiz (Araba) para presentar el cierre del 2024.","robots":{"index":"index","follow":"follow","max-snippet":"max-snippet:-1","max-image-preview":"max-image-preview:large","max-video-preview":"max-video-preview:-1"},"canonical":"https:\/\/www.fagor.eus\/es\/mondragon-alcanzo-unas-ventas-de-11-213-millones-de-euros-en-2024\/","og_locale":"es_ES","og_type":"article","og_title":"Mondragon alcanz\u00f3 unas ventas de 11.213 millones &#187; Grupo Fagor","og_description":"La Corporaci\u00f3n Mondragon ha celebrado su congreso anual, este mi\u00e9rcoles, en Gasteiz (Araba) para presentar el cierre del 2024.","og_url":"https:\/\/www.fagor.eus\/es\/mondragon-alcanzo-unas-ventas-de-11-213-millones-de-euros-en-2024\/","og_site_name":"FAGOR","article_published_time":"2025-07-11T07:24:18+00:00","article_modified_time":"2025-07-11T07:50:16+00:00","og_image":[{"width":1024,"height":682,"url":"https:\/\/www.fagor.eus\/wp-content\/uploads\/2025\/07\/Mondragon-2024-cierre-Fagor-1024x682.png","type":"image\/png"}],"author":"komunikazioa","twitter_card":"summary_large_image","twitter_creator":"@system","twitter_site":"@FagorTaldea","twitter_misc":{"Escrito por":"komunikazioa","Tiempo de lectura":"3 minutos"},"schema":{"@context":"https:\/\/schema.org","@graph":[{"@type":"Article","@id":"https:\/\/www.fagor.eus\/es\/mondragon-alcanzo-unas-ventas-de-11-213-millones-de-euros-en-2024\/#article","isPartOf":{"@id":"https:\/\/www.fagor.eus\/es\/mondragon-alcanzo-unas-ventas-de-11-213-millones-de-euros-en-2024\/"},"author":{"name":"komunikazioa","@id":"https:\/\/www.fagor.eus\/#\/schema\/person\/e09b7878906ad616c343aa3e5a83bc2f"},"headline":"Mondragon alcanz\u00f3 unas ventas de 11.213 millones de euros en 2024","datePublished":"2025-07-11T07:24:18+00:00","dateModified":"2025-07-11T07:50:16+00:00","mainEntityOfPage":{"@id":"https:\/\/www.fagor.eus\/es\/mondragon-alcanzo-unas-ventas-de-11-213-millones-de-euros-en-2024\/"},"wordCount":453,"image":{"@id":"https:\/\/www.fagor.eus\/es\/mondragon-alcanzo-unas-ventas-de-11-213-millones-de-euros-en-2024\/#primaryimage"},"thumbnailUrl":"https:\/\/www.fagor.eus\/wp-content\/uploads\/2025\/07\/Mondragon-2024-cierre-Fagor.png","articleSection":["Grupo Fagor"],"inLanguage":"es"},{"@type":"WebPage","@id":"https:\/\/www.fagor.eus\/es\/mondragon-alcanzo-unas-ventas-de-11-213-millones-de-euros-en-2024\/","url":"https:\/\/www.fagor.eus\/es\/mondragon-alcanzo-unas-ventas-de-11-213-millones-de-euros-en-2024\/","name":"Mondragon alcanz\u00f3 unas ventas de 11.213 millones &#187; Grupo Fagor","isPartOf":{"@id":"https:\/\/www.fagor.eus\/#website"},"primaryImageOfPage":{"@id":"https:\/\/www.fagor.eus\/es\/mondragon-alcanzo-unas-ventas-de-11-213-millones-de-euros-en-2024\/#primaryimage"},"image":{"@id":"https:\/\/www.fagor.eus\/es\/mondragon-alcanzo-unas-ventas-de-11-213-millones-de-euros-en-2024\/#primaryimage"},"thumbnailUrl":"https:\/\/www.fagor.eus\/wp-content\/uploads\/2025\/07\/Mondragon-2024-cierre-Fagor.png","datePublished":"2025-07-11T07:24:18+00:00","dateModified":"2025-07-11T07:50:16+00:00","author":{"@id":"https:\/\/www.fagor.eus\/#\/schema\/person\/e09b7878906ad616c343aa3e5a83bc2f"},"description":"La Corporaci\u00f3n Mondragon ha celebrado su congreso anual, este mi\u00e9rcoles, en Gasteiz (Araba) para presentar el cierre del 2024.","breadcrumb":{"@id":"https:\/\/www.fagor.eus\/es\/mondragon-alcanzo-unas-ventas-de-11-213-millones-de-euros-en-2024\/#breadcrumb"},"inLanguage":"es","potentialAction":[{"@type":"ReadAction","target":["https:\/\/www.fagor.eus\/es\/mondragon-alcanzo-unas-ventas-de-11-213-millones-de-euros-en-2024\/"]}]},{"@type":"ImageObject","inLanguage":"es","@id":"https:\/\/www.fagor.eus\/es\/mondragon-alcanzo-unas-ventas-de-11-213-millones-de-euros-en-2024\/#primaryimage","url":"https:\/\/www.fagor.eus\/wp-content\/uploads\/2025\/07\/Mondragon-2024-cierre-Fagor.png","contentUrl":"https:\/\/www.fagor.eus\/wp-content\/uploads\/2025\/07\/Mondragon-2024-cierre-Fagor.png","width":2000,"height":1333,"caption":"Mondragon 2024 cierre Fagor"},{"@type":"BreadcrumbList","@id":"https:\/\/www.fagor.eus\/es\/mondragon-alcanzo-unas-ventas-de-11-213-millones-de-euros-en-2024\/#breadcrumb","itemListElement":[{"@type":"ListItem","position":1,"name":"Home","item":"https:\/\/www.fagor.eus\/es\/"},{"@type":"ListItem","position":2,"name":"Mondragon alcanz\u00f3 unas ventas de 11.213 millones de euros en 2024"}]},{"@type":"WebSite","@id":"https:\/\/www.fagor.eus\/#website","url":"https:\/\/www.fagor.eus\/","name":"Fagor","description":"Trabajando por un futuro mejor","potentialAction":[{"@type":"SearchAction","target":{"@type":"EntryPoint","urlTemplate":"https:\/\/www.fagor.eus\/?s={search_term_string}"},"query-input":{"@type":"PropertyValueSpecification","valueRequired":true,"valueName":"search_term_string"}}],"inLanguage":"es"},{"@type":"Person","@id":"https:\/\/www.fagor.eus\/#\/schema\/person\/e09b7878906ad616c343aa3e5a83bc2f","name":"komunikazioa","image":{"@type":"ImageObject","inLanguage":"es","@id":"https:\/\/secure.gravatar.com\/avatar\/0c624a67c23ed6ff6fd4111959b9a1001016b57c6bebaecbec025adcaa081e6e?s=96&d=mm&r=g","url":"https:\/\/secure.gravatar.com\/avatar\/0c624a67c23ed6ff6fd4111959b9a1001016b57c6bebaecbec025adcaa081e6e?s=96&d=mm&r=g","contentUrl":"https:\/\/secure.gravatar.com\/avatar\/0c624a67c23ed6ff6fd4111959b9a1001016b57c6bebaecbec025adcaa081e6e?s=96&d=mm&r=g","caption":"komunikazioa"},"sameAs":["https:\/\/x.com\/system"],"url":"https:\/\/www.fagor.eus\/es\/author\/komunikazioa\/"}]}},"_links":{"self":[{"href":"https:\/\/www.fagor.eus\/es\/wp-json\/wp\/v2\/posts\/23561","targetHints":{"allow":["GET"]}}],"collection":[{"href":"https:\/\/www.fagor.eus\/es\/wp-json\/wp\/v2\/posts"}],"about":[{"href":"https:\/\/www.fagor.eus\/es\/wp-json\/wp\/v2\/types\/post"}],"author":[{"embeddable":true,"href":"https:\/\/www.fagor.eus\/es\/wp-json\/wp\/v2\/users\/4"}],"replies":[{"embeddable":true,"href":"https:\/\/www.fagor.eus\/es\/wp-json\/wp\/v2\/comments?post=23561"}],"version-history":[{"count":4,"href":"https:\/\/www.fagor.eus\/es\/wp-json\/wp\/v2\/posts\/23561\/revisions"}],"predecessor-version":[{"id":23565,"href":"https:\/\/www.fagor.eus\/es\/wp-json\/wp\/v2\/posts\/23561\/revisions\/23565"}],"wp:featuredmedia":[{"embeddable":true,"href":"https:\/\/www.fagor.eus\/es\/wp-json\/wp\/v2\/media\/23556"}],"wp:attachment":[{"href":"https:\/\/www.fagor.eus\/es\/wp-json\/wp\/v2\/media?parent=23561"}],"wp:term":[{"taxonomy":"category","embeddable":true,"href":"https:\/\/www.fagor.eus\/es\/wp-json\/wp\/v2\/categories?post=23561"},{"taxonomy":"post_tag","embeddable":true,"href":"https:\/\/www.fagor.eus\/es\/wp-json\/wp\/v2\/tags?post=23561"}],"curies":[{"name":"wp","href":"https:\/\/api.w.org\/{rel}","templated":true}]}}