{"id":22452,"date":"2025-05-15T14:29:56","date_gmt":"2025-05-15T12:29:56","guid":{"rendered":"https:\/\/www.fagor.eus\/?p=22452"},"modified":"2025-05-15T14:46:02","modified_gmt":"2025-05-15T12:46:02","slug":"el-excedente-termico-de-fagor-ederlan-se-canalizara-al-polideportivo-de-aretxabaleta-1","status":"publish","type":"post","link":"https:\/\/www.fagor.eus\/es\/el-excedente-termico-de-fagor-ederlan-se-canalizara-al-polideportivo-de-aretxabaleta-1\/","title":{"rendered":"El excedente t\u00e9rmico de Fagor Ederlan se canalizar\u00e1 al polideportivo de Aretxabaleta"},"content":{"rendered":"<p>El excedente t\u00e9rmico de <span style=\"color: #ff0000;\"><a style=\"color: #ff0000;\" href=\"https:\/\/www.fagor.eus\/es\/fagor-ederlan\/\">Fagor Ederlan<\/a><\/span> se canalizar\u00e1 al polideportivo de Aretxabaleta (Gipuzkoa) a trav\u00e9s del sistema <em>District Heating<\/em>. Esto exigir\u00e1 una inversi\u00f3n de 1,7 millones de euros y, en este caso, la participaci\u00f3n de Fagor (912.000 euros), Diputaci\u00f3n Foral de Gipuzkoa (700.000 euros) y el Ayuntamiento de Aretxabaleta (85.000 euros). Para ello, Amaia Agirre Aramburu, secretaria general del Grupo Fagor; Jon Koldo Zuazo Urionaguena, director general de Fagor Ederlan; Jos\u00e9 Ignacio Asensio, diputado de Sostenibilidad de Gipuzkoa; y, Garikoitz Iturbe Etxebarria, alcalde de Aretxabaleta, han firmado un acuerdo de colaboraci\u00f3n en un acto celebrado en la sede central de la cooperativa Fagor Ederlan.<\/p>\n<p>Este nuevo proyecto permitir\u00e1, entre otras, ahorrar energ\u00eda y reducir las emisiones de CO2, por ello, seg\u00fan la secretaria general de Fagor, coincide \u201cplenamente\u201d con el compromiso del grupo cooperativo de reducir su huella de carbono. \u201cFagor pretende ser agente activo en la transici\u00f3n energ\u00e9tica de Debagoiena y, en este sentido, es primordial reducir los gases de efecto invernadero que provocan el cambio clim\u00e1tico. Este proyecto permitir\u00e1 aprovechar el excedente t\u00e9rmico que generan los hornos de Fagor Ederlan, canaliz\u00e1ndolo al polideportivo de Aretxabaleta y as\u00ed cubrir una parte importante de las necesidades\u201d, subraya.<\/p>\n<p>Por su parte, el director general de Fagor Ederlan explica que permitir\u00e1 reducir \u201csignificativamente\u201d el consumo de gas natural del polideportivo de Aretxabaleta, y que es claro ejemplo del compromiso comunitario de la cooperativa: \u201cClimatizando la piscina municipal y suministrando agua caliente, ofrecemos un beneficio directo a todas las personas del municipio, reforzando nuestra vocaci\u00f3n de intercooperar con la comunidad\u201d.<\/p>\n<p>Seg\u00fan el diputado de Sostenibilidad, el acuerdo confirma que la transici\u00f3n energ\u00e9tica ofrece la oportunidad de impulsar pr\u00e1cticas de intercooperaci\u00f3n \u201centre instituciones y empresas comprometidas\u201d. \u201cAprovechar el calor que se pierde hoy en d\u00eda para abastecer de energ\u00eda a los servicios municipales, adem\u00e1s de reducir emisiones, es demostrar que la econom\u00eda circular tambi\u00e9n se construye desde lo local y la industria\u00bb, a\u00f1ade.<\/p>\n<p>Por otro lado, el alcalde de Aretxabaleta ha hablado de los beneficios de la intercooperaci\u00f3n entre diversos agentes. \u201cOfrece la oportunidad de poner en marcha proyectos y procesos diferentes. Este acuerdo es claro ejemplo de ello. Permitir\u00e1 abastecer con el calor que hoy en d\u00eda se pierde al polideportivo municipal. Es una relaci\u00f3n bilateral\u201d, subraya.<\/p>\n","protected":false},"excerpt":{"rendered":"<p>El excedente t\u00e9rmico de Fagor Ederlan se canalizar\u00e1 al polideportivo de Aretxabaleta (Gipuzkoa) a trav\u00e9s del sistema District Heating. Esto exigir\u00e1 una inversi\u00f3n de 1,7 millones de euros.<\/p>\n","protected":false},"author":4,"featured_media":22450,"comment_status":"closed","ping_status":"open","sticky":false,"template":"","format":"standard","meta":{"footnotes":""},"categories":[90],"tags":[],"class_list":{"0":"post-22452","1":"post","2":"type-post","3":"status-publish","4":"format-standard","5":"has-post-thumbnail","7":"category-fagor-ederlan-es"},"yoast_head":"<!-- This site is optimized with the Yoast SEO plugin v27.4 - https:\/\/yoast.com\/product\/yoast-seo-wordpress\/ -->\n<title>El excedente t\u00e9rmico se canalizar\u00e1 al polideportivo de Aretxabaleta &#187; Grupo Fagor<\/title>\n<meta name=\"description\" content=\"El excedente t\u00e9rmico de Fagor Ederlan se canalizar\u00e1 al polideportivo de Aretxabaleta a trav\u00e9s del sistema District Heating.\" \/>\n<meta name=\"robots\" content=\"index, follow, max-snippet:-1, max-image-preview:large, max-video-preview:-1\" \/>\n<link rel=\"canonical\" href=\"https:\/\/www.fagor.eus\/es\/el-excedente-termico-de-fagor-ederlan-se-canalizara-al-polideportivo-de-aretxabaleta-1\/\" \/>\n<meta property=\"og:locale\" content=\"es_ES\" \/>\n<meta property=\"og:type\" content=\"article\" \/>\n<meta property=\"og:title\" content=\"El excedente t\u00e9rmico se canalizar\u00e1 al polideportivo de Aretxabaleta &#187; Grupo Fagor\" \/>\n<meta property=\"og:description\" content=\"El excedente t\u00e9rmico de Fagor Ederlan se canalizar\u00e1 al polideportivo de Aretxabaleta a trav\u00e9s del sistema District Heating.\" \/>\n<meta property=\"og:url\" content=\"https:\/\/www.fagor.eus\/es\/el-excedente-termico-de-fagor-ederlan-se-canalizara-al-polideportivo-de-aretxabaleta-1\/\" \/>\n<meta property=\"og:site_name\" content=\"FAGOR\" \/>\n<meta property=\"article:published_time\" content=\"2025-05-15T12:29:56+00:00\" \/>\n<meta property=\"article:modified_time\" content=\"2025-05-15T12:46:02+00:00\" \/>\n<meta property=\"og:image\" content=\"https:\/\/www.fagor.eus\/wp-content\/uploads\/2025\/05\/Fagor-Aretxabaleta-energia-1024x682.png\" \/>\n\t<meta property=\"og:image:width\" content=\"1024\" \/>\n\t<meta property=\"og:image:height\" content=\"682\" \/>\n\t<meta property=\"og:image:type\" content=\"image\/png\" \/>\n<meta name=\"author\" content=\"komunikazioa\" \/>\n<meta name=\"twitter:card\" content=\"summary_large_image\" \/>\n<meta name=\"twitter:creator\" content=\"@system\" \/>\n<meta name=\"twitter:site\" content=\"@FagorTaldea\" \/>\n<meta name=\"twitter:label1\" content=\"Escrito por\" \/>\n\t<meta name=\"twitter:data1\" content=\"komunikazioa\" \/>\n\t<meta name=\"twitter:label2\" content=\"Tiempo de lectura\" \/>\n\t<meta name=\"twitter:data2\" content=\"2 minutos\" \/>\n<script type=\"application\/ld+json\" class=\"yoast-schema-graph\">{\"@context\":\"https:\\\/\\\/schema.org\",\"@graph\":[{\"@type\":\"Article\",\"@id\":\"https:\\\/\\\/www.fagor.eus\\\/es\\\/el-excedente-termico-de-fagor-ederlan-se-canalizara-al-polideportivo-de-aretxabaleta-1\\\/#article\",\"isPartOf\":{\"@id\":\"https:\\\/\\\/www.fagor.eus\\\/es\\\/el-excedente-termico-de-fagor-ederlan-se-canalizara-al-polideportivo-de-aretxabaleta-1\\\/\"},\"author\":{\"name\":\"komunikazioa\",\"@id\":\"https:\\\/\\\/www.fagor.eus\\\/#\\\/schema\\\/person\\\/e09b7878906ad616c343aa3e5a83bc2f\"},\"headline\":\"El excedente t\u00e9rmico de Fagor Ederlan se canalizar\u00e1 al polideportivo de Aretxabaleta\",\"datePublished\":\"2025-05-15T12:29:56+00:00\",\"dateModified\":\"2025-05-15T12:46:02+00:00\",\"mainEntityOfPage\":{\"@id\":\"https:\\\/\\\/www.fagor.eus\\\/es\\\/el-excedente-termico-de-fagor-ederlan-se-canalizara-al-polideportivo-de-aretxabaleta-1\\\/\"},\"wordCount\":411,\"image\":{\"@id\":\"https:\\\/\\\/www.fagor.eus\\\/es\\\/el-excedente-termico-de-fagor-ederlan-se-canalizara-al-polideportivo-de-aretxabaleta-1\\\/#primaryimage\"},\"thumbnailUrl\":\"https:\\\/\\\/www.fagor.eus\\\/wp-content\\\/uploads\\\/2025\\\/05\\\/Fagor-Aretxabaleta-energia.png\",\"articleSection\":[\"Fagor Ederlan\"],\"inLanguage\":\"es\"},{\"@type\":\"WebPage\",\"@id\":\"https:\\\/\\\/www.fagor.eus\\\/es\\\/el-excedente-termico-de-fagor-ederlan-se-canalizara-al-polideportivo-de-aretxabaleta-1\\\/\",\"url\":\"https:\\\/\\\/www.fagor.eus\\\/es\\\/el-excedente-termico-de-fagor-ederlan-se-canalizara-al-polideportivo-de-aretxabaleta-1\\\/\",\"name\":\"El excedente t\u00e9rmico se canalizar\u00e1 al polideportivo de Aretxabaleta &#187; Grupo Fagor\",\"isPartOf\":{\"@id\":\"https:\\\/\\\/www.fagor.eus\\\/#website\"},\"primaryImageOfPage\":{\"@id\":\"https:\\\/\\\/www.fagor.eus\\\/es\\\/el-excedente-termico-de-fagor-ederlan-se-canalizara-al-polideportivo-de-aretxabaleta-1\\\/#primaryimage\"},\"image\":{\"@id\":\"https:\\\/\\\/www.fagor.eus\\\/es\\\/el-excedente-termico-de-fagor-ederlan-se-canalizara-al-polideportivo-de-aretxabaleta-1\\\/#primaryimage\"},\"thumbnailUrl\":\"https:\\\/\\\/www.fagor.eus\\\/wp-content\\\/uploads\\\/2025\\\/05\\\/Fagor-Aretxabaleta-energia.png\",\"datePublished\":\"2025-05-15T12:29:56+00:00\",\"dateModified\":\"2025-05-15T12:46:02+00:00\",\"author\":{\"@id\":\"https:\\\/\\\/www.fagor.eus\\\/#\\\/schema\\\/person\\\/e09b7878906ad616c343aa3e5a83bc2f\"},\"description\":\"El excedente t\u00e9rmico de Fagor Ederlan se canalizar\u00e1 al polideportivo de Aretxabaleta a trav\u00e9s del sistema District Heating.\",\"breadcrumb\":{\"@id\":\"https:\\\/\\\/www.fagor.eus\\\/es\\\/el-excedente-termico-de-fagor-ederlan-se-canalizara-al-polideportivo-de-aretxabaleta-1\\\/#breadcrumb\"},\"inLanguage\":\"es\",\"potentialAction\":[{\"@type\":\"ReadAction\",\"target\":[\"https:\\\/\\\/www.fagor.eus\\\/es\\\/el-excedente-termico-de-fagor-ederlan-se-canalizara-al-polideportivo-de-aretxabaleta-1\\\/\"]}]},{\"@type\":\"ImageObject\",\"inLanguage\":\"es\",\"@id\":\"https:\\\/\\\/www.fagor.eus\\\/es\\\/el-excedente-termico-de-fagor-ederlan-se-canalizara-al-polideportivo-de-aretxabaleta-1\\\/#primaryimage\",\"url\":\"https:\\\/\\\/www.fagor.eus\\\/wp-content\\\/uploads\\\/2025\\\/05\\\/Fagor-Aretxabaleta-energia.png\",\"contentUrl\":\"https:\\\/\\\/www.fagor.eus\\\/wp-content\\\/uploads\\\/2025\\\/05\\\/Fagor-Aretxabaleta-energia.png\",\"width\":2000,\"height\":1333},{\"@type\":\"BreadcrumbList\",\"@id\":\"https:\\\/\\\/www.fagor.eus\\\/es\\\/el-excedente-termico-de-fagor-ederlan-se-canalizara-al-polideportivo-de-aretxabaleta-1\\\/#breadcrumb\",\"itemListElement\":[{\"@type\":\"ListItem\",\"position\":1,\"name\":\"Home\",\"item\":\"https:\\\/\\\/www.fagor.eus\\\/es\\\/\"},{\"@type\":\"ListItem\",\"position\":2,\"name\":\"El excedente t\u00e9rmico de Fagor Ederlan se canalizar\u00e1 al polideportivo de Aretxabaleta\"}]},{\"@type\":\"WebSite\",\"@id\":\"https:\\\/\\\/www.fagor.eus\\\/#website\",\"url\":\"https:\\\/\\\/www.fagor.eus\\\/\",\"name\":\"Fagor\",\"description\":\"Trabajando por un futuro mejor\",\"potentialAction\":[{\"@type\":\"SearchAction\",\"target\":{\"@type\":\"EntryPoint\",\"urlTemplate\":\"https:\\\/\\\/www.fagor.eus\\\/?s={search_term_string}\"},\"query-input\":{\"@type\":\"PropertyValueSpecification\",\"valueRequired\":true,\"valueName\":\"search_term_string\"}}],\"inLanguage\":\"es\"},{\"@type\":\"Person\",\"@id\":\"https:\\\/\\\/www.fagor.eus\\\/#\\\/schema\\\/person\\\/e09b7878906ad616c343aa3e5a83bc2f\",\"name\":\"komunikazioa\",\"image\":{\"@type\":\"ImageObject\",\"inLanguage\":\"es\",\"@id\":\"https:\\\/\\\/secure.gravatar.com\\\/avatar\\\/0c624a67c23ed6ff6fd4111959b9a1001016b57c6bebaecbec025adcaa081e6e?s=96&d=mm&r=g\",\"url\":\"https:\\\/\\\/secure.gravatar.com\\\/avatar\\\/0c624a67c23ed6ff6fd4111959b9a1001016b57c6bebaecbec025adcaa081e6e?s=96&d=mm&r=g\",\"contentUrl\":\"https:\\\/\\\/secure.gravatar.com\\\/avatar\\\/0c624a67c23ed6ff6fd4111959b9a1001016b57c6bebaecbec025adcaa081e6e?s=96&d=mm&r=g\",\"caption\":\"komunikazioa\"},\"sameAs\":[\"https:\\\/\\\/x.com\\\/system\"],\"url\":\"https:\\\/\\\/www.fagor.eus\\\/es\\\/author\\\/komunikazioa\\\/\"}]}<\/script>\n<!-- \/ Yoast SEO plugin. -->","yoast_head_json":{"title":"El excedente t\u00e9rmico se canalizar\u00e1 al polideportivo de Aretxabaleta &#187; Grupo Fagor","description":"El excedente t\u00e9rmico de Fagor Ederlan se canalizar\u00e1 al polideportivo de Aretxabaleta a trav\u00e9s del sistema District Heating.","robots":{"index":"index","follow":"follow","max-snippet":"max-snippet:-1","max-image-preview":"max-image-preview:large","max-video-preview":"max-video-preview:-1"},"canonical":"https:\/\/www.fagor.eus\/es\/el-excedente-termico-de-fagor-ederlan-se-canalizara-al-polideportivo-de-aretxabaleta-1\/","og_locale":"es_ES","og_type":"article","og_title":"El excedente t\u00e9rmico se canalizar\u00e1 al polideportivo de Aretxabaleta &#187; Grupo Fagor","og_description":"El excedente t\u00e9rmico de Fagor Ederlan se canalizar\u00e1 al polideportivo de Aretxabaleta a trav\u00e9s del sistema District Heating.","og_url":"https:\/\/www.fagor.eus\/es\/el-excedente-termico-de-fagor-ederlan-se-canalizara-al-polideportivo-de-aretxabaleta-1\/","og_site_name":"FAGOR","article_published_time":"2025-05-15T12:29:56+00:00","article_modified_time":"2025-05-15T12:46:02+00:00","og_image":[{"width":1024,"height":682,"url":"https:\/\/www.fagor.eus\/wp-content\/uploads\/2025\/05\/Fagor-Aretxabaleta-energia-1024x682.png","type":"image\/png"}],"author":"komunikazioa","twitter_card":"summary_large_image","twitter_creator":"@system","twitter_site":"@FagorTaldea","twitter_misc":{"Escrito por":"komunikazioa","Tiempo de lectura":"2 minutos"},"schema":{"@context":"https:\/\/schema.org","@graph":[{"@type":"Article","@id":"https:\/\/www.fagor.eus\/es\/el-excedente-termico-de-fagor-ederlan-se-canalizara-al-polideportivo-de-aretxabaleta-1\/#article","isPartOf":{"@id":"https:\/\/www.fagor.eus\/es\/el-excedente-termico-de-fagor-ederlan-se-canalizara-al-polideportivo-de-aretxabaleta-1\/"},"author":{"name":"komunikazioa","@id":"https:\/\/www.fagor.eus\/#\/schema\/person\/e09b7878906ad616c343aa3e5a83bc2f"},"headline":"El excedente t\u00e9rmico de Fagor Ederlan se canalizar\u00e1 al polideportivo de Aretxabaleta","datePublished":"2025-05-15T12:29:56+00:00","dateModified":"2025-05-15T12:46:02+00:00","mainEntityOfPage":{"@id":"https:\/\/www.fagor.eus\/es\/el-excedente-termico-de-fagor-ederlan-se-canalizara-al-polideportivo-de-aretxabaleta-1\/"},"wordCount":411,"image":{"@id":"https:\/\/www.fagor.eus\/es\/el-excedente-termico-de-fagor-ederlan-se-canalizara-al-polideportivo-de-aretxabaleta-1\/#primaryimage"},"thumbnailUrl":"https:\/\/www.fagor.eus\/wp-content\/uploads\/2025\/05\/Fagor-Aretxabaleta-energia.png","articleSection":["Fagor Ederlan"],"inLanguage":"es"},{"@type":"WebPage","@id":"https:\/\/www.fagor.eus\/es\/el-excedente-termico-de-fagor-ederlan-se-canalizara-al-polideportivo-de-aretxabaleta-1\/","url":"https:\/\/www.fagor.eus\/es\/el-excedente-termico-de-fagor-ederlan-se-canalizara-al-polideportivo-de-aretxabaleta-1\/","name":"El excedente t\u00e9rmico se canalizar\u00e1 al polideportivo de Aretxabaleta &#187; Grupo Fagor","isPartOf":{"@id":"https:\/\/www.fagor.eus\/#website"},"primaryImageOfPage":{"@id":"https:\/\/www.fagor.eus\/es\/el-excedente-termico-de-fagor-ederlan-se-canalizara-al-polideportivo-de-aretxabaleta-1\/#primaryimage"},"image":{"@id":"https:\/\/www.fagor.eus\/es\/el-excedente-termico-de-fagor-ederlan-se-canalizara-al-polideportivo-de-aretxabaleta-1\/#primaryimage"},"thumbnailUrl":"https:\/\/www.fagor.eus\/wp-content\/uploads\/2025\/05\/Fagor-Aretxabaleta-energia.png","datePublished":"2025-05-15T12:29:56+00:00","dateModified":"2025-05-15T12:46:02+00:00","author":{"@id":"https:\/\/www.fagor.eus\/#\/schema\/person\/e09b7878906ad616c343aa3e5a83bc2f"},"description":"El excedente t\u00e9rmico de Fagor Ederlan se canalizar\u00e1 al polideportivo de Aretxabaleta a trav\u00e9s del sistema District Heating.","breadcrumb":{"@id":"https:\/\/www.fagor.eus\/es\/el-excedente-termico-de-fagor-ederlan-se-canalizara-al-polideportivo-de-aretxabaleta-1\/#breadcrumb"},"inLanguage":"es","potentialAction":[{"@type":"ReadAction","target":["https:\/\/www.fagor.eus\/es\/el-excedente-termico-de-fagor-ederlan-se-canalizara-al-polideportivo-de-aretxabaleta-1\/"]}]},{"@type":"ImageObject","inLanguage":"es","@id":"https:\/\/www.fagor.eus\/es\/el-excedente-termico-de-fagor-ederlan-se-canalizara-al-polideportivo-de-aretxabaleta-1\/#primaryimage","url":"https:\/\/www.fagor.eus\/wp-content\/uploads\/2025\/05\/Fagor-Aretxabaleta-energia.png","contentUrl":"https:\/\/www.fagor.eus\/wp-content\/uploads\/2025\/05\/Fagor-Aretxabaleta-energia.png","width":2000,"height":1333},{"@type":"BreadcrumbList","@id":"https:\/\/www.fagor.eus\/es\/el-excedente-termico-de-fagor-ederlan-se-canalizara-al-polideportivo-de-aretxabaleta-1\/#breadcrumb","itemListElement":[{"@type":"ListItem","position":1,"name":"Home","item":"https:\/\/www.fagor.eus\/es\/"},{"@type":"ListItem","position":2,"name":"El excedente t\u00e9rmico de Fagor Ederlan se canalizar\u00e1 al polideportivo de Aretxabaleta"}]},{"@type":"WebSite","@id":"https:\/\/www.fagor.eus\/#website","url":"https:\/\/www.fagor.eus\/","name":"Fagor","description":"Trabajando por un futuro mejor","potentialAction":[{"@type":"SearchAction","target":{"@type":"EntryPoint","urlTemplate":"https:\/\/www.fagor.eus\/?s={search_term_string}"},"query-input":{"@type":"PropertyValueSpecification","valueRequired":true,"valueName":"search_term_string"}}],"inLanguage":"es"},{"@type":"Person","@id":"https:\/\/www.fagor.eus\/#\/schema\/person\/e09b7878906ad616c343aa3e5a83bc2f","name":"komunikazioa","image":{"@type":"ImageObject","inLanguage":"es","@id":"https:\/\/secure.gravatar.com\/avatar\/0c624a67c23ed6ff6fd4111959b9a1001016b57c6bebaecbec025adcaa081e6e?s=96&d=mm&r=g","url":"https:\/\/secure.gravatar.com\/avatar\/0c624a67c23ed6ff6fd4111959b9a1001016b57c6bebaecbec025adcaa081e6e?s=96&d=mm&r=g","contentUrl":"https:\/\/secure.gravatar.com\/avatar\/0c624a67c23ed6ff6fd4111959b9a1001016b57c6bebaecbec025adcaa081e6e?s=96&d=mm&r=g","caption":"komunikazioa"},"sameAs":["https:\/\/x.com\/system"],"url":"https:\/\/www.fagor.eus\/es\/author\/komunikazioa\/"}]}},"_links":{"self":[{"href":"https:\/\/www.fagor.eus\/es\/wp-json\/wp\/v2\/posts\/22452","targetHints":{"allow":["GET"]}}],"collection":[{"href":"https:\/\/www.fagor.eus\/es\/wp-json\/wp\/v2\/posts"}],"about":[{"href":"https:\/\/www.fagor.eus\/es\/wp-json\/wp\/v2\/types\/post"}],"author":[{"embeddable":true,"href":"https:\/\/www.fagor.eus\/es\/wp-json\/wp\/v2\/users\/4"}],"replies":[{"embeddable":true,"href":"https:\/\/www.fagor.eus\/es\/wp-json\/wp\/v2\/comments?post=22452"}],"version-history":[{"count":1,"href":"https:\/\/www.fagor.eus\/es\/wp-json\/wp\/v2\/posts\/22452\/revisions"}],"predecessor-version":[{"id":22453,"href":"https:\/\/www.fagor.eus\/es\/wp-json\/wp\/v2\/posts\/22452\/revisions\/22453"}],"wp:featuredmedia":[{"embeddable":true,"href":"https:\/\/www.fagor.eus\/es\/wp-json\/wp\/v2\/media\/22450"}],"wp:attachment":[{"href":"https:\/\/www.fagor.eus\/es\/wp-json\/wp\/v2\/media?parent=22452"}],"wp:term":[{"taxonomy":"category","embeddable":true,"href":"https:\/\/www.fagor.eus\/es\/wp-json\/wp\/v2\/categories?post=22452"},{"taxonomy":"post_tag","embeddable":true,"href":"https:\/\/www.fagor.eus\/es\/wp-json\/wp\/v2\/tags?post=22452"}],"curies":[{"name":"wp","href":"https:\/\/api.w.org\/{rel}","templated":true}]}}