{"id":22393,"date":"2025-05-13T16:38:07","date_gmt":"2025-05-13T14:38:07","guid":{"rendered":"https:\/\/www.fagor.eus\/?p=22393"},"modified":"2025-05-13T16:38:07","modified_gmt":"2025-05-13T14:38:07","slug":"bizipoza-eskola-llega-a-debagoiena-gracias-al-acuerdo-entre-bizipoza-y-fagor","status":"publish","type":"post","link":"https:\/\/www.fagor.eus\/es\/bizipoza-eskola-llega-a-debagoiena-gracias-al-acuerdo-entre-bizipoza-y-fagor\/","title":{"rendered":"\u2018Bizipoza Eskola\u2019 llega a Debagoiena gracias al acuerdo entre Bizipoza y Fagor"},"content":{"rendered":"<p>Fagor y la asociaci\u00f3n Bizipoza firman un nuevo acuerdo, esta vez, con el objetivo de llevar Bizipoza Eskola a los centros educativos de Debagoiena (educaci\u00f3n reglada y no reglada), as\u00ed como a diversos agentes sociales de la comarca. El grupo cooperativo destinar\u00e1 80.000 euros con este mismo objetivo. Bizipoza Eskola es una iniciativa de la asociaci\u00f3n Bizipoza que pretende incidir en la inclusi\u00f3n y normalizar la diversidad. \u201cRe\u00fane herramientas did\u00e1cticas (gu\u00eda did\u00e1ctica, material pedag\u00f3gico, calendario espec\u00edfico\u2026) para construir un mundo que sea para todas las personas\u201d, explican desde la asociaci\u00f3n. El nuevo acuerdo se ha firmado hoy mismo, en la escuela de Antzuola. El acto ha contado con la participaci\u00f3n de Aritz Otxandiano Kanpo, responsable de Sostenibilidad del Grupo Fagor; Joseba Labaka Eskudero, presidente de Bizipoza; y, Leire Elizegi Beloki, coordinadora de Bizipoza Eskola.<\/p>\n<p>Este nuevo acuerdo pretende ofrecer un programa did\u00e1ctico desde un punto de vista comarcal y, con ello, poner en marcha una din\u00e1mica de cooperaci\u00f3n entre la asociaci\u00f3n Bizipoza y ayuntamientos, agentes sociales y agentes educativos (educaci\u00f3n reglada y no reglada) de Debagoiena. Bizipoza ya ha comenzado a reunirse con los centros educativos, agentes sociales y ayuntamientos para que puedan integrar la iniciativa en el curso 2025-2026.<\/p>\n<p>\u201cBizipoza Eskola pretende poner en primera l\u00ednea temas como la diversidad cultural, la diversidad familiar, el duelo, las enfermedades graves, la diversidad funcional y muchos otros temas que actualmente no tienen tanto eco. Se avanzar\u00e1 en la construcci\u00f3n de una Debagoiena construida entre todas las personas y para todas las personas, desde la intecooperaci\u00f3n, desde el euskera y en euskera\u201d, aclara Leire Elizegi Beloki, coordinadora de la iniciativa.<\/p>\n<p>Por su parte, para Aritz Otxandiano Kanpo, responsable de Sostenibilidad del Grupo Fagor, este nuevo acuerdo refleja el compromiso social, comunitario y comarcal de Fagor: \u201cEl compromiso de Fagor no se limita al \u00e1mbito socioecon\u00f3mico. Pretende ir m\u00e1s all\u00e1, ayudando a la comunidad en su objetivo de dar respuestas adecuadas a distintos retos sociales. Actualmente, la inclusi\u00f3n es uno de los principales retos para la sociedad, por ello es importante seguir colaborando con agentes educativos y sociales de Debagoiena, ofreciendo en este caso, el acompa\u00f1amiento de una asociaci\u00f3n como Bizipoza, la cual es referente en el \u00e1mbito\u201d.<\/p>\n<p>Joseba Labaka Eskudero, presidente de Bizipoza, ha agradecido la ayuda de Fagor. \u201cDiversidad, inclusi\u00f3n\u2026 Son palabras importantes. Pero no son solo palabras. Tambi\u00e9n son \u00e1mbitos que re\u00fanen muchas necesidades. Por ello, es muy importante haber decidido abordarlo a nivel comarcal y desde la intercooperaci\u00f3n\u201d, explica. Bizipoza Eskola ya cuenta con varias experiencias, como, por ejemplo, la de Lasarte-Oria y el del barrio Uribarri de Bilbao.<\/p>\n","protected":false},"excerpt":{"rendered":"<p>Fagor y la asociaci\u00f3n Bizipoza firman un nuevo acuerdo, esta vez, con el objetivo de llevar Bizipoza Eskola a los centros educativos de Debagoiena (educaci\u00f3n reglada y no reglada), as\u00ed como a diversos agentes sociales de la comarca.<\/p>\n","protected":false},"author":4,"featured_media":22392,"comment_status":"closed","ping_status":"open","sticky":false,"template":"","format":"standard","meta":{"footnotes":""},"categories":[104],"tags":[],"class_list":{"0":"post-22393","1":"post","2":"type-post","3":"status-publish","4":"format-standard","5":"has-post-thumbnail","7":"category-grupo-fagor-es"},"yoast_head":"<!-- This site is optimized with the Yoast SEO plugin v27.4 - https:\/\/yoast.com\/product\/yoast-seo-wordpress\/ -->\n<title>\u2018Bizipoza Eskola\u2019 llega a Debagoiena con la ayuda de Fagor &#187; Grupo Fagor<\/title>\n<meta name=\"description\" content=\"Fagor y la asociaci\u00f3n Bizipoza firman un nuevo acuerdo para llevar Bizipoza Eskola a los centros educativos de Debagoiena.\" \/>\n<meta name=\"robots\" content=\"index, follow, max-snippet:-1, max-image-preview:large, max-video-preview:-1\" \/>\n<link rel=\"canonical\" href=\"https:\/\/www.fagor.eus\/es\/bizipoza-eskola-llega-a-debagoiena-gracias-al-acuerdo-entre-bizipoza-y-fagor\/\" \/>\n<meta property=\"og:locale\" content=\"es_ES\" \/>\n<meta property=\"og:type\" content=\"article\" \/>\n<meta property=\"og:title\" content=\"\u2018Bizipoza Eskola\u2019 llega a Debagoiena con la ayuda de Fagor &#187; Grupo Fagor\" \/>\n<meta property=\"og:description\" content=\"Fagor y la asociaci\u00f3n Bizipoza firman un nuevo acuerdo para llevar Bizipoza Eskola a los centros educativos de Debagoiena.\" \/>\n<meta property=\"og:url\" content=\"https:\/\/www.fagor.eus\/es\/bizipoza-eskola-llega-a-debagoiena-gracias-al-acuerdo-entre-bizipoza-y-fagor\/\" \/>\n<meta property=\"og:site_name\" content=\"FAGOR\" \/>\n<meta property=\"article:published_time\" content=\"2025-05-13T14:38:07+00:00\" \/>\n<meta property=\"og:image\" content=\"https:\/\/www.fagor.eus\/wp-content\/uploads\/2025\/05\/Fagor-Bizipoza-Eskola-inklusioa.jpg\" \/>\n\t<meta property=\"og:image:width\" content=\"2000\" \/>\n\t<meta property=\"og:image:height\" content=\"1333\" \/>\n\t<meta property=\"og:image:type\" content=\"image\/jpeg\" \/>\n<meta name=\"author\" content=\"komunikazioa\" \/>\n<meta name=\"twitter:card\" content=\"summary_large_image\" \/>\n<meta name=\"twitter:creator\" content=\"@system\" \/>\n<meta name=\"twitter:site\" content=\"@FagorTaldea\" \/>\n<meta name=\"twitter:label1\" content=\"Escrito por\" \/>\n\t<meta name=\"twitter:data1\" content=\"komunikazioa\" \/>\n\t<meta name=\"twitter:label2\" content=\"Tiempo de lectura\" \/>\n\t<meta name=\"twitter:data2\" content=\"3 minutos\" \/>\n<script type=\"application\/ld+json\" class=\"yoast-schema-graph\">{\"@context\":\"https:\\\/\\\/schema.org\",\"@graph\":[{\"@type\":\"Article\",\"@id\":\"https:\\\/\\\/www.fagor.eus\\\/es\\\/bizipoza-eskola-llega-a-debagoiena-gracias-al-acuerdo-entre-bizipoza-y-fagor\\\/#article\",\"isPartOf\":{\"@id\":\"https:\\\/\\\/www.fagor.eus\\\/es\\\/bizipoza-eskola-llega-a-debagoiena-gracias-al-acuerdo-entre-bizipoza-y-fagor\\\/\"},\"author\":{\"name\":\"komunikazioa\",\"@id\":\"https:\\\/\\\/www.fagor.eus\\\/#\\\/schema\\\/person\\\/e09b7878906ad616c343aa3e5a83bc2f\"},\"headline\":\"\u2018Bizipoza Eskola\u2019 llega a Debagoiena gracias al acuerdo entre Bizipoza y Fagor\",\"datePublished\":\"2025-05-13T14:38:07+00:00\",\"mainEntityOfPage\":{\"@id\":\"https:\\\/\\\/www.fagor.eus\\\/es\\\/bizipoza-eskola-llega-a-debagoiena-gracias-al-acuerdo-entre-bizipoza-y-fagor\\\/\"},\"wordCount\":470,\"image\":{\"@id\":\"https:\\\/\\\/www.fagor.eus\\\/es\\\/bizipoza-eskola-llega-a-debagoiena-gracias-al-acuerdo-entre-bizipoza-y-fagor\\\/#primaryimage\"},\"thumbnailUrl\":\"https:\\\/\\\/www.fagor.eus\\\/wp-content\\\/uploads\\\/2025\\\/05\\\/Fagor-Bizipoza-Eskola-inklusioa.jpg\",\"articleSection\":[\"Grupo Fagor\"],\"inLanguage\":\"es\"},{\"@type\":\"WebPage\",\"@id\":\"https:\\\/\\\/www.fagor.eus\\\/es\\\/bizipoza-eskola-llega-a-debagoiena-gracias-al-acuerdo-entre-bizipoza-y-fagor\\\/\",\"url\":\"https:\\\/\\\/www.fagor.eus\\\/es\\\/bizipoza-eskola-llega-a-debagoiena-gracias-al-acuerdo-entre-bizipoza-y-fagor\\\/\",\"name\":\"\u2018Bizipoza Eskola\u2019 llega a Debagoiena con la ayuda de Fagor &#187; Grupo Fagor\",\"isPartOf\":{\"@id\":\"https:\\\/\\\/www.fagor.eus\\\/#website\"},\"primaryImageOfPage\":{\"@id\":\"https:\\\/\\\/www.fagor.eus\\\/es\\\/bizipoza-eskola-llega-a-debagoiena-gracias-al-acuerdo-entre-bizipoza-y-fagor\\\/#primaryimage\"},\"image\":{\"@id\":\"https:\\\/\\\/www.fagor.eus\\\/es\\\/bizipoza-eskola-llega-a-debagoiena-gracias-al-acuerdo-entre-bizipoza-y-fagor\\\/#primaryimage\"},\"thumbnailUrl\":\"https:\\\/\\\/www.fagor.eus\\\/wp-content\\\/uploads\\\/2025\\\/05\\\/Fagor-Bizipoza-Eskola-inklusioa.jpg\",\"datePublished\":\"2025-05-13T14:38:07+00:00\",\"author\":{\"@id\":\"https:\\\/\\\/www.fagor.eus\\\/#\\\/schema\\\/person\\\/e09b7878906ad616c343aa3e5a83bc2f\"},\"description\":\"Fagor y la asociaci\u00f3n Bizipoza firman un nuevo acuerdo para llevar Bizipoza Eskola a los centros educativos de Debagoiena.\",\"breadcrumb\":{\"@id\":\"https:\\\/\\\/www.fagor.eus\\\/es\\\/bizipoza-eskola-llega-a-debagoiena-gracias-al-acuerdo-entre-bizipoza-y-fagor\\\/#breadcrumb\"},\"inLanguage\":\"es\",\"potentialAction\":[{\"@type\":\"ReadAction\",\"target\":[\"https:\\\/\\\/www.fagor.eus\\\/es\\\/bizipoza-eskola-llega-a-debagoiena-gracias-al-acuerdo-entre-bizipoza-y-fagor\\\/\"]}]},{\"@type\":\"ImageObject\",\"inLanguage\":\"es\",\"@id\":\"https:\\\/\\\/www.fagor.eus\\\/es\\\/bizipoza-eskola-llega-a-debagoiena-gracias-al-acuerdo-entre-bizipoza-y-fagor\\\/#primaryimage\",\"url\":\"https:\\\/\\\/www.fagor.eus\\\/wp-content\\\/uploads\\\/2025\\\/05\\\/Fagor-Bizipoza-Eskola-inklusioa.jpg\",\"contentUrl\":\"https:\\\/\\\/www.fagor.eus\\\/wp-content\\\/uploads\\\/2025\\\/05\\\/Fagor-Bizipoza-Eskola-inklusioa.jpg\",\"width\":2000,\"height\":1333,\"caption\":\"Fagor Bizipoza Eskola inklusioa\"},{\"@type\":\"BreadcrumbList\",\"@id\":\"https:\\\/\\\/www.fagor.eus\\\/es\\\/bizipoza-eskola-llega-a-debagoiena-gracias-al-acuerdo-entre-bizipoza-y-fagor\\\/#breadcrumb\",\"itemListElement\":[{\"@type\":\"ListItem\",\"position\":1,\"name\":\"Home\",\"item\":\"https:\\\/\\\/www.fagor.eus\\\/es\\\/\"},{\"@type\":\"ListItem\",\"position\":2,\"name\":\"\u2018Bizipoza Eskola\u2019 llega a Debagoiena gracias al acuerdo entre Bizipoza y Fagor\"}]},{\"@type\":\"WebSite\",\"@id\":\"https:\\\/\\\/www.fagor.eus\\\/#website\",\"url\":\"https:\\\/\\\/www.fagor.eus\\\/\",\"name\":\"Fagor\",\"description\":\"Trabajando por un futuro mejor\",\"potentialAction\":[{\"@type\":\"SearchAction\",\"target\":{\"@type\":\"EntryPoint\",\"urlTemplate\":\"https:\\\/\\\/www.fagor.eus\\\/?s={search_term_string}\"},\"query-input\":{\"@type\":\"PropertyValueSpecification\",\"valueRequired\":true,\"valueName\":\"search_term_string\"}}],\"inLanguage\":\"es\"},{\"@type\":\"Person\",\"@id\":\"https:\\\/\\\/www.fagor.eus\\\/#\\\/schema\\\/person\\\/e09b7878906ad616c343aa3e5a83bc2f\",\"name\":\"komunikazioa\",\"image\":{\"@type\":\"ImageObject\",\"inLanguage\":\"es\",\"@id\":\"https:\\\/\\\/secure.gravatar.com\\\/avatar\\\/0c624a67c23ed6ff6fd4111959b9a1001016b57c6bebaecbec025adcaa081e6e?s=96&d=mm&r=g\",\"url\":\"https:\\\/\\\/secure.gravatar.com\\\/avatar\\\/0c624a67c23ed6ff6fd4111959b9a1001016b57c6bebaecbec025adcaa081e6e?s=96&d=mm&r=g\",\"contentUrl\":\"https:\\\/\\\/secure.gravatar.com\\\/avatar\\\/0c624a67c23ed6ff6fd4111959b9a1001016b57c6bebaecbec025adcaa081e6e?s=96&d=mm&r=g\",\"caption\":\"komunikazioa\"},\"sameAs\":[\"https:\\\/\\\/x.com\\\/system\"],\"url\":\"https:\\\/\\\/www.fagor.eus\\\/es\\\/author\\\/komunikazioa\\\/\"}]}<\/script>\n<!-- \/ Yoast SEO plugin. -->","yoast_head_json":{"title":"\u2018Bizipoza Eskola\u2019 llega a Debagoiena con la ayuda de Fagor &#187; Grupo Fagor","description":"Fagor y la asociaci\u00f3n Bizipoza firman un nuevo acuerdo para llevar Bizipoza Eskola a los centros educativos de Debagoiena.","robots":{"index":"index","follow":"follow","max-snippet":"max-snippet:-1","max-image-preview":"max-image-preview:large","max-video-preview":"max-video-preview:-1"},"canonical":"https:\/\/www.fagor.eus\/es\/bizipoza-eskola-llega-a-debagoiena-gracias-al-acuerdo-entre-bizipoza-y-fagor\/","og_locale":"es_ES","og_type":"article","og_title":"\u2018Bizipoza Eskola\u2019 llega a Debagoiena con la ayuda de Fagor &#187; Grupo Fagor","og_description":"Fagor y la asociaci\u00f3n Bizipoza firman un nuevo acuerdo para llevar Bizipoza Eskola a los centros educativos de Debagoiena.","og_url":"https:\/\/www.fagor.eus\/es\/bizipoza-eskola-llega-a-debagoiena-gracias-al-acuerdo-entre-bizipoza-y-fagor\/","og_site_name":"FAGOR","article_published_time":"2025-05-13T14:38:07+00:00","og_image":[{"width":2000,"height":1333,"url":"https:\/\/www.fagor.eus\/wp-content\/uploads\/2025\/05\/Fagor-Bizipoza-Eskola-inklusioa.jpg","type":"image\/jpeg"}],"author":"komunikazioa","twitter_card":"summary_large_image","twitter_creator":"@system","twitter_site":"@FagorTaldea","twitter_misc":{"Escrito por":"komunikazioa","Tiempo de lectura":"3 minutos"},"schema":{"@context":"https:\/\/schema.org","@graph":[{"@type":"Article","@id":"https:\/\/www.fagor.eus\/es\/bizipoza-eskola-llega-a-debagoiena-gracias-al-acuerdo-entre-bizipoza-y-fagor\/#article","isPartOf":{"@id":"https:\/\/www.fagor.eus\/es\/bizipoza-eskola-llega-a-debagoiena-gracias-al-acuerdo-entre-bizipoza-y-fagor\/"},"author":{"name":"komunikazioa","@id":"https:\/\/www.fagor.eus\/#\/schema\/person\/e09b7878906ad616c343aa3e5a83bc2f"},"headline":"\u2018Bizipoza Eskola\u2019 llega a Debagoiena gracias al acuerdo entre Bizipoza y Fagor","datePublished":"2025-05-13T14:38:07+00:00","mainEntityOfPage":{"@id":"https:\/\/www.fagor.eus\/es\/bizipoza-eskola-llega-a-debagoiena-gracias-al-acuerdo-entre-bizipoza-y-fagor\/"},"wordCount":470,"image":{"@id":"https:\/\/www.fagor.eus\/es\/bizipoza-eskola-llega-a-debagoiena-gracias-al-acuerdo-entre-bizipoza-y-fagor\/#primaryimage"},"thumbnailUrl":"https:\/\/www.fagor.eus\/wp-content\/uploads\/2025\/05\/Fagor-Bizipoza-Eskola-inklusioa.jpg","articleSection":["Grupo Fagor"],"inLanguage":"es"},{"@type":"WebPage","@id":"https:\/\/www.fagor.eus\/es\/bizipoza-eskola-llega-a-debagoiena-gracias-al-acuerdo-entre-bizipoza-y-fagor\/","url":"https:\/\/www.fagor.eus\/es\/bizipoza-eskola-llega-a-debagoiena-gracias-al-acuerdo-entre-bizipoza-y-fagor\/","name":"\u2018Bizipoza Eskola\u2019 llega a Debagoiena con la ayuda de Fagor &#187; Grupo Fagor","isPartOf":{"@id":"https:\/\/www.fagor.eus\/#website"},"primaryImageOfPage":{"@id":"https:\/\/www.fagor.eus\/es\/bizipoza-eskola-llega-a-debagoiena-gracias-al-acuerdo-entre-bizipoza-y-fagor\/#primaryimage"},"image":{"@id":"https:\/\/www.fagor.eus\/es\/bizipoza-eskola-llega-a-debagoiena-gracias-al-acuerdo-entre-bizipoza-y-fagor\/#primaryimage"},"thumbnailUrl":"https:\/\/www.fagor.eus\/wp-content\/uploads\/2025\/05\/Fagor-Bizipoza-Eskola-inklusioa.jpg","datePublished":"2025-05-13T14:38:07+00:00","author":{"@id":"https:\/\/www.fagor.eus\/#\/schema\/person\/e09b7878906ad616c343aa3e5a83bc2f"},"description":"Fagor y la asociaci\u00f3n Bizipoza firman un nuevo acuerdo para llevar Bizipoza Eskola a los centros educativos de Debagoiena.","breadcrumb":{"@id":"https:\/\/www.fagor.eus\/es\/bizipoza-eskola-llega-a-debagoiena-gracias-al-acuerdo-entre-bizipoza-y-fagor\/#breadcrumb"},"inLanguage":"es","potentialAction":[{"@type":"ReadAction","target":["https:\/\/www.fagor.eus\/es\/bizipoza-eskola-llega-a-debagoiena-gracias-al-acuerdo-entre-bizipoza-y-fagor\/"]}]},{"@type":"ImageObject","inLanguage":"es","@id":"https:\/\/www.fagor.eus\/es\/bizipoza-eskola-llega-a-debagoiena-gracias-al-acuerdo-entre-bizipoza-y-fagor\/#primaryimage","url":"https:\/\/www.fagor.eus\/wp-content\/uploads\/2025\/05\/Fagor-Bizipoza-Eskola-inklusioa.jpg","contentUrl":"https:\/\/www.fagor.eus\/wp-content\/uploads\/2025\/05\/Fagor-Bizipoza-Eskola-inklusioa.jpg","width":2000,"height":1333,"caption":"Fagor Bizipoza Eskola inklusioa"},{"@type":"BreadcrumbList","@id":"https:\/\/www.fagor.eus\/es\/bizipoza-eskola-llega-a-debagoiena-gracias-al-acuerdo-entre-bizipoza-y-fagor\/#breadcrumb","itemListElement":[{"@type":"ListItem","position":1,"name":"Home","item":"https:\/\/www.fagor.eus\/es\/"},{"@type":"ListItem","position":2,"name":"\u2018Bizipoza Eskola\u2019 llega a Debagoiena gracias al acuerdo entre Bizipoza y Fagor"}]},{"@type":"WebSite","@id":"https:\/\/www.fagor.eus\/#website","url":"https:\/\/www.fagor.eus\/","name":"Fagor","description":"Trabajando por un futuro mejor","potentialAction":[{"@type":"SearchAction","target":{"@type":"EntryPoint","urlTemplate":"https:\/\/www.fagor.eus\/?s={search_term_string}"},"query-input":{"@type":"PropertyValueSpecification","valueRequired":true,"valueName":"search_term_string"}}],"inLanguage":"es"},{"@type":"Person","@id":"https:\/\/www.fagor.eus\/#\/schema\/person\/e09b7878906ad616c343aa3e5a83bc2f","name":"komunikazioa","image":{"@type":"ImageObject","inLanguage":"es","@id":"https:\/\/secure.gravatar.com\/avatar\/0c624a67c23ed6ff6fd4111959b9a1001016b57c6bebaecbec025adcaa081e6e?s=96&d=mm&r=g","url":"https:\/\/secure.gravatar.com\/avatar\/0c624a67c23ed6ff6fd4111959b9a1001016b57c6bebaecbec025adcaa081e6e?s=96&d=mm&r=g","contentUrl":"https:\/\/secure.gravatar.com\/avatar\/0c624a67c23ed6ff6fd4111959b9a1001016b57c6bebaecbec025adcaa081e6e?s=96&d=mm&r=g","caption":"komunikazioa"},"sameAs":["https:\/\/x.com\/system"],"url":"https:\/\/www.fagor.eus\/es\/author\/komunikazioa\/"}]}},"_links":{"self":[{"href":"https:\/\/www.fagor.eus\/es\/wp-json\/wp\/v2\/posts\/22393","targetHints":{"allow":["GET"]}}],"collection":[{"href":"https:\/\/www.fagor.eus\/es\/wp-json\/wp\/v2\/posts"}],"about":[{"href":"https:\/\/www.fagor.eus\/es\/wp-json\/wp\/v2\/types\/post"}],"author":[{"embeddable":true,"href":"https:\/\/www.fagor.eus\/es\/wp-json\/wp\/v2\/users\/4"}],"replies":[{"embeddable":true,"href":"https:\/\/www.fagor.eus\/es\/wp-json\/wp\/v2\/comments?post=22393"}],"version-history":[{"count":1,"href":"https:\/\/www.fagor.eus\/es\/wp-json\/wp\/v2\/posts\/22393\/revisions"}],"predecessor-version":[{"id":22394,"href":"https:\/\/www.fagor.eus\/es\/wp-json\/wp\/v2\/posts\/22393\/revisions\/22394"}],"wp:featuredmedia":[{"embeddable":true,"href":"https:\/\/www.fagor.eus\/es\/wp-json\/wp\/v2\/media\/22392"}],"wp:attachment":[{"href":"https:\/\/www.fagor.eus\/es\/wp-json\/wp\/v2\/media?parent=22393"}],"wp:term":[{"taxonomy":"category","embeddable":true,"href":"https:\/\/www.fagor.eus\/es\/wp-json\/wp\/v2\/categories?post=22393"},{"taxonomy":"post_tag","embeddable":true,"href":"https:\/\/www.fagor.eus\/es\/wp-json\/wp\/v2\/tags?post=22393"}],"curies":[{"name":"wp","href":"https:\/\/api.w.org\/{rel}","templated":true}]}}