{"id":22320,"date":"2025-05-05T09:34:19","date_gmt":"2025-05-05T07:34:19","guid":{"rendered":"https:\/\/www.fagor.eus\/?p=22320"},"modified":"2025-05-05T10:00:03","modified_gmt":"2025-05-05T08:00:03","slug":"jean-philippe-aguerre-recibe-el-premio-galbahe-2025-al-mejor-inventor","status":"publish","type":"post","link":"https:\/\/www.fagor.eus\/es\/jean-philippe-aguerre-recibe-el-premio-galbahe-2025-al-mejor-inventor\/","title":{"rendered":"Jean-Philippe Aguerre recibe el premio Galbahe 2025 al mejor inventor"},"content":{"rendered":"<p>En el marco de la celebraci\u00f3n del D\u00eda Mundial de la Propiedad Industrial e Intelectual (World IP Day), <span style=\"color: #ff0000;\"><a style=\"color: #ff0000;\" href=\"https:\/\/www.fagor.eus\/es\/galbaian\/\">Galbaian<\/a> <\/span>ha hecho entrega del premio Galbahe al inventor del a\u00f1o, Jean-Philippe Aguerre, responsable de I+D de Mondragon Assembly desde 2008.<\/p>\n<p>Jean-Philippe figura como inventor en nada menos que 14 familias de patentes ya publicadas, muchas de ellas a nombre de Mondragon Assembly y las dem\u00e1s pertenecientes a Kiro Robotics. Por otro lado, es tambi\u00e9n el responsable de la gesti\u00f3n de la propiedad industrial e intelectual en la cooperativa.<\/p>\n<p><strong>Sobre el premio Galbahe<\/strong><\/p>\n<p>Desde 2016 se ha convertido en tradici\u00f3n que, aprovechando la celebraci\u00f3n del \u201cWorld IP Day\u201d, Galbaian entregue el premio Galbahe a la persona inventora que seg\u00fan su criterio m\u00e1s m\u00e9ritos ha contra\u00eddo para recibirlo. Mediante este premio, la cooperativa pretende poner en valor el trabajo de los inventores e inventoras del entorno, d\u00e1ndoles el reconocimiento y la visibilidad que merecen.<\/p>\n<p>Estas son las personas que han recibido el premio Galbahe en a\u00f1os anteriores:<\/p>\n<ul>\n<li>2024 &#8211; Jose Ignacio Mujika, responsable de innovaci\u00f3n de Copreci.<\/li>\n<li>2023 &#8211; Nagore Abrisketa, responsable de proyectos de Vicinay Marine Innovaci\u00f3n.<\/li>\n<li>2022 &#8211; Bitor Mendiguren, fundador de Ingeteam.<\/li>\n<li>2021 &#8211; Arrate Jaureguibeitia, entonces directora de innovaci\u00f3n de Biolan.<\/li>\n<li>2020 &#8211; No se entreg\u00f3 el premio debido a la pandemia.<\/li>\n<li>2019 &#8211; Manu Colino, t\u00e9cnico de ingenier\u00eda de I+D de Ulma Construction.<\/li>\n<li>2018 &#8211; Tom\u00e1s Morlanes, responsable tecnol\u00f3gico del \u00c1rea \u00d3ptica de Fagor Automation.<\/li>\n<li>2017 &#8211; Eneko Izquierdo, responsable de Inteligencia Competitiva en Ulma Packaging.<\/li>\n<li>2016 &#8211; Felix Kerejeta, gestor senior de tecnolog\u00eda de Copreci.<\/li>\n<\/ul>\n","protected":false},"excerpt":{"rendered":"<p>En el marco de la celebraci\u00f3n del D\u00eda Mundial de la Propiedad Industrial e Intelectual (World IP Day), Galbaian ha hecho entrega del premio Galbahe al inventor del a\u00f1o, Jean-Philippe&#8230;<\/p>\n","protected":false},"author":23,"featured_media":22318,"comment_status":"closed","ping_status":"open","sticky":false,"template":"","format":"standard","meta":{"footnotes":""},"categories":[98],"tags":[],"class_list":{"0":"post-22320","1":"post","2":"type-post","3":"status-publish","4":"format-standard","5":"has-post-thumbnail","7":"category-galbaian-es"},"yoast_head":"<!-- This site is optimized with the Yoast SEO plugin v27.4 - https:\/\/yoast.com\/product\/yoast-seo-wordpress\/ -->\n<title>Jean-Philippe Aguerre, premio Galbahe 2025 al mejor inventor &#187; Grupo Fagor<\/title>\n<meta name=\"description\" content=\"En el marco del D\u00eda Mundial de la Propiedad Industrial e Intelectual, Galbaian ha entregado el premio Galbahe al inventor del a\u00f1o.\" \/>\n<meta name=\"robots\" content=\"index, follow, max-snippet:-1, max-image-preview:large, max-video-preview:-1\" \/>\n<link rel=\"canonical\" href=\"https:\/\/www.fagor.eus\/es\/jean-philippe-aguerre-recibe-el-premio-galbahe-2025-al-mejor-inventor\/\" \/>\n<meta property=\"og:locale\" content=\"es_ES\" \/>\n<meta property=\"og:type\" content=\"article\" \/>\n<meta property=\"og:title\" content=\"Jean-Philippe Aguerre, premio Galbahe 2025 al mejor inventor &#187; Grupo Fagor\" \/>\n<meta property=\"og:description\" content=\"En el marco del D\u00eda Mundial de la Propiedad Industrial e Intelectual, Galbaian ha entregado el premio Galbahe al inventor del a\u00f1o.\" \/>\n<meta property=\"og:url\" content=\"https:\/\/www.fagor.eus\/es\/jean-philippe-aguerre-recibe-el-premio-galbahe-2025-al-mejor-inventor\/\" \/>\n<meta property=\"og:site_name\" content=\"FAGOR\" \/>\n<meta property=\"article:published_time\" content=\"2025-05-05T07:34:19+00:00\" \/>\n<meta property=\"article:modified_time\" content=\"2025-05-05T08:00:03+00:00\" \/>\n<meta property=\"og:image\" content=\"https:\/\/www.fagor.eus\/wp-content\/uploads\/2025\/05\/galbaian-2000.1333-1024x682.png\" \/>\n\t<meta property=\"og:image:width\" content=\"1024\" \/>\n\t<meta property=\"og:image:height\" content=\"682\" \/>\n\t<meta property=\"og:image:type\" content=\"image\/png\" \/>\n<meta name=\"author\" content=\"fagoriko\" \/>\n<meta name=\"twitter:card\" content=\"summary_large_image\" \/>\n<meta name=\"twitter:creator\" content=\"@FagorTaldea\" \/>\n<meta name=\"twitter:site\" content=\"@FagorTaldea\" \/>\n<meta name=\"twitter:label1\" content=\"Escrito por\" \/>\n\t<meta name=\"twitter:data1\" content=\"fagoriko\" \/>\n\t<meta name=\"twitter:label2\" content=\"Tiempo de lectura\" \/>\n\t<meta name=\"twitter:data2\" content=\"2 minutos\" \/>\n<script type=\"application\/ld+json\" class=\"yoast-schema-graph\">{\"@context\":\"https:\\\/\\\/schema.org\",\"@graph\":[{\"@type\":\"Article\",\"@id\":\"https:\\\/\\\/www.fagor.eus\\\/es\\\/jean-philippe-aguerre-recibe-el-premio-galbahe-2025-al-mejor-inventor\\\/#article\",\"isPartOf\":{\"@id\":\"https:\\\/\\\/www.fagor.eus\\\/es\\\/jean-philippe-aguerre-recibe-el-premio-galbahe-2025-al-mejor-inventor\\\/\"},\"author\":{\"name\":\"fagoriko\",\"@id\":\"https:\\\/\\\/www.fagor.eus\\\/#\\\/schema\\\/person\\\/98c9df1cb3cebeb681a4b4d80dc4fbf5\"},\"headline\":\"Jean-Philippe Aguerre recibe el premio Galbahe 2025 al mejor inventor\",\"datePublished\":\"2025-05-05T07:34:19+00:00\",\"dateModified\":\"2025-05-05T08:00:03+00:00\",\"mainEntityOfPage\":{\"@id\":\"https:\\\/\\\/www.fagor.eus\\\/es\\\/jean-philippe-aguerre-recibe-el-premio-galbahe-2025-al-mejor-inventor\\\/\"},\"wordCount\":279,\"image\":{\"@id\":\"https:\\\/\\\/www.fagor.eus\\\/es\\\/jean-philippe-aguerre-recibe-el-premio-galbahe-2025-al-mejor-inventor\\\/#primaryimage\"},\"thumbnailUrl\":\"https:\\\/\\\/www.fagor.eus\\\/wp-content\\\/uploads\\\/2025\\\/05\\\/galbaian-2000.1333.png\",\"articleSection\":[\"Galbaian\"],\"inLanguage\":\"es\"},{\"@type\":\"WebPage\",\"@id\":\"https:\\\/\\\/www.fagor.eus\\\/es\\\/jean-philippe-aguerre-recibe-el-premio-galbahe-2025-al-mejor-inventor\\\/\",\"url\":\"https:\\\/\\\/www.fagor.eus\\\/es\\\/jean-philippe-aguerre-recibe-el-premio-galbahe-2025-al-mejor-inventor\\\/\",\"name\":\"Jean-Philippe Aguerre, premio Galbahe 2025 al mejor inventor &#187; Grupo Fagor\",\"isPartOf\":{\"@id\":\"https:\\\/\\\/www.fagor.eus\\\/#website\"},\"primaryImageOfPage\":{\"@id\":\"https:\\\/\\\/www.fagor.eus\\\/es\\\/jean-philippe-aguerre-recibe-el-premio-galbahe-2025-al-mejor-inventor\\\/#primaryimage\"},\"image\":{\"@id\":\"https:\\\/\\\/www.fagor.eus\\\/es\\\/jean-philippe-aguerre-recibe-el-premio-galbahe-2025-al-mejor-inventor\\\/#primaryimage\"},\"thumbnailUrl\":\"https:\\\/\\\/www.fagor.eus\\\/wp-content\\\/uploads\\\/2025\\\/05\\\/galbaian-2000.1333.png\",\"datePublished\":\"2025-05-05T07:34:19+00:00\",\"dateModified\":\"2025-05-05T08:00:03+00:00\",\"author\":{\"@id\":\"https:\\\/\\\/www.fagor.eus\\\/#\\\/schema\\\/person\\\/98c9df1cb3cebeb681a4b4d80dc4fbf5\"},\"description\":\"En el marco del D\u00eda Mundial de la Propiedad Industrial e Intelectual, Galbaian ha entregado el premio Galbahe al inventor del a\u00f1o.\",\"breadcrumb\":{\"@id\":\"https:\\\/\\\/www.fagor.eus\\\/es\\\/jean-philippe-aguerre-recibe-el-premio-galbahe-2025-al-mejor-inventor\\\/#breadcrumb\"},\"inLanguage\":\"es\",\"potentialAction\":[{\"@type\":\"ReadAction\",\"target\":[\"https:\\\/\\\/www.fagor.eus\\\/es\\\/jean-philippe-aguerre-recibe-el-premio-galbahe-2025-al-mejor-inventor\\\/\"]}]},{\"@type\":\"ImageObject\",\"inLanguage\":\"es\",\"@id\":\"https:\\\/\\\/www.fagor.eus\\\/es\\\/jean-philippe-aguerre-recibe-el-premio-galbahe-2025-al-mejor-inventor\\\/#primaryimage\",\"url\":\"https:\\\/\\\/www.fagor.eus\\\/wp-content\\\/uploads\\\/2025\\\/05\\\/galbaian-2000.1333.png\",\"contentUrl\":\"https:\\\/\\\/www.fagor.eus\\\/wp-content\\\/uploads\\\/2025\\\/05\\\/galbaian-2000.1333.png\",\"width\":2000,\"height\":1333,\"caption\":\"Galbaian Galbahe sariak\"},{\"@type\":\"BreadcrumbList\",\"@id\":\"https:\\\/\\\/www.fagor.eus\\\/es\\\/jean-philippe-aguerre-recibe-el-premio-galbahe-2025-al-mejor-inventor\\\/#breadcrumb\",\"itemListElement\":[{\"@type\":\"ListItem\",\"position\":1,\"name\":\"Home\",\"item\":\"https:\\\/\\\/www.fagor.eus\\\/es\\\/\"},{\"@type\":\"ListItem\",\"position\":2,\"name\":\"Jean-Philippe Aguerre recibe el premio Galbahe 2025 al mejor inventor\"}]},{\"@type\":\"WebSite\",\"@id\":\"https:\\\/\\\/www.fagor.eus\\\/#website\",\"url\":\"https:\\\/\\\/www.fagor.eus\\\/\",\"name\":\"Fagor\",\"description\":\"Trabajando por un futuro mejor\",\"potentialAction\":[{\"@type\":\"SearchAction\",\"target\":{\"@type\":\"EntryPoint\",\"urlTemplate\":\"https:\\\/\\\/www.fagor.eus\\\/?s={search_term_string}\"},\"query-input\":{\"@type\":\"PropertyValueSpecification\",\"valueRequired\":true,\"valueName\":\"search_term_string\"}}],\"inLanguage\":\"es\"},{\"@type\":\"Person\",\"@id\":\"https:\\\/\\\/www.fagor.eus\\\/#\\\/schema\\\/person\\\/98c9df1cb3cebeb681a4b4d80dc4fbf5\",\"name\":\"fagoriko\",\"image\":{\"@type\":\"ImageObject\",\"inLanguage\":\"es\",\"@id\":\"https:\\\/\\\/secure.gravatar.com\\\/avatar\\\/b360c2f7d7efd766ef528f934614f0978dc67e91ad991663263d694646e508fd?s=96&d=mm&r=g\",\"url\":\"https:\\\/\\\/secure.gravatar.com\\\/avatar\\\/b360c2f7d7efd766ef528f934614f0978dc67e91ad991663263d694646e508fd?s=96&d=mm&r=g\",\"contentUrl\":\"https:\\\/\\\/secure.gravatar.com\\\/avatar\\\/b360c2f7d7efd766ef528f934614f0978dc67e91ad991663263d694646e508fd?s=96&d=mm&r=g\",\"caption\":\"fagoriko\"},\"url\":\"https:\\\/\\\/www.fagor.eus\\\/es\\\/author\\\/fagor-iko\\\/\"}]}<\/script>\n<!-- \/ Yoast SEO plugin. -->","yoast_head_json":{"title":"Jean-Philippe Aguerre, premio Galbahe 2025 al mejor inventor &#187; Grupo Fagor","description":"En el marco del D\u00eda Mundial de la Propiedad Industrial e Intelectual, Galbaian ha entregado el premio Galbahe al inventor del a\u00f1o.","robots":{"index":"index","follow":"follow","max-snippet":"max-snippet:-1","max-image-preview":"max-image-preview:large","max-video-preview":"max-video-preview:-1"},"canonical":"https:\/\/www.fagor.eus\/es\/jean-philippe-aguerre-recibe-el-premio-galbahe-2025-al-mejor-inventor\/","og_locale":"es_ES","og_type":"article","og_title":"Jean-Philippe Aguerre, premio Galbahe 2025 al mejor inventor &#187; Grupo Fagor","og_description":"En el marco del D\u00eda Mundial de la Propiedad Industrial e Intelectual, Galbaian ha entregado el premio Galbahe al inventor del a\u00f1o.","og_url":"https:\/\/www.fagor.eus\/es\/jean-philippe-aguerre-recibe-el-premio-galbahe-2025-al-mejor-inventor\/","og_site_name":"FAGOR","article_published_time":"2025-05-05T07:34:19+00:00","article_modified_time":"2025-05-05T08:00:03+00:00","og_image":[{"width":1024,"height":682,"url":"https:\/\/www.fagor.eus\/wp-content\/uploads\/2025\/05\/galbaian-2000.1333-1024x682.png","type":"image\/png"}],"author":"fagoriko","twitter_card":"summary_large_image","twitter_creator":"@FagorTaldea","twitter_site":"@FagorTaldea","twitter_misc":{"Escrito por":"fagoriko","Tiempo de lectura":"2 minutos"},"schema":{"@context":"https:\/\/schema.org","@graph":[{"@type":"Article","@id":"https:\/\/www.fagor.eus\/es\/jean-philippe-aguerre-recibe-el-premio-galbahe-2025-al-mejor-inventor\/#article","isPartOf":{"@id":"https:\/\/www.fagor.eus\/es\/jean-philippe-aguerre-recibe-el-premio-galbahe-2025-al-mejor-inventor\/"},"author":{"name":"fagoriko","@id":"https:\/\/www.fagor.eus\/#\/schema\/person\/98c9df1cb3cebeb681a4b4d80dc4fbf5"},"headline":"Jean-Philippe Aguerre recibe el premio Galbahe 2025 al mejor inventor","datePublished":"2025-05-05T07:34:19+00:00","dateModified":"2025-05-05T08:00:03+00:00","mainEntityOfPage":{"@id":"https:\/\/www.fagor.eus\/es\/jean-philippe-aguerre-recibe-el-premio-galbahe-2025-al-mejor-inventor\/"},"wordCount":279,"image":{"@id":"https:\/\/www.fagor.eus\/es\/jean-philippe-aguerre-recibe-el-premio-galbahe-2025-al-mejor-inventor\/#primaryimage"},"thumbnailUrl":"https:\/\/www.fagor.eus\/wp-content\/uploads\/2025\/05\/galbaian-2000.1333.png","articleSection":["Galbaian"],"inLanguage":"es"},{"@type":"WebPage","@id":"https:\/\/www.fagor.eus\/es\/jean-philippe-aguerre-recibe-el-premio-galbahe-2025-al-mejor-inventor\/","url":"https:\/\/www.fagor.eus\/es\/jean-philippe-aguerre-recibe-el-premio-galbahe-2025-al-mejor-inventor\/","name":"Jean-Philippe Aguerre, premio Galbahe 2025 al mejor inventor &#187; Grupo Fagor","isPartOf":{"@id":"https:\/\/www.fagor.eus\/#website"},"primaryImageOfPage":{"@id":"https:\/\/www.fagor.eus\/es\/jean-philippe-aguerre-recibe-el-premio-galbahe-2025-al-mejor-inventor\/#primaryimage"},"image":{"@id":"https:\/\/www.fagor.eus\/es\/jean-philippe-aguerre-recibe-el-premio-galbahe-2025-al-mejor-inventor\/#primaryimage"},"thumbnailUrl":"https:\/\/www.fagor.eus\/wp-content\/uploads\/2025\/05\/galbaian-2000.1333.png","datePublished":"2025-05-05T07:34:19+00:00","dateModified":"2025-05-05T08:00:03+00:00","author":{"@id":"https:\/\/www.fagor.eus\/#\/schema\/person\/98c9df1cb3cebeb681a4b4d80dc4fbf5"},"description":"En el marco del D\u00eda Mundial de la Propiedad Industrial e Intelectual, Galbaian ha entregado el premio Galbahe al inventor del a\u00f1o.","breadcrumb":{"@id":"https:\/\/www.fagor.eus\/es\/jean-philippe-aguerre-recibe-el-premio-galbahe-2025-al-mejor-inventor\/#breadcrumb"},"inLanguage":"es","potentialAction":[{"@type":"ReadAction","target":["https:\/\/www.fagor.eus\/es\/jean-philippe-aguerre-recibe-el-premio-galbahe-2025-al-mejor-inventor\/"]}]},{"@type":"ImageObject","inLanguage":"es","@id":"https:\/\/www.fagor.eus\/es\/jean-philippe-aguerre-recibe-el-premio-galbahe-2025-al-mejor-inventor\/#primaryimage","url":"https:\/\/www.fagor.eus\/wp-content\/uploads\/2025\/05\/galbaian-2000.1333.png","contentUrl":"https:\/\/www.fagor.eus\/wp-content\/uploads\/2025\/05\/galbaian-2000.1333.png","width":2000,"height":1333,"caption":"Galbaian Galbahe sariak"},{"@type":"BreadcrumbList","@id":"https:\/\/www.fagor.eus\/es\/jean-philippe-aguerre-recibe-el-premio-galbahe-2025-al-mejor-inventor\/#breadcrumb","itemListElement":[{"@type":"ListItem","position":1,"name":"Home","item":"https:\/\/www.fagor.eus\/es\/"},{"@type":"ListItem","position":2,"name":"Jean-Philippe Aguerre recibe el premio Galbahe 2025 al mejor inventor"}]},{"@type":"WebSite","@id":"https:\/\/www.fagor.eus\/#website","url":"https:\/\/www.fagor.eus\/","name":"Fagor","description":"Trabajando por un futuro mejor","potentialAction":[{"@type":"SearchAction","target":{"@type":"EntryPoint","urlTemplate":"https:\/\/www.fagor.eus\/?s={search_term_string}"},"query-input":{"@type":"PropertyValueSpecification","valueRequired":true,"valueName":"search_term_string"}}],"inLanguage":"es"},{"@type":"Person","@id":"https:\/\/www.fagor.eus\/#\/schema\/person\/98c9df1cb3cebeb681a4b4d80dc4fbf5","name":"fagoriko","image":{"@type":"ImageObject","inLanguage":"es","@id":"https:\/\/secure.gravatar.com\/avatar\/b360c2f7d7efd766ef528f934614f0978dc67e91ad991663263d694646e508fd?s=96&d=mm&r=g","url":"https:\/\/secure.gravatar.com\/avatar\/b360c2f7d7efd766ef528f934614f0978dc67e91ad991663263d694646e508fd?s=96&d=mm&r=g","contentUrl":"https:\/\/secure.gravatar.com\/avatar\/b360c2f7d7efd766ef528f934614f0978dc67e91ad991663263d694646e508fd?s=96&d=mm&r=g","caption":"fagoriko"},"url":"https:\/\/www.fagor.eus\/es\/author\/fagor-iko\/"}]}},"_links":{"self":[{"href":"https:\/\/www.fagor.eus\/es\/wp-json\/wp\/v2\/posts\/22320","targetHints":{"allow":["GET"]}}],"collection":[{"href":"https:\/\/www.fagor.eus\/es\/wp-json\/wp\/v2\/posts"}],"about":[{"href":"https:\/\/www.fagor.eus\/es\/wp-json\/wp\/v2\/types\/post"}],"author":[{"embeddable":true,"href":"https:\/\/www.fagor.eus\/es\/wp-json\/wp\/v2\/users\/23"}],"replies":[{"embeddable":true,"href":"https:\/\/www.fagor.eus\/es\/wp-json\/wp\/v2\/comments?post=22320"}],"version-history":[{"count":4,"href":"https:\/\/www.fagor.eus\/es\/wp-json\/wp\/v2\/posts\/22320\/revisions"}],"predecessor-version":[{"id":22324,"href":"https:\/\/www.fagor.eus\/es\/wp-json\/wp\/v2\/posts\/22320\/revisions\/22324"}],"wp:featuredmedia":[{"embeddable":true,"href":"https:\/\/www.fagor.eus\/es\/wp-json\/wp\/v2\/media\/22318"}],"wp:attachment":[{"href":"https:\/\/www.fagor.eus\/es\/wp-json\/wp\/v2\/media?parent=22320"}],"wp:term":[{"taxonomy":"category","embeddable":true,"href":"https:\/\/www.fagor.eus\/es\/wp-json\/wp\/v2\/categories?post=22320"},{"taxonomy":"post_tag","embeddable":true,"href":"https:\/\/www.fagor.eus\/es\/wp-json\/wp\/v2\/tags?post=22320"}],"curies":[{"name":"wp","href":"https:\/\/api.w.org\/{rel}","templated":true}]}}