{"id":21473,"date":"2025-02-11T12:34:14","date_gmt":"2025-02-11T10:34:14","guid":{"rendered":"https:\/\/www.fagor.eus\/?p=21473"},"modified":"2025-02-11T13:16:44","modified_gmt":"2025-02-11T11:16:44","slug":"el-11-de-febrero-fagor-ha-querido-dar-a-conocer-el-trabajo-de-las-mujeres-cientificas-del-grupo","status":"publish","type":"post","link":"https:\/\/www.fagor.eus\/es\/el-11-de-febrero-fagor-ha-querido-dar-a-conocer-el-trabajo-de-las-mujeres-cientificas-del-grupo\/","title":{"rendered":"Fagor aprovecha el 11 de febrero para dar a conocer el trabajo de las mujeres cient\u00edficas del Grupo"},"content":{"rendered":"<p>En el D\u00eda Internacional de las Ni\u00f1as y las Mujeres en la Ciencia, Fagor ha publicado un v\u00eddeo protagonizado por varias mujeres cient\u00edficas de las cooperativas. \u00abLas nuevas generaciones necesitan mujeres cient\u00edficas referentes. Es imprescindible dar a conocer el trabajo y la aportaci\u00f3n de cada una de ellas\u00bb, han explicado desde Fagor. Precisamente este ha sido el objetivo del v\u00eddeo.<\/p>\n<p>Un a\u00f1o m\u00e1s, el grupo cooperativo ha ratificado el compromiso de seguir aportando en el futuro y en la trayectoria profesional de las ni\u00f1as y mujeres cient\u00edficas.<\/p>\n<p>Aqu\u00ed el v\u00eddeo publicado:<\/p>\n<p><iframe loading=\"lazy\" title=\"YouTube video player\" src=\"https:\/\/www.youtube.com\/embed\/-1hGj4ef-Oo?si=5E3J9B-f4XjRQ5sV\" width=\"560\" height=\"315\" frameborder=\"0\" allowfullscreen=\"allowfullscreen\"><\/iframe><\/p>\n","protected":false},"excerpt":{"rendered":"<p>En el D\u00eda Internacional de las Ni\u00f1as y las Mujeres en la Ciencia, Fagor ha publicado un v\u00eddeo protagonizado por varias mujeres cient\u00edficas de las cooperativas. \u00abLas nuevas generaciones necesitan&#8230;<\/p>\n","protected":false},"author":23,"featured_media":21475,"comment_status":"closed","ping_status":"open","sticky":false,"template":"","format":"standard","meta":{"footnotes":""},"categories":[104],"tags":[],"class_list":{"0":"post-21473","1":"post","2":"type-post","3":"status-publish","4":"format-standard","5":"has-post-thumbnail","7":"category-grupo-fagor-es"},"yoast_head":"<!-- This site is optimized with the Yoast SEO plugin v27.4 - https:\/\/yoast.com\/product\/yoast-seo-wordpress\/ -->\n<title>Fagor ha dado a conocer el trabajo de las mujeres cient\u00edficas &#187; Grupo Fagor<\/title>\n<meta name=\"description\" content=\"En el D\u00eda Internacional de las Mujeres y Ni\u00f1as en la Ciencia, Fagor ha publicado un v\u00eddeo con las mujeres cient\u00edficas de las cooperativas.\" \/>\n<meta name=\"robots\" content=\"index, follow, max-snippet:-1, max-image-preview:large, max-video-preview:-1\" \/>\n<link rel=\"canonical\" href=\"https:\/\/www.fagor.eus\/es\/el-11-de-febrero-fagor-ha-querido-dar-a-conocer-el-trabajo-de-las-mujeres-cientificas-del-grupo\/\" \/>\n<meta property=\"og:locale\" content=\"es_ES\" \/>\n<meta property=\"og:type\" content=\"article\" \/>\n<meta property=\"og:title\" content=\"Fagor ha dado a conocer el trabajo de las mujeres cient\u00edficas &#187; Grupo Fagor\" \/>\n<meta property=\"og:description\" content=\"En el D\u00eda Internacional de las Mujeres y Ni\u00f1as en la Ciencia, Fagor ha publicado un v\u00eddeo con las mujeres cient\u00edficas de las cooperativas.\" \/>\n<meta property=\"og:url\" content=\"https:\/\/www.fagor.eus\/es\/el-11-de-febrero-fagor-ha-querido-dar-a-conocer-el-trabajo-de-las-mujeres-cientificas-del-grupo\/\" \/>\n<meta property=\"og:site_name\" content=\"FAGOR\" \/>\n<meta property=\"article:published_time\" content=\"2025-02-11T10:34:14+00:00\" \/>\n<meta property=\"article:modified_time\" content=\"2025-02-11T11:16:44+00:00\" \/>\n<meta property=\"og:image\" content=\"https:\/\/www.fagor.eus\/wp-content\/uploads\/2025\/02\/zientzia-argazkiaaa-scaled.jpg\" \/>\n\t<meta property=\"og:image:width\" content=\"2560\" \/>\n\t<meta property=\"og:image:height\" content=\"1668\" \/>\n\t<meta property=\"og:image:type\" content=\"image\/jpeg\" \/>\n<meta name=\"author\" content=\"fagoriko\" \/>\n<meta name=\"twitter:card\" content=\"summary_large_image\" \/>\n<meta name=\"twitter:creator\" content=\"@FagorTaldea\" \/>\n<meta name=\"twitter:site\" content=\"@FagorTaldea\" \/>\n<meta name=\"twitter:label1\" content=\"Escrito por\" \/>\n\t<meta name=\"twitter:data1\" content=\"fagoriko\" \/>\n\t<meta name=\"twitter:label2\" content=\"Tiempo de lectura\" \/>\n\t<meta name=\"twitter:data2\" content=\"1 minuto\" \/>\n<script type=\"application\/ld+json\" class=\"yoast-schema-graph\">{\"@context\":\"https:\\\/\\\/schema.org\",\"@graph\":[{\"@type\":\"Article\",\"@id\":\"https:\\\/\\\/www.fagor.eus\\\/es\\\/el-11-de-febrero-fagor-ha-querido-dar-a-conocer-el-trabajo-de-las-mujeres-cientificas-del-grupo\\\/#article\",\"isPartOf\":{\"@id\":\"https:\\\/\\\/www.fagor.eus\\\/es\\\/el-11-de-febrero-fagor-ha-querido-dar-a-conocer-el-trabajo-de-las-mujeres-cientificas-del-grupo\\\/\"},\"author\":{\"name\":\"fagoriko\",\"@id\":\"https:\\\/\\\/www.fagor.eus\\\/#\\\/schema\\\/person\\\/98c9df1cb3cebeb681a4b4d80dc4fbf5\"},\"headline\":\"Fagor aprovecha el 11 de febrero para dar a conocer el trabajo de las mujeres cient\u00edficas del Grupo\",\"datePublished\":\"2025-02-11T10:34:14+00:00\",\"dateModified\":\"2025-02-11T11:16:44+00:00\",\"mainEntityOfPage\":{\"@id\":\"https:\\\/\\\/www.fagor.eus\\\/es\\\/el-11-de-febrero-fagor-ha-querido-dar-a-conocer-el-trabajo-de-las-mujeres-cientificas-del-grupo\\\/\"},\"wordCount\":121,\"image\":{\"@id\":\"https:\\\/\\\/www.fagor.eus\\\/es\\\/el-11-de-febrero-fagor-ha-querido-dar-a-conocer-el-trabajo-de-las-mujeres-cientificas-del-grupo\\\/#primaryimage\"},\"thumbnailUrl\":\"https:\\\/\\\/www.fagor.eus\\\/wp-content\\\/uploads\\\/2025\\\/02\\\/zientzia-argazkiaaa-scaled.jpg\",\"articleSection\":[\"Grupo Fagor\"],\"inLanguage\":\"es\"},{\"@type\":\"WebPage\",\"@id\":\"https:\\\/\\\/www.fagor.eus\\\/es\\\/el-11-de-febrero-fagor-ha-querido-dar-a-conocer-el-trabajo-de-las-mujeres-cientificas-del-grupo\\\/\",\"url\":\"https:\\\/\\\/www.fagor.eus\\\/es\\\/el-11-de-febrero-fagor-ha-querido-dar-a-conocer-el-trabajo-de-las-mujeres-cientificas-del-grupo\\\/\",\"name\":\"Fagor ha dado a conocer el trabajo de las mujeres cient\u00edficas &#187; Grupo Fagor\",\"isPartOf\":{\"@id\":\"https:\\\/\\\/www.fagor.eus\\\/#website\"},\"primaryImageOfPage\":{\"@id\":\"https:\\\/\\\/www.fagor.eus\\\/es\\\/el-11-de-febrero-fagor-ha-querido-dar-a-conocer-el-trabajo-de-las-mujeres-cientificas-del-grupo\\\/#primaryimage\"},\"image\":{\"@id\":\"https:\\\/\\\/www.fagor.eus\\\/es\\\/el-11-de-febrero-fagor-ha-querido-dar-a-conocer-el-trabajo-de-las-mujeres-cientificas-del-grupo\\\/#primaryimage\"},\"thumbnailUrl\":\"https:\\\/\\\/www.fagor.eus\\\/wp-content\\\/uploads\\\/2025\\\/02\\\/zientzia-argazkiaaa-scaled.jpg\",\"datePublished\":\"2025-02-11T10:34:14+00:00\",\"dateModified\":\"2025-02-11T11:16:44+00:00\",\"author\":{\"@id\":\"https:\\\/\\\/www.fagor.eus\\\/#\\\/schema\\\/person\\\/98c9df1cb3cebeb681a4b4d80dc4fbf5\"},\"description\":\"En el D\u00eda Internacional de las Mujeres y Ni\u00f1as en la Ciencia, Fagor ha publicado un v\u00eddeo con las mujeres cient\u00edficas de las cooperativas.\",\"breadcrumb\":{\"@id\":\"https:\\\/\\\/www.fagor.eus\\\/es\\\/el-11-de-febrero-fagor-ha-querido-dar-a-conocer-el-trabajo-de-las-mujeres-cientificas-del-grupo\\\/#breadcrumb\"},\"inLanguage\":\"es\",\"potentialAction\":[{\"@type\":\"ReadAction\",\"target\":[\"https:\\\/\\\/www.fagor.eus\\\/es\\\/el-11-de-febrero-fagor-ha-querido-dar-a-conocer-el-trabajo-de-las-mujeres-cientificas-del-grupo\\\/\"]}]},{\"@type\":\"ImageObject\",\"inLanguage\":\"es\",\"@id\":\"https:\\\/\\\/www.fagor.eus\\\/es\\\/el-11-de-febrero-fagor-ha-querido-dar-a-conocer-el-trabajo-de-las-mujeres-cientificas-del-grupo\\\/#primaryimage\",\"url\":\"https:\\\/\\\/www.fagor.eus\\\/wp-content\\\/uploads\\\/2025\\\/02\\\/zientzia-argazkiaaa-scaled.jpg\",\"contentUrl\":\"https:\\\/\\\/www.fagor.eus\\\/wp-content\\\/uploads\\\/2025\\\/02\\\/zientzia-argazkiaaa-scaled.jpg\",\"width\":2560,\"height\":1668,\"caption\":\"Emakume zientzialariak\"},{\"@type\":\"BreadcrumbList\",\"@id\":\"https:\\\/\\\/www.fagor.eus\\\/es\\\/el-11-de-febrero-fagor-ha-querido-dar-a-conocer-el-trabajo-de-las-mujeres-cientificas-del-grupo\\\/#breadcrumb\",\"itemListElement\":[{\"@type\":\"ListItem\",\"position\":1,\"name\":\"Home\",\"item\":\"https:\\\/\\\/www.fagor.eus\\\/es\\\/\"},{\"@type\":\"ListItem\",\"position\":2,\"name\":\"Fagor aprovecha el 11 de febrero para dar a conocer el trabajo de las mujeres cient\u00edficas del Grupo\"}]},{\"@type\":\"WebSite\",\"@id\":\"https:\\\/\\\/www.fagor.eus\\\/#website\",\"url\":\"https:\\\/\\\/www.fagor.eus\\\/\",\"name\":\"Fagor\",\"description\":\"Trabajando por un futuro mejor\",\"potentialAction\":[{\"@type\":\"SearchAction\",\"target\":{\"@type\":\"EntryPoint\",\"urlTemplate\":\"https:\\\/\\\/www.fagor.eus\\\/?s={search_term_string}\"},\"query-input\":{\"@type\":\"PropertyValueSpecification\",\"valueRequired\":true,\"valueName\":\"search_term_string\"}}],\"inLanguage\":\"es\"},{\"@type\":\"Person\",\"@id\":\"https:\\\/\\\/www.fagor.eus\\\/#\\\/schema\\\/person\\\/98c9df1cb3cebeb681a4b4d80dc4fbf5\",\"name\":\"fagoriko\",\"image\":{\"@type\":\"ImageObject\",\"inLanguage\":\"es\",\"@id\":\"https:\\\/\\\/secure.gravatar.com\\\/avatar\\\/b360c2f7d7efd766ef528f934614f0978dc67e91ad991663263d694646e508fd?s=96&d=mm&r=g\",\"url\":\"https:\\\/\\\/secure.gravatar.com\\\/avatar\\\/b360c2f7d7efd766ef528f934614f0978dc67e91ad991663263d694646e508fd?s=96&d=mm&r=g\",\"contentUrl\":\"https:\\\/\\\/secure.gravatar.com\\\/avatar\\\/b360c2f7d7efd766ef528f934614f0978dc67e91ad991663263d694646e508fd?s=96&d=mm&r=g\",\"caption\":\"fagoriko\"},\"url\":\"https:\\\/\\\/www.fagor.eus\\\/es\\\/author\\\/fagor-iko\\\/\"}]}<\/script>\n<!-- \/ Yoast SEO plugin. -->","yoast_head_json":{"title":"Fagor ha dado a conocer el trabajo de las mujeres cient\u00edficas &#187; Grupo Fagor","description":"En el D\u00eda Internacional de las Mujeres y Ni\u00f1as en la Ciencia, Fagor ha publicado un v\u00eddeo con las mujeres cient\u00edficas de las cooperativas.","robots":{"index":"index","follow":"follow","max-snippet":"max-snippet:-1","max-image-preview":"max-image-preview:large","max-video-preview":"max-video-preview:-1"},"canonical":"https:\/\/www.fagor.eus\/es\/el-11-de-febrero-fagor-ha-querido-dar-a-conocer-el-trabajo-de-las-mujeres-cientificas-del-grupo\/","og_locale":"es_ES","og_type":"article","og_title":"Fagor ha dado a conocer el trabajo de las mujeres cient\u00edficas &#187; Grupo Fagor","og_description":"En el D\u00eda Internacional de las Mujeres y Ni\u00f1as en la Ciencia, Fagor ha publicado un v\u00eddeo con las mujeres cient\u00edficas de las cooperativas.","og_url":"https:\/\/www.fagor.eus\/es\/el-11-de-febrero-fagor-ha-querido-dar-a-conocer-el-trabajo-de-las-mujeres-cientificas-del-grupo\/","og_site_name":"FAGOR","article_published_time":"2025-02-11T10:34:14+00:00","article_modified_time":"2025-02-11T11:16:44+00:00","og_image":[{"width":2560,"height":1668,"url":"https:\/\/www.fagor.eus\/wp-content\/uploads\/2025\/02\/zientzia-argazkiaaa-scaled.jpg","type":"image\/jpeg"}],"author":"fagoriko","twitter_card":"summary_large_image","twitter_creator":"@FagorTaldea","twitter_site":"@FagorTaldea","twitter_misc":{"Escrito por":"fagoriko","Tiempo de lectura":"1 minuto"},"schema":{"@context":"https:\/\/schema.org","@graph":[{"@type":"Article","@id":"https:\/\/www.fagor.eus\/es\/el-11-de-febrero-fagor-ha-querido-dar-a-conocer-el-trabajo-de-las-mujeres-cientificas-del-grupo\/#article","isPartOf":{"@id":"https:\/\/www.fagor.eus\/es\/el-11-de-febrero-fagor-ha-querido-dar-a-conocer-el-trabajo-de-las-mujeres-cientificas-del-grupo\/"},"author":{"name":"fagoriko","@id":"https:\/\/www.fagor.eus\/#\/schema\/person\/98c9df1cb3cebeb681a4b4d80dc4fbf5"},"headline":"Fagor aprovecha el 11 de febrero para dar a conocer el trabajo de las mujeres cient\u00edficas del Grupo","datePublished":"2025-02-11T10:34:14+00:00","dateModified":"2025-02-11T11:16:44+00:00","mainEntityOfPage":{"@id":"https:\/\/www.fagor.eus\/es\/el-11-de-febrero-fagor-ha-querido-dar-a-conocer-el-trabajo-de-las-mujeres-cientificas-del-grupo\/"},"wordCount":121,"image":{"@id":"https:\/\/www.fagor.eus\/es\/el-11-de-febrero-fagor-ha-querido-dar-a-conocer-el-trabajo-de-las-mujeres-cientificas-del-grupo\/#primaryimage"},"thumbnailUrl":"https:\/\/www.fagor.eus\/wp-content\/uploads\/2025\/02\/zientzia-argazkiaaa-scaled.jpg","articleSection":["Grupo Fagor"],"inLanguage":"es"},{"@type":"WebPage","@id":"https:\/\/www.fagor.eus\/es\/el-11-de-febrero-fagor-ha-querido-dar-a-conocer-el-trabajo-de-las-mujeres-cientificas-del-grupo\/","url":"https:\/\/www.fagor.eus\/es\/el-11-de-febrero-fagor-ha-querido-dar-a-conocer-el-trabajo-de-las-mujeres-cientificas-del-grupo\/","name":"Fagor ha dado a conocer el trabajo de las mujeres cient\u00edficas &#187; Grupo Fagor","isPartOf":{"@id":"https:\/\/www.fagor.eus\/#website"},"primaryImageOfPage":{"@id":"https:\/\/www.fagor.eus\/es\/el-11-de-febrero-fagor-ha-querido-dar-a-conocer-el-trabajo-de-las-mujeres-cientificas-del-grupo\/#primaryimage"},"image":{"@id":"https:\/\/www.fagor.eus\/es\/el-11-de-febrero-fagor-ha-querido-dar-a-conocer-el-trabajo-de-las-mujeres-cientificas-del-grupo\/#primaryimage"},"thumbnailUrl":"https:\/\/www.fagor.eus\/wp-content\/uploads\/2025\/02\/zientzia-argazkiaaa-scaled.jpg","datePublished":"2025-02-11T10:34:14+00:00","dateModified":"2025-02-11T11:16:44+00:00","author":{"@id":"https:\/\/www.fagor.eus\/#\/schema\/person\/98c9df1cb3cebeb681a4b4d80dc4fbf5"},"description":"En el D\u00eda Internacional de las Mujeres y Ni\u00f1as en la Ciencia, Fagor ha publicado un v\u00eddeo con las mujeres cient\u00edficas de las cooperativas.","breadcrumb":{"@id":"https:\/\/www.fagor.eus\/es\/el-11-de-febrero-fagor-ha-querido-dar-a-conocer-el-trabajo-de-las-mujeres-cientificas-del-grupo\/#breadcrumb"},"inLanguage":"es","potentialAction":[{"@type":"ReadAction","target":["https:\/\/www.fagor.eus\/es\/el-11-de-febrero-fagor-ha-querido-dar-a-conocer-el-trabajo-de-las-mujeres-cientificas-del-grupo\/"]}]},{"@type":"ImageObject","inLanguage":"es","@id":"https:\/\/www.fagor.eus\/es\/el-11-de-febrero-fagor-ha-querido-dar-a-conocer-el-trabajo-de-las-mujeres-cientificas-del-grupo\/#primaryimage","url":"https:\/\/www.fagor.eus\/wp-content\/uploads\/2025\/02\/zientzia-argazkiaaa-scaled.jpg","contentUrl":"https:\/\/www.fagor.eus\/wp-content\/uploads\/2025\/02\/zientzia-argazkiaaa-scaled.jpg","width":2560,"height":1668,"caption":"Emakume zientzialariak"},{"@type":"BreadcrumbList","@id":"https:\/\/www.fagor.eus\/es\/el-11-de-febrero-fagor-ha-querido-dar-a-conocer-el-trabajo-de-las-mujeres-cientificas-del-grupo\/#breadcrumb","itemListElement":[{"@type":"ListItem","position":1,"name":"Home","item":"https:\/\/www.fagor.eus\/es\/"},{"@type":"ListItem","position":2,"name":"Fagor aprovecha el 11 de febrero para dar a conocer el trabajo de las mujeres cient\u00edficas del Grupo"}]},{"@type":"WebSite","@id":"https:\/\/www.fagor.eus\/#website","url":"https:\/\/www.fagor.eus\/","name":"Fagor","description":"Trabajando por un futuro mejor","potentialAction":[{"@type":"SearchAction","target":{"@type":"EntryPoint","urlTemplate":"https:\/\/www.fagor.eus\/?s={search_term_string}"},"query-input":{"@type":"PropertyValueSpecification","valueRequired":true,"valueName":"search_term_string"}}],"inLanguage":"es"},{"@type":"Person","@id":"https:\/\/www.fagor.eus\/#\/schema\/person\/98c9df1cb3cebeb681a4b4d80dc4fbf5","name":"fagoriko","image":{"@type":"ImageObject","inLanguage":"es","@id":"https:\/\/secure.gravatar.com\/avatar\/b360c2f7d7efd766ef528f934614f0978dc67e91ad991663263d694646e508fd?s=96&d=mm&r=g","url":"https:\/\/secure.gravatar.com\/avatar\/b360c2f7d7efd766ef528f934614f0978dc67e91ad991663263d694646e508fd?s=96&d=mm&r=g","contentUrl":"https:\/\/secure.gravatar.com\/avatar\/b360c2f7d7efd766ef528f934614f0978dc67e91ad991663263d694646e508fd?s=96&d=mm&r=g","caption":"fagoriko"},"url":"https:\/\/www.fagor.eus\/es\/author\/fagor-iko\/"}]}},"_links":{"self":[{"href":"https:\/\/www.fagor.eus\/es\/wp-json\/wp\/v2\/posts\/21473","targetHints":{"allow":["GET"]}}],"collection":[{"href":"https:\/\/www.fagor.eus\/es\/wp-json\/wp\/v2\/posts"}],"about":[{"href":"https:\/\/www.fagor.eus\/es\/wp-json\/wp\/v2\/types\/post"}],"author":[{"embeddable":true,"href":"https:\/\/www.fagor.eus\/es\/wp-json\/wp\/v2\/users\/23"}],"replies":[{"embeddable":true,"href":"https:\/\/www.fagor.eus\/es\/wp-json\/wp\/v2\/comments?post=21473"}],"version-history":[{"count":3,"href":"https:\/\/www.fagor.eus\/es\/wp-json\/wp\/v2\/posts\/21473\/revisions"}],"predecessor-version":[{"id":21479,"href":"https:\/\/www.fagor.eus\/es\/wp-json\/wp\/v2\/posts\/21473\/revisions\/21479"}],"wp:featuredmedia":[{"embeddable":true,"href":"https:\/\/www.fagor.eus\/es\/wp-json\/wp\/v2\/media\/21475"}],"wp:attachment":[{"href":"https:\/\/www.fagor.eus\/es\/wp-json\/wp\/v2\/media?parent=21473"}],"wp:term":[{"taxonomy":"category","embeddable":true,"href":"https:\/\/www.fagor.eus\/es\/wp-json\/wp\/v2\/categories?post=21473"},{"taxonomy":"post_tag","embeddable":true,"href":"https:\/\/www.fagor.eus\/es\/wp-json\/wp\/v2\/tags?post=21473"}],"curies":[{"name":"wp","href":"https:\/\/api.w.org\/{rel}","templated":true}]}}