{"id":20508,"date":"2024-11-26T13:15:26","date_gmt":"2024-11-26T11:15:26","guid":{"rendered":"https:\/\/www.fagor.eus\/?p=20508"},"modified":"2024-11-26T13:28:21","modified_gmt":"2024-11-26T11:28:21","slug":"fagor-vuelve-al-mercado-del-confort","status":"publish","type":"post","link":"https:\/\/www.fagor.eus\/es\/fagor-vuelve-al-mercado-del-confort\/","title":{"rendered":"La marca FAGOR vuelve al mercado del confort"},"content":{"rendered":"<p>Con el acuerdo de licenciamiento de la marca FAGOR firmado entre Sareteknika y el Grupo Fagor, nace Fagor Comfort Solutions para la comercializaci\u00f3n de productos del sector del confort. \u201cEl nuevo acuerdo supondr\u00e1 un avance importante en la estrategia de diversificaci\u00f3n e impulso de nuevas actividades, contribuyendo tambi\u00e9n a fortalecer la actividad tradicional de servicios de posventa\u201d, subrayan los representantes de las dos partes.<\/p>\n<p>Aprovechando las competencias y recursos disponibles en Sareteknika y su red de empresas colaboradoras, la propuesta de valor integral, aglutinando producto y servicio, hace que Fagor Comfort Solutions pueda ofrecer una propuesta diferencial en el mercado. \u201cAunque el enfoque inicial est\u00e9 en el mercado ib\u00e9rico, la expansi\u00f3n internacional est\u00e1 en el horizonte, reflejando la ambici\u00f3n de llevar la marca FAGOR a otros mercados a medio plazo\u201d, aclaran desde Sareteknika.<\/p>\n<p>El cat\u00e1logo de Fagor Comfort Solutions incluir\u00e1 productos como calderas murales de gas, termos el\u00e9ctricos, aire acondicionado, aerotermia\u2026 \u201cConformar\u00e1 una oferta competitiva y t\u00e9cnicamente a la altura de las principales marcas del sector. Esto es posible gracias a s\u00f3lidas alianzas con fabricantes l\u00edderes, que garantizan productos de calidad y tecnolog\u00eda avanzada\u201d, explican desde Sareteknika. La introducci\u00f3n al mercado de las diferentes familias de productos del cat\u00e1logo ser\u00e1 escalonada y progresiva, esper\u00e1ndose que se haya completado este proceso para la pr\u00f3xima primavera. \u201cSe espera que el acuerdo contribuya positivamente al posicionamiento de la marca FAGOR y al reforzamiento del proyecto futuro de Sareteknika\u201d, a\u00f1aden.<\/p>\n","protected":false},"excerpt":{"rendered":"<p>Con el acuerdo de licenciamiento de la marca FAGOR firmado entre Sareteknika y el Grupo Fagor, nace Fagor Comfort Solutions para la comercializaci\u00f3n de productos del sector del confort.<\/p>\n","protected":false},"author":4,"featured_media":20512,"comment_status":"closed","ping_status":"open","sticky":false,"template":"","format":"standard","meta":{"footnotes":""},"categories":[104],"tags":[],"class_list":{"0":"post-20508","1":"post","2":"type-post","3":"status-publish","4":"format-standard","5":"has-post-thumbnail","7":"category-grupo-fagor-es"},"yoast_head":"<!-- This site is optimized with the Yoast SEO plugin v27.4 - https:\/\/yoast.com\/product\/yoast-seo-wordpress\/ -->\n<title>La marca FAGOR vuelve al mercado del confort &#187; Grupo Fagor<\/title>\n<meta name=\"description\" content=\"Con el acuerdo de licenciamiento de la marca FAGOR firmado entre Sareteknika y el Grupo Fagor, nace Fagor Comfort Solutions.\" \/>\n<meta name=\"robots\" content=\"index, follow, max-snippet:-1, max-image-preview:large, max-video-preview:-1\" \/>\n<link rel=\"canonical\" href=\"https:\/\/www.fagor.eus\/es\/fagor-vuelve-al-mercado-del-confort\/\" \/>\n<meta property=\"og:locale\" content=\"es_ES\" \/>\n<meta property=\"og:type\" content=\"article\" \/>\n<meta property=\"og:title\" content=\"La marca FAGOR vuelve al mercado del confort &#187; Grupo Fagor\" \/>\n<meta property=\"og:description\" content=\"Con el acuerdo de licenciamiento de la marca FAGOR firmado entre Sareteknika y el Grupo Fagor, nace Fagor Comfort Solutions.\" \/>\n<meta property=\"og:url\" content=\"https:\/\/www.fagor.eus\/es\/fagor-vuelve-al-mercado-del-confort\/\" \/>\n<meta property=\"og:site_name\" content=\"FAGOR\" \/>\n<meta property=\"article:published_time\" content=\"2024-11-26T11:15:26+00:00\" \/>\n<meta property=\"article:modified_time\" content=\"2024-11-26T11:28:21+00:00\" \/>\n<meta property=\"og:image\" content=\"https:\/\/www.fagor.eus\/wp-content\/uploads\/2024\/11\/Fagor-Sareteknika-Fagor-Comfort-Solutions.jpg\" \/>\n\t<meta property=\"og:image:width\" content=\"2000\" \/>\n\t<meta property=\"og:image:height\" content=\"1333\" \/>\n\t<meta property=\"og:image:type\" content=\"image\/jpeg\" \/>\n<meta name=\"author\" content=\"komunikazioa\" \/>\n<meta name=\"twitter:card\" content=\"summary_large_image\" \/>\n<meta name=\"twitter:creator\" content=\"@system\" \/>\n<meta name=\"twitter:site\" content=\"@FagorTaldea\" \/>\n<meta name=\"twitter:label1\" content=\"Escrito por\" \/>\n\t<meta name=\"twitter:data1\" content=\"komunikazioa\" \/>\n\t<meta name=\"twitter:label2\" content=\"Tiempo de lectura\" \/>\n\t<meta name=\"twitter:data2\" content=\"2 minutos\" \/>\n<script type=\"application\/ld+json\" class=\"yoast-schema-graph\">{\"@context\":\"https:\\\/\\\/schema.org\",\"@graph\":[{\"@type\":\"Article\",\"@id\":\"https:\\\/\\\/www.fagor.eus\\\/es\\\/fagor-vuelve-al-mercado-del-confort\\\/#article\",\"isPartOf\":{\"@id\":\"https:\\\/\\\/www.fagor.eus\\\/es\\\/fagor-vuelve-al-mercado-del-confort\\\/\"},\"author\":{\"name\":\"komunikazioa\",\"@id\":\"https:\\\/\\\/www.fagor.eus\\\/#\\\/schema\\\/person\\\/e09b7878906ad616c343aa3e5a83bc2f\"},\"headline\":\"La marca FAGOR vuelve al mercado del confort\",\"datePublished\":\"2024-11-26T11:15:26+00:00\",\"dateModified\":\"2024-11-26T11:28:21+00:00\",\"mainEntityOfPage\":{\"@id\":\"https:\\\/\\\/www.fagor.eus\\\/es\\\/fagor-vuelve-al-mercado-del-confort\\\/\"},\"wordCount\":261,\"image\":{\"@id\":\"https:\\\/\\\/www.fagor.eus\\\/es\\\/fagor-vuelve-al-mercado-del-confort\\\/#primaryimage\"},\"thumbnailUrl\":\"https:\\\/\\\/www.fagor.eus\\\/wp-content\\\/uploads\\\/2024\\\/11\\\/Fagor-Sareteknika-Fagor-Comfort-Solutions.jpg\",\"articleSection\":[\"Grupo Fagor\"],\"inLanguage\":\"es\"},{\"@type\":\"WebPage\",\"@id\":\"https:\\\/\\\/www.fagor.eus\\\/es\\\/fagor-vuelve-al-mercado-del-confort\\\/\",\"url\":\"https:\\\/\\\/www.fagor.eus\\\/es\\\/fagor-vuelve-al-mercado-del-confort\\\/\",\"name\":\"La marca FAGOR vuelve al mercado del confort &#187; Grupo Fagor\",\"isPartOf\":{\"@id\":\"https:\\\/\\\/www.fagor.eus\\\/#website\"},\"primaryImageOfPage\":{\"@id\":\"https:\\\/\\\/www.fagor.eus\\\/es\\\/fagor-vuelve-al-mercado-del-confort\\\/#primaryimage\"},\"image\":{\"@id\":\"https:\\\/\\\/www.fagor.eus\\\/es\\\/fagor-vuelve-al-mercado-del-confort\\\/#primaryimage\"},\"thumbnailUrl\":\"https:\\\/\\\/www.fagor.eus\\\/wp-content\\\/uploads\\\/2024\\\/11\\\/Fagor-Sareteknika-Fagor-Comfort-Solutions.jpg\",\"datePublished\":\"2024-11-26T11:15:26+00:00\",\"dateModified\":\"2024-11-26T11:28:21+00:00\",\"author\":{\"@id\":\"https:\\\/\\\/www.fagor.eus\\\/#\\\/schema\\\/person\\\/e09b7878906ad616c343aa3e5a83bc2f\"},\"description\":\"Con el acuerdo de licenciamiento de la marca FAGOR firmado entre Sareteknika y el Grupo Fagor, nace Fagor Comfort Solutions.\",\"breadcrumb\":{\"@id\":\"https:\\\/\\\/www.fagor.eus\\\/es\\\/fagor-vuelve-al-mercado-del-confort\\\/#breadcrumb\"},\"inLanguage\":\"es\",\"potentialAction\":[{\"@type\":\"ReadAction\",\"target\":[\"https:\\\/\\\/www.fagor.eus\\\/es\\\/fagor-vuelve-al-mercado-del-confort\\\/\"]}]},{\"@type\":\"ImageObject\",\"inLanguage\":\"es\",\"@id\":\"https:\\\/\\\/www.fagor.eus\\\/es\\\/fagor-vuelve-al-mercado-del-confort\\\/#primaryimage\",\"url\":\"https:\\\/\\\/www.fagor.eus\\\/wp-content\\\/uploads\\\/2024\\\/11\\\/Fagor-Sareteknika-Fagor-Comfort-Solutions.jpg\",\"contentUrl\":\"https:\\\/\\\/www.fagor.eus\\\/wp-content\\\/uploads\\\/2024\\\/11\\\/Fagor-Sareteknika-Fagor-Comfort-Solutions.jpg\",\"width\":2000,\"height\":1333,\"caption\":\"Fagor Sareteknika Fagor Comfort Solutions\"},{\"@type\":\"BreadcrumbList\",\"@id\":\"https:\\\/\\\/www.fagor.eus\\\/es\\\/fagor-vuelve-al-mercado-del-confort\\\/#breadcrumb\",\"itemListElement\":[{\"@type\":\"ListItem\",\"position\":1,\"name\":\"Home\",\"item\":\"https:\\\/\\\/www.fagor.eus\\\/es\\\/\"},{\"@type\":\"ListItem\",\"position\":2,\"name\":\"La marca FAGOR vuelve al mercado del confort\"}]},{\"@type\":\"WebSite\",\"@id\":\"https:\\\/\\\/www.fagor.eus\\\/#website\",\"url\":\"https:\\\/\\\/www.fagor.eus\\\/\",\"name\":\"Fagor\",\"description\":\"Trabajando por un futuro mejor\",\"potentialAction\":[{\"@type\":\"SearchAction\",\"target\":{\"@type\":\"EntryPoint\",\"urlTemplate\":\"https:\\\/\\\/www.fagor.eus\\\/?s={search_term_string}\"},\"query-input\":{\"@type\":\"PropertyValueSpecification\",\"valueRequired\":true,\"valueName\":\"search_term_string\"}}],\"inLanguage\":\"es\"},{\"@type\":\"Person\",\"@id\":\"https:\\\/\\\/www.fagor.eus\\\/#\\\/schema\\\/person\\\/e09b7878906ad616c343aa3e5a83bc2f\",\"name\":\"komunikazioa\",\"image\":{\"@type\":\"ImageObject\",\"inLanguage\":\"es\",\"@id\":\"https:\\\/\\\/secure.gravatar.com\\\/avatar\\\/0c624a67c23ed6ff6fd4111959b9a1001016b57c6bebaecbec025adcaa081e6e?s=96&d=mm&r=g\",\"url\":\"https:\\\/\\\/secure.gravatar.com\\\/avatar\\\/0c624a67c23ed6ff6fd4111959b9a1001016b57c6bebaecbec025adcaa081e6e?s=96&d=mm&r=g\",\"contentUrl\":\"https:\\\/\\\/secure.gravatar.com\\\/avatar\\\/0c624a67c23ed6ff6fd4111959b9a1001016b57c6bebaecbec025adcaa081e6e?s=96&d=mm&r=g\",\"caption\":\"komunikazioa\"},\"sameAs\":[\"https:\\\/\\\/x.com\\\/system\"],\"url\":\"https:\\\/\\\/www.fagor.eus\\\/es\\\/author\\\/komunikazioa\\\/\"}]}<\/script>\n<!-- \/ Yoast SEO plugin. -->","yoast_head_json":{"title":"La marca FAGOR vuelve al mercado del confort &#187; Grupo Fagor","description":"Con el acuerdo de licenciamiento de la marca FAGOR firmado entre Sareteknika y el Grupo Fagor, nace Fagor Comfort Solutions.","robots":{"index":"index","follow":"follow","max-snippet":"max-snippet:-1","max-image-preview":"max-image-preview:large","max-video-preview":"max-video-preview:-1"},"canonical":"https:\/\/www.fagor.eus\/es\/fagor-vuelve-al-mercado-del-confort\/","og_locale":"es_ES","og_type":"article","og_title":"La marca FAGOR vuelve al mercado del confort &#187; Grupo Fagor","og_description":"Con el acuerdo de licenciamiento de la marca FAGOR firmado entre Sareteknika y el Grupo Fagor, nace Fagor Comfort Solutions.","og_url":"https:\/\/www.fagor.eus\/es\/fagor-vuelve-al-mercado-del-confort\/","og_site_name":"FAGOR","article_published_time":"2024-11-26T11:15:26+00:00","article_modified_time":"2024-11-26T11:28:21+00:00","og_image":[{"width":2000,"height":1333,"url":"https:\/\/www.fagor.eus\/wp-content\/uploads\/2024\/11\/Fagor-Sareteknika-Fagor-Comfort-Solutions.jpg","type":"image\/jpeg"}],"author":"komunikazioa","twitter_card":"summary_large_image","twitter_creator":"@system","twitter_site":"@FagorTaldea","twitter_misc":{"Escrito por":"komunikazioa","Tiempo de lectura":"2 minutos"},"schema":{"@context":"https:\/\/schema.org","@graph":[{"@type":"Article","@id":"https:\/\/www.fagor.eus\/es\/fagor-vuelve-al-mercado-del-confort\/#article","isPartOf":{"@id":"https:\/\/www.fagor.eus\/es\/fagor-vuelve-al-mercado-del-confort\/"},"author":{"name":"komunikazioa","@id":"https:\/\/www.fagor.eus\/#\/schema\/person\/e09b7878906ad616c343aa3e5a83bc2f"},"headline":"La marca FAGOR vuelve al mercado del confort","datePublished":"2024-11-26T11:15:26+00:00","dateModified":"2024-11-26T11:28:21+00:00","mainEntityOfPage":{"@id":"https:\/\/www.fagor.eus\/es\/fagor-vuelve-al-mercado-del-confort\/"},"wordCount":261,"image":{"@id":"https:\/\/www.fagor.eus\/es\/fagor-vuelve-al-mercado-del-confort\/#primaryimage"},"thumbnailUrl":"https:\/\/www.fagor.eus\/wp-content\/uploads\/2024\/11\/Fagor-Sareteknika-Fagor-Comfort-Solutions.jpg","articleSection":["Grupo Fagor"],"inLanguage":"es"},{"@type":"WebPage","@id":"https:\/\/www.fagor.eus\/es\/fagor-vuelve-al-mercado-del-confort\/","url":"https:\/\/www.fagor.eus\/es\/fagor-vuelve-al-mercado-del-confort\/","name":"La marca FAGOR vuelve al mercado del confort &#187; Grupo Fagor","isPartOf":{"@id":"https:\/\/www.fagor.eus\/#website"},"primaryImageOfPage":{"@id":"https:\/\/www.fagor.eus\/es\/fagor-vuelve-al-mercado-del-confort\/#primaryimage"},"image":{"@id":"https:\/\/www.fagor.eus\/es\/fagor-vuelve-al-mercado-del-confort\/#primaryimage"},"thumbnailUrl":"https:\/\/www.fagor.eus\/wp-content\/uploads\/2024\/11\/Fagor-Sareteknika-Fagor-Comfort-Solutions.jpg","datePublished":"2024-11-26T11:15:26+00:00","dateModified":"2024-11-26T11:28:21+00:00","author":{"@id":"https:\/\/www.fagor.eus\/#\/schema\/person\/e09b7878906ad616c343aa3e5a83bc2f"},"description":"Con el acuerdo de licenciamiento de la marca FAGOR firmado entre Sareteknika y el Grupo Fagor, nace Fagor Comfort Solutions.","breadcrumb":{"@id":"https:\/\/www.fagor.eus\/es\/fagor-vuelve-al-mercado-del-confort\/#breadcrumb"},"inLanguage":"es","potentialAction":[{"@type":"ReadAction","target":["https:\/\/www.fagor.eus\/es\/fagor-vuelve-al-mercado-del-confort\/"]}]},{"@type":"ImageObject","inLanguage":"es","@id":"https:\/\/www.fagor.eus\/es\/fagor-vuelve-al-mercado-del-confort\/#primaryimage","url":"https:\/\/www.fagor.eus\/wp-content\/uploads\/2024\/11\/Fagor-Sareteknika-Fagor-Comfort-Solutions.jpg","contentUrl":"https:\/\/www.fagor.eus\/wp-content\/uploads\/2024\/11\/Fagor-Sareteknika-Fagor-Comfort-Solutions.jpg","width":2000,"height":1333,"caption":"Fagor Sareteknika Fagor Comfort Solutions"},{"@type":"BreadcrumbList","@id":"https:\/\/www.fagor.eus\/es\/fagor-vuelve-al-mercado-del-confort\/#breadcrumb","itemListElement":[{"@type":"ListItem","position":1,"name":"Home","item":"https:\/\/www.fagor.eus\/es\/"},{"@type":"ListItem","position":2,"name":"La marca FAGOR vuelve al mercado del confort"}]},{"@type":"WebSite","@id":"https:\/\/www.fagor.eus\/#website","url":"https:\/\/www.fagor.eus\/","name":"Fagor","description":"Trabajando por un futuro mejor","potentialAction":[{"@type":"SearchAction","target":{"@type":"EntryPoint","urlTemplate":"https:\/\/www.fagor.eus\/?s={search_term_string}"},"query-input":{"@type":"PropertyValueSpecification","valueRequired":true,"valueName":"search_term_string"}}],"inLanguage":"es"},{"@type":"Person","@id":"https:\/\/www.fagor.eus\/#\/schema\/person\/e09b7878906ad616c343aa3e5a83bc2f","name":"komunikazioa","image":{"@type":"ImageObject","inLanguage":"es","@id":"https:\/\/secure.gravatar.com\/avatar\/0c624a67c23ed6ff6fd4111959b9a1001016b57c6bebaecbec025adcaa081e6e?s=96&d=mm&r=g","url":"https:\/\/secure.gravatar.com\/avatar\/0c624a67c23ed6ff6fd4111959b9a1001016b57c6bebaecbec025adcaa081e6e?s=96&d=mm&r=g","contentUrl":"https:\/\/secure.gravatar.com\/avatar\/0c624a67c23ed6ff6fd4111959b9a1001016b57c6bebaecbec025adcaa081e6e?s=96&d=mm&r=g","caption":"komunikazioa"},"sameAs":["https:\/\/x.com\/system"],"url":"https:\/\/www.fagor.eus\/es\/author\/komunikazioa\/"}]}},"_links":{"self":[{"href":"https:\/\/www.fagor.eus\/es\/wp-json\/wp\/v2\/posts\/20508","targetHints":{"allow":["GET"]}}],"collection":[{"href":"https:\/\/www.fagor.eus\/es\/wp-json\/wp\/v2\/posts"}],"about":[{"href":"https:\/\/www.fagor.eus\/es\/wp-json\/wp\/v2\/types\/post"}],"author":[{"embeddable":true,"href":"https:\/\/www.fagor.eus\/es\/wp-json\/wp\/v2\/users\/4"}],"replies":[{"embeddable":true,"href":"https:\/\/www.fagor.eus\/es\/wp-json\/wp\/v2\/comments?post=20508"}],"version-history":[{"count":3,"href":"https:\/\/www.fagor.eus\/es\/wp-json\/wp\/v2\/posts\/20508\/revisions"}],"predecessor-version":[{"id":20514,"href":"https:\/\/www.fagor.eus\/es\/wp-json\/wp\/v2\/posts\/20508\/revisions\/20514"}],"wp:featuredmedia":[{"embeddable":true,"href":"https:\/\/www.fagor.eus\/es\/wp-json\/wp\/v2\/media\/20512"}],"wp:attachment":[{"href":"https:\/\/www.fagor.eus\/es\/wp-json\/wp\/v2\/media?parent=20508"}],"wp:term":[{"taxonomy":"category","embeddable":true,"href":"https:\/\/www.fagor.eus\/es\/wp-json\/wp\/v2\/categories?post=20508"},{"taxonomy":"post_tag","embeddable":true,"href":"https:\/\/www.fagor.eus\/es\/wp-json\/wp\/v2\/tags?post=20508"}],"curies":[{"name":"wp","href":"https:\/\/api.w.org\/{rel}","templated":true}]}}