{"id":20341,"date":"2024-10-28T16:44:50","date_gmt":"2024-10-28T14:44:50","guid":{"rendered":"https:\/\/www.fagor.eus\/?p=20341"},"modified":"2024-10-28T16:45:54","modified_gmt":"2024-10-28T14:45:54","slug":"recogida-de-alimentos-para-la-asociacion-zaporeak","status":"publish","type":"post","link":"https:\/\/www.fagor.eus\/es\/recogida-de-alimentos-para-la-asociacion-zaporeak\/","title":{"rendered":"Recogida de alimentos para la asociaci\u00f3n Zaporeak"},"content":{"rendered":"<p>Hace dos a\u00f1os comenzamos a cooperar con la\u00a0<span style=\"color: #ff0000;\"><a style=\"color: #ff0000;\" href=\"https:\/\/www.zaporeak.eus\/es\/\"><strong>asociaci\u00f3n Zaporeak<\/strong><\/a><\/span>. Siguiendo esta din\u00e1mica, entre el 22 y el 31 de octubre, realizaremos una recogida de alimentos en todas las cooperativas de Fagor.\u00a0<strong>El a\u00f1o pasado aportamos 1.400 kg<\/strong>\u00a0de alimentos. \u00a1El reto es superar esa cifra!<\/p>\n<p>La cantidad de raciones que Zaporeak proporciona diariamente a las personas refugiadas de la isla griega de Lesbos ha aumentado considerablemente: en 2023, pas\u00f3 de 2.000 a 2.200 raciones.\u00a0<strong>Este a\u00f1o ya son 3.000 raciones.<\/strong>\u00a0El a\u00f1o pasado Onnera Group don\u00f3 una nueva cocina a Zaporeak, que, entre otras cosas, permiti\u00f3 reforzar el\u00a0<span style=\"color: #ff0000;\"><a style=\"color: #ff0000;\" href=\"https:\/\/www.zaporeak.eus\/es\/proyectos\/lesbos\/\" target=\"_blank\" rel=\"noopener\"><strong>proyecto de Lesbos<\/strong><\/a><\/span>.<\/p>\n<p>Dicho eso, queremos invitarte a participar en esta nueva iniciativa que estar\u00e1 en marcha\u00a0<strong>del 22 al 31 de octubre<\/strong> llevando estos alimentos a los puntos de recogida que encontrar\u00e1s en las diferentes cooperativas de Fagor:<\/p>\n<ul>\n<li><strong>Arroz.<\/strong><\/li>\n<li><strong>Pasta.<\/strong><\/li>\n<li><strong>Aceite.<\/strong><\/li>\n<\/ul>\n<p>He aqu\u00ed la lista de todos los puntos de recogida. \u00a1Gracias de antemano!<\/p>\n<p>Fagor Arrasate<\/p>\n<ul>\n<li>Zona de fichaje del taller del antiguo Fagor Electrodom\u00e9sticos (Arrasate).<\/li>\n<li>Oficina (Donostia).<\/li>\n<li>Planta (Markina).<\/li>\n<li>Planta (Zamudio).<\/li>\n<\/ul>\n<p>Fagor Automation<\/p>\n<ul>\n<li>Entrada de Fagor Arrasate, pegado a las escaleras (Arrasate).<\/li>\n<li>Recepci\u00f3n, en la primera planta (Eskoriatza).<\/li>\n<li>Almac\u00e9n (Usurbil).<\/li>\n<\/ul>\n<p>Fagor Ederlan<\/p>\n<ul>\n<li>Zona de fichaje Transmisi\u00f3n\/Utillajes M+T (Aretxabaleta).<\/li>\n<li>Zona de fichaje de Portamanguetas de hierro-Fundici\u00f3n (Eskoriatza).<\/li>\n<li>Zona de fichaje Motor+BBOO (Eskoriatza).<\/li>\n<li>Entrada principal de las oficinas centrales del Grupo Fagor (SAT (utillaje) de Arrasate).<\/li>\n<li>\u00c1rea de descanso de AL+Fe Portamanguetas (Arrasate).<\/li>\n<li>Zona de fichaje de Mecanizado-Discos (Arrasate).<\/li>\n<li>Zona de fichaje Markulete-Discos (Arrasate).<\/li>\n<li>Zona de fichaje Uribarri-Discos (Arrasate).<\/li>\n<li>Zona de fichaje Edertek (Arrasate).<\/li>\n<li>Zona de fichaje AL Portamanguetas (Bergara).<\/li>\n<li>Zona de fichaje Mecanizado-FE Portamanguetas (Bergara).<\/li>\n<li>Planta (Usurbil).<\/li>\n<\/ul>\n<p>Fagor Electr\u00f3nica<\/p>\n<ul>\n<li>3 \u00e1reas de descanso (Arrasate).<\/li>\n<\/ul>\n<p>Oficinas centrales del Grupo Fagor<\/p>\n<ul>\n<li>Entrada principal (Arrasate).<\/li>\n<\/ul>\n<p>Copreci<\/p>\n<ul>\n<li>3 entradas principales (Aretxabaleta).<\/li>\n<li>Entrada principal (Arrasate).<\/li>\n<li>Planta (Altsasu).<\/li>\n<\/ul>\n<p>Galbaian<\/p>\n<ul>\n<li>Oficina (Arrasate).<\/li>\n<\/ul>\n<p>Mondragon Assembly<\/p>\n<ul>\n<li>Comedor (Aretxabaleta).<\/li>\n<\/ul>\n<p>Onnera Group<\/p>\n<ul>\n<li>Recepci\u00f3n de las oficinas (O\u00f1ati).<\/li>\n<li>Recepci\u00f3n del taller (O\u00f1ati).<\/li>\n<\/ul>\n","protected":false},"excerpt":{"rendered":"<p>Hace dos a\u00f1os comenzamos a cooperar con la\u00a0asociaci\u00f3n Zaporeak. Siguiendo esta din\u00e1mica, entre el 22 y el 31 de octubre, realizaremos una recogida de alimentos en todas las cooperativas de&#8230;<\/p>\n","protected":false},"author":4,"featured_media":20339,"comment_status":"closed","ping_status":"open","sticky":false,"template":"","format":"standard","meta":{"footnotes":""},"categories":[125],"tags":[],"class_list":{"0":"post-20341","1":"post","2":"type-post","3":"status-publish","4":"format-standard","5":"has-post-thumbnail","7":"category-boletin"},"yoast_head":"<!-- This site is optimized with the Yoast SEO plugin v27.4 - https:\/\/yoast.com\/product\/yoast-seo-wordpress\/ -->\n<title>Recogida de alimentos para la asociaci\u00f3n Zaporeak &#187; FAGOR Trabajando por un futuro mejor<\/title>\n<meta name=\"robots\" content=\"index, follow, max-snippet:-1, max-image-preview:large, max-video-preview:-1\" \/>\n<link rel=\"canonical\" href=\"https:\/\/www.fagor.eus\/es\/recogida-de-alimentos-para-la-asociacion-zaporeak\/\" \/>\n<meta property=\"og:locale\" content=\"es_ES\" \/>\n<meta property=\"og:type\" content=\"article\" \/>\n<meta property=\"og:title\" content=\"Recogida de alimentos para la asociaci\u00f3n Zaporeak &#187; FAGOR Trabajando por un futuro mejor\" \/>\n<meta property=\"og:description\" content=\"Hace dos a\u00f1os comenzamos a cooperar con la\u00a0asociaci\u00f3n Zaporeak. Siguiendo esta din\u00e1mica, entre el 22 y el 31 de octubre, realizaremos una recogida de alimentos en todas las cooperativas de...\" \/>\n<meta property=\"og:url\" content=\"https:\/\/www.fagor.eus\/es\/recogida-de-alimentos-para-la-asociacion-zaporeak\/\" \/>\n<meta property=\"og:site_name\" content=\"FAGOR\" \/>\n<meta property=\"article:published_time\" content=\"2024-10-28T14:44:50+00:00\" \/>\n<meta property=\"article:modified_time\" content=\"2024-10-28T14:45:54+00:00\" \/>\n<meta property=\"og:image\" content=\"https:\/\/www.fagor.eus\/wp-content\/uploads\/2024\/10\/Zaporeak-y-el-Grupo-Fagor-recpgida-de-alimentos.jpg\" \/>\n\t<meta property=\"og:image:width\" content=\"2000\" \/>\n\t<meta property=\"og:image:height\" content=\"1333\" \/>\n\t<meta property=\"og:image:type\" content=\"image\/jpeg\" \/>\n<meta name=\"author\" content=\"komunikazioa\" \/>\n<meta name=\"twitter:card\" content=\"summary_large_image\" \/>\n<meta name=\"twitter:creator\" content=\"@system\" \/>\n<meta name=\"twitter:site\" content=\"@FagorTaldea\" \/>\n<meta name=\"twitter:label1\" content=\"Escrito por\" \/>\n\t<meta name=\"twitter:data1\" content=\"komunikazioa\" \/>\n\t<meta name=\"twitter:label2\" content=\"Tiempo de lectura\" \/>\n\t<meta name=\"twitter:data2\" content=\"2 minutos\" \/>\n<script type=\"application\/ld+json\" class=\"yoast-schema-graph\">{\"@context\":\"https:\\\/\\\/schema.org\",\"@graph\":[{\"@type\":\"Article\",\"@id\":\"https:\\\/\\\/www.fagor.eus\\\/es\\\/recogida-de-alimentos-para-la-asociacion-zaporeak\\\/#article\",\"isPartOf\":{\"@id\":\"https:\\\/\\\/www.fagor.eus\\\/es\\\/recogida-de-alimentos-para-la-asociacion-zaporeak\\\/\"},\"author\":{\"name\":\"komunikazioa\",\"@id\":\"https:\\\/\\\/www.fagor.eus\\\/#\\\/schema\\\/person\\\/e09b7878906ad616c343aa3e5a83bc2f\"},\"headline\":\"Recogida de alimentos para la asociaci\u00f3n Zaporeak\",\"datePublished\":\"2024-10-28T14:44:50+00:00\",\"dateModified\":\"2024-10-28T14:45:54+00:00\",\"mainEntityOfPage\":{\"@id\":\"https:\\\/\\\/www.fagor.eus\\\/es\\\/recogida-de-alimentos-para-la-asociacion-zaporeak\\\/\"},\"wordCount\":328,\"image\":{\"@id\":\"https:\\\/\\\/www.fagor.eus\\\/es\\\/recogida-de-alimentos-para-la-asociacion-zaporeak\\\/#primaryimage\"},\"thumbnailUrl\":\"https:\\\/\\\/www.fagor.eus\\\/wp-content\\\/uploads\\\/2024\\\/10\\\/Zaporeak-y-el-Grupo-Fagor-recpgida-de-alimentos.jpg\",\"articleSection\":[\"Bolet\u00edn\"],\"inLanguage\":\"es\"},{\"@type\":\"WebPage\",\"@id\":\"https:\\\/\\\/www.fagor.eus\\\/es\\\/recogida-de-alimentos-para-la-asociacion-zaporeak\\\/\",\"url\":\"https:\\\/\\\/www.fagor.eus\\\/es\\\/recogida-de-alimentos-para-la-asociacion-zaporeak\\\/\",\"name\":\"Recogida de alimentos para la asociaci\u00f3n Zaporeak &#187; FAGOR Trabajando por un futuro mejor\",\"isPartOf\":{\"@id\":\"https:\\\/\\\/www.fagor.eus\\\/#website\"},\"primaryImageOfPage\":{\"@id\":\"https:\\\/\\\/www.fagor.eus\\\/es\\\/recogida-de-alimentos-para-la-asociacion-zaporeak\\\/#primaryimage\"},\"image\":{\"@id\":\"https:\\\/\\\/www.fagor.eus\\\/es\\\/recogida-de-alimentos-para-la-asociacion-zaporeak\\\/#primaryimage\"},\"thumbnailUrl\":\"https:\\\/\\\/www.fagor.eus\\\/wp-content\\\/uploads\\\/2024\\\/10\\\/Zaporeak-y-el-Grupo-Fagor-recpgida-de-alimentos.jpg\",\"datePublished\":\"2024-10-28T14:44:50+00:00\",\"dateModified\":\"2024-10-28T14:45:54+00:00\",\"author\":{\"@id\":\"https:\\\/\\\/www.fagor.eus\\\/#\\\/schema\\\/person\\\/e09b7878906ad616c343aa3e5a83bc2f\"},\"breadcrumb\":{\"@id\":\"https:\\\/\\\/www.fagor.eus\\\/es\\\/recogida-de-alimentos-para-la-asociacion-zaporeak\\\/#breadcrumb\"},\"inLanguage\":\"es\",\"potentialAction\":[{\"@type\":\"ReadAction\",\"target\":[\"https:\\\/\\\/www.fagor.eus\\\/es\\\/recogida-de-alimentos-para-la-asociacion-zaporeak\\\/\"]}]},{\"@type\":\"ImageObject\",\"inLanguage\":\"es\",\"@id\":\"https:\\\/\\\/www.fagor.eus\\\/es\\\/recogida-de-alimentos-para-la-asociacion-zaporeak\\\/#primaryimage\",\"url\":\"https:\\\/\\\/www.fagor.eus\\\/wp-content\\\/uploads\\\/2024\\\/10\\\/Zaporeak-y-el-Grupo-Fagor-recpgida-de-alimentos.jpg\",\"contentUrl\":\"https:\\\/\\\/www.fagor.eus\\\/wp-content\\\/uploads\\\/2024\\\/10\\\/Zaporeak-y-el-Grupo-Fagor-recpgida-de-alimentos.jpg\",\"width\":2000,\"height\":1333},{\"@type\":\"BreadcrumbList\",\"@id\":\"https:\\\/\\\/www.fagor.eus\\\/es\\\/recogida-de-alimentos-para-la-asociacion-zaporeak\\\/#breadcrumb\",\"itemListElement\":[{\"@type\":\"ListItem\",\"position\":1,\"name\":\"Home\",\"item\":\"https:\\\/\\\/www.fagor.eus\\\/es\\\/\"},{\"@type\":\"ListItem\",\"position\":2,\"name\":\"Recogida de alimentos para la asociaci\u00f3n Zaporeak\"}]},{\"@type\":\"WebSite\",\"@id\":\"https:\\\/\\\/www.fagor.eus\\\/#website\",\"url\":\"https:\\\/\\\/www.fagor.eus\\\/\",\"name\":\"Fagor\",\"description\":\"Trabajando por un futuro mejor\",\"potentialAction\":[{\"@type\":\"SearchAction\",\"target\":{\"@type\":\"EntryPoint\",\"urlTemplate\":\"https:\\\/\\\/www.fagor.eus\\\/?s={search_term_string}\"},\"query-input\":{\"@type\":\"PropertyValueSpecification\",\"valueRequired\":true,\"valueName\":\"search_term_string\"}}],\"inLanguage\":\"es\"},{\"@type\":\"Person\",\"@id\":\"https:\\\/\\\/www.fagor.eus\\\/#\\\/schema\\\/person\\\/e09b7878906ad616c343aa3e5a83bc2f\",\"name\":\"komunikazioa\",\"image\":{\"@type\":\"ImageObject\",\"inLanguage\":\"es\",\"@id\":\"https:\\\/\\\/secure.gravatar.com\\\/avatar\\\/0c624a67c23ed6ff6fd4111959b9a1001016b57c6bebaecbec025adcaa081e6e?s=96&d=mm&r=g\",\"url\":\"https:\\\/\\\/secure.gravatar.com\\\/avatar\\\/0c624a67c23ed6ff6fd4111959b9a1001016b57c6bebaecbec025adcaa081e6e?s=96&d=mm&r=g\",\"contentUrl\":\"https:\\\/\\\/secure.gravatar.com\\\/avatar\\\/0c624a67c23ed6ff6fd4111959b9a1001016b57c6bebaecbec025adcaa081e6e?s=96&d=mm&r=g\",\"caption\":\"komunikazioa\"},\"sameAs\":[\"https:\\\/\\\/x.com\\\/system\"],\"url\":\"https:\\\/\\\/www.fagor.eus\\\/es\\\/author\\\/komunikazioa\\\/\"}]}<\/script>\n<!-- \/ Yoast SEO plugin. -->","yoast_head_json":{"title":"Recogida de alimentos para la asociaci\u00f3n Zaporeak &#187; FAGOR Trabajando por un futuro mejor","robots":{"index":"index","follow":"follow","max-snippet":"max-snippet:-1","max-image-preview":"max-image-preview:large","max-video-preview":"max-video-preview:-1"},"canonical":"https:\/\/www.fagor.eus\/es\/recogida-de-alimentos-para-la-asociacion-zaporeak\/","og_locale":"es_ES","og_type":"article","og_title":"Recogida de alimentos para la asociaci\u00f3n Zaporeak &#187; FAGOR Trabajando por un futuro mejor","og_description":"Hace dos a\u00f1os comenzamos a cooperar con la\u00a0asociaci\u00f3n Zaporeak. Siguiendo esta din\u00e1mica, entre el 22 y el 31 de octubre, realizaremos una recogida de alimentos en todas las cooperativas de...","og_url":"https:\/\/www.fagor.eus\/es\/recogida-de-alimentos-para-la-asociacion-zaporeak\/","og_site_name":"FAGOR","article_published_time":"2024-10-28T14:44:50+00:00","article_modified_time":"2024-10-28T14:45:54+00:00","og_image":[{"width":2000,"height":1333,"url":"https:\/\/www.fagor.eus\/wp-content\/uploads\/2024\/10\/Zaporeak-y-el-Grupo-Fagor-recpgida-de-alimentos.jpg","type":"image\/jpeg"}],"author":"komunikazioa","twitter_card":"summary_large_image","twitter_creator":"@system","twitter_site":"@FagorTaldea","twitter_misc":{"Escrito por":"komunikazioa","Tiempo de lectura":"2 minutos"},"schema":{"@context":"https:\/\/schema.org","@graph":[{"@type":"Article","@id":"https:\/\/www.fagor.eus\/es\/recogida-de-alimentos-para-la-asociacion-zaporeak\/#article","isPartOf":{"@id":"https:\/\/www.fagor.eus\/es\/recogida-de-alimentos-para-la-asociacion-zaporeak\/"},"author":{"name":"komunikazioa","@id":"https:\/\/www.fagor.eus\/#\/schema\/person\/e09b7878906ad616c343aa3e5a83bc2f"},"headline":"Recogida de alimentos para la asociaci\u00f3n Zaporeak","datePublished":"2024-10-28T14:44:50+00:00","dateModified":"2024-10-28T14:45:54+00:00","mainEntityOfPage":{"@id":"https:\/\/www.fagor.eus\/es\/recogida-de-alimentos-para-la-asociacion-zaporeak\/"},"wordCount":328,"image":{"@id":"https:\/\/www.fagor.eus\/es\/recogida-de-alimentos-para-la-asociacion-zaporeak\/#primaryimage"},"thumbnailUrl":"https:\/\/www.fagor.eus\/wp-content\/uploads\/2024\/10\/Zaporeak-y-el-Grupo-Fagor-recpgida-de-alimentos.jpg","articleSection":["Bolet\u00edn"],"inLanguage":"es"},{"@type":"WebPage","@id":"https:\/\/www.fagor.eus\/es\/recogida-de-alimentos-para-la-asociacion-zaporeak\/","url":"https:\/\/www.fagor.eus\/es\/recogida-de-alimentos-para-la-asociacion-zaporeak\/","name":"Recogida de alimentos para la asociaci\u00f3n Zaporeak &#187; FAGOR Trabajando por un futuro mejor","isPartOf":{"@id":"https:\/\/www.fagor.eus\/#website"},"primaryImageOfPage":{"@id":"https:\/\/www.fagor.eus\/es\/recogida-de-alimentos-para-la-asociacion-zaporeak\/#primaryimage"},"image":{"@id":"https:\/\/www.fagor.eus\/es\/recogida-de-alimentos-para-la-asociacion-zaporeak\/#primaryimage"},"thumbnailUrl":"https:\/\/www.fagor.eus\/wp-content\/uploads\/2024\/10\/Zaporeak-y-el-Grupo-Fagor-recpgida-de-alimentos.jpg","datePublished":"2024-10-28T14:44:50+00:00","dateModified":"2024-10-28T14:45:54+00:00","author":{"@id":"https:\/\/www.fagor.eus\/#\/schema\/person\/e09b7878906ad616c343aa3e5a83bc2f"},"breadcrumb":{"@id":"https:\/\/www.fagor.eus\/es\/recogida-de-alimentos-para-la-asociacion-zaporeak\/#breadcrumb"},"inLanguage":"es","potentialAction":[{"@type":"ReadAction","target":["https:\/\/www.fagor.eus\/es\/recogida-de-alimentos-para-la-asociacion-zaporeak\/"]}]},{"@type":"ImageObject","inLanguage":"es","@id":"https:\/\/www.fagor.eus\/es\/recogida-de-alimentos-para-la-asociacion-zaporeak\/#primaryimage","url":"https:\/\/www.fagor.eus\/wp-content\/uploads\/2024\/10\/Zaporeak-y-el-Grupo-Fagor-recpgida-de-alimentos.jpg","contentUrl":"https:\/\/www.fagor.eus\/wp-content\/uploads\/2024\/10\/Zaporeak-y-el-Grupo-Fagor-recpgida-de-alimentos.jpg","width":2000,"height":1333},{"@type":"BreadcrumbList","@id":"https:\/\/www.fagor.eus\/es\/recogida-de-alimentos-para-la-asociacion-zaporeak\/#breadcrumb","itemListElement":[{"@type":"ListItem","position":1,"name":"Home","item":"https:\/\/www.fagor.eus\/es\/"},{"@type":"ListItem","position":2,"name":"Recogida de alimentos para la asociaci\u00f3n Zaporeak"}]},{"@type":"WebSite","@id":"https:\/\/www.fagor.eus\/#website","url":"https:\/\/www.fagor.eus\/","name":"Fagor","description":"Trabajando por un futuro mejor","potentialAction":[{"@type":"SearchAction","target":{"@type":"EntryPoint","urlTemplate":"https:\/\/www.fagor.eus\/?s={search_term_string}"},"query-input":{"@type":"PropertyValueSpecification","valueRequired":true,"valueName":"search_term_string"}}],"inLanguage":"es"},{"@type":"Person","@id":"https:\/\/www.fagor.eus\/#\/schema\/person\/e09b7878906ad616c343aa3e5a83bc2f","name":"komunikazioa","image":{"@type":"ImageObject","inLanguage":"es","@id":"https:\/\/secure.gravatar.com\/avatar\/0c624a67c23ed6ff6fd4111959b9a1001016b57c6bebaecbec025adcaa081e6e?s=96&d=mm&r=g","url":"https:\/\/secure.gravatar.com\/avatar\/0c624a67c23ed6ff6fd4111959b9a1001016b57c6bebaecbec025adcaa081e6e?s=96&d=mm&r=g","contentUrl":"https:\/\/secure.gravatar.com\/avatar\/0c624a67c23ed6ff6fd4111959b9a1001016b57c6bebaecbec025adcaa081e6e?s=96&d=mm&r=g","caption":"komunikazioa"},"sameAs":["https:\/\/x.com\/system"],"url":"https:\/\/www.fagor.eus\/es\/author\/komunikazioa\/"}]}},"_links":{"self":[{"href":"https:\/\/www.fagor.eus\/es\/wp-json\/wp\/v2\/posts\/20341","targetHints":{"allow":["GET"]}}],"collection":[{"href":"https:\/\/www.fagor.eus\/es\/wp-json\/wp\/v2\/posts"}],"about":[{"href":"https:\/\/www.fagor.eus\/es\/wp-json\/wp\/v2\/types\/post"}],"author":[{"embeddable":true,"href":"https:\/\/www.fagor.eus\/es\/wp-json\/wp\/v2\/users\/4"}],"replies":[{"embeddable":true,"href":"https:\/\/www.fagor.eus\/es\/wp-json\/wp\/v2\/comments?post=20341"}],"version-history":[{"count":2,"href":"https:\/\/www.fagor.eus\/es\/wp-json\/wp\/v2\/posts\/20341\/revisions"}],"predecessor-version":[{"id":20344,"href":"https:\/\/www.fagor.eus\/es\/wp-json\/wp\/v2\/posts\/20341\/revisions\/20344"}],"wp:featuredmedia":[{"embeddable":true,"href":"https:\/\/www.fagor.eus\/es\/wp-json\/wp\/v2\/media\/20339"}],"wp:attachment":[{"href":"https:\/\/www.fagor.eus\/es\/wp-json\/wp\/v2\/media?parent=20341"}],"wp:term":[{"taxonomy":"category","embeddable":true,"href":"https:\/\/www.fagor.eus\/es\/wp-json\/wp\/v2\/categories?post=20341"},{"taxonomy":"post_tag","embeddable":true,"href":"https:\/\/www.fagor.eus\/es\/wp-json\/wp\/v2\/tags?post=20341"}],"curies":[{"name":"wp","href":"https:\/\/api.w.org\/{rel}","templated":true}]}}