{"id":20105,"date":"2024-09-25T17:26:02","date_gmt":"2024-09-25T15:26:02","guid":{"rendered":"https:\/\/www.fagor.eus\/?p=20105"},"modified":"2024-09-25T17:26:02","modified_gmt":"2024-09-25T15:26:02","slug":"comienza-la-cuenta-atras-para-la-nueva-edicion-del-programa-de-cooperacion-fagor-herrigintza","status":"publish","type":"post","link":"https:\/\/www.fagor.eus\/es\/comienza-la-cuenta-atras-para-la-nueva-edicion-del-programa-de-cooperacion-fagor-herrigintza\/","title":{"rendered":"Comienza la cuenta atr\u00e1s para la nueva edici\u00f3n del programa de cooperaci\u00f3n Fagor Herrigintza"},"content":{"rendered":"<p>Comienza la cuenta atr\u00e1s para la nueva edici\u00f3n del programa de cooperaci\u00f3n Fagor Herrigintza. Los agentes sociales que quieran presentar sus propuestas deber\u00e1n hacerlo antes del 30 de septiembre (lunes). Una vez m\u00e1s, el Grupo Fagor destinar\u00e1 tres ayudas econ\u00f3micas (60.000 euros, 40.000 euros y 20.000 euros), 120.000 euros, en total. Las propuestas deben ser presentadas al menos en euskera, en <em>fagor.eus<\/em>.<\/p>\n<p>Una vez finalizado el plazo para presentar propuestas y valorar cada una de ellas seg\u00fan las bases previamente publicadas en la p\u00e1gina web, ser\u00e1n las personas socias quienes con sus votos decidan qu\u00e9 tres proyectos contar\u00e1n con la ayuda del programa de cooperaci\u00f3n Fagor Herrigintza \u2014tendr\u00e1n que elegir entre las iniciativas que han obtenido mayor puntuaci\u00f3n\u2014. La decisi\u00f3n final ser\u00e1 comunicada el 16 de diciembre en la p\u00e1gina web de Fagor y diversos medios de comunicaci\u00f3n.<\/p>\n<p>\u201cLa nueva edici\u00f3n est\u00e1 teniendo una buena acogida. Son varios tanto los agentes sociales que han presentado sus propuestas como los que se han puesto en contacto para aclarar ciertas dudas. Es una convocatoria que va cogiendo fuerza y que cada vez es m\u00e1s referente\u201d, explica Aritz Otxandiano Kanpo, responsable de sostenibilidad del Grupo Fagor.<\/p>\n<p>&nbsp;<\/p>\n","protected":false},"excerpt":{"rendered":"<p>Comienza la cuenta atr\u00e1s para la nueva edici\u00f3n del programa de cooperaci\u00f3n Fagor Herrigintza. Los agentes sociales que quieran presentar sus propuestas deber\u00e1n hacerlo antes del 30 de septiembre (lunes). Una vez m\u00e1s, el Grupo Fagor destinar\u00e1 tres ayudas econ\u00f3micas, 120.000 euros, en total.<\/p>\n","protected":false},"author":4,"featured_media":20004,"comment_status":"closed","ping_status":"open","sticky":false,"template":"","format":"standard","meta":{"footnotes":""},"categories":[104],"tags":[],"class_list":{"0":"post-20105","1":"post","2":"type-post","3":"status-publish","4":"format-standard","5":"has-post-thumbnail","7":"category-grupo-fagor-es"},"yoast_head":"<!-- This site is optimized with the Yoast SEO plugin v27.4 - https:\/\/yoast.com\/product\/yoast-seo-wordpress\/ -->\n<title>Comienza la cuenta atr\u00e1s para Fagor Herrigintza &#187; FAGOR<\/title>\n<meta name=\"description\" content=\"Comienza la cuenta atr\u00e1s para la nueva edici\u00f3n de Fagor Herrigintza. El plazo para presentar propuestas finaliza el 30 de septiembre.\" \/>\n<meta name=\"robots\" content=\"index, follow, max-snippet:-1, max-image-preview:large, max-video-preview:-1\" \/>\n<link rel=\"canonical\" href=\"https:\/\/www.fagor.eus\/es\/comienza-la-cuenta-atras-para-la-nueva-edicion-del-programa-de-cooperacion-fagor-herrigintza\/\" \/>\n<meta property=\"og:locale\" content=\"es_ES\" \/>\n<meta property=\"og:type\" content=\"article\" \/>\n<meta property=\"og:title\" content=\"Comienza la cuenta atr\u00e1s para Fagor Herrigintza &#187; FAGOR\" \/>\n<meta property=\"og:description\" content=\"Comienza la cuenta atr\u00e1s para la nueva edici\u00f3n de Fagor Herrigintza. El plazo para presentar propuestas finaliza el 30 de septiembre.\" \/>\n<meta property=\"og:url\" content=\"https:\/\/www.fagor.eus\/es\/comienza-la-cuenta-atras-para-la-nueva-edicion-del-programa-de-cooperacion-fagor-herrigintza\/\" \/>\n<meta property=\"og:site_name\" content=\"FAGOR\" \/>\n<meta property=\"article:published_time\" content=\"2024-09-25T15:26:02+00:00\" \/>\n<meta property=\"og:image\" content=\"https:\/\/www.fagor.eus\/wp-content\/uploads\/2024\/09\/Inurru-Fagor-Herrigintza-2024-Fagor.jpg\" \/>\n\t<meta property=\"og:image:width\" content=\"2000\" \/>\n\t<meta property=\"og:image:height\" content=\"1333\" \/>\n\t<meta property=\"og:image:type\" content=\"image\/jpeg\" \/>\n<meta name=\"author\" content=\"komunikazioa\" \/>\n<meta name=\"twitter:card\" content=\"summary_large_image\" \/>\n<meta name=\"twitter:creator\" content=\"@system\" \/>\n<meta name=\"twitter:site\" content=\"@FagorTaldea\" \/>\n<meta name=\"twitter:label1\" content=\"Escrito por\" \/>\n\t<meta name=\"twitter:data1\" content=\"komunikazioa\" \/>\n\t<meta name=\"twitter:label2\" content=\"Tiempo de lectura\" \/>\n\t<meta name=\"twitter:data2\" content=\"2 minutos\" \/>\n<script type=\"application\/ld+json\" class=\"yoast-schema-graph\">{\"@context\":\"https:\\\/\\\/schema.org\",\"@graph\":[{\"@type\":\"Article\",\"@id\":\"https:\\\/\\\/www.fagor.eus\\\/es\\\/comienza-la-cuenta-atras-para-la-nueva-edicion-del-programa-de-cooperacion-fagor-herrigintza\\\/#article\",\"isPartOf\":{\"@id\":\"https:\\\/\\\/www.fagor.eus\\\/es\\\/comienza-la-cuenta-atras-para-la-nueva-edicion-del-programa-de-cooperacion-fagor-herrigintza\\\/\"},\"author\":{\"name\":\"komunikazioa\",\"@id\":\"https:\\\/\\\/www.fagor.eus\\\/#\\\/schema\\\/person\\\/e09b7878906ad616c343aa3e5a83bc2f\"},\"headline\":\"Comienza la cuenta atr\u00e1s para la nueva edici\u00f3n del programa de cooperaci\u00f3n Fagor Herrigintza\",\"datePublished\":\"2024-09-25T15:26:02+00:00\",\"mainEntityOfPage\":{\"@id\":\"https:\\\/\\\/www.fagor.eus\\\/es\\\/comienza-la-cuenta-atras-para-la-nueva-edicion-del-programa-de-cooperacion-fagor-herrigintza\\\/\"},\"wordCount\":224,\"image\":{\"@id\":\"https:\\\/\\\/www.fagor.eus\\\/es\\\/comienza-la-cuenta-atras-para-la-nueva-edicion-del-programa-de-cooperacion-fagor-herrigintza\\\/#primaryimage\"},\"thumbnailUrl\":\"https:\\\/\\\/www.fagor.eus\\\/wp-content\\\/uploads\\\/2024\\\/09\\\/Inurru-Fagor-Herrigintza-2024-Fagor.jpg\",\"articleSection\":[\"Grupo Fagor\"],\"inLanguage\":\"es\"},{\"@type\":\"WebPage\",\"@id\":\"https:\\\/\\\/www.fagor.eus\\\/es\\\/comienza-la-cuenta-atras-para-la-nueva-edicion-del-programa-de-cooperacion-fagor-herrigintza\\\/\",\"url\":\"https:\\\/\\\/www.fagor.eus\\\/es\\\/comienza-la-cuenta-atras-para-la-nueva-edicion-del-programa-de-cooperacion-fagor-herrigintza\\\/\",\"name\":\"Comienza la cuenta atr\u00e1s para Fagor Herrigintza &#187; FAGOR\",\"isPartOf\":{\"@id\":\"https:\\\/\\\/www.fagor.eus\\\/#website\"},\"primaryImageOfPage\":{\"@id\":\"https:\\\/\\\/www.fagor.eus\\\/es\\\/comienza-la-cuenta-atras-para-la-nueva-edicion-del-programa-de-cooperacion-fagor-herrigintza\\\/#primaryimage\"},\"image\":{\"@id\":\"https:\\\/\\\/www.fagor.eus\\\/es\\\/comienza-la-cuenta-atras-para-la-nueva-edicion-del-programa-de-cooperacion-fagor-herrigintza\\\/#primaryimage\"},\"thumbnailUrl\":\"https:\\\/\\\/www.fagor.eus\\\/wp-content\\\/uploads\\\/2024\\\/09\\\/Inurru-Fagor-Herrigintza-2024-Fagor.jpg\",\"datePublished\":\"2024-09-25T15:26:02+00:00\",\"author\":{\"@id\":\"https:\\\/\\\/www.fagor.eus\\\/#\\\/schema\\\/person\\\/e09b7878906ad616c343aa3e5a83bc2f\"},\"description\":\"Comienza la cuenta atr\u00e1s para la nueva edici\u00f3n de Fagor Herrigintza. El plazo para presentar propuestas finaliza el 30 de septiembre.\",\"breadcrumb\":{\"@id\":\"https:\\\/\\\/www.fagor.eus\\\/es\\\/comienza-la-cuenta-atras-para-la-nueva-edicion-del-programa-de-cooperacion-fagor-herrigintza\\\/#breadcrumb\"},\"inLanguage\":\"es\",\"potentialAction\":[{\"@type\":\"ReadAction\",\"target\":[\"https:\\\/\\\/www.fagor.eus\\\/es\\\/comienza-la-cuenta-atras-para-la-nueva-edicion-del-programa-de-cooperacion-fagor-herrigintza\\\/\"]}]},{\"@type\":\"ImageObject\",\"inLanguage\":\"es\",\"@id\":\"https:\\\/\\\/www.fagor.eus\\\/es\\\/comienza-la-cuenta-atras-para-la-nueva-edicion-del-programa-de-cooperacion-fagor-herrigintza\\\/#primaryimage\",\"url\":\"https:\\\/\\\/www.fagor.eus\\\/wp-content\\\/uploads\\\/2024\\\/09\\\/Inurru-Fagor-Herrigintza-2024-Fagor.jpg\",\"contentUrl\":\"https:\\\/\\\/www.fagor.eus\\\/wp-content\\\/uploads\\\/2024\\\/09\\\/Inurru-Fagor-Herrigintza-2024-Fagor.jpg\",\"width\":2000,\"height\":1333,\"caption\":\"Inurri-Fagor Herrigintza 2024-Fagor\"},{\"@type\":\"BreadcrumbList\",\"@id\":\"https:\\\/\\\/www.fagor.eus\\\/es\\\/comienza-la-cuenta-atras-para-la-nueva-edicion-del-programa-de-cooperacion-fagor-herrigintza\\\/#breadcrumb\",\"itemListElement\":[{\"@type\":\"ListItem\",\"position\":1,\"name\":\"Home\",\"item\":\"https:\\\/\\\/www.fagor.eus\\\/es\\\/\"},{\"@type\":\"ListItem\",\"position\":2,\"name\":\"Comienza la cuenta atr\u00e1s para la nueva edici\u00f3n del programa de cooperaci\u00f3n Fagor Herrigintza\"}]},{\"@type\":\"WebSite\",\"@id\":\"https:\\\/\\\/www.fagor.eus\\\/#website\",\"url\":\"https:\\\/\\\/www.fagor.eus\\\/\",\"name\":\"Fagor\",\"description\":\"Trabajando por un futuro mejor\",\"potentialAction\":[{\"@type\":\"SearchAction\",\"target\":{\"@type\":\"EntryPoint\",\"urlTemplate\":\"https:\\\/\\\/www.fagor.eus\\\/?s={search_term_string}\"},\"query-input\":{\"@type\":\"PropertyValueSpecification\",\"valueRequired\":true,\"valueName\":\"search_term_string\"}}],\"inLanguage\":\"es\"},{\"@type\":\"Person\",\"@id\":\"https:\\\/\\\/www.fagor.eus\\\/#\\\/schema\\\/person\\\/e09b7878906ad616c343aa3e5a83bc2f\",\"name\":\"komunikazioa\",\"image\":{\"@type\":\"ImageObject\",\"inLanguage\":\"es\",\"@id\":\"https:\\\/\\\/secure.gravatar.com\\\/avatar\\\/0c624a67c23ed6ff6fd4111959b9a1001016b57c6bebaecbec025adcaa081e6e?s=96&d=mm&r=g\",\"url\":\"https:\\\/\\\/secure.gravatar.com\\\/avatar\\\/0c624a67c23ed6ff6fd4111959b9a1001016b57c6bebaecbec025adcaa081e6e?s=96&d=mm&r=g\",\"contentUrl\":\"https:\\\/\\\/secure.gravatar.com\\\/avatar\\\/0c624a67c23ed6ff6fd4111959b9a1001016b57c6bebaecbec025adcaa081e6e?s=96&d=mm&r=g\",\"caption\":\"komunikazioa\"},\"sameAs\":[\"https:\\\/\\\/x.com\\\/system\"],\"url\":\"https:\\\/\\\/www.fagor.eus\\\/es\\\/author\\\/komunikazioa\\\/\"}]}<\/script>\n<!-- \/ Yoast SEO plugin. -->","yoast_head_json":{"title":"Comienza la cuenta atr\u00e1s para Fagor Herrigintza &#187; FAGOR","description":"Comienza la cuenta atr\u00e1s para la nueva edici\u00f3n de Fagor Herrigintza. El plazo para presentar propuestas finaliza el 30 de septiembre.","robots":{"index":"index","follow":"follow","max-snippet":"max-snippet:-1","max-image-preview":"max-image-preview:large","max-video-preview":"max-video-preview:-1"},"canonical":"https:\/\/www.fagor.eus\/es\/comienza-la-cuenta-atras-para-la-nueva-edicion-del-programa-de-cooperacion-fagor-herrigintza\/","og_locale":"es_ES","og_type":"article","og_title":"Comienza la cuenta atr\u00e1s para Fagor Herrigintza &#187; FAGOR","og_description":"Comienza la cuenta atr\u00e1s para la nueva edici\u00f3n de Fagor Herrigintza. El plazo para presentar propuestas finaliza el 30 de septiembre.","og_url":"https:\/\/www.fagor.eus\/es\/comienza-la-cuenta-atras-para-la-nueva-edicion-del-programa-de-cooperacion-fagor-herrigintza\/","og_site_name":"FAGOR","article_published_time":"2024-09-25T15:26:02+00:00","og_image":[{"width":2000,"height":1333,"url":"https:\/\/www.fagor.eus\/wp-content\/uploads\/2024\/09\/Inurru-Fagor-Herrigintza-2024-Fagor.jpg","type":"image\/jpeg"}],"author":"komunikazioa","twitter_card":"summary_large_image","twitter_creator":"@system","twitter_site":"@FagorTaldea","twitter_misc":{"Escrito por":"komunikazioa","Tiempo de lectura":"2 minutos"},"schema":{"@context":"https:\/\/schema.org","@graph":[{"@type":"Article","@id":"https:\/\/www.fagor.eus\/es\/comienza-la-cuenta-atras-para-la-nueva-edicion-del-programa-de-cooperacion-fagor-herrigintza\/#article","isPartOf":{"@id":"https:\/\/www.fagor.eus\/es\/comienza-la-cuenta-atras-para-la-nueva-edicion-del-programa-de-cooperacion-fagor-herrigintza\/"},"author":{"name":"komunikazioa","@id":"https:\/\/www.fagor.eus\/#\/schema\/person\/e09b7878906ad616c343aa3e5a83bc2f"},"headline":"Comienza la cuenta atr\u00e1s para la nueva edici\u00f3n del programa de cooperaci\u00f3n Fagor Herrigintza","datePublished":"2024-09-25T15:26:02+00:00","mainEntityOfPage":{"@id":"https:\/\/www.fagor.eus\/es\/comienza-la-cuenta-atras-para-la-nueva-edicion-del-programa-de-cooperacion-fagor-herrigintza\/"},"wordCount":224,"image":{"@id":"https:\/\/www.fagor.eus\/es\/comienza-la-cuenta-atras-para-la-nueva-edicion-del-programa-de-cooperacion-fagor-herrigintza\/#primaryimage"},"thumbnailUrl":"https:\/\/www.fagor.eus\/wp-content\/uploads\/2024\/09\/Inurru-Fagor-Herrigintza-2024-Fagor.jpg","articleSection":["Grupo Fagor"],"inLanguage":"es"},{"@type":"WebPage","@id":"https:\/\/www.fagor.eus\/es\/comienza-la-cuenta-atras-para-la-nueva-edicion-del-programa-de-cooperacion-fagor-herrigintza\/","url":"https:\/\/www.fagor.eus\/es\/comienza-la-cuenta-atras-para-la-nueva-edicion-del-programa-de-cooperacion-fagor-herrigintza\/","name":"Comienza la cuenta atr\u00e1s para Fagor Herrigintza &#187; FAGOR","isPartOf":{"@id":"https:\/\/www.fagor.eus\/#website"},"primaryImageOfPage":{"@id":"https:\/\/www.fagor.eus\/es\/comienza-la-cuenta-atras-para-la-nueva-edicion-del-programa-de-cooperacion-fagor-herrigintza\/#primaryimage"},"image":{"@id":"https:\/\/www.fagor.eus\/es\/comienza-la-cuenta-atras-para-la-nueva-edicion-del-programa-de-cooperacion-fagor-herrigintza\/#primaryimage"},"thumbnailUrl":"https:\/\/www.fagor.eus\/wp-content\/uploads\/2024\/09\/Inurru-Fagor-Herrigintza-2024-Fagor.jpg","datePublished":"2024-09-25T15:26:02+00:00","author":{"@id":"https:\/\/www.fagor.eus\/#\/schema\/person\/e09b7878906ad616c343aa3e5a83bc2f"},"description":"Comienza la cuenta atr\u00e1s para la nueva edici\u00f3n de Fagor Herrigintza. El plazo para presentar propuestas finaliza el 30 de septiembre.","breadcrumb":{"@id":"https:\/\/www.fagor.eus\/es\/comienza-la-cuenta-atras-para-la-nueva-edicion-del-programa-de-cooperacion-fagor-herrigintza\/#breadcrumb"},"inLanguage":"es","potentialAction":[{"@type":"ReadAction","target":["https:\/\/www.fagor.eus\/es\/comienza-la-cuenta-atras-para-la-nueva-edicion-del-programa-de-cooperacion-fagor-herrigintza\/"]}]},{"@type":"ImageObject","inLanguage":"es","@id":"https:\/\/www.fagor.eus\/es\/comienza-la-cuenta-atras-para-la-nueva-edicion-del-programa-de-cooperacion-fagor-herrigintza\/#primaryimage","url":"https:\/\/www.fagor.eus\/wp-content\/uploads\/2024\/09\/Inurru-Fagor-Herrigintza-2024-Fagor.jpg","contentUrl":"https:\/\/www.fagor.eus\/wp-content\/uploads\/2024\/09\/Inurru-Fagor-Herrigintza-2024-Fagor.jpg","width":2000,"height":1333,"caption":"Inurri-Fagor Herrigintza 2024-Fagor"},{"@type":"BreadcrumbList","@id":"https:\/\/www.fagor.eus\/es\/comienza-la-cuenta-atras-para-la-nueva-edicion-del-programa-de-cooperacion-fagor-herrigintza\/#breadcrumb","itemListElement":[{"@type":"ListItem","position":1,"name":"Home","item":"https:\/\/www.fagor.eus\/es\/"},{"@type":"ListItem","position":2,"name":"Comienza la cuenta atr\u00e1s para la nueva edici\u00f3n del programa de cooperaci\u00f3n Fagor Herrigintza"}]},{"@type":"WebSite","@id":"https:\/\/www.fagor.eus\/#website","url":"https:\/\/www.fagor.eus\/","name":"Fagor","description":"Trabajando por un futuro mejor","potentialAction":[{"@type":"SearchAction","target":{"@type":"EntryPoint","urlTemplate":"https:\/\/www.fagor.eus\/?s={search_term_string}"},"query-input":{"@type":"PropertyValueSpecification","valueRequired":true,"valueName":"search_term_string"}}],"inLanguage":"es"},{"@type":"Person","@id":"https:\/\/www.fagor.eus\/#\/schema\/person\/e09b7878906ad616c343aa3e5a83bc2f","name":"komunikazioa","image":{"@type":"ImageObject","inLanguage":"es","@id":"https:\/\/secure.gravatar.com\/avatar\/0c624a67c23ed6ff6fd4111959b9a1001016b57c6bebaecbec025adcaa081e6e?s=96&d=mm&r=g","url":"https:\/\/secure.gravatar.com\/avatar\/0c624a67c23ed6ff6fd4111959b9a1001016b57c6bebaecbec025adcaa081e6e?s=96&d=mm&r=g","contentUrl":"https:\/\/secure.gravatar.com\/avatar\/0c624a67c23ed6ff6fd4111959b9a1001016b57c6bebaecbec025adcaa081e6e?s=96&d=mm&r=g","caption":"komunikazioa"},"sameAs":["https:\/\/x.com\/system"],"url":"https:\/\/www.fagor.eus\/es\/author\/komunikazioa\/"}]}},"_links":{"self":[{"href":"https:\/\/www.fagor.eus\/es\/wp-json\/wp\/v2\/posts\/20105","targetHints":{"allow":["GET"]}}],"collection":[{"href":"https:\/\/www.fagor.eus\/es\/wp-json\/wp\/v2\/posts"}],"about":[{"href":"https:\/\/www.fagor.eus\/es\/wp-json\/wp\/v2\/types\/post"}],"author":[{"embeddable":true,"href":"https:\/\/www.fagor.eus\/es\/wp-json\/wp\/v2\/users\/4"}],"replies":[{"embeddable":true,"href":"https:\/\/www.fagor.eus\/es\/wp-json\/wp\/v2\/comments?post=20105"}],"version-history":[{"count":1,"href":"https:\/\/www.fagor.eus\/es\/wp-json\/wp\/v2\/posts\/20105\/revisions"}],"predecessor-version":[{"id":20106,"href":"https:\/\/www.fagor.eus\/es\/wp-json\/wp\/v2\/posts\/20105\/revisions\/20106"}],"wp:featuredmedia":[{"embeddable":true,"href":"https:\/\/www.fagor.eus\/es\/wp-json\/wp\/v2\/media\/20004"}],"wp:attachment":[{"href":"https:\/\/www.fagor.eus\/es\/wp-json\/wp\/v2\/media?parent=20105"}],"wp:term":[{"taxonomy":"category","embeddable":true,"href":"https:\/\/www.fagor.eus\/es\/wp-json\/wp\/v2\/categories?post=20105"},{"taxonomy":"post_tag","embeddable":true,"href":"https:\/\/www.fagor.eus\/es\/wp-json\/wp\/v2\/tags?post=20105"}],"curies":[{"name":"wp","href":"https:\/\/api.w.org\/{rel}","templated":true}]}}