{"id":19009,"date":"2024-05-22T10:01:16","date_gmt":"2024-05-22T10:01:16","guid":{"rendered":"https:\/\/www.fagor.eus\/?p=19009"},"modified":"2024-05-22T10:32:51","modified_gmt":"2024-05-22T10:32:51","slug":"empresa-xxi-subraya-los-avances-de-los-ultimos-anos-de-fagor-automation","status":"publish","type":"post","link":"https:\/\/www.fagor.eus\/es\/empresa-xxi-subraya-los-avances-de-los-ultimos-anos-de-fagor-automation\/","title":{"rendered":"\u2018Empresa XXI\u2019 subraya los avances de Fagor Automation"},"content":{"rendered":"<p><span style=\"color: #ff0000;\"><a style=\"color: #ff0000;\" href=\"https:\/\/www.fagor.eus\/es\/fagor-automation\/\">Fagor Automation<\/a><\/span>, cooperativa del Grupo Fagor, cumple los objetivos para reposicionar el negocio y enfrentarse al pr\u00f3ximo plan estrat\u00e9gico del 2024 con una oferta renovada. As\u00ed lo ha subrayado a trav\u00e9s de <em>Empresa XXI<\/em>, medio de comunicaci\u00f3n especializado en el sector de la industria. Tambi\u00e9n destaca que el despliegue empresarial protagonizado por la cooperativa estos \u00faltimos a\u00f1os ha proporcionado el reposicionamiento de la compa\u00f1\u00eda \u201ccon una oferta m\u00e1s diversificada y densa en tecnolog\u00eda, servicios y mercados\u201d.<\/p>\n<p>Jos\u00e9 P\u00e9rez Berdud, director general de Fagor Automation, prev\u00e9 un ligero crecimiento y alcanzar los 83 millones de euros de ingresos consolidados para este mismo a\u00f1o, frente a los 56 millones del a\u00f1o pre-covid y los 51 millones de 2020. Este resultado arroja un repunte de los ingresos del 50% sobre el a\u00f1o pre-covid y la superaci\u00f3n de 675 empleos fijados para 2024. Adem\u00e1s, de cara al ejercicio 2024-2025, la cooperativa estudia nuevas inversiones en las plantas guipuzcoanas de Arrasate y Eskoriatza.<\/p>\n<p><strong>Innovaci\u00f3n<\/strong><\/p>\n<p>Fagor Automation sigue trabajando por la innovaci\u00f3n. Ejemplo de ello es la compra de la italiana FR Engraving y la entrada en el capital de Savvy (digital) y Wooptix (metrolog\u00eda). Adem\u00e1s, sigue con la apuesta firme de invertir en proyectos de I + D liderados generalmente por su propio centro tecnol\u00f3gico Aotek, con un esfuerzo anual sobre los diez millones de euros. \u201cLa dotaci\u00f3n crece todos los a\u00f1os. Dormirse no es una opci\u00f3n. Las empresas competidoras son gigantes mundiales\u201d, subraya el director general de la cooperativa.<\/p>\n<p><strong>Mirada internacional<\/strong><\/p>\n<p><em>Empresa XXI<\/em> tambi\u00e9n habla de un mejor posicionamiento global de Fagor Automation. Concretamente, estos \u00faltimos a\u00f1os la cooperativa ha ampliado los medios y trasladado las sedes a espacios mayores en Pek\u00edn (China), Bangalore (India), Mil\u00e1n (Italia) e Illinois (EEBB), adem\u00e1s de abrir un establecimiento en Tokio (Jap\u00f3n). \u00a0Asimismo, estudia la apertura de oficinas en Turqu\u00eda y Chequia.<\/p>\n<p>Los pasos dados estos \u00faltimos a\u00f1os han permitido ampliar el cat\u00e1logo: \u00abHemos consolidado la divisi\u00f3n de &#8216;Service&#8217; y la diversificaci\u00f3n a sectores como los semiconductores, metrolog\u00eda, instalaciones cient\u00edficas e ITS. Tambi\u00e9n se han lanzado productos m\u00e1s precisos y robustos en &#8216;CNC&#8217; y &#8216;Captaci\u00f3n&#8217;, soluciones HMI m\u00e1s robustas en conectividad y customizaci\u00f3n, y los primeros anillos absolutos \u00f3pticos\u00bb.<\/p>\n<p>&nbsp;<\/p>\n","protected":false},"excerpt":{"rendered":"<p>Fagor Automation, cooperativa del Grupo Fagor, cumple los objetivos para reposicionar el negocio y enfrentarse al pr\u00f3ximo plan estrat\u00e9gico del 2024 con una oferta renovada. As\u00ed lo ha subrayado a trav\u00e9s de Empresa XXI, medio de comunicaci\u00f3n especializado en el sector de la industria.<\/p>\n","protected":false},"author":4,"featured_media":19005,"comment_status":"closed","ping_status":"open","sticky":false,"template":"","format":"standard","meta":{"footnotes":""},"categories":[87],"tags":[],"class_list":{"0":"post-19009","1":"post","2":"type-post","3":"status-publish","4":"format-standard","5":"has-post-thumbnail","7":"category-fagor-automation-3-es"},"yoast_head":"<!-- This site is optimized with the Yoast SEO plugin v27.4 - https:\/\/yoast.com\/product\/yoast-seo-wordpress\/ -->\n<title>\u2018Empresa XXI\u2019 subraya los avances de Fagor Automation &#187; Grupo Fagor<\/title>\n<meta name=\"description\" content=\"Fagor Automation cumple los objetivos para reposicionar el negocio y enfrentarse al pr\u00f3ximo plan estrat\u00e9gico con una oferta renovada.\" \/>\n<meta name=\"robots\" content=\"index, follow, max-snippet:-1, max-image-preview:large, max-video-preview:-1\" \/>\n<link rel=\"canonical\" href=\"https:\/\/www.fagor.eus\/es\/empresa-xxi-subraya-los-avances-de-los-ultimos-anos-de-fagor-automation\/\" \/>\n<meta property=\"og:locale\" content=\"es_ES\" \/>\n<meta property=\"og:type\" content=\"article\" \/>\n<meta property=\"og:title\" content=\"\u2018Empresa XXI\u2019 subraya los avances de Fagor Automation &#187; Grupo Fagor\" \/>\n<meta property=\"og:description\" content=\"Fagor Automation cumple los objetivos para reposicionar el negocio y enfrentarse al pr\u00f3ximo plan estrat\u00e9gico con una oferta renovada.\" \/>\n<meta property=\"og:url\" content=\"https:\/\/www.fagor.eus\/es\/empresa-xxi-subraya-los-avances-de-los-ultimos-anos-de-fagor-automation\/\" \/>\n<meta property=\"og:site_name\" content=\"FAGOR\" \/>\n<meta property=\"article:published_time\" content=\"2024-05-22T10:01:16+00:00\" \/>\n<meta property=\"article:modified_time\" content=\"2024-05-22T10:32:51+00:00\" \/>\n<meta property=\"og:image\" content=\"https:\/\/www.fagor.eus\/wp-content\/uploads\/2024\/05\/Fagor-Automation-innovacion.jpg\" \/>\n\t<meta property=\"og:image:width\" content=\"2000\" \/>\n\t<meta property=\"og:image:height\" content=\"1333\" \/>\n\t<meta property=\"og:image:type\" content=\"image\/jpeg\" \/>\n<meta name=\"author\" content=\"komunikazioa\" \/>\n<meta name=\"twitter:card\" content=\"summary_large_image\" \/>\n<meta name=\"twitter:creator\" content=\"@system\" \/>\n<meta name=\"twitter:site\" content=\"@FagorTaldea\" \/>\n<meta name=\"twitter:label1\" content=\"Escrito por\" \/>\n\t<meta name=\"twitter:data1\" content=\"komunikazioa\" \/>\n\t<meta name=\"twitter:label2\" content=\"Tiempo de lectura\" \/>\n\t<meta name=\"twitter:data2\" content=\"2 minutos\" \/>\n<script type=\"application\/ld+json\" class=\"yoast-schema-graph\">{\"@context\":\"https:\\\/\\\/schema.org\",\"@graph\":[{\"@type\":\"Article\",\"@id\":\"https:\\\/\\\/www.fagor.eus\\\/es\\\/empresa-xxi-subraya-los-avances-de-los-ultimos-anos-de-fagor-automation\\\/#article\",\"isPartOf\":{\"@id\":\"https:\\\/\\\/www.fagor.eus\\\/es\\\/empresa-xxi-subraya-los-avances-de-los-ultimos-anos-de-fagor-automation\\\/\"},\"author\":{\"name\":\"komunikazioa\",\"@id\":\"https:\\\/\\\/www.fagor.eus\\\/#\\\/schema\\\/person\\\/e09b7878906ad616c343aa3e5a83bc2f\"},\"headline\":\"\u2018Empresa XXI\u2019 subraya los avances de Fagor Automation\",\"datePublished\":\"2024-05-22T10:01:16+00:00\",\"dateModified\":\"2024-05-22T10:32:51+00:00\",\"mainEntityOfPage\":{\"@id\":\"https:\\\/\\\/www.fagor.eus\\\/es\\\/empresa-xxi-subraya-los-avances-de-los-ultimos-anos-de-fagor-automation\\\/\"},\"wordCount\":402,\"image\":{\"@id\":\"https:\\\/\\\/www.fagor.eus\\\/es\\\/empresa-xxi-subraya-los-avances-de-los-ultimos-anos-de-fagor-automation\\\/#primaryimage\"},\"thumbnailUrl\":\"https:\\\/\\\/www.fagor.eus\\\/wp-content\\\/uploads\\\/2024\\\/05\\\/Fagor-Automation-innovacion.jpg\",\"articleSection\":[\"Fagor Automation\"],\"inLanguage\":\"es\"},{\"@type\":\"WebPage\",\"@id\":\"https:\\\/\\\/www.fagor.eus\\\/es\\\/empresa-xxi-subraya-los-avances-de-los-ultimos-anos-de-fagor-automation\\\/\",\"url\":\"https:\\\/\\\/www.fagor.eus\\\/es\\\/empresa-xxi-subraya-los-avances-de-los-ultimos-anos-de-fagor-automation\\\/\",\"name\":\"\u2018Empresa XXI\u2019 subraya los avances de Fagor Automation &#187; Grupo Fagor\",\"isPartOf\":{\"@id\":\"https:\\\/\\\/www.fagor.eus\\\/#website\"},\"primaryImageOfPage\":{\"@id\":\"https:\\\/\\\/www.fagor.eus\\\/es\\\/empresa-xxi-subraya-los-avances-de-los-ultimos-anos-de-fagor-automation\\\/#primaryimage\"},\"image\":{\"@id\":\"https:\\\/\\\/www.fagor.eus\\\/es\\\/empresa-xxi-subraya-los-avances-de-los-ultimos-anos-de-fagor-automation\\\/#primaryimage\"},\"thumbnailUrl\":\"https:\\\/\\\/www.fagor.eus\\\/wp-content\\\/uploads\\\/2024\\\/05\\\/Fagor-Automation-innovacion.jpg\",\"datePublished\":\"2024-05-22T10:01:16+00:00\",\"dateModified\":\"2024-05-22T10:32:51+00:00\",\"author\":{\"@id\":\"https:\\\/\\\/www.fagor.eus\\\/#\\\/schema\\\/person\\\/e09b7878906ad616c343aa3e5a83bc2f\"},\"description\":\"Fagor Automation cumple los objetivos para reposicionar el negocio y enfrentarse al pr\u00f3ximo plan estrat\u00e9gico con una oferta renovada.\",\"breadcrumb\":{\"@id\":\"https:\\\/\\\/www.fagor.eus\\\/es\\\/empresa-xxi-subraya-los-avances-de-los-ultimos-anos-de-fagor-automation\\\/#breadcrumb\"},\"inLanguage\":\"es\",\"potentialAction\":[{\"@type\":\"ReadAction\",\"target\":[\"https:\\\/\\\/www.fagor.eus\\\/es\\\/empresa-xxi-subraya-los-avances-de-los-ultimos-anos-de-fagor-automation\\\/\"]}]},{\"@type\":\"ImageObject\",\"inLanguage\":\"es\",\"@id\":\"https:\\\/\\\/www.fagor.eus\\\/es\\\/empresa-xxi-subraya-los-avances-de-los-ultimos-anos-de-fagor-automation\\\/#primaryimage\",\"url\":\"https:\\\/\\\/www.fagor.eus\\\/wp-content\\\/uploads\\\/2024\\\/05\\\/Fagor-Automation-innovacion.jpg\",\"contentUrl\":\"https:\\\/\\\/www.fagor.eus\\\/wp-content\\\/uploads\\\/2024\\\/05\\\/Fagor-Automation-innovacion.jpg\",\"width\":2000,\"height\":1333,\"caption\":\"Fagor Automation-innovacion\"},{\"@type\":\"BreadcrumbList\",\"@id\":\"https:\\\/\\\/www.fagor.eus\\\/es\\\/empresa-xxi-subraya-los-avances-de-los-ultimos-anos-de-fagor-automation\\\/#breadcrumb\",\"itemListElement\":[{\"@type\":\"ListItem\",\"position\":1,\"name\":\"Home\",\"item\":\"https:\\\/\\\/www.fagor.eus\\\/es\\\/\"},{\"@type\":\"ListItem\",\"position\":2,\"name\":\"\u2018Empresa XXI\u2019 subraya los avances de Fagor Automation\"}]},{\"@type\":\"WebSite\",\"@id\":\"https:\\\/\\\/www.fagor.eus\\\/#website\",\"url\":\"https:\\\/\\\/www.fagor.eus\\\/\",\"name\":\"Fagor\",\"description\":\"Trabajando por un futuro mejor\",\"potentialAction\":[{\"@type\":\"SearchAction\",\"target\":{\"@type\":\"EntryPoint\",\"urlTemplate\":\"https:\\\/\\\/www.fagor.eus\\\/?s={search_term_string}\"},\"query-input\":{\"@type\":\"PropertyValueSpecification\",\"valueRequired\":true,\"valueName\":\"search_term_string\"}}],\"inLanguage\":\"es\"},{\"@type\":\"Person\",\"@id\":\"https:\\\/\\\/www.fagor.eus\\\/#\\\/schema\\\/person\\\/e09b7878906ad616c343aa3e5a83bc2f\",\"name\":\"komunikazioa\",\"image\":{\"@type\":\"ImageObject\",\"inLanguage\":\"es\",\"@id\":\"https:\\\/\\\/secure.gravatar.com\\\/avatar\\\/0c624a67c23ed6ff6fd4111959b9a1001016b57c6bebaecbec025adcaa081e6e?s=96&d=mm&r=g\",\"url\":\"https:\\\/\\\/secure.gravatar.com\\\/avatar\\\/0c624a67c23ed6ff6fd4111959b9a1001016b57c6bebaecbec025adcaa081e6e?s=96&d=mm&r=g\",\"contentUrl\":\"https:\\\/\\\/secure.gravatar.com\\\/avatar\\\/0c624a67c23ed6ff6fd4111959b9a1001016b57c6bebaecbec025adcaa081e6e?s=96&d=mm&r=g\",\"caption\":\"komunikazioa\"},\"sameAs\":[\"https:\\\/\\\/x.com\\\/system\"],\"url\":\"https:\\\/\\\/www.fagor.eus\\\/es\\\/author\\\/komunikazioa\\\/\"}]}<\/script>\n<!-- \/ Yoast SEO plugin. -->","yoast_head_json":{"title":"\u2018Empresa XXI\u2019 subraya los avances de Fagor Automation &#187; Grupo Fagor","description":"Fagor Automation cumple los objetivos para reposicionar el negocio y enfrentarse al pr\u00f3ximo plan estrat\u00e9gico con una oferta renovada.","robots":{"index":"index","follow":"follow","max-snippet":"max-snippet:-1","max-image-preview":"max-image-preview:large","max-video-preview":"max-video-preview:-1"},"canonical":"https:\/\/www.fagor.eus\/es\/empresa-xxi-subraya-los-avances-de-los-ultimos-anos-de-fagor-automation\/","og_locale":"es_ES","og_type":"article","og_title":"\u2018Empresa XXI\u2019 subraya los avances de Fagor Automation &#187; Grupo Fagor","og_description":"Fagor Automation cumple los objetivos para reposicionar el negocio y enfrentarse al pr\u00f3ximo plan estrat\u00e9gico con una oferta renovada.","og_url":"https:\/\/www.fagor.eus\/es\/empresa-xxi-subraya-los-avances-de-los-ultimos-anos-de-fagor-automation\/","og_site_name":"FAGOR","article_published_time":"2024-05-22T10:01:16+00:00","article_modified_time":"2024-05-22T10:32:51+00:00","og_image":[{"width":2000,"height":1333,"url":"https:\/\/www.fagor.eus\/wp-content\/uploads\/2024\/05\/Fagor-Automation-innovacion.jpg","type":"image\/jpeg"}],"author":"komunikazioa","twitter_card":"summary_large_image","twitter_creator":"@system","twitter_site":"@FagorTaldea","twitter_misc":{"Escrito por":"komunikazioa","Tiempo de lectura":"2 minutos"},"schema":{"@context":"https:\/\/schema.org","@graph":[{"@type":"Article","@id":"https:\/\/www.fagor.eus\/es\/empresa-xxi-subraya-los-avances-de-los-ultimos-anos-de-fagor-automation\/#article","isPartOf":{"@id":"https:\/\/www.fagor.eus\/es\/empresa-xxi-subraya-los-avances-de-los-ultimos-anos-de-fagor-automation\/"},"author":{"name":"komunikazioa","@id":"https:\/\/www.fagor.eus\/#\/schema\/person\/e09b7878906ad616c343aa3e5a83bc2f"},"headline":"\u2018Empresa XXI\u2019 subraya los avances de Fagor Automation","datePublished":"2024-05-22T10:01:16+00:00","dateModified":"2024-05-22T10:32:51+00:00","mainEntityOfPage":{"@id":"https:\/\/www.fagor.eus\/es\/empresa-xxi-subraya-los-avances-de-los-ultimos-anos-de-fagor-automation\/"},"wordCount":402,"image":{"@id":"https:\/\/www.fagor.eus\/es\/empresa-xxi-subraya-los-avances-de-los-ultimos-anos-de-fagor-automation\/#primaryimage"},"thumbnailUrl":"https:\/\/www.fagor.eus\/wp-content\/uploads\/2024\/05\/Fagor-Automation-innovacion.jpg","articleSection":["Fagor Automation"],"inLanguage":"es"},{"@type":"WebPage","@id":"https:\/\/www.fagor.eus\/es\/empresa-xxi-subraya-los-avances-de-los-ultimos-anos-de-fagor-automation\/","url":"https:\/\/www.fagor.eus\/es\/empresa-xxi-subraya-los-avances-de-los-ultimos-anos-de-fagor-automation\/","name":"\u2018Empresa XXI\u2019 subraya los avances de Fagor Automation &#187; Grupo Fagor","isPartOf":{"@id":"https:\/\/www.fagor.eus\/#website"},"primaryImageOfPage":{"@id":"https:\/\/www.fagor.eus\/es\/empresa-xxi-subraya-los-avances-de-los-ultimos-anos-de-fagor-automation\/#primaryimage"},"image":{"@id":"https:\/\/www.fagor.eus\/es\/empresa-xxi-subraya-los-avances-de-los-ultimos-anos-de-fagor-automation\/#primaryimage"},"thumbnailUrl":"https:\/\/www.fagor.eus\/wp-content\/uploads\/2024\/05\/Fagor-Automation-innovacion.jpg","datePublished":"2024-05-22T10:01:16+00:00","dateModified":"2024-05-22T10:32:51+00:00","author":{"@id":"https:\/\/www.fagor.eus\/#\/schema\/person\/e09b7878906ad616c343aa3e5a83bc2f"},"description":"Fagor Automation cumple los objetivos para reposicionar el negocio y enfrentarse al pr\u00f3ximo plan estrat\u00e9gico con una oferta renovada.","breadcrumb":{"@id":"https:\/\/www.fagor.eus\/es\/empresa-xxi-subraya-los-avances-de-los-ultimos-anos-de-fagor-automation\/#breadcrumb"},"inLanguage":"es","potentialAction":[{"@type":"ReadAction","target":["https:\/\/www.fagor.eus\/es\/empresa-xxi-subraya-los-avances-de-los-ultimos-anos-de-fagor-automation\/"]}]},{"@type":"ImageObject","inLanguage":"es","@id":"https:\/\/www.fagor.eus\/es\/empresa-xxi-subraya-los-avances-de-los-ultimos-anos-de-fagor-automation\/#primaryimage","url":"https:\/\/www.fagor.eus\/wp-content\/uploads\/2024\/05\/Fagor-Automation-innovacion.jpg","contentUrl":"https:\/\/www.fagor.eus\/wp-content\/uploads\/2024\/05\/Fagor-Automation-innovacion.jpg","width":2000,"height":1333,"caption":"Fagor Automation-innovacion"},{"@type":"BreadcrumbList","@id":"https:\/\/www.fagor.eus\/es\/empresa-xxi-subraya-los-avances-de-los-ultimos-anos-de-fagor-automation\/#breadcrumb","itemListElement":[{"@type":"ListItem","position":1,"name":"Home","item":"https:\/\/www.fagor.eus\/es\/"},{"@type":"ListItem","position":2,"name":"\u2018Empresa XXI\u2019 subraya los avances de Fagor Automation"}]},{"@type":"WebSite","@id":"https:\/\/www.fagor.eus\/#website","url":"https:\/\/www.fagor.eus\/","name":"Fagor","description":"Trabajando por un futuro mejor","potentialAction":[{"@type":"SearchAction","target":{"@type":"EntryPoint","urlTemplate":"https:\/\/www.fagor.eus\/?s={search_term_string}"},"query-input":{"@type":"PropertyValueSpecification","valueRequired":true,"valueName":"search_term_string"}}],"inLanguage":"es"},{"@type":"Person","@id":"https:\/\/www.fagor.eus\/#\/schema\/person\/e09b7878906ad616c343aa3e5a83bc2f","name":"komunikazioa","image":{"@type":"ImageObject","inLanguage":"es","@id":"https:\/\/secure.gravatar.com\/avatar\/0c624a67c23ed6ff6fd4111959b9a1001016b57c6bebaecbec025adcaa081e6e?s=96&d=mm&r=g","url":"https:\/\/secure.gravatar.com\/avatar\/0c624a67c23ed6ff6fd4111959b9a1001016b57c6bebaecbec025adcaa081e6e?s=96&d=mm&r=g","contentUrl":"https:\/\/secure.gravatar.com\/avatar\/0c624a67c23ed6ff6fd4111959b9a1001016b57c6bebaecbec025adcaa081e6e?s=96&d=mm&r=g","caption":"komunikazioa"},"sameAs":["https:\/\/x.com\/system"],"url":"https:\/\/www.fagor.eus\/es\/author\/komunikazioa\/"}]}},"_links":{"self":[{"href":"https:\/\/www.fagor.eus\/es\/wp-json\/wp\/v2\/posts\/19009","targetHints":{"allow":["GET"]}}],"collection":[{"href":"https:\/\/www.fagor.eus\/es\/wp-json\/wp\/v2\/posts"}],"about":[{"href":"https:\/\/www.fagor.eus\/es\/wp-json\/wp\/v2\/types\/post"}],"author":[{"embeddable":true,"href":"https:\/\/www.fagor.eus\/es\/wp-json\/wp\/v2\/users\/4"}],"replies":[{"embeddable":true,"href":"https:\/\/www.fagor.eus\/es\/wp-json\/wp\/v2\/comments?post=19009"}],"version-history":[{"count":2,"href":"https:\/\/www.fagor.eus\/es\/wp-json\/wp\/v2\/posts\/19009\/revisions"}],"predecessor-version":[{"id":19011,"href":"https:\/\/www.fagor.eus\/es\/wp-json\/wp\/v2\/posts\/19009\/revisions\/19011"}],"wp:featuredmedia":[{"embeddable":true,"href":"https:\/\/www.fagor.eus\/es\/wp-json\/wp\/v2\/media\/19005"}],"wp:attachment":[{"href":"https:\/\/www.fagor.eus\/es\/wp-json\/wp\/v2\/media?parent=19009"}],"wp:term":[{"taxonomy":"category","embeddable":true,"href":"https:\/\/www.fagor.eus\/es\/wp-json\/wp\/v2\/categories?post=19009"},{"taxonomy":"post_tag","embeddable":true,"href":"https:\/\/www.fagor.eus\/es\/wp-json\/wp\/v2\/tags?post=19009"}],"curies":[{"name":"wp","href":"https:\/\/api.w.org\/{rel}","templated":true}]}}