{"id":18068,"date":"2024-03-19T10:45:25","date_gmt":"2024-03-19T10:45:25","guid":{"rendered":"https:\/\/www.fagor.eus\/?p=18068"},"modified":"2024-03-19T15:48:25","modified_gmt":"2024-03-19T15:48:25","slug":"el-grupo-fagor-se-convierte-en-miembro-de-la-mesa-asesora-del-centro-hirekin","status":"publish","type":"post","link":"https:\/\/www.fagor.eus\/es\/el-grupo-fagor-se-convierte-en-miembro-de-la-mesa-asesora-del-centro-hirekin\/","title":{"rendered":"El Grupo Fagor se convierte en miembro de la mesa asesora del centro Hirekin"},"content":{"rendered":"<p>El centro de innovaci\u00f3n y emprendimiento industrial sostenible Hirekin se encuentra en la fase final de edificaci\u00f3n. As\u00ed, recientemente se ha presentado una mesa asesora constituida por entidades p\u00fablicas, patrocinadoras, promotoras y representantes de la Escuela Polit\u00e9cnica Superior de Mondragon Unibertsitatea, en la cual se encuentra el Grupo Fagor, con el compromiso adquirido de destinar 2 millones de euros a la iniciativa a trav\u00e9s de la <span style=\"color: #ff0000;\"><a style=\"color: #ff0000;\" href=\"https:\/\/gizabidea.eus\/?lang=es\">Fundaci\u00f3n Gizabidea<\/a><\/span>. \u201cHirekin ofrecer\u00e1 un espacio de intercooperaci\u00f3n a empresas, personas emprendedoras, gente del \u00e1mbito de la investigaci\u00f3n y alumnado para seguir trabajando por un modelo de industria sostenible y una econom\u00eda competitiva\u201d, subraya Aritz Otxandiano Kanpo, responsable de Sostenibilidad del Grupo Fagor. Hirekin tendr\u00e1 como pilares el emprendimiento industrial y tecnol\u00f3gico, la digitalizaci\u00f3n y la sostenibilidad (en t\u00e9rminos medioambientales, econ\u00f3micos y sociales).<\/p>\n<p>Dado que se trata de un proyecto abierto, las empresas y entidades se pueden sumar al proyecto con distintos roles: participaci\u00f3n en mesa asesora para contribuir a la estrategia; como patrocinadora, becando estudiantes y proyectos de emprendimiento; o como promotora, para atraer proyectos y aportar su visi\u00f3n a la gobernanza, basada en valores cooperativos. Actualmente hay m\u00e1s de una decena de organizaciones implicadas y se espera que en el futuro se sumen m\u00e1s organizaciones y entidades a la iniciativa.<\/p>\n<p><strong>Industria sostenible<\/strong><\/p>\n<p>Hirekin ofrece unas instalaciones industriales de 6.000 metros cuadrados donde se instalar\u00e1n equipos de prototipado, simulaci\u00f3n y experimentaci\u00f3n. Tambi\u00e9n tendr\u00e1 espacio para talleres y salas de c\u00f3mputo, as\u00ed como otros espacios de co-creaci\u00f3n y salas de reuniones, entre otros. \u201cCon la sostenibilidad medioambiental como eje tractor, el centro trabajar\u00e1 por buscar nuevas soluciones para una industria m\u00e1s circular, as\u00ed como para promocionar nuevas actividades econ\u00f3micas alineadas a los objetivos medioambientales. Adem\u00e1s, gracias a Hirekin, las cooperativas podr\u00e1n desarrollar proyectos de diversificaci\u00f3n de negocios implicando a alumnos y alumnas o gente del \u00e1mbito de la investigaci\u00f3n\u201d, aclara el responsable de Sostenibilidad del Grupo Fagor.<\/p>\n","protected":false},"excerpt":{"rendered":"<p>El centro de innovaci\u00f3n y emprendimiento industrial sostenible Hirekin se encuentra en la fase final de edificaci\u00f3n. As\u00ed, recientemente se ha presentado una mesa asesora constituida por entidades p\u00fablicas, patrocinadoras, promotoras y representantes de la Escuela Polit\u00e9cnica Superior de Mondragon Unibertsitatea, en la cual se encuentra el Grupo Fagor, con el compromiso adquirido de destinar 2 millones de euros a la iniciativa a trav\u00e9s de la Fundaci\u00f3n Gizabidea.<\/p>\n","protected":false},"author":4,"featured_media":18066,"comment_status":"closed","ping_status":"open","sticky":false,"template":"","format":"standard","meta":{"footnotes":""},"categories":[104],"tags":[],"class_list":{"0":"post-18068","1":"post","2":"type-post","3":"status-publish","4":"format-standard","5":"has-post-thumbnail","7":"category-grupo-fagor-es"},"yoast_head":"<!-- This site is optimized with the Yoast SEO plugin v27.4 - https:\/\/yoast.com\/product\/yoast-seo-wordpress\/ -->\n<title>Fagor se convierte en miembro de la mesa asesora de Hirekin &#187; Grupo Fagor<\/title>\n<meta name=\"description\" content=\"El centro de innovaci\u00f3n y emprendimiento industrial sostenible Hirekin se encuentra en la fase final de edificaci\u00f3n. Fagor participa en la mesa asesora.\" \/>\n<meta name=\"robots\" content=\"index, follow, max-snippet:-1, max-image-preview:large, max-video-preview:-1\" \/>\n<link rel=\"canonical\" href=\"https:\/\/www.fagor.eus\/es\/el-grupo-fagor-se-convierte-en-miembro-de-la-mesa-asesora-del-centro-hirekin\/\" \/>\n<meta property=\"og:locale\" content=\"es_ES\" \/>\n<meta property=\"og:type\" content=\"article\" \/>\n<meta property=\"og:title\" content=\"Fagor se convierte en miembro de la mesa asesora de Hirekin &#187; Grupo Fagor\" \/>\n<meta property=\"og:description\" content=\"El centro de innovaci\u00f3n y emprendimiento industrial sostenible Hirekin se encuentra en la fase final de edificaci\u00f3n. Fagor participa en la mesa asesora.\" \/>\n<meta property=\"og:url\" content=\"https:\/\/www.fagor.eus\/es\/el-grupo-fagor-se-convierte-en-miembro-de-la-mesa-asesora-del-centro-hirekin\/\" \/>\n<meta property=\"og:site_name\" content=\"FAGOR\" \/>\n<meta property=\"article:published_time\" content=\"2024-03-19T10:45:25+00:00\" \/>\n<meta property=\"article:modified_time\" content=\"2024-03-19T15:48:25+00:00\" \/>\n<meta property=\"og:image\" content=\"https:\/\/www.fagor.eus\/wp-content\/uploads\/2024\/03\/Hirekin-Fagor-ultima-fase.jpg\" \/>\n\t<meta property=\"og:image:width\" content=\"2000\" \/>\n\t<meta property=\"og:image:height\" content=\"1333\" \/>\n\t<meta property=\"og:image:type\" content=\"image\/jpeg\" \/>\n<meta name=\"author\" content=\"komunikazioa\" \/>\n<meta name=\"twitter:card\" content=\"summary_large_image\" \/>\n<meta name=\"twitter:creator\" content=\"@system\" \/>\n<meta name=\"twitter:site\" content=\"@FagorTaldea\" \/>\n<meta name=\"twitter:label1\" content=\"Escrito por\" \/>\n\t<meta name=\"twitter:data1\" content=\"komunikazioa\" \/>\n\t<meta name=\"twitter:label2\" content=\"Tiempo de lectura\" \/>\n\t<meta name=\"twitter:data2\" content=\"2 minutos\" \/>\n<script type=\"application\/ld+json\" class=\"yoast-schema-graph\">{\"@context\":\"https:\\\/\\\/schema.org\",\"@graph\":[{\"@type\":\"Article\",\"@id\":\"https:\\\/\\\/www.fagor.eus\\\/es\\\/el-grupo-fagor-se-convierte-en-miembro-de-la-mesa-asesora-del-centro-hirekin\\\/#article\",\"isPartOf\":{\"@id\":\"https:\\\/\\\/www.fagor.eus\\\/es\\\/el-grupo-fagor-se-convierte-en-miembro-de-la-mesa-asesora-del-centro-hirekin\\\/\"},\"author\":{\"name\":\"komunikazioa\",\"@id\":\"https:\\\/\\\/www.fagor.eus\\\/#\\\/schema\\\/person\\\/e09b7878906ad616c343aa3e5a83bc2f\"},\"headline\":\"El Grupo Fagor se convierte en miembro de la mesa asesora del centro Hirekin\",\"datePublished\":\"2024-03-19T10:45:25+00:00\",\"dateModified\":\"2024-03-19T15:48:25+00:00\",\"mainEntityOfPage\":{\"@id\":\"https:\\\/\\\/www.fagor.eus\\\/es\\\/el-grupo-fagor-se-convierte-en-miembro-de-la-mesa-asesora-del-centro-hirekin\\\/\"},\"wordCount\":354,\"image\":{\"@id\":\"https:\\\/\\\/www.fagor.eus\\\/es\\\/el-grupo-fagor-se-convierte-en-miembro-de-la-mesa-asesora-del-centro-hirekin\\\/#primaryimage\"},\"thumbnailUrl\":\"https:\\\/\\\/www.fagor.eus\\\/wp-content\\\/uploads\\\/2024\\\/03\\\/Hirekin-Fagor-ultima-fase.jpg\",\"articleSection\":[\"Grupo Fagor\"],\"inLanguage\":\"es\"},{\"@type\":\"WebPage\",\"@id\":\"https:\\\/\\\/www.fagor.eus\\\/es\\\/el-grupo-fagor-se-convierte-en-miembro-de-la-mesa-asesora-del-centro-hirekin\\\/\",\"url\":\"https:\\\/\\\/www.fagor.eus\\\/es\\\/el-grupo-fagor-se-convierte-en-miembro-de-la-mesa-asesora-del-centro-hirekin\\\/\",\"name\":\"Fagor se convierte en miembro de la mesa asesora de Hirekin &#187; Grupo Fagor\",\"isPartOf\":{\"@id\":\"https:\\\/\\\/www.fagor.eus\\\/#website\"},\"primaryImageOfPage\":{\"@id\":\"https:\\\/\\\/www.fagor.eus\\\/es\\\/el-grupo-fagor-se-convierte-en-miembro-de-la-mesa-asesora-del-centro-hirekin\\\/#primaryimage\"},\"image\":{\"@id\":\"https:\\\/\\\/www.fagor.eus\\\/es\\\/el-grupo-fagor-se-convierte-en-miembro-de-la-mesa-asesora-del-centro-hirekin\\\/#primaryimage\"},\"thumbnailUrl\":\"https:\\\/\\\/www.fagor.eus\\\/wp-content\\\/uploads\\\/2024\\\/03\\\/Hirekin-Fagor-ultima-fase.jpg\",\"datePublished\":\"2024-03-19T10:45:25+00:00\",\"dateModified\":\"2024-03-19T15:48:25+00:00\",\"author\":{\"@id\":\"https:\\\/\\\/www.fagor.eus\\\/#\\\/schema\\\/person\\\/e09b7878906ad616c343aa3e5a83bc2f\"},\"description\":\"El centro de innovaci\u00f3n y emprendimiento industrial sostenible Hirekin se encuentra en la fase final de edificaci\u00f3n. Fagor participa en la mesa asesora.\",\"breadcrumb\":{\"@id\":\"https:\\\/\\\/www.fagor.eus\\\/es\\\/el-grupo-fagor-se-convierte-en-miembro-de-la-mesa-asesora-del-centro-hirekin\\\/#breadcrumb\"},\"inLanguage\":\"es\",\"potentialAction\":[{\"@type\":\"ReadAction\",\"target\":[\"https:\\\/\\\/www.fagor.eus\\\/es\\\/el-grupo-fagor-se-convierte-en-miembro-de-la-mesa-asesora-del-centro-hirekin\\\/\"]}]},{\"@type\":\"ImageObject\",\"inLanguage\":\"es\",\"@id\":\"https:\\\/\\\/www.fagor.eus\\\/es\\\/el-grupo-fagor-se-convierte-en-miembro-de-la-mesa-asesora-del-centro-hirekin\\\/#primaryimage\",\"url\":\"https:\\\/\\\/www.fagor.eus\\\/wp-content\\\/uploads\\\/2024\\\/03\\\/Hirekin-Fagor-ultima-fase.jpg\",\"contentUrl\":\"https:\\\/\\\/www.fagor.eus\\\/wp-content\\\/uploads\\\/2024\\\/03\\\/Hirekin-Fagor-ultima-fase.jpg\",\"width\":2000,\"height\":1333,\"caption\":\"Hirekin-Fagor-ultima fase\"},{\"@type\":\"BreadcrumbList\",\"@id\":\"https:\\\/\\\/www.fagor.eus\\\/es\\\/el-grupo-fagor-se-convierte-en-miembro-de-la-mesa-asesora-del-centro-hirekin\\\/#breadcrumb\",\"itemListElement\":[{\"@type\":\"ListItem\",\"position\":1,\"name\":\"Home\",\"item\":\"https:\\\/\\\/www.fagor.eus\\\/es\\\/\"},{\"@type\":\"ListItem\",\"position\":2,\"name\":\"El Grupo Fagor se convierte en miembro de la mesa asesora del centro Hirekin\"}]},{\"@type\":\"WebSite\",\"@id\":\"https:\\\/\\\/www.fagor.eus\\\/#website\",\"url\":\"https:\\\/\\\/www.fagor.eus\\\/\",\"name\":\"Fagor\",\"description\":\"Trabajando por un futuro mejor\",\"potentialAction\":[{\"@type\":\"SearchAction\",\"target\":{\"@type\":\"EntryPoint\",\"urlTemplate\":\"https:\\\/\\\/www.fagor.eus\\\/?s={search_term_string}\"},\"query-input\":{\"@type\":\"PropertyValueSpecification\",\"valueRequired\":true,\"valueName\":\"search_term_string\"}}],\"inLanguage\":\"es\"},{\"@type\":\"Person\",\"@id\":\"https:\\\/\\\/www.fagor.eus\\\/#\\\/schema\\\/person\\\/e09b7878906ad616c343aa3e5a83bc2f\",\"name\":\"komunikazioa\",\"image\":{\"@type\":\"ImageObject\",\"inLanguage\":\"es\",\"@id\":\"https:\\\/\\\/secure.gravatar.com\\\/avatar\\\/0c624a67c23ed6ff6fd4111959b9a1001016b57c6bebaecbec025adcaa081e6e?s=96&d=mm&r=g\",\"url\":\"https:\\\/\\\/secure.gravatar.com\\\/avatar\\\/0c624a67c23ed6ff6fd4111959b9a1001016b57c6bebaecbec025adcaa081e6e?s=96&d=mm&r=g\",\"contentUrl\":\"https:\\\/\\\/secure.gravatar.com\\\/avatar\\\/0c624a67c23ed6ff6fd4111959b9a1001016b57c6bebaecbec025adcaa081e6e?s=96&d=mm&r=g\",\"caption\":\"komunikazioa\"},\"sameAs\":[\"https:\\\/\\\/x.com\\\/system\"],\"url\":\"https:\\\/\\\/www.fagor.eus\\\/es\\\/author\\\/komunikazioa\\\/\"}]}<\/script>\n<!-- \/ Yoast SEO plugin. -->","yoast_head_json":{"title":"Fagor se convierte en miembro de la mesa asesora de Hirekin &#187; Grupo Fagor","description":"El centro de innovaci\u00f3n y emprendimiento industrial sostenible Hirekin se encuentra en la fase final de edificaci\u00f3n. Fagor participa en la mesa asesora.","robots":{"index":"index","follow":"follow","max-snippet":"max-snippet:-1","max-image-preview":"max-image-preview:large","max-video-preview":"max-video-preview:-1"},"canonical":"https:\/\/www.fagor.eus\/es\/el-grupo-fagor-se-convierte-en-miembro-de-la-mesa-asesora-del-centro-hirekin\/","og_locale":"es_ES","og_type":"article","og_title":"Fagor se convierte en miembro de la mesa asesora de Hirekin &#187; Grupo Fagor","og_description":"El centro de innovaci\u00f3n y emprendimiento industrial sostenible Hirekin se encuentra en la fase final de edificaci\u00f3n. Fagor participa en la mesa asesora.","og_url":"https:\/\/www.fagor.eus\/es\/el-grupo-fagor-se-convierte-en-miembro-de-la-mesa-asesora-del-centro-hirekin\/","og_site_name":"FAGOR","article_published_time":"2024-03-19T10:45:25+00:00","article_modified_time":"2024-03-19T15:48:25+00:00","og_image":[{"width":2000,"height":1333,"url":"https:\/\/www.fagor.eus\/wp-content\/uploads\/2024\/03\/Hirekin-Fagor-ultima-fase.jpg","type":"image\/jpeg"}],"author":"komunikazioa","twitter_card":"summary_large_image","twitter_creator":"@system","twitter_site":"@FagorTaldea","twitter_misc":{"Escrito por":"komunikazioa","Tiempo de lectura":"2 minutos"},"schema":{"@context":"https:\/\/schema.org","@graph":[{"@type":"Article","@id":"https:\/\/www.fagor.eus\/es\/el-grupo-fagor-se-convierte-en-miembro-de-la-mesa-asesora-del-centro-hirekin\/#article","isPartOf":{"@id":"https:\/\/www.fagor.eus\/es\/el-grupo-fagor-se-convierte-en-miembro-de-la-mesa-asesora-del-centro-hirekin\/"},"author":{"name":"komunikazioa","@id":"https:\/\/www.fagor.eus\/#\/schema\/person\/e09b7878906ad616c343aa3e5a83bc2f"},"headline":"El Grupo Fagor se convierte en miembro de la mesa asesora del centro Hirekin","datePublished":"2024-03-19T10:45:25+00:00","dateModified":"2024-03-19T15:48:25+00:00","mainEntityOfPage":{"@id":"https:\/\/www.fagor.eus\/es\/el-grupo-fagor-se-convierte-en-miembro-de-la-mesa-asesora-del-centro-hirekin\/"},"wordCount":354,"image":{"@id":"https:\/\/www.fagor.eus\/es\/el-grupo-fagor-se-convierte-en-miembro-de-la-mesa-asesora-del-centro-hirekin\/#primaryimage"},"thumbnailUrl":"https:\/\/www.fagor.eus\/wp-content\/uploads\/2024\/03\/Hirekin-Fagor-ultima-fase.jpg","articleSection":["Grupo Fagor"],"inLanguage":"es"},{"@type":"WebPage","@id":"https:\/\/www.fagor.eus\/es\/el-grupo-fagor-se-convierte-en-miembro-de-la-mesa-asesora-del-centro-hirekin\/","url":"https:\/\/www.fagor.eus\/es\/el-grupo-fagor-se-convierte-en-miembro-de-la-mesa-asesora-del-centro-hirekin\/","name":"Fagor se convierte en miembro de la mesa asesora de Hirekin &#187; Grupo Fagor","isPartOf":{"@id":"https:\/\/www.fagor.eus\/#website"},"primaryImageOfPage":{"@id":"https:\/\/www.fagor.eus\/es\/el-grupo-fagor-se-convierte-en-miembro-de-la-mesa-asesora-del-centro-hirekin\/#primaryimage"},"image":{"@id":"https:\/\/www.fagor.eus\/es\/el-grupo-fagor-se-convierte-en-miembro-de-la-mesa-asesora-del-centro-hirekin\/#primaryimage"},"thumbnailUrl":"https:\/\/www.fagor.eus\/wp-content\/uploads\/2024\/03\/Hirekin-Fagor-ultima-fase.jpg","datePublished":"2024-03-19T10:45:25+00:00","dateModified":"2024-03-19T15:48:25+00:00","author":{"@id":"https:\/\/www.fagor.eus\/#\/schema\/person\/e09b7878906ad616c343aa3e5a83bc2f"},"description":"El centro de innovaci\u00f3n y emprendimiento industrial sostenible Hirekin se encuentra en la fase final de edificaci\u00f3n. Fagor participa en la mesa asesora.","breadcrumb":{"@id":"https:\/\/www.fagor.eus\/es\/el-grupo-fagor-se-convierte-en-miembro-de-la-mesa-asesora-del-centro-hirekin\/#breadcrumb"},"inLanguage":"es","potentialAction":[{"@type":"ReadAction","target":["https:\/\/www.fagor.eus\/es\/el-grupo-fagor-se-convierte-en-miembro-de-la-mesa-asesora-del-centro-hirekin\/"]}]},{"@type":"ImageObject","inLanguage":"es","@id":"https:\/\/www.fagor.eus\/es\/el-grupo-fagor-se-convierte-en-miembro-de-la-mesa-asesora-del-centro-hirekin\/#primaryimage","url":"https:\/\/www.fagor.eus\/wp-content\/uploads\/2024\/03\/Hirekin-Fagor-ultima-fase.jpg","contentUrl":"https:\/\/www.fagor.eus\/wp-content\/uploads\/2024\/03\/Hirekin-Fagor-ultima-fase.jpg","width":2000,"height":1333,"caption":"Hirekin-Fagor-ultima fase"},{"@type":"BreadcrumbList","@id":"https:\/\/www.fagor.eus\/es\/el-grupo-fagor-se-convierte-en-miembro-de-la-mesa-asesora-del-centro-hirekin\/#breadcrumb","itemListElement":[{"@type":"ListItem","position":1,"name":"Home","item":"https:\/\/www.fagor.eus\/es\/"},{"@type":"ListItem","position":2,"name":"El Grupo Fagor se convierte en miembro de la mesa asesora del centro Hirekin"}]},{"@type":"WebSite","@id":"https:\/\/www.fagor.eus\/#website","url":"https:\/\/www.fagor.eus\/","name":"Fagor","description":"Trabajando por un futuro mejor","potentialAction":[{"@type":"SearchAction","target":{"@type":"EntryPoint","urlTemplate":"https:\/\/www.fagor.eus\/?s={search_term_string}"},"query-input":{"@type":"PropertyValueSpecification","valueRequired":true,"valueName":"search_term_string"}}],"inLanguage":"es"},{"@type":"Person","@id":"https:\/\/www.fagor.eus\/#\/schema\/person\/e09b7878906ad616c343aa3e5a83bc2f","name":"komunikazioa","image":{"@type":"ImageObject","inLanguage":"es","@id":"https:\/\/secure.gravatar.com\/avatar\/0c624a67c23ed6ff6fd4111959b9a1001016b57c6bebaecbec025adcaa081e6e?s=96&d=mm&r=g","url":"https:\/\/secure.gravatar.com\/avatar\/0c624a67c23ed6ff6fd4111959b9a1001016b57c6bebaecbec025adcaa081e6e?s=96&d=mm&r=g","contentUrl":"https:\/\/secure.gravatar.com\/avatar\/0c624a67c23ed6ff6fd4111959b9a1001016b57c6bebaecbec025adcaa081e6e?s=96&d=mm&r=g","caption":"komunikazioa"},"sameAs":["https:\/\/x.com\/system"],"url":"https:\/\/www.fagor.eus\/es\/author\/komunikazioa\/"}]}},"_links":{"self":[{"href":"https:\/\/www.fagor.eus\/es\/wp-json\/wp\/v2\/posts\/18068","targetHints":{"allow":["GET"]}}],"collection":[{"href":"https:\/\/www.fagor.eus\/es\/wp-json\/wp\/v2\/posts"}],"about":[{"href":"https:\/\/www.fagor.eus\/es\/wp-json\/wp\/v2\/types\/post"}],"author":[{"embeddable":true,"href":"https:\/\/www.fagor.eus\/es\/wp-json\/wp\/v2\/users\/4"}],"replies":[{"embeddable":true,"href":"https:\/\/www.fagor.eus\/es\/wp-json\/wp\/v2\/comments?post=18068"}],"version-history":[{"count":2,"href":"https:\/\/www.fagor.eus\/es\/wp-json\/wp\/v2\/posts\/18068\/revisions"}],"predecessor-version":[{"id":18072,"href":"https:\/\/www.fagor.eus\/es\/wp-json\/wp\/v2\/posts\/18068\/revisions\/18072"}],"wp:featuredmedia":[{"embeddable":true,"href":"https:\/\/www.fagor.eus\/es\/wp-json\/wp\/v2\/media\/18066"}],"wp:attachment":[{"href":"https:\/\/www.fagor.eus\/es\/wp-json\/wp\/v2\/media?parent=18068"}],"wp:term":[{"taxonomy":"category","embeddable":true,"href":"https:\/\/www.fagor.eus\/es\/wp-json\/wp\/v2\/categories?post=18068"},{"taxonomy":"post_tag","embeddable":true,"href":"https:\/\/www.fagor.eus\/es\/wp-json\/wp\/v2\/tags?post=18068"}],"curies":[{"name":"wp","href":"https:\/\/api.w.org\/{rel}","templated":true}]}}