{"id":17984,"date":"2024-02-27T09:18:22","date_gmt":"2024-02-27T09:18:22","guid":{"rendered":"https:\/\/www.fagor.eus\/abierto-el-plazo-de-inscripcion-para-ayudar-en-fll-euskadi-mondragon-copy\/"},"modified":"2024-02-27T11:00:02","modified_gmt":"2024-02-27T11:00:02","slug":"la-final-de-fll-euskadi-mondragon-se-disputa-este-sabado","status":"publish","type":"post","link":"https:\/\/www.fagor.eus\/es\/la-final-de-fll-euskadi-mondragon-se-disputa-este-sabado\/","title":{"rendered":"La final de FLL Euskadi-Mondragon se disputa este s\u00e1bado"},"content":{"rendered":"<p>La final de First Lego League (FLL) Euskadi-Mondragon se disputa este s\u00e1bado, 2 de marzo, en el Campus de Iturripe de Arrasate (Gipuzkoa) de Mondragon Unibertsitatea. La iniciativa pretende seguir atrayendo el inter\u00e9s del alumnado de la CAV hacia las competencias tecnol\u00f3gicas y cient\u00edficas, y el resultado puede servir para competir a nivel estatal. \u201cSe podr\u00e1 disfrutar de dos categor\u00edas, FLL Explore y FLL Challenge. La primera est\u00e1 dirigida a alumnos y alumnas de entre 6 y 9 a\u00f1os y, la segunda, al alumnado de entre 10 y 16 a\u00f1os. Se impulsar\u00e1n habilidades cient\u00edfico-tecnol\u00f3gicas compartiendo una afici\u00f3n (m\u00fasica, cine, teatro\u2026) de manera creativa. \u201d, aclaran desde la organizaci\u00f3n del torneo. El Grupo Fagor se encuentra entre los patrocinadores de la iniciativa.<\/p>\n<p><strong>Personas voluntarias de Fagor<\/strong><\/p>\n<p>Las personas voluntarias son pieza fundamental de FLL Euskadi-Mondragon. As\u00ed, el Grupo Fagor ha impulsado una campa\u00f1a interna para encontrar miembros que estuvieran dispuestos o dispuestas y disponibles para ayudar el 2 de marzo. Por ello, tambi\u00e9n habr\u00e1 miembros de las cooperativas de Grupo entre las personas voluntarias. \u201cParticipar\u00e1n 40 equipos, ser\u00e1n m\u00e1s de 300 j\u00f3venes. Para ayudar a todas ellas necesitamos personas voluntarias. La organizaci\u00f3n est\u00e1 muy agradecida por la ayuda recibida\u00bb, admite Maite Anaya Rodriguez, profesora de MGEP y miembro de la organizaci\u00f3n de FLL.<\/p>\n<p>En concreto, habr\u00e1 unas 100 personas voluntarias cubriendo los perfiles de \u00e1rbitro o arbitra (se encargar\u00e1 de controlar el juego de robots), juez o jueza (valorar\u00e1 el trabajo de los equipos y decidir\u00e1 los premios), <em>floater<\/em> (ayudar\u00e1 a los equipos durante la competici\u00f3n), cient\u00edfico o cient\u00edfica (valorar\u00e1 el trabajo de los equipos FLL Junior y felicitar\u00e1 sus logros), <em>Timekeeper &amp; Scorekeeper<\/em> (controlar\u00e1 el software del juego de mesa y la duraci\u00f3n de las partidas) y responsable de campo (controlar\u00e1 las \u00e1reas de competici\u00f3n para garantizar que los equipos disfruten de todo el proceso).<\/p>\n","protected":false},"excerpt":{"rendered":"<p>La final de First Lego League (FLL) Euskadi-Mondragon se disputa este s\u00e1bado, 2 de marzo, en el Campus de Iturripe de Arrasate (Gipuzkoa) de Mondragon Unibertsitatea.<\/p>\n","protected":false},"author":4,"featured_media":17982,"comment_status":"closed","ping_status":"open","sticky":false,"template":"","format":"standard","meta":{"footnotes":""},"categories":[104],"tags":[],"class_list":{"0":"post-17984","1":"post","2":"type-post","3":"status-publish","4":"format-standard","5":"has-post-thumbnail","7":"category-grupo-fagor-es"},"yoast_head":"<!-- This site is optimized with the Yoast SEO plugin v27.4 - https:\/\/yoast.com\/product\/yoast-seo-wordpress\/ -->\n<title>La final de FLL Euskadi-Mondragon se disputa este s\u00e1bado &#187; Grupo Fagor<\/title>\n<meta name=\"description\" content=\"La final de First Lego League (FLL) Euskadi-Mondragon se disputa este s\u00e1bado, 2 de marzo, en el Campus de Iturripe de Arrasate (Gipuzkoa) de Mondragon Unibertsitatea.\" \/>\n<meta name=\"robots\" content=\"index, follow, max-snippet:-1, max-image-preview:large, max-video-preview:-1\" \/>\n<link rel=\"canonical\" href=\"https:\/\/www.fagor.eus\/es\/la-final-de-fll-euskadi-mondragon-se-disputa-este-sabado\/\" \/>\n<meta property=\"og:locale\" content=\"es_ES\" \/>\n<meta property=\"og:type\" content=\"article\" \/>\n<meta property=\"og:title\" content=\"La final de FLL Euskadi-Mondragon se disputa este s\u00e1bado &#187; Grupo Fagor\" \/>\n<meta property=\"og:description\" content=\"La final de First Lego League (FLL) Euskadi-Mondragon se disputa este s\u00e1bado, 2 de marzo, en el Campus de Iturripe de Arrasate (Gipuzkoa) de Mondragon Unibertsitatea.\" \/>\n<meta property=\"og:url\" content=\"https:\/\/www.fagor.eus\/es\/la-final-de-fll-euskadi-mondragon-se-disputa-este-sabado\/\" \/>\n<meta property=\"og:site_name\" content=\"FAGOR\" \/>\n<meta property=\"article:published_time\" content=\"2024-02-27T09:18:22+00:00\" \/>\n<meta property=\"article:modified_time\" content=\"2024-02-27T11:00:02+00:00\" \/>\n<meta property=\"og:image\" content=\"https:\/\/www.fagor.eus\/wp-content\/uploads\/2024\/02\/FLL-Fagor-2023.jpg\" \/>\n\t<meta property=\"og:image:width\" content=\"2000\" \/>\n\t<meta property=\"og:image:height\" content=\"1333\" \/>\n\t<meta property=\"og:image:type\" content=\"image\/jpeg\" \/>\n<meta name=\"author\" content=\"komunikazioa\" \/>\n<meta name=\"twitter:card\" content=\"summary_large_image\" \/>\n<meta name=\"twitter:creator\" content=\"@system\" \/>\n<meta name=\"twitter:site\" content=\"@FagorTaldea\" \/>\n<meta name=\"twitter:label1\" content=\"Escrito por\" \/>\n\t<meta name=\"twitter:data1\" content=\"komunikazioa\" \/>\n\t<meta name=\"twitter:label2\" content=\"Tiempo de lectura\" \/>\n\t<meta name=\"twitter:data2\" content=\"2 minutos\" \/>\n<script type=\"application\/ld+json\" class=\"yoast-schema-graph\">{\"@context\":\"https:\\\/\\\/schema.org\",\"@graph\":[{\"@type\":\"Article\",\"@id\":\"https:\\\/\\\/www.fagor.eus\\\/es\\\/la-final-de-fll-euskadi-mondragon-se-disputa-este-sabado\\\/#article\",\"isPartOf\":{\"@id\":\"https:\\\/\\\/www.fagor.eus\\\/es\\\/la-final-de-fll-euskadi-mondragon-se-disputa-este-sabado\\\/\"},\"author\":{\"name\":\"komunikazioa\",\"@id\":\"https:\\\/\\\/www.fagor.eus\\\/#\\\/schema\\\/person\\\/e09b7878906ad616c343aa3e5a83bc2f\"},\"headline\":\"La final de FLL Euskadi-Mondragon se disputa este s\u00e1bado\",\"datePublished\":\"2024-02-27T09:18:22+00:00\",\"dateModified\":\"2024-02-27T11:00:02+00:00\",\"mainEntityOfPage\":{\"@id\":\"https:\\\/\\\/www.fagor.eus\\\/es\\\/la-final-de-fll-euskadi-mondragon-se-disputa-este-sabado\\\/\"},\"wordCount\":331,\"image\":{\"@id\":\"https:\\\/\\\/www.fagor.eus\\\/es\\\/la-final-de-fll-euskadi-mondragon-se-disputa-este-sabado\\\/#primaryimage\"},\"thumbnailUrl\":\"https:\\\/\\\/www.fagor.eus\\\/wp-content\\\/uploads\\\/2024\\\/02\\\/FLL-Fagor-2023.jpg\",\"articleSection\":[\"Grupo Fagor\"],\"inLanguage\":\"es\"},{\"@type\":\"WebPage\",\"@id\":\"https:\\\/\\\/www.fagor.eus\\\/es\\\/la-final-de-fll-euskadi-mondragon-se-disputa-este-sabado\\\/\",\"url\":\"https:\\\/\\\/www.fagor.eus\\\/es\\\/la-final-de-fll-euskadi-mondragon-se-disputa-este-sabado\\\/\",\"name\":\"La final de FLL Euskadi-Mondragon se disputa este s\u00e1bado &#187; Grupo Fagor\",\"isPartOf\":{\"@id\":\"https:\\\/\\\/www.fagor.eus\\\/#website\"},\"primaryImageOfPage\":{\"@id\":\"https:\\\/\\\/www.fagor.eus\\\/es\\\/la-final-de-fll-euskadi-mondragon-se-disputa-este-sabado\\\/#primaryimage\"},\"image\":{\"@id\":\"https:\\\/\\\/www.fagor.eus\\\/es\\\/la-final-de-fll-euskadi-mondragon-se-disputa-este-sabado\\\/#primaryimage\"},\"thumbnailUrl\":\"https:\\\/\\\/www.fagor.eus\\\/wp-content\\\/uploads\\\/2024\\\/02\\\/FLL-Fagor-2023.jpg\",\"datePublished\":\"2024-02-27T09:18:22+00:00\",\"dateModified\":\"2024-02-27T11:00:02+00:00\",\"author\":{\"@id\":\"https:\\\/\\\/www.fagor.eus\\\/#\\\/schema\\\/person\\\/e09b7878906ad616c343aa3e5a83bc2f\"},\"description\":\"La final de First Lego League (FLL) Euskadi-Mondragon se disputa este s\u00e1bado, 2 de marzo, en el Campus de Iturripe de Arrasate (Gipuzkoa) de Mondragon Unibertsitatea.\",\"breadcrumb\":{\"@id\":\"https:\\\/\\\/www.fagor.eus\\\/es\\\/la-final-de-fll-euskadi-mondragon-se-disputa-este-sabado\\\/#breadcrumb\"},\"inLanguage\":\"es\",\"potentialAction\":[{\"@type\":\"ReadAction\",\"target\":[\"https:\\\/\\\/www.fagor.eus\\\/es\\\/la-final-de-fll-euskadi-mondragon-se-disputa-este-sabado\\\/\"]}]},{\"@type\":\"ImageObject\",\"inLanguage\":\"es\",\"@id\":\"https:\\\/\\\/www.fagor.eus\\\/es\\\/la-final-de-fll-euskadi-mondragon-se-disputa-este-sabado\\\/#primaryimage\",\"url\":\"https:\\\/\\\/www.fagor.eus\\\/wp-content\\\/uploads\\\/2024\\\/02\\\/FLL-Fagor-2023.jpg\",\"contentUrl\":\"https:\\\/\\\/www.fagor.eus\\\/wp-content\\\/uploads\\\/2024\\\/02\\\/FLL-Fagor-2023.jpg\",\"width\":2000,\"height\":1333,\"caption\":\"FLL-Fagor-2023\"},{\"@type\":\"BreadcrumbList\",\"@id\":\"https:\\\/\\\/www.fagor.eus\\\/es\\\/la-final-de-fll-euskadi-mondragon-se-disputa-este-sabado\\\/#breadcrumb\",\"itemListElement\":[{\"@type\":\"ListItem\",\"position\":1,\"name\":\"Home\",\"item\":\"https:\\\/\\\/www.fagor.eus\\\/es\\\/\"},{\"@type\":\"ListItem\",\"position\":2,\"name\":\"La final de FLL Euskadi-Mondragon se disputa este s\u00e1bado\"}]},{\"@type\":\"WebSite\",\"@id\":\"https:\\\/\\\/www.fagor.eus\\\/#website\",\"url\":\"https:\\\/\\\/www.fagor.eus\\\/\",\"name\":\"Fagor\",\"description\":\"Trabajando por un futuro mejor\",\"potentialAction\":[{\"@type\":\"SearchAction\",\"target\":{\"@type\":\"EntryPoint\",\"urlTemplate\":\"https:\\\/\\\/www.fagor.eus\\\/?s={search_term_string}\"},\"query-input\":{\"@type\":\"PropertyValueSpecification\",\"valueRequired\":true,\"valueName\":\"search_term_string\"}}],\"inLanguage\":\"es\"},{\"@type\":\"Person\",\"@id\":\"https:\\\/\\\/www.fagor.eus\\\/#\\\/schema\\\/person\\\/e09b7878906ad616c343aa3e5a83bc2f\",\"name\":\"komunikazioa\",\"image\":{\"@type\":\"ImageObject\",\"inLanguage\":\"es\",\"@id\":\"https:\\\/\\\/secure.gravatar.com\\\/avatar\\\/0c624a67c23ed6ff6fd4111959b9a1001016b57c6bebaecbec025adcaa081e6e?s=96&d=mm&r=g\",\"url\":\"https:\\\/\\\/secure.gravatar.com\\\/avatar\\\/0c624a67c23ed6ff6fd4111959b9a1001016b57c6bebaecbec025adcaa081e6e?s=96&d=mm&r=g\",\"contentUrl\":\"https:\\\/\\\/secure.gravatar.com\\\/avatar\\\/0c624a67c23ed6ff6fd4111959b9a1001016b57c6bebaecbec025adcaa081e6e?s=96&d=mm&r=g\",\"caption\":\"komunikazioa\"},\"sameAs\":[\"https:\\\/\\\/x.com\\\/system\"],\"url\":\"https:\\\/\\\/www.fagor.eus\\\/es\\\/author\\\/komunikazioa\\\/\"}]}<\/script>\n<!-- \/ Yoast SEO plugin. -->","yoast_head_json":{"title":"La final de FLL Euskadi-Mondragon se disputa este s\u00e1bado &#187; Grupo Fagor","description":"La final de First Lego League (FLL) Euskadi-Mondragon se disputa este s\u00e1bado, 2 de marzo, en el Campus de Iturripe de Arrasate (Gipuzkoa) de Mondragon Unibertsitatea.","robots":{"index":"index","follow":"follow","max-snippet":"max-snippet:-1","max-image-preview":"max-image-preview:large","max-video-preview":"max-video-preview:-1"},"canonical":"https:\/\/www.fagor.eus\/es\/la-final-de-fll-euskadi-mondragon-se-disputa-este-sabado\/","og_locale":"es_ES","og_type":"article","og_title":"La final de FLL Euskadi-Mondragon se disputa este s\u00e1bado &#187; Grupo Fagor","og_description":"La final de First Lego League (FLL) Euskadi-Mondragon se disputa este s\u00e1bado, 2 de marzo, en el Campus de Iturripe de Arrasate (Gipuzkoa) de Mondragon Unibertsitatea.","og_url":"https:\/\/www.fagor.eus\/es\/la-final-de-fll-euskadi-mondragon-se-disputa-este-sabado\/","og_site_name":"FAGOR","article_published_time":"2024-02-27T09:18:22+00:00","article_modified_time":"2024-02-27T11:00:02+00:00","og_image":[{"width":2000,"height":1333,"url":"https:\/\/www.fagor.eus\/wp-content\/uploads\/2024\/02\/FLL-Fagor-2023.jpg","type":"image\/jpeg"}],"author":"komunikazioa","twitter_card":"summary_large_image","twitter_creator":"@system","twitter_site":"@FagorTaldea","twitter_misc":{"Escrito por":"komunikazioa","Tiempo de lectura":"2 minutos"},"schema":{"@context":"https:\/\/schema.org","@graph":[{"@type":"Article","@id":"https:\/\/www.fagor.eus\/es\/la-final-de-fll-euskadi-mondragon-se-disputa-este-sabado\/#article","isPartOf":{"@id":"https:\/\/www.fagor.eus\/es\/la-final-de-fll-euskadi-mondragon-se-disputa-este-sabado\/"},"author":{"name":"komunikazioa","@id":"https:\/\/www.fagor.eus\/#\/schema\/person\/e09b7878906ad616c343aa3e5a83bc2f"},"headline":"La final de FLL Euskadi-Mondragon se disputa este s\u00e1bado","datePublished":"2024-02-27T09:18:22+00:00","dateModified":"2024-02-27T11:00:02+00:00","mainEntityOfPage":{"@id":"https:\/\/www.fagor.eus\/es\/la-final-de-fll-euskadi-mondragon-se-disputa-este-sabado\/"},"wordCount":331,"image":{"@id":"https:\/\/www.fagor.eus\/es\/la-final-de-fll-euskadi-mondragon-se-disputa-este-sabado\/#primaryimage"},"thumbnailUrl":"https:\/\/www.fagor.eus\/wp-content\/uploads\/2024\/02\/FLL-Fagor-2023.jpg","articleSection":["Grupo Fagor"],"inLanguage":"es"},{"@type":"WebPage","@id":"https:\/\/www.fagor.eus\/es\/la-final-de-fll-euskadi-mondragon-se-disputa-este-sabado\/","url":"https:\/\/www.fagor.eus\/es\/la-final-de-fll-euskadi-mondragon-se-disputa-este-sabado\/","name":"La final de FLL Euskadi-Mondragon se disputa este s\u00e1bado &#187; Grupo Fagor","isPartOf":{"@id":"https:\/\/www.fagor.eus\/#website"},"primaryImageOfPage":{"@id":"https:\/\/www.fagor.eus\/es\/la-final-de-fll-euskadi-mondragon-se-disputa-este-sabado\/#primaryimage"},"image":{"@id":"https:\/\/www.fagor.eus\/es\/la-final-de-fll-euskadi-mondragon-se-disputa-este-sabado\/#primaryimage"},"thumbnailUrl":"https:\/\/www.fagor.eus\/wp-content\/uploads\/2024\/02\/FLL-Fagor-2023.jpg","datePublished":"2024-02-27T09:18:22+00:00","dateModified":"2024-02-27T11:00:02+00:00","author":{"@id":"https:\/\/www.fagor.eus\/#\/schema\/person\/e09b7878906ad616c343aa3e5a83bc2f"},"description":"La final de First Lego League (FLL) Euskadi-Mondragon se disputa este s\u00e1bado, 2 de marzo, en el Campus de Iturripe de Arrasate (Gipuzkoa) de Mondragon Unibertsitatea.","breadcrumb":{"@id":"https:\/\/www.fagor.eus\/es\/la-final-de-fll-euskadi-mondragon-se-disputa-este-sabado\/#breadcrumb"},"inLanguage":"es","potentialAction":[{"@type":"ReadAction","target":["https:\/\/www.fagor.eus\/es\/la-final-de-fll-euskadi-mondragon-se-disputa-este-sabado\/"]}]},{"@type":"ImageObject","inLanguage":"es","@id":"https:\/\/www.fagor.eus\/es\/la-final-de-fll-euskadi-mondragon-se-disputa-este-sabado\/#primaryimage","url":"https:\/\/www.fagor.eus\/wp-content\/uploads\/2024\/02\/FLL-Fagor-2023.jpg","contentUrl":"https:\/\/www.fagor.eus\/wp-content\/uploads\/2024\/02\/FLL-Fagor-2023.jpg","width":2000,"height":1333,"caption":"FLL-Fagor-2023"},{"@type":"BreadcrumbList","@id":"https:\/\/www.fagor.eus\/es\/la-final-de-fll-euskadi-mondragon-se-disputa-este-sabado\/#breadcrumb","itemListElement":[{"@type":"ListItem","position":1,"name":"Home","item":"https:\/\/www.fagor.eus\/es\/"},{"@type":"ListItem","position":2,"name":"La final de FLL Euskadi-Mondragon se disputa este s\u00e1bado"}]},{"@type":"WebSite","@id":"https:\/\/www.fagor.eus\/#website","url":"https:\/\/www.fagor.eus\/","name":"Fagor","description":"Trabajando por un futuro mejor","potentialAction":[{"@type":"SearchAction","target":{"@type":"EntryPoint","urlTemplate":"https:\/\/www.fagor.eus\/?s={search_term_string}"},"query-input":{"@type":"PropertyValueSpecification","valueRequired":true,"valueName":"search_term_string"}}],"inLanguage":"es"},{"@type":"Person","@id":"https:\/\/www.fagor.eus\/#\/schema\/person\/e09b7878906ad616c343aa3e5a83bc2f","name":"komunikazioa","image":{"@type":"ImageObject","inLanguage":"es","@id":"https:\/\/secure.gravatar.com\/avatar\/0c624a67c23ed6ff6fd4111959b9a1001016b57c6bebaecbec025adcaa081e6e?s=96&d=mm&r=g","url":"https:\/\/secure.gravatar.com\/avatar\/0c624a67c23ed6ff6fd4111959b9a1001016b57c6bebaecbec025adcaa081e6e?s=96&d=mm&r=g","contentUrl":"https:\/\/secure.gravatar.com\/avatar\/0c624a67c23ed6ff6fd4111959b9a1001016b57c6bebaecbec025adcaa081e6e?s=96&d=mm&r=g","caption":"komunikazioa"},"sameAs":["https:\/\/x.com\/system"],"url":"https:\/\/www.fagor.eus\/es\/author\/komunikazioa\/"}]}},"_links":{"self":[{"href":"https:\/\/www.fagor.eus\/es\/wp-json\/wp\/v2\/posts\/17984","targetHints":{"allow":["GET"]}}],"collection":[{"href":"https:\/\/www.fagor.eus\/es\/wp-json\/wp\/v2\/posts"}],"about":[{"href":"https:\/\/www.fagor.eus\/es\/wp-json\/wp\/v2\/types\/post"}],"author":[{"embeddable":true,"href":"https:\/\/www.fagor.eus\/es\/wp-json\/wp\/v2\/users\/4"}],"replies":[{"embeddable":true,"href":"https:\/\/www.fagor.eus\/es\/wp-json\/wp\/v2\/comments?post=17984"}],"version-history":[{"count":5,"href":"https:\/\/www.fagor.eus\/es\/wp-json\/wp\/v2\/posts\/17984\/revisions"}],"predecessor-version":[{"id":17990,"href":"https:\/\/www.fagor.eus\/es\/wp-json\/wp\/v2\/posts\/17984\/revisions\/17990"}],"wp:featuredmedia":[{"embeddable":true,"href":"https:\/\/www.fagor.eus\/es\/wp-json\/wp\/v2\/media\/17982"}],"wp:attachment":[{"href":"https:\/\/www.fagor.eus\/es\/wp-json\/wp\/v2\/media?parent=17984"}],"wp:term":[{"taxonomy":"category","embeddable":true,"href":"https:\/\/www.fagor.eus\/es\/wp-json\/wp\/v2\/categories?post=17984"},{"taxonomy":"post_tag","embeddable":true,"href":"https:\/\/www.fagor.eus\/es\/wp-json\/wp\/v2\/tags?post=17984"}],"curies":[{"name":"wp","href":"https:\/\/api.w.org\/{rel}","templated":true}]}}