{"id":17642,"date":"2024-01-09T16:22:43","date_gmt":"2024-01-09T16:22:43","guid":{"rendered":"https:\/\/www.fagor.eus\/?p=17642"},"modified":"2024-01-09T16:22:43","modified_gmt":"2024-01-09T16:22:43","slug":"el-grupo-fagor-hara-una-aportacion-de-50-000-euros-a-ixotzen-comunidad-de-energias-renovables-de-elgeta","status":"publish","type":"post","link":"https:\/\/www.fagor.eus\/es\/el-grupo-fagor-hara-una-aportacion-de-50-000-euros-a-ixotzen-comunidad-de-energias-renovables-de-elgeta\/","title":{"rendered":"El Grupo Fagor har\u00e1 una aportaci\u00f3n de 50.000 euros a Ixotzen, comunidad de energ\u00edas renovables de Elgeta"},"content":{"rendered":"<p>El Grupo Fagor se convierte en socio colaborador de Ixotzen, comunidad de energ\u00edas renovables de Elgeta (Gipuzkoa), y para ello ha realizado una aportaci\u00f3n de 50.000 euros. \u201cEs necesario dar pasos hacia un modelo basado en energ\u00edas renovables. Debagoiena (Gipuzkoa) dispone de varias iniciativas que van en esa direcci\u00f3n. El Grupo Fagor est\u00e1 dispuesto a colaborar con ellas, convencido de que cada paso es importante en la transici\u00f3n energ\u00e9tica\u201d, explica Aritz Otxandiano Kanpo, responsable de Sostenibilidad del Grupo Fagor. Con el nuevo acuerdo, ya son dos las comunidades energ\u00e9ticas de Debagoiena que cuentan con el apoyo del grupo cooperativo: Ekiola del Valle de Leintz e Ixotzen. De cara al futuro, el Grupo Fagor pretende seguir por el mismo camino.<\/p>\n<p>Concretamente, la comunidad de energ\u00edas renovables de Elgeta comenzar\u00e1 su andadura con una instalaci\u00f3n fotovoltaica situada en el tejado del front\u00f3n del pueblo. \u201cSer\u00e1 una instalaci\u00f3n de autoconsumo compartido en la cual participar\u00e1n varias docenas de elgetarras y diversas asociaciones y negocios\u201d, aclara Roberto Sanz Satr\u00fastegui, presidente de Ixotzen.<\/p>\n<p><strong>Inscripci\u00f3n<\/strong><\/p>\n<p>La cooperativa de energ\u00edas renovables abrir\u00e1 un periodo en las pr\u00f3ximas semanas para la inscripci\u00f3n de aquellas personas o entidades que quieran formar parte de proyecto. La opci\u00f3n de convertirse en persona socia est\u00e1 abierta a todos y todas las elgetarras, sean futuras usuarias o se limiten a participar en la cooperativa. En concreto, se prev\u00e9n tres figuras: personas socias usuarias \u2013personas f\u00edsicas o jur\u00eddicas\u2013, socias trabajadoras \u2013aquellas que en un futuro pueden pertenecer a la cooperativa\u2013 y socias colaboradoras \u2013empresas e instituciones, tales como el Grupo Fagor y el Ayuntamiento de Elgeta\u2013. Ixotzen ha puesto una direcci\u00f3n de correo electr\u00f3nico a disposici\u00f3n de quien quiera contactar con la cooperativa: <em>ixotzen@gmail.com<\/em>.<\/p>\n<p><strong>Compromiso con la sostenibilidad<\/strong><\/p>\n<p>Con el nuevo acuerdo, al igual que con los pasos dados desde que puso en marcha la estrategia de sostenibilidad Fagor 2030, el Grupo Fagor ratifica su compromiso con la sostenibilidad, en la cual se encuentra el objetivo de la transici\u00f3n energ\u00e9tica. \u201cEl contexto actual exige una apuesta clara por las energ\u00edas renovables. La ciudadan\u00eda, las instituciones y los diversos agentes deben estar implicados en la causa, y hay que fijar un marco de intercooperaci\u00f3n para el desarrollo de una hoja de ruta dise\u00f1ada entra todos y todas. El Grupo Fagor est\u00e1 dispuesto a seguir trabajando en ese camino, comprometido con la comunidad y los retos sociales\u201d, subraya Otxandiano.<\/p>\n","protected":false},"excerpt":{"rendered":"<p>El Grupo Fagor se convierte en socio colaborador de Ixotzen, comunidad de energ\u00edas renovables de Elgeta (Gipuzkoa), y para ello ha realizado una aportaci\u00f3n de 50.000 euros.<\/p>\n","protected":false},"author":4,"featured_media":17647,"comment_status":"closed","ping_status":"open","sticky":false,"template":"","format":"standard","meta":{"footnotes":""},"categories":[104],"tags":[],"class_list":{"0":"post-17642","1":"post","2":"type-post","3":"status-publish","4":"format-standard","5":"has-post-thumbnail","7":"category-grupo-fagor-es"},"yoast_head":"<!-- This site is optimized with the Yoast SEO plugin v27.4 - https:\/\/yoast.com\/product\/yoast-seo-wordpress\/ -->\n<title>Ayuda de 50.000 euros a la comunidad energ\u00e9tica Ixotzen &#187; Grupo Fagor<\/title>\n<meta name=\"description\" content=\"El Grupo Fagor se convierte en socio colaborador de Ixotzen, comunidad de energ\u00edas renovables de Elgeta, y para ello ha realizado una aportaci\u00f3n de 50.000 euros.\" \/>\n<meta name=\"robots\" content=\"index, follow, max-snippet:-1, max-image-preview:large, max-video-preview:-1\" \/>\n<link rel=\"canonical\" href=\"https:\/\/www.fagor.eus\/es\/el-grupo-fagor-hara-una-aportacion-de-50-000-euros-a-ixotzen-comunidad-de-energias-renovables-de-elgeta\/\" \/>\n<meta property=\"og:locale\" content=\"es_ES\" \/>\n<meta property=\"og:type\" content=\"article\" \/>\n<meta property=\"og:title\" content=\"Ayuda de 50.000 euros a la comunidad energ\u00e9tica Ixotzen &#187; Grupo Fagor\" \/>\n<meta property=\"og:description\" content=\"El Grupo Fagor se convierte en socio colaborador de Ixotzen, comunidad de energ\u00edas renovables de Elgeta, y para ello ha realizado una aportaci\u00f3n de 50.000 euros.\" \/>\n<meta property=\"og:url\" content=\"https:\/\/www.fagor.eus\/es\/el-grupo-fagor-hara-una-aportacion-de-50-000-euros-a-ixotzen-comunidad-de-energias-renovables-de-elgeta\/\" \/>\n<meta property=\"og:site_name\" content=\"FAGOR\" \/>\n<meta property=\"article:published_time\" content=\"2024-01-09T16:22:43+00:00\" \/>\n<meta property=\"og:image\" content=\"https:\/\/www.fagor.eus\/wp-content\/uploads\/2024\/01\/Fagor-Taldea-Ixotzen-acuerdo-energia.jpg\" \/>\n\t<meta property=\"og:image:width\" content=\"2000\" \/>\n\t<meta property=\"og:image:height\" content=\"1333\" \/>\n\t<meta property=\"og:image:type\" content=\"image\/jpeg\" \/>\n<meta name=\"author\" content=\"komunikazioa\" \/>\n<meta name=\"twitter:card\" content=\"summary_large_image\" \/>\n<meta name=\"twitter:creator\" content=\"@system\" \/>\n<meta name=\"twitter:site\" content=\"@FagorTaldea\" \/>\n<meta name=\"twitter:label1\" content=\"Escrito por\" \/>\n\t<meta name=\"twitter:data1\" content=\"komunikazioa\" \/>\n\t<meta name=\"twitter:label2\" content=\"Tiempo de lectura\" \/>\n\t<meta name=\"twitter:data2\" content=\"2 minutos\" \/>\n<script type=\"application\/ld+json\" class=\"yoast-schema-graph\">{\"@context\":\"https:\\\/\\\/schema.org\",\"@graph\":[{\"@type\":\"Article\",\"@id\":\"https:\\\/\\\/www.fagor.eus\\\/es\\\/el-grupo-fagor-hara-una-aportacion-de-50-000-euros-a-ixotzen-comunidad-de-energias-renovables-de-elgeta\\\/#article\",\"isPartOf\":{\"@id\":\"https:\\\/\\\/www.fagor.eus\\\/es\\\/el-grupo-fagor-hara-una-aportacion-de-50-000-euros-a-ixotzen-comunidad-de-energias-renovables-de-elgeta\\\/\"},\"author\":{\"name\":\"komunikazioa\",\"@id\":\"https:\\\/\\\/www.fagor.eus\\\/#\\\/schema\\\/person\\\/e09b7878906ad616c343aa3e5a83bc2f\"},\"headline\":\"El Grupo Fagor har\u00e1 una aportaci\u00f3n de 50.000 euros a Ixotzen, comunidad de energ\u00edas renovables de Elgeta\",\"datePublished\":\"2024-01-09T16:22:43+00:00\",\"mainEntityOfPage\":{\"@id\":\"https:\\\/\\\/www.fagor.eus\\\/es\\\/el-grupo-fagor-hara-una-aportacion-de-50-000-euros-a-ixotzen-comunidad-de-energias-renovables-de-elgeta\\\/\"},\"wordCount\":441,\"image\":{\"@id\":\"https:\\\/\\\/www.fagor.eus\\\/es\\\/el-grupo-fagor-hara-una-aportacion-de-50-000-euros-a-ixotzen-comunidad-de-energias-renovables-de-elgeta\\\/#primaryimage\"},\"thumbnailUrl\":\"https:\\\/\\\/www.fagor.eus\\\/wp-content\\\/uploads\\\/2024\\\/01\\\/Fagor-Taldea-Ixotzen-acuerdo-energia.jpg\",\"articleSection\":[\"Grupo Fagor\"],\"inLanguage\":\"es\"},{\"@type\":\"WebPage\",\"@id\":\"https:\\\/\\\/www.fagor.eus\\\/es\\\/el-grupo-fagor-hara-una-aportacion-de-50-000-euros-a-ixotzen-comunidad-de-energias-renovables-de-elgeta\\\/\",\"url\":\"https:\\\/\\\/www.fagor.eus\\\/es\\\/el-grupo-fagor-hara-una-aportacion-de-50-000-euros-a-ixotzen-comunidad-de-energias-renovables-de-elgeta\\\/\",\"name\":\"Ayuda de 50.000 euros a la comunidad energ\u00e9tica Ixotzen &#187; Grupo Fagor\",\"isPartOf\":{\"@id\":\"https:\\\/\\\/www.fagor.eus\\\/#website\"},\"primaryImageOfPage\":{\"@id\":\"https:\\\/\\\/www.fagor.eus\\\/es\\\/el-grupo-fagor-hara-una-aportacion-de-50-000-euros-a-ixotzen-comunidad-de-energias-renovables-de-elgeta\\\/#primaryimage\"},\"image\":{\"@id\":\"https:\\\/\\\/www.fagor.eus\\\/es\\\/el-grupo-fagor-hara-una-aportacion-de-50-000-euros-a-ixotzen-comunidad-de-energias-renovables-de-elgeta\\\/#primaryimage\"},\"thumbnailUrl\":\"https:\\\/\\\/www.fagor.eus\\\/wp-content\\\/uploads\\\/2024\\\/01\\\/Fagor-Taldea-Ixotzen-acuerdo-energia.jpg\",\"datePublished\":\"2024-01-09T16:22:43+00:00\",\"author\":{\"@id\":\"https:\\\/\\\/www.fagor.eus\\\/#\\\/schema\\\/person\\\/e09b7878906ad616c343aa3e5a83bc2f\"},\"description\":\"El Grupo Fagor se convierte en socio colaborador de Ixotzen, comunidad de energ\u00edas renovables de Elgeta, y para ello ha realizado una aportaci\u00f3n de 50.000 euros.\",\"breadcrumb\":{\"@id\":\"https:\\\/\\\/www.fagor.eus\\\/es\\\/el-grupo-fagor-hara-una-aportacion-de-50-000-euros-a-ixotzen-comunidad-de-energias-renovables-de-elgeta\\\/#breadcrumb\"},\"inLanguage\":\"es\",\"potentialAction\":[{\"@type\":\"ReadAction\",\"target\":[\"https:\\\/\\\/www.fagor.eus\\\/es\\\/el-grupo-fagor-hara-una-aportacion-de-50-000-euros-a-ixotzen-comunidad-de-energias-renovables-de-elgeta\\\/\"]}]},{\"@type\":\"ImageObject\",\"inLanguage\":\"es\",\"@id\":\"https:\\\/\\\/www.fagor.eus\\\/es\\\/el-grupo-fagor-hara-una-aportacion-de-50-000-euros-a-ixotzen-comunidad-de-energias-renovables-de-elgeta\\\/#primaryimage\",\"url\":\"https:\\\/\\\/www.fagor.eus\\\/wp-content\\\/uploads\\\/2024\\\/01\\\/Fagor-Taldea-Ixotzen-acuerdo-energia.jpg\",\"contentUrl\":\"https:\\\/\\\/www.fagor.eus\\\/wp-content\\\/uploads\\\/2024\\\/01\\\/Fagor-Taldea-Ixotzen-acuerdo-energia.jpg\",\"width\":2000,\"height\":1333,\"caption\":\"Fagor Taldea-Ixotzen-acuerdo energia\"},{\"@type\":\"BreadcrumbList\",\"@id\":\"https:\\\/\\\/www.fagor.eus\\\/es\\\/el-grupo-fagor-hara-una-aportacion-de-50-000-euros-a-ixotzen-comunidad-de-energias-renovables-de-elgeta\\\/#breadcrumb\",\"itemListElement\":[{\"@type\":\"ListItem\",\"position\":1,\"name\":\"Home\",\"item\":\"https:\\\/\\\/www.fagor.eus\\\/es\\\/\"},{\"@type\":\"ListItem\",\"position\":2,\"name\":\"El Grupo Fagor har\u00e1 una aportaci\u00f3n de 50.000 euros a Ixotzen, comunidad de energ\u00edas renovables de Elgeta\"}]},{\"@type\":\"WebSite\",\"@id\":\"https:\\\/\\\/www.fagor.eus\\\/#website\",\"url\":\"https:\\\/\\\/www.fagor.eus\\\/\",\"name\":\"Fagor\",\"description\":\"Trabajando por un futuro mejor\",\"potentialAction\":[{\"@type\":\"SearchAction\",\"target\":{\"@type\":\"EntryPoint\",\"urlTemplate\":\"https:\\\/\\\/www.fagor.eus\\\/?s={search_term_string}\"},\"query-input\":{\"@type\":\"PropertyValueSpecification\",\"valueRequired\":true,\"valueName\":\"search_term_string\"}}],\"inLanguage\":\"es\"},{\"@type\":\"Person\",\"@id\":\"https:\\\/\\\/www.fagor.eus\\\/#\\\/schema\\\/person\\\/e09b7878906ad616c343aa3e5a83bc2f\",\"name\":\"komunikazioa\",\"image\":{\"@type\":\"ImageObject\",\"inLanguage\":\"es\",\"@id\":\"https:\\\/\\\/secure.gravatar.com\\\/avatar\\\/0c624a67c23ed6ff6fd4111959b9a1001016b57c6bebaecbec025adcaa081e6e?s=96&d=mm&r=g\",\"url\":\"https:\\\/\\\/secure.gravatar.com\\\/avatar\\\/0c624a67c23ed6ff6fd4111959b9a1001016b57c6bebaecbec025adcaa081e6e?s=96&d=mm&r=g\",\"contentUrl\":\"https:\\\/\\\/secure.gravatar.com\\\/avatar\\\/0c624a67c23ed6ff6fd4111959b9a1001016b57c6bebaecbec025adcaa081e6e?s=96&d=mm&r=g\",\"caption\":\"komunikazioa\"},\"sameAs\":[\"https:\\\/\\\/x.com\\\/system\"],\"url\":\"https:\\\/\\\/www.fagor.eus\\\/es\\\/author\\\/komunikazioa\\\/\"}]}<\/script>\n<!-- \/ Yoast SEO plugin. -->","yoast_head_json":{"title":"Ayuda de 50.000 euros a la comunidad energ\u00e9tica Ixotzen &#187; Grupo Fagor","description":"El Grupo Fagor se convierte en socio colaborador de Ixotzen, comunidad de energ\u00edas renovables de Elgeta, y para ello ha realizado una aportaci\u00f3n de 50.000 euros.","robots":{"index":"index","follow":"follow","max-snippet":"max-snippet:-1","max-image-preview":"max-image-preview:large","max-video-preview":"max-video-preview:-1"},"canonical":"https:\/\/www.fagor.eus\/es\/el-grupo-fagor-hara-una-aportacion-de-50-000-euros-a-ixotzen-comunidad-de-energias-renovables-de-elgeta\/","og_locale":"es_ES","og_type":"article","og_title":"Ayuda de 50.000 euros a la comunidad energ\u00e9tica Ixotzen &#187; Grupo Fagor","og_description":"El Grupo Fagor se convierte en socio colaborador de Ixotzen, comunidad de energ\u00edas renovables de Elgeta, y para ello ha realizado una aportaci\u00f3n de 50.000 euros.","og_url":"https:\/\/www.fagor.eus\/es\/el-grupo-fagor-hara-una-aportacion-de-50-000-euros-a-ixotzen-comunidad-de-energias-renovables-de-elgeta\/","og_site_name":"FAGOR","article_published_time":"2024-01-09T16:22:43+00:00","og_image":[{"width":2000,"height":1333,"url":"https:\/\/www.fagor.eus\/wp-content\/uploads\/2024\/01\/Fagor-Taldea-Ixotzen-acuerdo-energia.jpg","type":"image\/jpeg"}],"author":"komunikazioa","twitter_card":"summary_large_image","twitter_creator":"@system","twitter_site":"@FagorTaldea","twitter_misc":{"Escrito por":"komunikazioa","Tiempo de lectura":"2 minutos"},"schema":{"@context":"https:\/\/schema.org","@graph":[{"@type":"Article","@id":"https:\/\/www.fagor.eus\/es\/el-grupo-fagor-hara-una-aportacion-de-50-000-euros-a-ixotzen-comunidad-de-energias-renovables-de-elgeta\/#article","isPartOf":{"@id":"https:\/\/www.fagor.eus\/es\/el-grupo-fagor-hara-una-aportacion-de-50-000-euros-a-ixotzen-comunidad-de-energias-renovables-de-elgeta\/"},"author":{"name":"komunikazioa","@id":"https:\/\/www.fagor.eus\/#\/schema\/person\/e09b7878906ad616c343aa3e5a83bc2f"},"headline":"El Grupo Fagor har\u00e1 una aportaci\u00f3n de 50.000 euros a Ixotzen, comunidad de energ\u00edas renovables de Elgeta","datePublished":"2024-01-09T16:22:43+00:00","mainEntityOfPage":{"@id":"https:\/\/www.fagor.eus\/es\/el-grupo-fagor-hara-una-aportacion-de-50-000-euros-a-ixotzen-comunidad-de-energias-renovables-de-elgeta\/"},"wordCount":441,"image":{"@id":"https:\/\/www.fagor.eus\/es\/el-grupo-fagor-hara-una-aportacion-de-50-000-euros-a-ixotzen-comunidad-de-energias-renovables-de-elgeta\/#primaryimage"},"thumbnailUrl":"https:\/\/www.fagor.eus\/wp-content\/uploads\/2024\/01\/Fagor-Taldea-Ixotzen-acuerdo-energia.jpg","articleSection":["Grupo Fagor"],"inLanguage":"es"},{"@type":"WebPage","@id":"https:\/\/www.fagor.eus\/es\/el-grupo-fagor-hara-una-aportacion-de-50-000-euros-a-ixotzen-comunidad-de-energias-renovables-de-elgeta\/","url":"https:\/\/www.fagor.eus\/es\/el-grupo-fagor-hara-una-aportacion-de-50-000-euros-a-ixotzen-comunidad-de-energias-renovables-de-elgeta\/","name":"Ayuda de 50.000 euros a la comunidad energ\u00e9tica Ixotzen &#187; Grupo Fagor","isPartOf":{"@id":"https:\/\/www.fagor.eus\/#website"},"primaryImageOfPage":{"@id":"https:\/\/www.fagor.eus\/es\/el-grupo-fagor-hara-una-aportacion-de-50-000-euros-a-ixotzen-comunidad-de-energias-renovables-de-elgeta\/#primaryimage"},"image":{"@id":"https:\/\/www.fagor.eus\/es\/el-grupo-fagor-hara-una-aportacion-de-50-000-euros-a-ixotzen-comunidad-de-energias-renovables-de-elgeta\/#primaryimage"},"thumbnailUrl":"https:\/\/www.fagor.eus\/wp-content\/uploads\/2024\/01\/Fagor-Taldea-Ixotzen-acuerdo-energia.jpg","datePublished":"2024-01-09T16:22:43+00:00","author":{"@id":"https:\/\/www.fagor.eus\/#\/schema\/person\/e09b7878906ad616c343aa3e5a83bc2f"},"description":"El Grupo Fagor se convierte en socio colaborador de Ixotzen, comunidad de energ\u00edas renovables de Elgeta, y para ello ha realizado una aportaci\u00f3n de 50.000 euros.","breadcrumb":{"@id":"https:\/\/www.fagor.eus\/es\/el-grupo-fagor-hara-una-aportacion-de-50-000-euros-a-ixotzen-comunidad-de-energias-renovables-de-elgeta\/#breadcrumb"},"inLanguage":"es","potentialAction":[{"@type":"ReadAction","target":["https:\/\/www.fagor.eus\/es\/el-grupo-fagor-hara-una-aportacion-de-50-000-euros-a-ixotzen-comunidad-de-energias-renovables-de-elgeta\/"]}]},{"@type":"ImageObject","inLanguage":"es","@id":"https:\/\/www.fagor.eus\/es\/el-grupo-fagor-hara-una-aportacion-de-50-000-euros-a-ixotzen-comunidad-de-energias-renovables-de-elgeta\/#primaryimage","url":"https:\/\/www.fagor.eus\/wp-content\/uploads\/2024\/01\/Fagor-Taldea-Ixotzen-acuerdo-energia.jpg","contentUrl":"https:\/\/www.fagor.eus\/wp-content\/uploads\/2024\/01\/Fagor-Taldea-Ixotzen-acuerdo-energia.jpg","width":2000,"height":1333,"caption":"Fagor Taldea-Ixotzen-acuerdo energia"},{"@type":"BreadcrumbList","@id":"https:\/\/www.fagor.eus\/es\/el-grupo-fagor-hara-una-aportacion-de-50-000-euros-a-ixotzen-comunidad-de-energias-renovables-de-elgeta\/#breadcrumb","itemListElement":[{"@type":"ListItem","position":1,"name":"Home","item":"https:\/\/www.fagor.eus\/es\/"},{"@type":"ListItem","position":2,"name":"El Grupo Fagor har\u00e1 una aportaci\u00f3n de 50.000 euros a Ixotzen, comunidad de energ\u00edas renovables de Elgeta"}]},{"@type":"WebSite","@id":"https:\/\/www.fagor.eus\/#website","url":"https:\/\/www.fagor.eus\/","name":"Fagor","description":"Trabajando por un futuro mejor","potentialAction":[{"@type":"SearchAction","target":{"@type":"EntryPoint","urlTemplate":"https:\/\/www.fagor.eus\/?s={search_term_string}"},"query-input":{"@type":"PropertyValueSpecification","valueRequired":true,"valueName":"search_term_string"}}],"inLanguage":"es"},{"@type":"Person","@id":"https:\/\/www.fagor.eus\/#\/schema\/person\/e09b7878906ad616c343aa3e5a83bc2f","name":"komunikazioa","image":{"@type":"ImageObject","inLanguage":"es","@id":"https:\/\/secure.gravatar.com\/avatar\/0c624a67c23ed6ff6fd4111959b9a1001016b57c6bebaecbec025adcaa081e6e?s=96&d=mm&r=g","url":"https:\/\/secure.gravatar.com\/avatar\/0c624a67c23ed6ff6fd4111959b9a1001016b57c6bebaecbec025adcaa081e6e?s=96&d=mm&r=g","contentUrl":"https:\/\/secure.gravatar.com\/avatar\/0c624a67c23ed6ff6fd4111959b9a1001016b57c6bebaecbec025adcaa081e6e?s=96&d=mm&r=g","caption":"komunikazioa"},"sameAs":["https:\/\/x.com\/system"],"url":"https:\/\/www.fagor.eus\/es\/author\/komunikazioa\/"}]}},"_links":{"self":[{"href":"https:\/\/www.fagor.eus\/es\/wp-json\/wp\/v2\/posts\/17642","targetHints":{"allow":["GET"]}}],"collection":[{"href":"https:\/\/www.fagor.eus\/es\/wp-json\/wp\/v2\/posts"}],"about":[{"href":"https:\/\/www.fagor.eus\/es\/wp-json\/wp\/v2\/types\/post"}],"author":[{"embeddable":true,"href":"https:\/\/www.fagor.eus\/es\/wp-json\/wp\/v2\/users\/4"}],"replies":[{"embeddable":true,"href":"https:\/\/www.fagor.eus\/es\/wp-json\/wp\/v2\/comments?post=17642"}],"version-history":[{"count":2,"href":"https:\/\/www.fagor.eus\/es\/wp-json\/wp\/v2\/posts\/17642\/revisions"}],"predecessor-version":[{"id":17644,"href":"https:\/\/www.fagor.eus\/es\/wp-json\/wp\/v2\/posts\/17642\/revisions\/17644"}],"wp:featuredmedia":[{"embeddable":true,"href":"https:\/\/www.fagor.eus\/es\/wp-json\/wp\/v2\/media\/17647"}],"wp:attachment":[{"href":"https:\/\/www.fagor.eus\/es\/wp-json\/wp\/v2\/media?parent=17642"}],"wp:term":[{"taxonomy":"category","embeddable":true,"href":"https:\/\/www.fagor.eus\/es\/wp-json\/wp\/v2\/categories?post=17642"},{"taxonomy":"post_tag","embeddable":true,"href":"https:\/\/www.fagor.eus\/es\/wp-json\/wp\/v2\/tags?post=17642"}],"curies":[{"name":"wp","href":"https:\/\/api.w.org\/{rel}","templated":true}]}}