{"id":17423,"date":"2023-10-24T13:47:23","date_gmt":"2023-10-24T13:47:23","guid":{"rendered":"https:\/\/www.fagor.eus\/fagor-taldeak-pilatu-ditu-kilometro-iraunkor-gehien-urban-mobility-challenge-erronkan\/"},"modified":"2023-10-24T13:49:25","modified_gmt":"2023-10-24T13:49:25","slug":"el-grupo-fagor-gana-el-reto-urban-mobility-challenge-por-los-kilometros-sostenibles-acumulados","status":"publish","type":"post","link":"https:\/\/www.fagor.eus\/es\/el-grupo-fagor-gana-el-reto-urban-mobility-challenge-por-los-kilometros-sostenibles-acumulados\/","title":{"rendered":"El Grupo Fagor gana el reto \u2018Urban Mobility Challenge\u2019 por los kil\u00f3metros sostenibles acumulados"},"content":{"rendered":"<p>Gracias a los 40.313 kil\u00f3metros sostenibles acumulados -se ha evitado la emisi\u00f3n de 4.724 kg de CO2-, el Grupo Fagor gana el reto <span style=\"color: #ff0000;\"><a style=\"color: #ff0000;\" href=\"https:\/\/www.urbanmobilitychallenge.com\/\"><em>Urban Mobility Challenge<\/em><\/a><\/span> celebrado entre el 16 de septiembre y el 16 de octubre entre las empresas usuarias de la aplicaci\u00f3n Ciclogreen. En concreto, dicho reto ha registrado los kil\u00f3metros y los ciclos realizados camino al trabajo. \u201cLos kil\u00f3metros sostenibles acumulados incrementan cada a\u00f1o. La iniciativa <span style=\"color: #ff0000;\"><a style=\"color: #ff0000;\" href=\"https:\/\/www.fagormugi.eus\/index_es.html\">Fagor Mugi<\/a><\/span> va cogiendo fuerza. Es algo necesario, ya que la movilidad es uno de los principales emisores de CO2. Profundizar en el cuidado del planeta, reducir las emisiones y disminuir el da\u00f1o producido en el medioambiente requiere cambiar el modelo de movilidad. El Grupo Fagor pretende ofrecer recursos para ello\u201d, aclara Aritz Otxandiano Kanpo, responsable de Sostenibilidad del Grupo Fagor.<\/p>\n<p>En concreto, han sido 152 las personas del Grupo Fagor que han participado en el reto <em>Urban Mobility Challenge. <\/em>El medio de transporte que m\u00e1s kil\u00f3metros sostenibles ha acumulado ha sido el autob\u00fas (16.041 km). Las personas que han participado en el reto tambi\u00e9n han utilizado la bicicleta (13.000 km), el coche compartido (7.045 km) y la bicicleta el\u00e9ctrica (2.052 km) para sus desplazamientos. Y tambi\u00e9n hay quien va al trabajo caminando (1.919 km). En total, el Grupo Fagor ha acumulado 40.313 kil\u00f3metros sostenibles y eso le ha permitido finalizar el reto en primer lugar, por delante de empresas como Ulma, Comsa y Decathlon.<\/p>\n<p><strong>Plan para la movilidad sostenible<\/strong><\/p>\n<p>El compromiso adoptado por el Grupo Fagor por la movilidad sostenible va m\u00e1s all\u00e1 de iniciativas puntuales. Entre otras cuestiones, trabaja para dise\u00f1ar una hoja de ruta para los pr\u00f3ximos a\u00f1os, y, para ello, ha desarrollado un plan de movilidad sostenible, en el cual se proponen medidas para impulsar el uso de medios de transporte sostenibles o colectivos, as\u00ed como ofrecer medidas para reducir desplazamientos. \u201cHay varias opciones encima de la mesa. Ahora, toca valorar la viabilidad y analizar los efectos de cada una de ellas, para, posteriormente, poner en marcha nuevas medidas. Se necesitan nuevos pasos, y el Grupo Fagor est\u00e1 dispuesto a darlos\u201d, confiesa el responsable de Sostenibilidad.<\/p>\n<p>Adem\u00e1s, el Grupo Fagor pretende impulsar iniciativas dise\u00f1adas en colaboraci\u00f3n con otras empresas, agentes sociales e instituciones de Debagoiena (Gipuzkoa) mediante la red de sostenibilidad Debagoiena 2030. Hoy por hoy, el Grupo valora diversas propuestas.<\/p>\n","protected":false},"excerpt":{"rendered":"<p>Con 40.313 kil\u00f3metros sostenibles acumulados -se ha evitado la emisi\u00f3n de 4.724 kg de CO2-, el Grupo Fagor gana el reto &#8216;Urban Mobility Challenge&#8217;.<\/p>\n","protected":false},"author":8,"featured_media":17421,"comment_status":"closed","ping_status":"open","sticky":false,"template":"","format":"standard","meta":{"footnotes":""},"categories":[104],"tags":[],"class_list":{"0":"post-17423","1":"post","2":"type-post","3":"status-publish","4":"format-standard","5":"has-post-thumbnail","7":"category-grupo-fagor-es"},"yoast_head":"<!-- This site is optimized with the Yoast SEO plugin v27.4 - https:\/\/yoast.com\/product\/yoast-seo-wordpress\/ -->\n<title>El Grupo Fagor gana el reto \u2018Urban Mobility Challenge\u2019 por los kil\u00f3metros sostenibles acumulados &#187; FAGOR Trabajando por un futuro mejor<\/title>\n<meta name=\"robots\" content=\"index, follow, max-snippet:-1, max-image-preview:large, max-video-preview:-1\" \/>\n<link rel=\"canonical\" href=\"https:\/\/www.fagor.eus\/es\/el-grupo-fagor-gana-el-reto-urban-mobility-challenge-por-los-kilometros-sostenibles-acumulados\/\" \/>\n<meta property=\"og:locale\" content=\"es_ES\" \/>\n<meta property=\"og:type\" content=\"article\" \/>\n<meta property=\"og:title\" content=\"El Grupo Fagor gana el reto \u2018Urban Mobility Challenge\u2019 por los kil\u00f3metros sostenibles acumulados &#187; FAGOR Trabajando por un futuro mejor\" \/>\n<meta property=\"og:description\" content=\"Con 40.313 kil\u00f3metros sostenibles acumulados -se ha evitado la emisi\u00f3n de 4.724 kg de CO2-, el Grupo Fagor gana el reto &#039;Urban Mobility Challenge&#039;.\" \/>\n<meta property=\"og:url\" content=\"https:\/\/www.fagor.eus\/es\/el-grupo-fagor-gana-el-reto-urban-mobility-challenge-por-los-kilometros-sostenibles-acumulados\/\" \/>\n<meta property=\"og:site_name\" content=\"FAGOR\" \/>\n<meta property=\"article:published_time\" content=\"2023-10-24T13:47:23+00:00\" \/>\n<meta property=\"article:modified_time\" content=\"2023-10-24T13:49:25+00:00\" \/>\n<meta property=\"og:image\" content=\"https:\/\/www.fagor.eus\/wp-content\/uploads\/2023\/10\/Grupo-Fagor-ganador-de-Urban-Mobility-Challenge-Movilidad.jpeg\" \/>\n\t<meta property=\"og:image:width\" content=\"2000\" \/>\n\t<meta property=\"og:image:height\" content=\"1333\" \/>\n\t<meta property=\"og:image:type\" content=\"image\/jpeg\" \/>\n<meta name=\"author\" content=\"sara\" \/>\n<meta name=\"twitter:card\" content=\"summary_large_image\" \/>\n<meta name=\"twitter:creator\" content=\"@FagorTaldea\" \/>\n<meta name=\"twitter:site\" content=\"@FagorTaldea\" \/>\n<meta name=\"twitter:label1\" content=\"Escrito por\" \/>\n\t<meta name=\"twitter:data1\" content=\"sara\" \/>\n\t<meta name=\"twitter:label2\" content=\"Tiempo de lectura\" \/>\n\t<meta name=\"twitter:data2\" content=\"3 minutos\" \/>\n<script type=\"application\/ld+json\" class=\"yoast-schema-graph\">{\"@context\":\"https:\\\/\\\/schema.org\",\"@graph\":[{\"@type\":\"Article\",\"@id\":\"https:\\\/\\\/www.fagor.eus\\\/es\\\/el-grupo-fagor-gana-el-reto-urban-mobility-challenge-por-los-kilometros-sostenibles-acumulados\\\/#article\",\"isPartOf\":{\"@id\":\"https:\\\/\\\/www.fagor.eus\\\/es\\\/el-grupo-fagor-gana-el-reto-urban-mobility-challenge-por-los-kilometros-sostenibles-acumulados\\\/\"},\"author\":{\"name\":\"sara\",\"@id\":\"https:\\\/\\\/www.fagor.eus\\\/#\\\/schema\\\/person\\\/045056b7cd7899c1fb7b646235e70fcd\"},\"headline\":\"El Grupo Fagor gana el reto \u2018Urban Mobility Challenge\u2019 por los kil\u00f3metros sostenibles acumulados\",\"datePublished\":\"2023-10-24T13:47:23+00:00\",\"dateModified\":\"2023-10-24T13:49:25+00:00\",\"mainEntityOfPage\":{\"@id\":\"https:\\\/\\\/www.fagor.eus\\\/es\\\/el-grupo-fagor-gana-el-reto-urban-mobility-challenge-por-los-kilometros-sostenibles-acumulados\\\/\"},\"wordCount\":409,\"image\":{\"@id\":\"https:\\\/\\\/www.fagor.eus\\\/es\\\/el-grupo-fagor-gana-el-reto-urban-mobility-challenge-por-los-kilometros-sostenibles-acumulados\\\/#primaryimage\"},\"thumbnailUrl\":\"https:\\\/\\\/www.fagor.eus\\\/wp-content\\\/uploads\\\/2023\\\/10\\\/Grupo-Fagor-ganador-de-Urban-Mobility-Challenge-Movilidad.jpeg\",\"articleSection\":[\"Grupo Fagor\"],\"inLanguage\":\"es\"},{\"@type\":\"WebPage\",\"@id\":\"https:\\\/\\\/www.fagor.eus\\\/es\\\/el-grupo-fagor-gana-el-reto-urban-mobility-challenge-por-los-kilometros-sostenibles-acumulados\\\/\",\"url\":\"https:\\\/\\\/www.fagor.eus\\\/es\\\/el-grupo-fagor-gana-el-reto-urban-mobility-challenge-por-los-kilometros-sostenibles-acumulados\\\/\",\"name\":\"El Grupo Fagor gana el reto \u2018Urban Mobility Challenge\u2019 por los kil\u00f3metros sostenibles acumulados &#187; FAGOR Trabajando por un futuro mejor\",\"isPartOf\":{\"@id\":\"https:\\\/\\\/www.fagor.eus\\\/#website\"},\"primaryImageOfPage\":{\"@id\":\"https:\\\/\\\/www.fagor.eus\\\/es\\\/el-grupo-fagor-gana-el-reto-urban-mobility-challenge-por-los-kilometros-sostenibles-acumulados\\\/#primaryimage\"},\"image\":{\"@id\":\"https:\\\/\\\/www.fagor.eus\\\/es\\\/el-grupo-fagor-gana-el-reto-urban-mobility-challenge-por-los-kilometros-sostenibles-acumulados\\\/#primaryimage\"},\"thumbnailUrl\":\"https:\\\/\\\/www.fagor.eus\\\/wp-content\\\/uploads\\\/2023\\\/10\\\/Grupo-Fagor-ganador-de-Urban-Mobility-Challenge-Movilidad.jpeg\",\"datePublished\":\"2023-10-24T13:47:23+00:00\",\"dateModified\":\"2023-10-24T13:49:25+00:00\",\"author\":{\"@id\":\"https:\\\/\\\/www.fagor.eus\\\/#\\\/schema\\\/person\\\/045056b7cd7899c1fb7b646235e70fcd\"},\"breadcrumb\":{\"@id\":\"https:\\\/\\\/www.fagor.eus\\\/es\\\/el-grupo-fagor-gana-el-reto-urban-mobility-challenge-por-los-kilometros-sostenibles-acumulados\\\/#breadcrumb\"},\"inLanguage\":\"es\",\"potentialAction\":[{\"@type\":\"ReadAction\",\"target\":[\"https:\\\/\\\/www.fagor.eus\\\/es\\\/el-grupo-fagor-gana-el-reto-urban-mobility-challenge-por-los-kilometros-sostenibles-acumulados\\\/\"]}]},{\"@type\":\"ImageObject\",\"inLanguage\":\"es\",\"@id\":\"https:\\\/\\\/www.fagor.eus\\\/es\\\/el-grupo-fagor-gana-el-reto-urban-mobility-challenge-por-los-kilometros-sostenibles-acumulados\\\/#primaryimage\",\"url\":\"https:\\\/\\\/www.fagor.eus\\\/wp-content\\\/uploads\\\/2023\\\/10\\\/Grupo-Fagor-ganador-de-Urban-Mobility-Challenge-Movilidad.jpeg\",\"contentUrl\":\"https:\\\/\\\/www.fagor.eus\\\/wp-content\\\/uploads\\\/2023\\\/10\\\/Grupo-Fagor-ganador-de-Urban-Mobility-Challenge-Movilidad.jpeg\",\"width\":2000,\"height\":1333,\"caption\":\"Grupo-Fagor-ganador-de-Urban-Mobility-Challenge-Movilidad\"},{\"@type\":\"BreadcrumbList\",\"@id\":\"https:\\\/\\\/www.fagor.eus\\\/es\\\/el-grupo-fagor-gana-el-reto-urban-mobility-challenge-por-los-kilometros-sostenibles-acumulados\\\/#breadcrumb\",\"itemListElement\":[{\"@type\":\"ListItem\",\"position\":1,\"name\":\"Home\",\"item\":\"https:\\\/\\\/www.fagor.eus\\\/es\\\/\"},{\"@type\":\"ListItem\",\"position\":2,\"name\":\"El Grupo Fagor gana el reto \u2018Urban Mobility Challenge\u2019 por los kil\u00f3metros sostenibles acumulados\"}]},{\"@type\":\"WebSite\",\"@id\":\"https:\\\/\\\/www.fagor.eus\\\/#website\",\"url\":\"https:\\\/\\\/www.fagor.eus\\\/\",\"name\":\"Fagor\",\"description\":\"Trabajando por un futuro mejor\",\"potentialAction\":[{\"@type\":\"SearchAction\",\"target\":{\"@type\":\"EntryPoint\",\"urlTemplate\":\"https:\\\/\\\/www.fagor.eus\\\/?s={search_term_string}\"},\"query-input\":{\"@type\":\"PropertyValueSpecification\",\"valueRequired\":true,\"valueName\":\"search_term_string\"}}],\"inLanguage\":\"es\"},{\"@type\":\"Person\",\"@id\":\"https:\\\/\\\/www.fagor.eus\\\/#\\\/schema\\\/person\\\/045056b7cd7899c1fb7b646235e70fcd\",\"name\":\"sara\",\"image\":{\"@type\":\"ImageObject\",\"inLanguage\":\"es\",\"@id\":\"https:\\\/\\\/secure.gravatar.com\\\/avatar\\\/a57e9f39bbdb3fa890e43198d53446f348d3d5b47cb5ab532a2a96551eda716d?s=96&d=mm&r=g\",\"url\":\"https:\\\/\\\/secure.gravatar.com\\\/avatar\\\/a57e9f39bbdb3fa890e43198d53446f348d3d5b47cb5ab532a2a96551eda716d?s=96&d=mm&r=g\",\"contentUrl\":\"https:\\\/\\\/secure.gravatar.com\\\/avatar\\\/a57e9f39bbdb3fa890e43198d53446f348d3d5b47cb5ab532a2a96551eda716d?s=96&d=mm&r=g\",\"caption\":\"sara\"},\"url\":\"https:\\\/\\\/www.fagor.eus\\\/es\\\/author\\\/sara\\\/\"}]}<\/script>\n<!-- \/ Yoast SEO plugin. -->","yoast_head_json":{"title":"El Grupo Fagor gana el reto \u2018Urban Mobility Challenge\u2019 por los kil\u00f3metros sostenibles acumulados &#187; FAGOR Trabajando por un futuro mejor","robots":{"index":"index","follow":"follow","max-snippet":"max-snippet:-1","max-image-preview":"max-image-preview:large","max-video-preview":"max-video-preview:-1"},"canonical":"https:\/\/www.fagor.eus\/es\/el-grupo-fagor-gana-el-reto-urban-mobility-challenge-por-los-kilometros-sostenibles-acumulados\/","og_locale":"es_ES","og_type":"article","og_title":"El Grupo Fagor gana el reto \u2018Urban Mobility Challenge\u2019 por los kil\u00f3metros sostenibles acumulados &#187; FAGOR Trabajando por un futuro mejor","og_description":"Con 40.313 kil\u00f3metros sostenibles acumulados -se ha evitado la emisi\u00f3n de 4.724 kg de CO2-, el Grupo Fagor gana el reto 'Urban Mobility Challenge'.","og_url":"https:\/\/www.fagor.eus\/es\/el-grupo-fagor-gana-el-reto-urban-mobility-challenge-por-los-kilometros-sostenibles-acumulados\/","og_site_name":"FAGOR","article_published_time":"2023-10-24T13:47:23+00:00","article_modified_time":"2023-10-24T13:49:25+00:00","og_image":[{"width":2000,"height":1333,"url":"https:\/\/www.fagor.eus\/wp-content\/uploads\/2023\/10\/Grupo-Fagor-ganador-de-Urban-Mobility-Challenge-Movilidad.jpeg","type":"image\/jpeg"}],"author":"sara","twitter_card":"summary_large_image","twitter_creator":"@FagorTaldea","twitter_site":"@FagorTaldea","twitter_misc":{"Escrito por":"sara","Tiempo de lectura":"3 minutos"},"schema":{"@context":"https:\/\/schema.org","@graph":[{"@type":"Article","@id":"https:\/\/www.fagor.eus\/es\/el-grupo-fagor-gana-el-reto-urban-mobility-challenge-por-los-kilometros-sostenibles-acumulados\/#article","isPartOf":{"@id":"https:\/\/www.fagor.eus\/es\/el-grupo-fagor-gana-el-reto-urban-mobility-challenge-por-los-kilometros-sostenibles-acumulados\/"},"author":{"name":"sara","@id":"https:\/\/www.fagor.eus\/#\/schema\/person\/045056b7cd7899c1fb7b646235e70fcd"},"headline":"El Grupo Fagor gana el reto \u2018Urban Mobility Challenge\u2019 por los kil\u00f3metros sostenibles acumulados","datePublished":"2023-10-24T13:47:23+00:00","dateModified":"2023-10-24T13:49:25+00:00","mainEntityOfPage":{"@id":"https:\/\/www.fagor.eus\/es\/el-grupo-fagor-gana-el-reto-urban-mobility-challenge-por-los-kilometros-sostenibles-acumulados\/"},"wordCount":409,"image":{"@id":"https:\/\/www.fagor.eus\/es\/el-grupo-fagor-gana-el-reto-urban-mobility-challenge-por-los-kilometros-sostenibles-acumulados\/#primaryimage"},"thumbnailUrl":"https:\/\/www.fagor.eus\/wp-content\/uploads\/2023\/10\/Grupo-Fagor-ganador-de-Urban-Mobility-Challenge-Movilidad.jpeg","articleSection":["Grupo Fagor"],"inLanguage":"es"},{"@type":"WebPage","@id":"https:\/\/www.fagor.eus\/es\/el-grupo-fagor-gana-el-reto-urban-mobility-challenge-por-los-kilometros-sostenibles-acumulados\/","url":"https:\/\/www.fagor.eus\/es\/el-grupo-fagor-gana-el-reto-urban-mobility-challenge-por-los-kilometros-sostenibles-acumulados\/","name":"El Grupo Fagor gana el reto \u2018Urban Mobility Challenge\u2019 por los kil\u00f3metros sostenibles acumulados &#187; FAGOR Trabajando por un futuro mejor","isPartOf":{"@id":"https:\/\/www.fagor.eus\/#website"},"primaryImageOfPage":{"@id":"https:\/\/www.fagor.eus\/es\/el-grupo-fagor-gana-el-reto-urban-mobility-challenge-por-los-kilometros-sostenibles-acumulados\/#primaryimage"},"image":{"@id":"https:\/\/www.fagor.eus\/es\/el-grupo-fagor-gana-el-reto-urban-mobility-challenge-por-los-kilometros-sostenibles-acumulados\/#primaryimage"},"thumbnailUrl":"https:\/\/www.fagor.eus\/wp-content\/uploads\/2023\/10\/Grupo-Fagor-ganador-de-Urban-Mobility-Challenge-Movilidad.jpeg","datePublished":"2023-10-24T13:47:23+00:00","dateModified":"2023-10-24T13:49:25+00:00","author":{"@id":"https:\/\/www.fagor.eus\/#\/schema\/person\/045056b7cd7899c1fb7b646235e70fcd"},"breadcrumb":{"@id":"https:\/\/www.fagor.eus\/es\/el-grupo-fagor-gana-el-reto-urban-mobility-challenge-por-los-kilometros-sostenibles-acumulados\/#breadcrumb"},"inLanguage":"es","potentialAction":[{"@type":"ReadAction","target":["https:\/\/www.fagor.eus\/es\/el-grupo-fagor-gana-el-reto-urban-mobility-challenge-por-los-kilometros-sostenibles-acumulados\/"]}]},{"@type":"ImageObject","inLanguage":"es","@id":"https:\/\/www.fagor.eus\/es\/el-grupo-fagor-gana-el-reto-urban-mobility-challenge-por-los-kilometros-sostenibles-acumulados\/#primaryimage","url":"https:\/\/www.fagor.eus\/wp-content\/uploads\/2023\/10\/Grupo-Fagor-ganador-de-Urban-Mobility-Challenge-Movilidad.jpeg","contentUrl":"https:\/\/www.fagor.eus\/wp-content\/uploads\/2023\/10\/Grupo-Fagor-ganador-de-Urban-Mobility-Challenge-Movilidad.jpeg","width":2000,"height":1333,"caption":"Grupo-Fagor-ganador-de-Urban-Mobility-Challenge-Movilidad"},{"@type":"BreadcrumbList","@id":"https:\/\/www.fagor.eus\/es\/el-grupo-fagor-gana-el-reto-urban-mobility-challenge-por-los-kilometros-sostenibles-acumulados\/#breadcrumb","itemListElement":[{"@type":"ListItem","position":1,"name":"Home","item":"https:\/\/www.fagor.eus\/es\/"},{"@type":"ListItem","position":2,"name":"El Grupo Fagor gana el reto \u2018Urban Mobility Challenge\u2019 por los kil\u00f3metros sostenibles acumulados"}]},{"@type":"WebSite","@id":"https:\/\/www.fagor.eus\/#website","url":"https:\/\/www.fagor.eus\/","name":"Fagor","description":"Trabajando por un futuro mejor","potentialAction":[{"@type":"SearchAction","target":{"@type":"EntryPoint","urlTemplate":"https:\/\/www.fagor.eus\/?s={search_term_string}"},"query-input":{"@type":"PropertyValueSpecification","valueRequired":true,"valueName":"search_term_string"}}],"inLanguage":"es"},{"@type":"Person","@id":"https:\/\/www.fagor.eus\/#\/schema\/person\/045056b7cd7899c1fb7b646235e70fcd","name":"sara","image":{"@type":"ImageObject","inLanguage":"es","@id":"https:\/\/secure.gravatar.com\/avatar\/a57e9f39bbdb3fa890e43198d53446f348d3d5b47cb5ab532a2a96551eda716d?s=96&d=mm&r=g","url":"https:\/\/secure.gravatar.com\/avatar\/a57e9f39bbdb3fa890e43198d53446f348d3d5b47cb5ab532a2a96551eda716d?s=96&d=mm&r=g","contentUrl":"https:\/\/secure.gravatar.com\/avatar\/a57e9f39bbdb3fa890e43198d53446f348d3d5b47cb5ab532a2a96551eda716d?s=96&d=mm&r=g","caption":"sara"},"url":"https:\/\/www.fagor.eus\/es\/author\/sara\/"}]}},"_links":{"self":[{"href":"https:\/\/www.fagor.eus\/es\/wp-json\/wp\/v2\/posts\/17423","targetHints":{"allow":["GET"]}}],"collection":[{"href":"https:\/\/www.fagor.eus\/es\/wp-json\/wp\/v2\/posts"}],"about":[{"href":"https:\/\/www.fagor.eus\/es\/wp-json\/wp\/v2\/types\/post"}],"author":[{"embeddable":true,"href":"https:\/\/www.fagor.eus\/es\/wp-json\/wp\/v2\/users\/8"}],"replies":[{"embeddable":true,"href":"https:\/\/www.fagor.eus\/es\/wp-json\/wp\/v2\/comments?post=17423"}],"version-history":[{"count":1,"href":"https:\/\/www.fagor.eus\/es\/wp-json\/wp\/v2\/posts\/17423\/revisions"}],"predecessor-version":[{"id":17424,"href":"https:\/\/www.fagor.eus\/es\/wp-json\/wp\/v2\/posts\/17423\/revisions\/17424"}],"wp:featuredmedia":[{"embeddable":true,"href":"https:\/\/www.fagor.eus\/es\/wp-json\/wp\/v2\/media\/17421"}],"wp:attachment":[{"href":"https:\/\/www.fagor.eus\/es\/wp-json\/wp\/v2\/media?parent=17423"}],"wp:term":[{"taxonomy":"category","embeddable":true,"href":"https:\/\/www.fagor.eus\/es\/wp-json\/wp\/v2\/categories?post=17423"},{"taxonomy":"post_tag","embeddable":true,"href":"https:\/\/www.fagor.eus\/es\/wp-json\/wp\/v2\/tags?post=17423"}],"curies":[{"name":"wp","href":"https:\/\/api.w.org\/{rel}","templated":true}]}}