{"id":17246,"date":"2023-10-05T12:15:13","date_gmt":"2023-10-05T12:15:13","guid":{"rendered":"https:\/\/www.fagor.eus\/enpresek-2030-agendarekin-bat-egitearen-garrantzia-berbagai-gihen-aldeko-euskal-aliantzaren-ekitaldian\/"},"modified":"2023-10-16T11:18:10","modified_gmt":"2023-10-16T11:18:10","slug":"enpresek-2030-agendarekin-bat-egitearen-garrantzia-berbagai-gihen-aldeko-euskal-aliantzaren-ekitaldian","status":"publish","type":"post","link":"https:\/\/www.fagor.eus\/es\/enpresek-2030-agendarekin-bat-egitearen-garrantzia-berbagai-gihen-aldeko-euskal-aliantzaren-ekitaldian\/","title":{"rendered":"El acto de presentaci\u00f3n de la alianza vasca por los ODS subraya la importancia de la implicaci\u00f3n de las empresas en la Agenda 2030"},"content":{"rendered":"<p>El Grupo Fagor ha participado en el acto de presentaci\u00f3n de la alianza vasca por los Objetivos de Desarrollo Sostenible (ODS) celebrado esta semana. En \u00e9l, Aritz Otxandiano Kanpo, responsable de Sostenibilidad del Grupo, ha tenido la oportunidad de hablar sobre la importancia de la implicaci\u00f3n de las empresas en la Agenda 2030, as\u00ed como de explicar la estrategia de sostenibilidad Fagor 2030: \u201cDesde la convicci\u00f3n de que los Objetivos de Desarrollo Sostenible no se pueden alcanzar sin la implicaci\u00f3n de las empresas, la Agenda 2030 hace por primera vez un llamamiento expreso a estas para que sean parte de la soluci\u00f3n. Por ello, en constante compromiso con la sociedad y el planeta, el Grupo Fagor ha decidido abordarlos seriamente\u201d. Hoy por hoy, la alianza vasca cuenta con el compromiso de 55 empresas y organizaciones. El acto de presentaci\u00f3n que cont\u00f3 con la presencia de diversas instituciones p\u00fablicas, instituciones privadas, empresas y entidades sociales tambi\u00e9n sirvi\u00f3 para presentar una gu\u00eda para desarrollar la Agenda 2030 en empresas y organizaciones.<\/p>\n<p>\u201cEl de la sostenibilidad es un reto mundial que implica un cambio de paradigma en el rol que la empresa ha de jugar en la sociedad. Ya no es suficiente con generar valor econ\u00f3mico para el accionista, las empresas se deben implicar en los grandes restos que tenemos como sociedad. Adem\u00e1s, asumir e incorporar esta nueva realidad ser\u00e1 fundamental para responder adecuadamente a las nuevas exigencias de los clientes y seguir siendo competitivos, especialmente en el contexto europeo. De todas formas, no es esta la raz\u00f3n principal por la cual el Grupo Fagor ha decidido implicarse en la Agenda 2030. \u201cLo hacemos por convicci\u00f3n, desde el compromiso que tenemos con la comunidad y porque entendemos que es una oportunidad para poner en valor el modelo cooperativo de Mondragon e impulsar su desarrollo\u201d, explica el responsable de Sostenibilidad. Jon Kepa Izaguirre Goyoaga (A &amp; B Technology), Jon Abril Olaetxea (Elhuyar) y Lorena Aguirregabiria Caestrana (Mutualia) tambi\u00e9n han participado en el acto de presentaci\u00f3n para trasladar la experiencia de sus respectivas empresas.<\/p>\n<p><strong>Declaraci\u00f3n para un contrato social<\/strong><\/p>\n<p>Cinco son los compromisos asumidos por la alianza vasca por los ODS. Por una parte, habla de reforzar los marcos de colaboraci\u00f3n y rendici\u00f3n de cuentas entre los agentes sociales y las instituciones. Por otra parte, seg\u00fan lo acordado mediante la declaraci\u00f3n, las organizaciones y empresas deben implementar los Objetivos de Desarrollo Sostenible en su gesti\u00f3n y funcionamiento. Adem\u00e1s, se le da especial importancia a la divulgaci\u00f3n de la Agenda 2030 como respuesta global, local y personal a las principales transformaciones que necesita hoy el mundo. De la misma manera, se busca impulsar en la sociedad vasca los principios de sostenibilidad y solidaridad de los ODS para promover una ciudadan\u00eda activa en el desarrollo de la Agenda 2030. Por \u00faltimo, se pretende contribuir al impulso internacional de la Agenda 2030 para crear espacios de encuentro, aprendizaje e intercambio de buenas pr\u00e1cticas con otras realidades en el \u00e1mbito internacional.<\/p>\n<p>&nbsp;<\/p>\n","protected":false},"excerpt":{"rendered":"<p>El Grupo Fagor ha participado en el acto de presentaci\u00f3n de la alianza vasca por los Objetivos de Desarrollo Sostenible (ODS) celebrado esta semana. En \u00e9l, Aritz Otxandiano Kanpo, responsable de Sostenibilidad del Grupo, ha tenido la oportunidad de hablar sobre la importancia de la implicaci\u00f3n de las empresas en la Agenda 2030, as\u00ed como de explicar la estrategia de sostenibilidad Fagor 2030.<\/p>\n","protected":false},"author":8,"featured_media":17244,"comment_status":"closed","ping_status":"open","sticky":false,"template":"","format":"standard","meta":{"footnotes":""},"categories":[104],"tags":[],"class_list":{"0":"post-17246","1":"post","2":"type-post","3":"status-publish","4":"format-standard","5":"has-post-thumbnail","7":"category-grupo-fagor-es"},"yoast_head":"<!-- This site is optimized with the Yoast SEO plugin v27.4 - https:\/\/yoast.com\/product\/yoast-seo-wordpress\/ -->\n<title>El acto de presentaci\u00f3n de la alianza vasca por los ODS subraya la importancia de la implicaci\u00f3n de las empresas en la Agenda 2030 &#187; FAGOR Trabajando por un futuro mejor<\/title>\n<meta name=\"robots\" content=\"index, follow, max-snippet:-1, max-image-preview:large, max-video-preview:-1\" \/>\n<link rel=\"canonical\" href=\"https:\/\/www.fagor.eus\/es\/enpresek-2030-agendarekin-bat-egitearen-garrantzia-berbagai-gihen-aldeko-euskal-aliantzaren-ekitaldian\/\" \/>\n<meta property=\"og:locale\" content=\"es_ES\" \/>\n<meta property=\"og:type\" content=\"article\" \/>\n<meta property=\"og:title\" content=\"El acto de presentaci\u00f3n de la alianza vasca por los ODS subraya la importancia de la implicaci\u00f3n de las empresas en la Agenda 2030 &#187; FAGOR Trabajando por un futuro mejor\" \/>\n<meta property=\"og:description\" content=\"El Grupo Fagor ha participado en el acto de presentaci\u00f3n de la alianza vasca por los Objetivos de Desarrollo Sostenible (ODS) celebrado esta semana. En \u00e9l, Aritz Otxandiano Kanpo, responsable de Sostenibilidad del Grupo, ha tenido la oportunidad de hablar sobre la importancia de la implicaci\u00f3n de las empresas en la Agenda 2030, as\u00ed como de explicar la estrategia de sostenibilidad Fagor 2030.\" \/>\n<meta property=\"og:url\" content=\"https:\/\/www.fagor.eus\/es\/enpresek-2030-agendarekin-bat-egitearen-garrantzia-berbagai-gihen-aldeko-euskal-aliantzaren-ekitaldian\/\" \/>\n<meta property=\"og:site_name\" content=\"FAGOR\" \/>\n<meta property=\"article:published_time\" content=\"2023-10-05T12:15:13+00:00\" \/>\n<meta property=\"article:modified_time\" content=\"2023-10-16T11:18:10+00:00\" \/>\n<meta property=\"og:image\" content=\"https:\/\/www.fagor.eus\/wp-content\/uploads\/2023\/10\/ODS-akordioa.jpeg\" \/>\n\t<meta property=\"og:image:width\" content=\"2000\" \/>\n\t<meta property=\"og:image:height\" content=\"1333\" \/>\n\t<meta property=\"og:image:type\" content=\"image\/jpeg\" \/>\n<meta name=\"author\" content=\"sara\" \/>\n<meta name=\"twitter:card\" content=\"summary_large_image\" \/>\n<meta name=\"twitter:creator\" content=\"@FagorTaldea\" \/>\n<meta name=\"twitter:site\" content=\"@FagorTaldea\" \/>\n<meta name=\"twitter:label1\" content=\"Escrito por\" \/>\n\t<meta name=\"twitter:data1\" content=\"sara\" \/>\n\t<meta name=\"twitter:label2\" content=\"Tiempo de lectura\" \/>\n\t<meta name=\"twitter:data2\" content=\"3 minutos\" \/>\n<script type=\"application\/ld+json\" class=\"yoast-schema-graph\">{\"@context\":\"https:\\\/\\\/schema.org\",\"@graph\":[{\"@type\":\"Article\",\"@id\":\"https:\\\/\\\/www.fagor.eus\\\/es\\\/enpresek-2030-agendarekin-bat-egitearen-garrantzia-berbagai-gihen-aldeko-euskal-aliantzaren-ekitaldian\\\/#article\",\"isPartOf\":{\"@id\":\"https:\\\/\\\/www.fagor.eus\\\/es\\\/enpresek-2030-agendarekin-bat-egitearen-garrantzia-berbagai-gihen-aldeko-euskal-aliantzaren-ekitaldian\\\/\"},\"author\":{\"name\":\"sara\",\"@id\":\"https:\\\/\\\/www.fagor.eus\\\/#\\\/schema\\\/person\\\/045056b7cd7899c1fb7b646235e70fcd\"},\"headline\":\"El acto de presentaci\u00f3n de la alianza vasca por los ODS subraya la importancia de la implicaci\u00f3n de las empresas en la Agenda 2030\",\"datePublished\":\"2023-10-05T12:15:13+00:00\",\"dateModified\":\"2023-10-16T11:18:10+00:00\",\"mainEntityOfPage\":{\"@id\":\"https:\\\/\\\/www.fagor.eus\\\/es\\\/enpresek-2030-agendarekin-bat-egitearen-garrantzia-berbagai-gihen-aldeko-euskal-aliantzaren-ekitaldian\\\/\"},\"wordCount\":534,\"image\":{\"@id\":\"https:\\\/\\\/www.fagor.eus\\\/es\\\/enpresek-2030-agendarekin-bat-egitearen-garrantzia-berbagai-gihen-aldeko-euskal-aliantzaren-ekitaldian\\\/#primaryimage\"},\"thumbnailUrl\":\"https:\\\/\\\/www.fagor.eus\\\/wp-content\\\/uploads\\\/2023\\\/10\\\/ODS-akordioa.jpeg\",\"articleSection\":[\"Grupo Fagor\"],\"inLanguage\":\"es\"},{\"@type\":\"WebPage\",\"@id\":\"https:\\\/\\\/www.fagor.eus\\\/es\\\/enpresek-2030-agendarekin-bat-egitearen-garrantzia-berbagai-gihen-aldeko-euskal-aliantzaren-ekitaldian\\\/\",\"url\":\"https:\\\/\\\/www.fagor.eus\\\/es\\\/enpresek-2030-agendarekin-bat-egitearen-garrantzia-berbagai-gihen-aldeko-euskal-aliantzaren-ekitaldian\\\/\",\"name\":\"El acto de presentaci\u00f3n de la alianza vasca por los ODS subraya la importancia de la implicaci\u00f3n de las empresas en la Agenda 2030 &#187; FAGOR Trabajando por un futuro mejor\",\"isPartOf\":{\"@id\":\"https:\\\/\\\/www.fagor.eus\\\/#website\"},\"primaryImageOfPage\":{\"@id\":\"https:\\\/\\\/www.fagor.eus\\\/es\\\/enpresek-2030-agendarekin-bat-egitearen-garrantzia-berbagai-gihen-aldeko-euskal-aliantzaren-ekitaldian\\\/#primaryimage\"},\"image\":{\"@id\":\"https:\\\/\\\/www.fagor.eus\\\/es\\\/enpresek-2030-agendarekin-bat-egitearen-garrantzia-berbagai-gihen-aldeko-euskal-aliantzaren-ekitaldian\\\/#primaryimage\"},\"thumbnailUrl\":\"https:\\\/\\\/www.fagor.eus\\\/wp-content\\\/uploads\\\/2023\\\/10\\\/ODS-akordioa.jpeg\",\"datePublished\":\"2023-10-05T12:15:13+00:00\",\"dateModified\":\"2023-10-16T11:18:10+00:00\",\"author\":{\"@id\":\"https:\\\/\\\/www.fagor.eus\\\/#\\\/schema\\\/person\\\/045056b7cd7899c1fb7b646235e70fcd\"},\"breadcrumb\":{\"@id\":\"https:\\\/\\\/www.fagor.eus\\\/es\\\/enpresek-2030-agendarekin-bat-egitearen-garrantzia-berbagai-gihen-aldeko-euskal-aliantzaren-ekitaldian\\\/#breadcrumb\"},\"inLanguage\":\"es\",\"potentialAction\":[{\"@type\":\"ReadAction\",\"target\":[\"https:\\\/\\\/www.fagor.eus\\\/es\\\/enpresek-2030-agendarekin-bat-egitearen-garrantzia-berbagai-gihen-aldeko-euskal-aliantzaren-ekitaldian\\\/\"]}]},{\"@type\":\"ImageObject\",\"inLanguage\":\"es\",\"@id\":\"https:\\\/\\\/www.fagor.eus\\\/es\\\/enpresek-2030-agendarekin-bat-egitearen-garrantzia-berbagai-gihen-aldeko-euskal-aliantzaren-ekitaldian\\\/#primaryimage\",\"url\":\"https:\\\/\\\/www.fagor.eus\\\/wp-content\\\/uploads\\\/2023\\\/10\\\/ODS-akordioa.jpeg\",\"contentUrl\":\"https:\\\/\\\/www.fagor.eus\\\/wp-content\\\/uploads\\\/2023\\\/10\\\/ODS-akordioa.jpeg\",\"width\":2000,\"height\":1333,\"caption\":\"ODS-akordioa\"},{\"@type\":\"BreadcrumbList\",\"@id\":\"https:\\\/\\\/www.fagor.eus\\\/es\\\/enpresek-2030-agendarekin-bat-egitearen-garrantzia-berbagai-gihen-aldeko-euskal-aliantzaren-ekitaldian\\\/#breadcrumb\",\"itemListElement\":[{\"@type\":\"ListItem\",\"position\":1,\"name\":\"Home\",\"item\":\"https:\\\/\\\/www.fagor.eus\\\/es\\\/\"},{\"@type\":\"ListItem\",\"position\":2,\"name\":\"El acto de presentaci\u00f3n de la alianza vasca por los ODS subraya la importancia de la implicaci\u00f3n de las empresas en la Agenda 2030\"}]},{\"@type\":\"WebSite\",\"@id\":\"https:\\\/\\\/www.fagor.eus\\\/#website\",\"url\":\"https:\\\/\\\/www.fagor.eus\\\/\",\"name\":\"Fagor\",\"description\":\"Trabajando por un futuro mejor\",\"potentialAction\":[{\"@type\":\"SearchAction\",\"target\":{\"@type\":\"EntryPoint\",\"urlTemplate\":\"https:\\\/\\\/www.fagor.eus\\\/?s={search_term_string}\"},\"query-input\":{\"@type\":\"PropertyValueSpecification\",\"valueRequired\":true,\"valueName\":\"search_term_string\"}}],\"inLanguage\":\"es\"},{\"@type\":\"Person\",\"@id\":\"https:\\\/\\\/www.fagor.eus\\\/#\\\/schema\\\/person\\\/045056b7cd7899c1fb7b646235e70fcd\",\"name\":\"sara\",\"image\":{\"@type\":\"ImageObject\",\"inLanguage\":\"es\",\"@id\":\"https:\\\/\\\/secure.gravatar.com\\\/avatar\\\/a57e9f39bbdb3fa890e43198d53446f348d3d5b47cb5ab532a2a96551eda716d?s=96&d=mm&r=g\",\"url\":\"https:\\\/\\\/secure.gravatar.com\\\/avatar\\\/a57e9f39bbdb3fa890e43198d53446f348d3d5b47cb5ab532a2a96551eda716d?s=96&d=mm&r=g\",\"contentUrl\":\"https:\\\/\\\/secure.gravatar.com\\\/avatar\\\/a57e9f39bbdb3fa890e43198d53446f348d3d5b47cb5ab532a2a96551eda716d?s=96&d=mm&r=g\",\"caption\":\"sara\"},\"url\":\"https:\\\/\\\/www.fagor.eus\\\/es\\\/author\\\/sara\\\/\"}]}<\/script>\n<!-- \/ Yoast SEO plugin. -->","yoast_head_json":{"title":"El acto de presentaci\u00f3n de la alianza vasca por los ODS subraya la importancia de la implicaci\u00f3n de las empresas en la Agenda 2030 &#187; FAGOR Trabajando por un futuro mejor","robots":{"index":"index","follow":"follow","max-snippet":"max-snippet:-1","max-image-preview":"max-image-preview:large","max-video-preview":"max-video-preview:-1"},"canonical":"https:\/\/www.fagor.eus\/es\/enpresek-2030-agendarekin-bat-egitearen-garrantzia-berbagai-gihen-aldeko-euskal-aliantzaren-ekitaldian\/","og_locale":"es_ES","og_type":"article","og_title":"El acto de presentaci\u00f3n de la alianza vasca por los ODS subraya la importancia de la implicaci\u00f3n de las empresas en la Agenda 2030 &#187; FAGOR Trabajando por un futuro mejor","og_description":"El Grupo Fagor ha participado en el acto de presentaci\u00f3n de la alianza vasca por los Objetivos de Desarrollo Sostenible (ODS) celebrado esta semana. En \u00e9l, Aritz Otxandiano Kanpo, responsable de Sostenibilidad del Grupo, ha tenido la oportunidad de hablar sobre la importancia de la implicaci\u00f3n de las empresas en la Agenda 2030, as\u00ed como de explicar la estrategia de sostenibilidad Fagor 2030.","og_url":"https:\/\/www.fagor.eus\/es\/enpresek-2030-agendarekin-bat-egitearen-garrantzia-berbagai-gihen-aldeko-euskal-aliantzaren-ekitaldian\/","og_site_name":"FAGOR","article_published_time":"2023-10-05T12:15:13+00:00","article_modified_time":"2023-10-16T11:18:10+00:00","og_image":[{"width":2000,"height":1333,"url":"https:\/\/www.fagor.eus\/wp-content\/uploads\/2023\/10\/ODS-akordioa.jpeg","type":"image\/jpeg"}],"author":"sara","twitter_card":"summary_large_image","twitter_creator":"@FagorTaldea","twitter_site":"@FagorTaldea","twitter_misc":{"Escrito por":"sara","Tiempo de lectura":"3 minutos"},"schema":{"@context":"https:\/\/schema.org","@graph":[{"@type":"Article","@id":"https:\/\/www.fagor.eus\/es\/enpresek-2030-agendarekin-bat-egitearen-garrantzia-berbagai-gihen-aldeko-euskal-aliantzaren-ekitaldian\/#article","isPartOf":{"@id":"https:\/\/www.fagor.eus\/es\/enpresek-2030-agendarekin-bat-egitearen-garrantzia-berbagai-gihen-aldeko-euskal-aliantzaren-ekitaldian\/"},"author":{"name":"sara","@id":"https:\/\/www.fagor.eus\/#\/schema\/person\/045056b7cd7899c1fb7b646235e70fcd"},"headline":"El acto de presentaci\u00f3n de la alianza vasca por los ODS subraya la importancia de la implicaci\u00f3n de las empresas en la Agenda 2030","datePublished":"2023-10-05T12:15:13+00:00","dateModified":"2023-10-16T11:18:10+00:00","mainEntityOfPage":{"@id":"https:\/\/www.fagor.eus\/es\/enpresek-2030-agendarekin-bat-egitearen-garrantzia-berbagai-gihen-aldeko-euskal-aliantzaren-ekitaldian\/"},"wordCount":534,"image":{"@id":"https:\/\/www.fagor.eus\/es\/enpresek-2030-agendarekin-bat-egitearen-garrantzia-berbagai-gihen-aldeko-euskal-aliantzaren-ekitaldian\/#primaryimage"},"thumbnailUrl":"https:\/\/www.fagor.eus\/wp-content\/uploads\/2023\/10\/ODS-akordioa.jpeg","articleSection":["Grupo Fagor"],"inLanguage":"es"},{"@type":"WebPage","@id":"https:\/\/www.fagor.eus\/es\/enpresek-2030-agendarekin-bat-egitearen-garrantzia-berbagai-gihen-aldeko-euskal-aliantzaren-ekitaldian\/","url":"https:\/\/www.fagor.eus\/es\/enpresek-2030-agendarekin-bat-egitearen-garrantzia-berbagai-gihen-aldeko-euskal-aliantzaren-ekitaldian\/","name":"El acto de presentaci\u00f3n de la alianza vasca por los ODS subraya la importancia de la implicaci\u00f3n de las empresas en la Agenda 2030 &#187; FAGOR Trabajando por un futuro mejor","isPartOf":{"@id":"https:\/\/www.fagor.eus\/#website"},"primaryImageOfPage":{"@id":"https:\/\/www.fagor.eus\/es\/enpresek-2030-agendarekin-bat-egitearen-garrantzia-berbagai-gihen-aldeko-euskal-aliantzaren-ekitaldian\/#primaryimage"},"image":{"@id":"https:\/\/www.fagor.eus\/es\/enpresek-2030-agendarekin-bat-egitearen-garrantzia-berbagai-gihen-aldeko-euskal-aliantzaren-ekitaldian\/#primaryimage"},"thumbnailUrl":"https:\/\/www.fagor.eus\/wp-content\/uploads\/2023\/10\/ODS-akordioa.jpeg","datePublished":"2023-10-05T12:15:13+00:00","dateModified":"2023-10-16T11:18:10+00:00","author":{"@id":"https:\/\/www.fagor.eus\/#\/schema\/person\/045056b7cd7899c1fb7b646235e70fcd"},"breadcrumb":{"@id":"https:\/\/www.fagor.eus\/es\/enpresek-2030-agendarekin-bat-egitearen-garrantzia-berbagai-gihen-aldeko-euskal-aliantzaren-ekitaldian\/#breadcrumb"},"inLanguage":"es","potentialAction":[{"@type":"ReadAction","target":["https:\/\/www.fagor.eus\/es\/enpresek-2030-agendarekin-bat-egitearen-garrantzia-berbagai-gihen-aldeko-euskal-aliantzaren-ekitaldian\/"]}]},{"@type":"ImageObject","inLanguage":"es","@id":"https:\/\/www.fagor.eus\/es\/enpresek-2030-agendarekin-bat-egitearen-garrantzia-berbagai-gihen-aldeko-euskal-aliantzaren-ekitaldian\/#primaryimage","url":"https:\/\/www.fagor.eus\/wp-content\/uploads\/2023\/10\/ODS-akordioa.jpeg","contentUrl":"https:\/\/www.fagor.eus\/wp-content\/uploads\/2023\/10\/ODS-akordioa.jpeg","width":2000,"height":1333,"caption":"ODS-akordioa"},{"@type":"BreadcrumbList","@id":"https:\/\/www.fagor.eus\/es\/enpresek-2030-agendarekin-bat-egitearen-garrantzia-berbagai-gihen-aldeko-euskal-aliantzaren-ekitaldian\/#breadcrumb","itemListElement":[{"@type":"ListItem","position":1,"name":"Home","item":"https:\/\/www.fagor.eus\/es\/"},{"@type":"ListItem","position":2,"name":"El acto de presentaci\u00f3n de la alianza vasca por los ODS subraya la importancia de la implicaci\u00f3n de las empresas en la Agenda 2030"}]},{"@type":"WebSite","@id":"https:\/\/www.fagor.eus\/#website","url":"https:\/\/www.fagor.eus\/","name":"Fagor","description":"Trabajando por un futuro mejor","potentialAction":[{"@type":"SearchAction","target":{"@type":"EntryPoint","urlTemplate":"https:\/\/www.fagor.eus\/?s={search_term_string}"},"query-input":{"@type":"PropertyValueSpecification","valueRequired":true,"valueName":"search_term_string"}}],"inLanguage":"es"},{"@type":"Person","@id":"https:\/\/www.fagor.eus\/#\/schema\/person\/045056b7cd7899c1fb7b646235e70fcd","name":"sara","image":{"@type":"ImageObject","inLanguage":"es","@id":"https:\/\/secure.gravatar.com\/avatar\/a57e9f39bbdb3fa890e43198d53446f348d3d5b47cb5ab532a2a96551eda716d?s=96&d=mm&r=g","url":"https:\/\/secure.gravatar.com\/avatar\/a57e9f39bbdb3fa890e43198d53446f348d3d5b47cb5ab532a2a96551eda716d?s=96&d=mm&r=g","contentUrl":"https:\/\/secure.gravatar.com\/avatar\/a57e9f39bbdb3fa890e43198d53446f348d3d5b47cb5ab532a2a96551eda716d?s=96&d=mm&r=g","caption":"sara"},"url":"https:\/\/www.fagor.eus\/es\/author\/sara\/"}]}},"_links":{"self":[{"href":"https:\/\/www.fagor.eus\/es\/wp-json\/wp\/v2\/posts\/17246","targetHints":{"allow":["GET"]}}],"collection":[{"href":"https:\/\/www.fagor.eus\/es\/wp-json\/wp\/v2\/posts"}],"about":[{"href":"https:\/\/www.fagor.eus\/es\/wp-json\/wp\/v2\/types\/post"}],"author":[{"embeddable":true,"href":"https:\/\/www.fagor.eus\/es\/wp-json\/wp\/v2\/users\/8"}],"replies":[{"embeddable":true,"href":"https:\/\/www.fagor.eus\/es\/wp-json\/wp\/v2\/comments?post=17246"}],"version-history":[{"count":1,"href":"https:\/\/www.fagor.eus\/es\/wp-json\/wp\/v2\/posts\/17246\/revisions"}],"predecessor-version":[{"id":17247,"href":"https:\/\/www.fagor.eus\/es\/wp-json\/wp\/v2\/posts\/17246\/revisions\/17247"}],"wp:featuredmedia":[{"embeddable":true,"href":"https:\/\/www.fagor.eus\/es\/wp-json\/wp\/v2\/media\/17244"}],"wp:attachment":[{"href":"https:\/\/www.fagor.eus\/es\/wp-json\/wp\/v2\/media?parent=17246"}],"wp:term":[{"taxonomy":"category","embeddable":true,"href":"https:\/\/www.fagor.eus\/es\/wp-json\/wp\/v2\/categories?post=17246"},{"taxonomy":"post_tag","embeddable":true,"href":"https:\/\/www.fagor.eus\/es\/wp-json\/wp\/v2\/tags?post=17246"}],"curies":[{"name":"wp","href":"https:\/\/api.w.org\/{rel}","templated":true}]}}