{"id":16084,"date":"2023-05-03T08:11:39","date_gmt":"2023-05-03T08:11:39","guid":{"rendered":"https:\/\/www.fagor.eus\/?p=16084"},"modified":"2023-05-03T08:11:39","modified_gmt":"2023-05-03T08:11:39","slug":"galbaian-organiza-una-exitosa-jornada-sobre-la-propiedad-industrial-e-intelectual-en-el-mundo-digital","status":"publish","type":"post","link":"https:\/\/www.fagor.eus\/es\/galbaian-organiza-una-exitosa-jornada-sobre-la-propiedad-industrial-e-intelectual-en-el-mundo-digital\/","title":{"rendered":"Galbaian organiza una exitosa jornada sobre la Propiedad Industrial e Intelectual en el mundo digital"},"content":{"rendered":"<p>Con motivo del D\u00eda Mundial de la Propiedad Industrial e Intelectual (PI), <span style=\"color: #ff0000;\"><a style=\"color: #ff0000;\" href=\"https:\/\/www.galbaian.com\/\">Galbaian<\/a><\/span>, cooperativa del Grupo Fagor, organiz\u00f3 el 26 de abril en el centro tecnol\u00f3gico Garaia de Mondrag\u00f3n (Gipuzkoa) una jornada en la que se profundiz\u00f3 sobre la gesti\u00f3n de la PI en el mundo digital. Tras una breve introducci\u00f3n a cargo de Ismael Igartua Irizar, director de la cooperativa Galbaian, Idoia Apraiz Tellechea, responsable de Gesti\u00f3n Estrat\u00e9gica de la PI en Galbaian, habl\u00f3 sobre la gesti\u00f3n estrat\u00e9gica de la PI en el mundo digital, destacando los siguientes retos: analizar la adecuaci\u00f3n de la estrategia de PI a los nuevos modelos de negocio, llevar a cabo el dise\u00f1o 360 grados de la estrategia de PI para nuevos productos o servicios, e integrar la estrategia de PI en los procesos de innovaci\u00f3n.<\/p>\n<p>A continuaci\u00f3n, Elena Zabala Iturriagagoitia, responsable de Patentes de Software en Galbaian, puso el foco en dos modalidades de PI: las patentes y el secreto empresarial. Zabala quiso desterrar \u201cun malentendido muy extendido\u201d seg\u00fan el cual el software no se puede patentar. Seg\u00fan ella, las invenciones implementadas por ordenador se pueden patentar en caso de que haya una contribuci\u00f3n t\u00e9cnica y siempre que se cumplan los requisitos de novedad y actividad inventiva. La responsable de Patentes de Software tambi\u00e9n habl\u00f3 de la posibilidad de patentar casos de uso basados en inteligencia artificial.<\/p>\n<p>Seguidamente, Itziar Lopez de Bergara Lasa, responsable del \u00c1rea Legal de Galbaian, cerr\u00f3 el c\u00edrculo de las ponencias de la jornada haciendo referencia a los derechos de autor sobre programas de ordenador y a la protecci\u00f3n de bases de datos por derechos de autor y como derechos <em>sui generis<\/em>. Entre otras, advirti\u00f3 sobre la importancia de identificar el uso de software libre o de c\u00f3digo abierto y sus implicaciones en la explotaci\u00f3n del software desarrollado. Finalmente, resalt\u00f3 la necesidad de prestar atenci\u00f3n a los cambios normativos en el mundo digital, por ejemplo, a los relacionados con la Estrategia Europea de Datos.<\/p>\n<p><strong>Mesa redonda con diversas personalidades del \u00e1mbito<\/strong><\/p>\n<p>Las ponencias dieron paso a una mesa redonda en la que participaron Rom\u00e1n Or\u00fas, cofundador y CSO de Multiverse y profesor de investigaci\u00f3n de Ikerbasque en DIPC; Nerea Aranguren, directora general de Ideko y directora de Innovaci\u00f3n de Danobatgroup; Arrate Jaureguibeitia, responsable de Estrategia y Coordinaci\u00f3n en Baic; y, Pedro Mu\u00f1oz-Baroja, cofundador de Berriup y director general de Easo Ventures.<\/p>\n<p>Rom\u00e1n Or\u00fas fue el primero en tomar la palabra. Comparti\u00f3 la estrategia de PI de Multiverse, que pasa por intentar proteger mediante patente todos aquellos casos de uso que desarrollan. \u201cPara Multiverse es cr\u00edtico generar esta PI y asegurarse la propiedad sobre la misma en los acuerdos que firman con terceros\u201d, afirm\u00f3. Tambi\u00e9n mostr\u00f3 el ranking de solicitantes estatales de patentes europeos de 2022, en donde aparece en quinto lugar, compartiendo los puestos de honor con organizaciones \u201cmuch\u00edsimo m\u00e1s grandes\u201d que Multiverse. \u201cConsidero que no es que Multiverse patente mucho, sino que otros patentan muy poco\u201d, subray\u00f3.<\/p>\n<p>Nerea Aranguren, por su parte, cont\u00f3 que Danobatgroup e Ideko llevan a cabo una gesti\u00f3n activa de la PI el cual est\u00e1 presente desde el principio en todos los proyectos que se abordan. Adem\u00e1s, cit\u00f3 un caso de \u00e9xito relacionado con un sistema denominado DAS, y subray\u00f3 la necesidad de revisar los casos de uso basados en inteligencia artificial para evaluar su posible patentabilidad. Por su parte, Arrate Jaureguibeitia enumer\u00f3 tres claves en relaci\u00f3n con la estrategia de PI en el \u00e1mbito de la inteligencia artificial: identificar y proteger adecuadamente la PI generada, establecer contratos claros para cada colaboraci\u00f3n que se establezca, y considerar nuevos modelos de negocio basados en la monetizaci\u00f3n de activos de PI.<\/p>\n<p>Por \u00faltimo, Pedro Mu\u00f1oz-Baroja confirm\u00f3 que una parte importante de las <em>startup<\/em>s que se aceleran desde Berriup y en las que se invierte desde Easo Ventures ofrecen soluciones que se ubican en el mundo digital. Resalt\u00f3 que es el equipo emprendedor el principal criterio para acelerar <em>startup<\/em>s o invertir en ellas, teniendo muy presente que en los casos en los que la tecnolog\u00eda asociada al proyecto sea importante, es clave que \u00e9sta est\u00e9 bien protegida mediante PI.<\/p>\n<p><strong>Premio Galbahe 2023<\/strong><\/p>\n<p>Como en a\u00f1os anteriores, Galbaian aprovech\u00f3 la celebraci\u00f3n del D\u00eda Mundial de la Propiedad Industrial e Intelectual, el <em>World IP Day<\/em>, para dar a conocer a la ganadora del premio Galbahe al o a la mejor inventor o inventora, que fue para Nagore Abrisketa Lozano, de Vicinay Marine Innovaci\u00f3n, quien se acord\u00f3 de sus compa\u00f1eros y compa\u00f1eras, y puso en valor la aportaci\u00f3n del equipo del \u00e1rea de dise\u00f1o en el proceso de desarrollo de nuevas invenciones.<\/p>\n<p>En concreto, en su trayectoria, Abrisketa no solo se ha preocupado de inventar, sino tambi\u00e9n de gestionar con criterio la protecci\u00f3n de las invenciones que se han ido desarrollando en el seno de su organizaci\u00f3n, as\u00ed como otros aspectos relacionados con las patentes. \u201cGracias a su buen hacer, se ha convertido en un referente en materia de patentes y, en general, en materia de PI, dentro del Grupo Vicinay\u201d, explican las personas encargadas de entregar el premio.<\/p>\n","protected":false},"excerpt":{"rendered":"<p>Con motivo del D\u00eda Mundial de la Propiedad Industrial e Intelectual (PI), Galbaian, cooperativa del Grupo Fagor, organiz\u00f3 el 26 de abril en el centro tecnol\u00f3gico Garaia de Mondrag\u00f3n (Gipuzkoa)&#8230;<\/p>\n","protected":false},"author":4,"featured_media":16080,"comment_status":"closed","ping_status":"open","sticky":false,"template":"","format":"standard","meta":{"footnotes":""},"categories":[98],"tags":[],"class_list":{"0":"post-16084","1":"post","2":"type-post","3":"status-publish","4":"format-standard","5":"has-post-thumbnail","7":"category-galbaian-es"},"yoast_head":"<!-- This site is optimized with the Yoast SEO plugin v27.4 - https:\/\/yoast.com\/product\/yoast-seo-wordpress\/ -->\n<title>Galbaian organiza una jornada para celebrar el &#039;World IP Day&#039; &#187; Grupo Fagor<\/title>\n<meta name=\"description\" content=\"Con motivo del D\u00eda Mundial de la Propiedad Industrial e Intelectual (PI), Galbaian, cooperativa del Grupo Fagor, organiz\u00f3 el 26 de abril en el centro tecnol\u00f3gico Garaia de Mondrag\u00f3n (Gipuzkoa) una jornada en la que se profundiz\u00f3 sobre la gesti\u00f3n de la PI en el mundo digital.\" \/>\n<meta name=\"robots\" content=\"index, follow, max-snippet:-1, max-image-preview:large, max-video-preview:-1\" \/>\n<link rel=\"canonical\" href=\"https:\/\/www.fagor.eus\/es\/galbaian-organiza-una-exitosa-jornada-sobre-la-propiedad-industrial-e-intelectual-en-el-mundo-digital\/\" \/>\n<meta property=\"og:locale\" content=\"es_ES\" \/>\n<meta property=\"og:type\" content=\"article\" \/>\n<meta property=\"og:title\" content=\"Galbaian organiza una jornada para celebrar el &#039;World IP Day&#039; &#187; Grupo Fagor\" \/>\n<meta property=\"og:description\" content=\"Con motivo del D\u00eda Mundial de la Propiedad Industrial e Intelectual (PI), Galbaian, cooperativa del Grupo Fagor, organiz\u00f3 el 26 de abril en el centro tecnol\u00f3gico Garaia de Mondrag\u00f3n (Gipuzkoa) una jornada en la que se profundiz\u00f3 sobre la gesti\u00f3n de la PI en el mundo digital.\" \/>\n<meta property=\"og:url\" content=\"https:\/\/www.fagor.eus\/es\/galbaian-organiza-una-exitosa-jornada-sobre-la-propiedad-industrial-e-intelectual-en-el-mundo-digital\/\" \/>\n<meta property=\"og:site_name\" content=\"FAGOR\" \/>\n<meta property=\"article:published_time\" content=\"2023-05-03T08:11:39+00:00\" \/>\n<meta property=\"og:image\" content=\"https:\/\/www.fagor.eus\/wp-content\/uploads\/2023\/05\/Galbae-saria-2023.jpg\" \/>\n\t<meta property=\"og:image:width\" content=\"2000\" \/>\n\t<meta property=\"og:image:height\" content=\"1333\" \/>\n\t<meta property=\"og:image:type\" content=\"image\/jpeg\" \/>\n<meta name=\"author\" content=\"komunikazioa\" \/>\n<meta name=\"twitter:card\" content=\"summary_large_image\" \/>\n<meta name=\"twitter:creator\" content=\"@system\" \/>\n<meta name=\"twitter:site\" content=\"@FagorTaldea\" \/>\n<meta name=\"twitter:label1\" content=\"Escrito por\" \/>\n\t<meta name=\"twitter:data1\" content=\"komunikazioa\" \/>\n\t<meta name=\"twitter:label2\" content=\"Tiempo de lectura\" \/>\n\t<meta name=\"twitter:data2\" content=\"4 minutos\" \/>\n<script type=\"application\/ld+json\" class=\"yoast-schema-graph\">{\"@context\":\"https:\\\/\\\/schema.org\",\"@graph\":[{\"@type\":\"Article\",\"@id\":\"https:\\\/\\\/www.fagor.eus\\\/es\\\/galbaian-organiza-una-exitosa-jornada-sobre-la-propiedad-industrial-e-intelectual-en-el-mundo-digital\\\/#article\",\"isPartOf\":{\"@id\":\"https:\\\/\\\/www.fagor.eus\\\/es\\\/galbaian-organiza-una-exitosa-jornada-sobre-la-propiedad-industrial-e-intelectual-en-el-mundo-digital\\\/\"},\"author\":{\"name\":\"komunikazioa\",\"@id\":\"https:\\\/\\\/www.fagor.eus\\\/#\\\/schema\\\/person\\\/e09b7878906ad616c343aa3e5a83bc2f\"},\"headline\":\"Galbaian organiza una exitosa jornada sobre la Propiedad Industrial e Intelectual en el mundo digital\",\"datePublished\":\"2023-05-03T08:11:39+00:00\",\"mainEntityOfPage\":{\"@id\":\"https:\\\/\\\/www.fagor.eus\\\/es\\\/galbaian-organiza-una-exitosa-jornada-sobre-la-propiedad-industrial-e-intelectual-en-el-mundo-digital\\\/\"},\"wordCount\":903,\"image\":{\"@id\":\"https:\\\/\\\/www.fagor.eus\\\/es\\\/galbaian-organiza-una-exitosa-jornada-sobre-la-propiedad-industrial-e-intelectual-en-el-mundo-digital\\\/#primaryimage\"},\"thumbnailUrl\":\"https:\\\/\\\/www.fagor.eus\\\/wp-content\\\/uploads\\\/2023\\\/05\\\/Galbae-saria-2023.jpg\",\"articleSection\":[\"Galbaian\"],\"inLanguage\":\"es\"},{\"@type\":\"WebPage\",\"@id\":\"https:\\\/\\\/www.fagor.eus\\\/es\\\/galbaian-organiza-una-exitosa-jornada-sobre-la-propiedad-industrial-e-intelectual-en-el-mundo-digital\\\/\",\"url\":\"https:\\\/\\\/www.fagor.eus\\\/es\\\/galbaian-organiza-una-exitosa-jornada-sobre-la-propiedad-industrial-e-intelectual-en-el-mundo-digital\\\/\",\"name\":\"Galbaian organiza una jornada para celebrar el 'World IP Day' &#187; Grupo Fagor\",\"isPartOf\":{\"@id\":\"https:\\\/\\\/www.fagor.eus\\\/#website\"},\"primaryImageOfPage\":{\"@id\":\"https:\\\/\\\/www.fagor.eus\\\/es\\\/galbaian-organiza-una-exitosa-jornada-sobre-la-propiedad-industrial-e-intelectual-en-el-mundo-digital\\\/#primaryimage\"},\"image\":{\"@id\":\"https:\\\/\\\/www.fagor.eus\\\/es\\\/galbaian-organiza-una-exitosa-jornada-sobre-la-propiedad-industrial-e-intelectual-en-el-mundo-digital\\\/#primaryimage\"},\"thumbnailUrl\":\"https:\\\/\\\/www.fagor.eus\\\/wp-content\\\/uploads\\\/2023\\\/05\\\/Galbae-saria-2023.jpg\",\"datePublished\":\"2023-05-03T08:11:39+00:00\",\"author\":{\"@id\":\"https:\\\/\\\/www.fagor.eus\\\/#\\\/schema\\\/person\\\/e09b7878906ad616c343aa3e5a83bc2f\"},\"description\":\"Con motivo del D\u00eda Mundial de la Propiedad Industrial e Intelectual (PI), Galbaian, cooperativa del Grupo Fagor, organiz\u00f3 el 26 de abril en el centro tecnol\u00f3gico Garaia de Mondrag\u00f3n (Gipuzkoa) una jornada en la que se profundiz\u00f3 sobre la gesti\u00f3n de la PI en el mundo digital.\",\"breadcrumb\":{\"@id\":\"https:\\\/\\\/www.fagor.eus\\\/es\\\/galbaian-organiza-una-exitosa-jornada-sobre-la-propiedad-industrial-e-intelectual-en-el-mundo-digital\\\/#breadcrumb\"},\"inLanguage\":\"es\",\"potentialAction\":[{\"@type\":\"ReadAction\",\"target\":[\"https:\\\/\\\/www.fagor.eus\\\/es\\\/galbaian-organiza-una-exitosa-jornada-sobre-la-propiedad-industrial-e-intelectual-en-el-mundo-digital\\\/\"]}]},{\"@type\":\"ImageObject\",\"inLanguage\":\"es\",\"@id\":\"https:\\\/\\\/www.fagor.eus\\\/es\\\/galbaian-organiza-una-exitosa-jornada-sobre-la-propiedad-industrial-e-intelectual-en-el-mundo-digital\\\/#primaryimage\",\"url\":\"https:\\\/\\\/www.fagor.eus\\\/wp-content\\\/uploads\\\/2023\\\/05\\\/Galbae-saria-2023.jpg\",\"contentUrl\":\"https:\\\/\\\/www.fagor.eus\\\/wp-content\\\/uploads\\\/2023\\\/05\\\/Galbae-saria-2023.jpg\",\"width\":2000,\"height\":1333,\"caption\":\"Premio Galbahe 2023\"},{\"@type\":\"BreadcrumbList\",\"@id\":\"https:\\\/\\\/www.fagor.eus\\\/es\\\/galbaian-organiza-una-exitosa-jornada-sobre-la-propiedad-industrial-e-intelectual-en-el-mundo-digital\\\/#breadcrumb\",\"itemListElement\":[{\"@type\":\"ListItem\",\"position\":1,\"name\":\"Home\",\"item\":\"https:\\\/\\\/www.fagor.eus\\\/es\\\/\"},{\"@type\":\"ListItem\",\"position\":2,\"name\":\"Galbaian organiza una exitosa jornada sobre la Propiedad Industrial e Intelectual en el mundo digital\"}]},{\"@type\":\"WebSite\",\"@id\":\"https:\\\/\\\/www.fagor.eus\\\/#website\",\"url\":\"https:\\\/\\\/www.fagor.eus\\\/\",\"name\":\"Fagor\",\"description\":\"Trabajando por un futuro mejor\",\"potentialAction\":[{\"@type\":\"SearchAction\",\"target\":{\"@type\":\"EntryPoint\",\"urlTemplate\":\"https:\\\/\\\/www.fagor.eus\\\/?s={search_term_string}\"},\"query-input\":{\"@type\":\"PropertyValueSpecification\",\"valueRequired\":true,\"valueName\":\"search_term_string\"}}],\"inLanguage\":\"es\"},{\"@type\":\"Person\",\"@id\":\"https:\\\/\\\/www.fagor.eus\\\/#\\\/schema\\\/person\\\/e09b7878906ad616c343aa3e5a83bc2f\",\"name\":\"komunikazioa\",\"image\":{\"@type\":\"ImageObject\",\"inLanguage\":\"es\",\"@id\":\"https:\\\/\\\/secure.gravatar.com\\\/avatar\\\/0c624a67c23ed6ff6fd4111959b9a1001016b57c6bebaecbec025adcaa081e6e?s=96&d=mm&r=g\",\"url\":\"https:\\\/\\\/secure.gravatar.com\\\/avatar\\\/0c624a67c23ed6ff6fd4111959b9a1001016b57c6bebaecbec025adcaa081e6e?s=96&d=mm&r=g\",\"contentUrl\":\"https:\\\/\\\/secure.gravatar.com\\\/avatar\\\/0c624a67c23ed6ff6fd4111959b9a1001016b57c6bebaecbec025adcaa081e6e?s=96&d=mm&r=g\",\"caption\":\"komunikazioa\"},\"sameAs\":[\"https:\\\/\\\/x.com\\\/system\"],\"url\":\"https:\\\/\\\/www.fagor.eus\\\/es\\\/author\\\/komunikazioa\\\/\"}]}<\/script>\n<!-- \/ Yoast SEO plugin. -->","yoast_head_json":{"title":"Galbaian organiza una jornada para celebrar el 'World IP Day' &#187; Grupo Fagor","description":"Con motivo del D\u00eda Mundial de la Propiedad Industrial e Intelectual (PI), Galbaian, cooperativa del Grupo Fagor, organiz\u00f3 el 26 de abril en el centro tecnol\u00f3gico Garaia de Mondrag\u00f3n (Gipuzkoa) una jornada en la que se profundiz\u00f3 sobre la gesti\u00f3n de la PI en el mundo digital.","robots":{"index":"index","follow":"follow","max-snippet":"max-snippet:-1","max-image-preview":"max-image-preview:large","max-video-preview":"max-video-preview:-1"},"canonical":"https:\/\/www.fagor.eus\/es\/galbaian-organiza-una-exitosa-jornada-sobre-la-propiedad-industrial-e-intelectual-en-el-mundo-digital\/","og_locale":"es_ES","og_type":"article","og_title":"Galbaian organiza una jornada para celebrar el 'World IP Day' &#187; Grupo Fagor","og_description":"Con motivo del D\u00eda Mundial de la Propiedad Industrial e Intelectual (PI), Galbaian, cooperativa del Grupo Fagor, organiz\u00f3 el 26 de abril en el centro tecnol\u00f3gico Garaia de Mondrag\u00f3n (Gipuzkoa) una jornada en la que se profundiz\u00f3 sobre la gesti\u00f3n de la PI en el mundo digital.","og_url":"https:\/\/www.fagor.eus\/es\/galbaian-organiza-una-exitosa-jornada-sobre-la-propiedad-industrial-e-intelectual-en-el-mundo-digital\/","og_site_name":"FAGOR","article_published_time":"2023-05-03T08:11:39+00:00","og_image":[{"width":2000,"height":1333,"url":"https:\/\/www.fagor.eus\/wp-content\/uploads\/2023\/05\/Galbae-saria-2023.jpg","type":"image\/jpeg"}],"author":"komunikazioa","twitter_card":"summary_large_image","twitter_creator":"@system","twitter_site":"@FagorTaldea","twitter_misc":{"Escrito por":"komunikazioa","Tiempo de lectura":"4 minutos"},"schema":{"@context":"https:\/\/schema.org","@graph":[{"@type":"Article","@id":"https:\/\/www.fagor.eus\/es\/galbaian-organiza-una-exitosa-jornada-sobre-la-propiedad-industrial-e-intelectual-en-el-mundo-digital\/#article","isPartOf":{"@id":"https:\/\/www.fagor.eus\/es\/galbaian-organiza-una-exitosa-jornada-sobre-la-propiedad-industrial-e-intelectual-en-el-mundo-digital\/"},"author":{"name":"komunikazioa","@id":"https:\/\/www.fagor.eus\/#\/schema\/person\/e09b7878906ad616c343aa3e5a83bc2f"},"headline":"Galbaian organiza una exitosa jornada sobre la Propiedad Industrial e Intelectual en el mundo digital","datePublished":"2023-05-03T08:11:39+00:00","mainEntityOfPage":{"@id":"https:\/\/www.fagor.eus\/es\/galbaian-organiza-una-exitosa-jornada-sobre-la-propiedad-industrial-e-intelectual-en-el-mundo-digital\/"},"wordCount":903,"image":{"@id":"https:\/\/www.fagor.eus\/es\/galbaian-organiza-una-exitosa-jornada-sobre-la-propiedad-industrial-e-intelectual-en-el-mundo-digital\/#primaryimage"},"thumbnailUrl":"https:\/\/www.fagor.eus\/wp-content\/uploads\/2023\/05\/Galbae-saria-2023.jpg","articleSection":["Galbaian"],"inLanguage":"es"},{"@type":"WebPage","@id":"https:\/\/www.fagor.eus\/es\/galbaian-organiza-una-exitosa-jornada-sobre-la-propiedad-industrial-e-intelectual-en-el-mundo-digital\/","url":"https:\/\/www.fagor.eus\/es\/galbaian-organiza-una-exitosa-jornada-sobre-la-propiedad-industrial-e-intelectual-en-el-mundo-digital\/","name":"Galbaian organiza una jornada para celebrar el 'World IP Day' &#187; Grupo Fagor","isPartOf":{"@id":"https:\/\/www.fagor.eus\/#website"},"primaryImageOfPage":{"@id":"https:\/\/www.fagor.eus\/es\/galbaian-organiza-una-exitosa-jornada-sobre-la-propiedad-industrial-e-intelectual-en-el-mundo-digital\/#primaryimage"},"image":{"@id":"https:\/\/www.fagor.eus\/es\/galbaian-organiza-una-exitosa-jornada-sobre-la-propiedad-industrial-e-intelectual-en-el-mundo-digital\/#primaryimage"},"thumbnailUrl":"https:\/\/www.fagor.eus\/wp-content\/uploads\/2023\/05\/Galbae-saria-2023.jpg","datePublished":"2023-05-03T08:11:39+00:00","author":{"@id":"https:\/\/www.fagor.eus\/#\/schema\/person\/e09b7878906ad616c343aa3e5a83bc2f"},"description":"Con motivo del D\u00eda Mundial de la Propiedad Industrial e Intelectual (PI), Galbaian, cooperativa del Grupo Fagor, organiz\u00f3 el 26 de abril en el centro tecnol\u00f3gico Garaia de Mondrag\u00f3n (Gipuzkoa) una jornada en la que se profundiz\u00f3 sobre la gesti\u00f3n de la PI en el mundo digital.","breadcrumb":{"@id":"https:\/\/www.fagor.eus\/es\/galbaian-organiza-una-exitosa-jornada-sobre-la-propiedad-industrial-e-intelectual-en-el-mundo-digital\/#breadcrumb"},"inLanguage":"es","potentialAction":[{"@type":"ReadAction","target":["https:\/\/www.fagor.eus\/es\/galbaian-organiza-una-exitosa-jornada-sobre-la-propiedad-industrial-e-intelectual-en-el-mundo-digital\/"]}]},{"@type":"ImageObject","inLanguage":"es","@id":"https:\/\/www.fagor.eus\/es\/galbaian-organiza-una-exitosa-jornada-sobre-la-propiedad-industrial-e-intelectual-en-el-mundo-digital\/#primaryimage","url":"https:\/\/www.fagor.eus\/wp-content\/uploads\/2023\/05\/Galbae-saria-2023.jpg","contentUrl":"https:\/\/www.fagor.eus\/wp-content\/uploads\/2023\/05\/Galbae-saria-2023.jpg","width":2000,"height":1333,"caption":"Premio Galbahe 2023"},{"@type":"BreadcrumbList","@id":"https:\/\/www.fagor.eus\/es\/galbaian-organiza-una-exitosa-jornada-sobre-la-propiedad-industrial-e-intelectual-en-el-mundo-digital\/#breadcrumb","itemListElement":[{"@type":"ListItem","position":1,"name":"Home","item":"https:\/\/www.fagor.eus\/es\/"},{"@type":"ListItem","position":2,"name":"Galbaian organiza una exitosa jornada sobre la Propiedad Industrial e Intelectual en el mundo digital"}]},{"@type":"WebSite","@id":"https:\/\/www.fagor.eus\/#website","url":"https:\/\/www.fagor.eus\/","name":"Fagor","description":"Trabajando por un futuro mejor","potentialAction":[{"@type":"SearchAction","target":{"@type":"EntryPoint","urlTemplate":"https:\/\/www.fagor.eus\/?s={search_term_string}"},"query-input":{"@type":"PropertyValueSpecification","valueRequired":true,"valueName":"search_term_string"}}],"inLanguage":"es"},{"@type":"Person","@id":"https:\/\/www.fagor.eus\/#\/schema\/person\/e09b7878906ad616c343aa3e5a83bc2f","name":"komunikazioa","image":{"@type":"ImageObject","inLanguage":"es","@id":"https:\/\/secure.gravatar.com\/avatar\/0c624a67c23ed6ff6fd4111959b9a1001016b57c6bebaecbec025adcaa081e6e?s=96&d=mm&r=g","url":"https:\/\/secure.gravatar.com\/avatar\/0c624a67c23ed6ff6fd4111959b9a1001016b57c6bebaecbec025adcaa081e6e?s=96&d=mm&r=g","contentUrl":"https:\/\/secure.gravatar.com\/avatar\/0c624a67c23ed6ff6fd4111959b9a1001016b57c6bebaecbec025adcaa081e6e?s=96&d=mm&r=g","caption":"komunikazioa"},"sameAs":["https:\/\/x.com\/system"],"url":"https:\/\/www.fagor.eus\/es\/author\/komunikazioa\/"}]}},"_links":{"self":[{"href":"https:\/\/www.fagor.eus\/es\/wp-json\/wp\/v2\/posts\/16084","targetHints":{"allow":["GET"]}}],"collection":[{"href":"https:\/\/www.fagor.eus\/es\/wp-json\/wp\/v2\/posts"}],"about":[{"href":"https:\/\/www.fagor.eus\/es\/wp-json\/wp\/v2\/types\/post"}],"author":[{"embeddable":true,"href":"https:\/\/www.fagor.eus\/es\/wp-json\/wp\/v2\/users\/4"}],"replies":[{"embeddable":true,"href":"https:\/\/www.fagor.eus\/es\/wp-json\/wp\/v2\/comments?post=16084"}],"version-history":[{"count":1,"href":"https:\/\/www.fagor.eus\/es\/wp-json\/wp\/v2\/posts\/16084\/revisions"}],"predecessor-version":[{"id":16085,"href":"https:\/\/www.fagor.eus\/es\/wp-json\/wp\/v2\/posts\/16084\/revisions\/16085"}],"wp:featuredmedia":[{"embeddable":true,"href":"https:\/\/www.fagor.eus\/es\/wp-json\/wp\/v2\/media\/16080"}],"wp:attachment":[{"href":"https:\/\/www.fagor.eus\/es\/wp-json\/wp\/v2\/media?parent=16084"}],"wp:term":[{"taxonomy":"category","embeddable":true,"href":"https:\/\/www.fagor.eus\/es\/wp-json\/wp\/v2\/categories?post=16084"},{"taxonomy":"post_tag","embeddable":true,"href":"https:\/\/www.fagor.eus\/es\/wp-json\/wp\/v2\/tags?post=16084"}],"curies":[{"name":"wp","href":"https:\/\/api.w.org\/{rel}","templated":true}]}}