{"id":16070,"date":"2023-04-25T15:31:37","date_gmt":"2023-04-25T15:31:37","guid":{"rendered":"https:\/\/www.fagor.eus\/?p=16070"},"modified":"2023-04-25T15:34:19","modified_gmt":"2023-04-25T15:34:19","slug":"el-grupo-fagor-ha-participado-en-varios-debates-sobre-la-transicion-energetica-estos-ultimos-meses","status":"publish","type":"post","link":"https:\/\/www.fagor.eus\/es\/el-grupo-fagor-ha-participado-en-varios-debates-sobre-la-transicion-energetica-estos-ultimos-meses\/","title":{"rendered":"El Grupo Fagor ha participado en varios debates sobre la transici\u00f3n energ\u00e9tica en los \u00faltimos meses"},"content":{"rendered":"<p>Cada vez son m\u00e1s las instituciones, asociaciones y entidades que organizan espacios de reflexi\u00f3n queriendo buscar y acordar posibles respuestas y abordar adecuadamente el reto de la transici\u00f3n energ\u00e9tica. Varias de ellas han querido contar con la participaci\u00f3n del Grupo Fagor, integrando en sus debates el punto de vista de la Industria. Entre otras, Aritz Otxandiano Kanpo, responsable de Sostenibilidad del Grupo Fagor, ha participado en la <span style=\"color: #ff0000;\"><a style=\"color: #ff0000;\" href=\"https:\/\/www.fagor.eus\/es\/el-grupo-fagor-participa-en-el-debate-sobre-la-transicion-energetica-del-grupo-de-investigacion-ekopol-de-la-upv-2\/\">mesa redonda sobre las energ\u00edas renovables<\/a><\/span> organizada por Ekopol, grupo de investigaci\u00f3n de la Universidad P\u00fablica Vasca (23 de marzo); y en el <a href=\"https:\/\/www.fagor.eus\/es\/el-grupo-fagor-participa-en-la-mesa-redonda-de-agirre-center-organizada-para-reflexionar-sobre-el-modelo-vasco\/\"><span style=\"color: #ff0000;\">debate sobre el actual modelo vasco<\/span><\/a>, organizado por Agirre Lehendakaria Center, centro para la investigaci\u00f3n pol\u00edtica y social (29 de marzo).<\/p>\n<p>\u201cEstamos obligados a abordar una profunda transformaci\u00f3n que tendr\u00e1 un impacto relevante en muy diversos \u00e1mbitos. Por eso este debate debe ser abordado en distintos espacios para que el camino hacia un futuro m\u00e1s sostenible integre diversos puntos de vista\u201d, explica Otxandiano. Adem\u00e1s, otorga cierta urgencia ha dicho debate, ya que, seg\u00fan \u00e9l, el planeta est\u00e1 llegando a sus \u201cl\u00edmites biof\u00edsicos\u201d. \u201cEs necesario transformar el modelo actual. Ello exige dise\u00f1ar una hoja de ruta m\u00e1s pronto que tarde\u201d, subray\u00f3.<\/p>\n<p><strong>Energ\u00edas renovables<\/strong><\/p>\n<p>La mesa redonda organizada por Ekopol trat\u00f3 el tema de las energ\u00edas renovables. Para ello, el responsable de Sostenibilidad del Grupo Fagor estuvo acompa\u00f1ado por Aitziber Sarobe Egiguren, profesora de Mondragon Unibertsitatea (MU), Rebeka Gonzalez de Alaiza Perez de Villarreal, miembro de Araba Bizirik, Pablo Llorente Zapater\u00eda, portavoz de Sustrai Erakuntza, y, Mikel Otero Gabirondo, secretario de Transici\u00f3n Ecol\u00f3gica de EH Bildu.<\/p>\n<p>Todas las personas ponentes subrayaron la importancia de trabajar por un amplio consenso entre comunidades afectadas, agentes sociales, instituciones y agentes socioecon\u00f3micos. Adem\u00e1s, Otxandiano abog\u00f3 por trabajar para que el Pa\u00eds Vasco \u201crecupere\u201d la producci\u00f3n energ\u00e9tica, seg\u00fan \u00e9l, clave para \u201cdejar a un lado los carburantes f\u00f3siles\u201d. \u201cEllo exige aprovechar todas las tecnolog\u00edas renovables, estudiando nuevos modelos de propiedad e impulsando paralelamente medidas para la recuperaci\u00f3n de la biodiversidad, as\u00ed como para aumentar la producci\u00f3n local de alimentos\u201d, a\u00f1adi\u00f3.<\/p>\n<p><strong>Modelo sostenible vasco<\/strong><\/p>\n<p>Por su parte, Agirre Lehendakari Center organiz\u00f3 una mesa redonda sobre el actual modelo vasco. Adem\u00e1s de Otxandiano, en ella participaron Juan Jose Ibarretxe Markuartu, antiguo presidente del Gobierno Vasco, Xabier Barandiaran Irastorza, profesor de la Universidad de Deusto, y, Jule Goikoetxea Mentxaka, profesora de la Universidad P\u00fablica Vasca (UPV). En general, todas ellas hablaron de la importancia de buscar respuestas a escala vasca a los restos globales.<\/p>\n<p>Concretamente, el responsable de Sostenibilidad del Grupo Fagor centr\u00f3 su discurso en la sostenibilidad y la transici\u00f3n energ\u00e9tica. Seg\u00fan \u00e9l, \u201cel Pa\u00eds Vasco, dado el peso que la industria tienen en su estructura econ\u00f3mica, se encuentra en una situaci\u00f3n de gran vulnerabilidad por su alto consumo y baja generaci\u00f3n, as\u00ed como por el actual nivel de dependencia de los combustibles f\u00f3siles\u201d. Por ello, subray\u00f3 la importancia de buscar consensos para \u201crevertir la situaci\u00f3n\u201d entre quienes creen que las respuestas tienen que ser dise\u00f1adas a escala vasca. \u201cSer\u00eda una tragedia no ser capaces de compartir puntos de vista y llegar a acuerdos en esta cuesti\u00f3n\u201d, a\u00f1adi\u00f3.<\/p>\n","protected":false},"excerpt":{"rendered":"<p>Cada vez son m\u00e1s las instituciones, asociaciones y entidades que organizan espacios de reflexi\u00f3n queriendo buscar y acordar posibles respuestas y abordar adecuadamente el reto de la transici\u00f3n energ\u00e9tica. Varias&#8230;<\/p>\n","protected":false},"author":4,"featured_media":16065,"comment_status":"closed","ping_status":"open","sticky":false,"template":"","format":"standard","meta":{"footnotes":""},"categories":[104],"tags":[],"class_list":{"0":"post-16070","1":"post","2":"type-post","3":"status-publish","4":"format-standard","5":"has-post-thumbnail","7":"category-grupo-fagor-es"},"yoast_head":"<!-- This site is optimized with the Yoast SEO plugin v27.4 - https:\/\/yoast.com\/product\/yoast-seo-wordpress\/ -->\n<title>Presencia en varios debates sobre la transici\u00f3n energ\u00e9tica &#187; Grupo Fagor<\/title>\n<meta name=\"description\" content=\"Cada vez son m\u00e1s las instituciones, asociaciones y entidades que organizan espacios de reflexi\u00f3n queriendo buscar y acordar posibles respuestas y abordar adecuadamente el reto de la transici\u00f3n energ\u00e9tica.\" \/>\n<meta name=\"robots\" content=\"index, follow, max-snippet:-1, max-image-preview:large, max-video-preview:-1\" \/>\n<link rel=\"canonical\" href=\"https:\/\/www.fagor.eus\/es\/el-grupo-fagor-ha-participado-en-varios-debates-sobre-la-transicion-energetica-estos-ultimos-meses\/\" \/>\n<meta property=\"og:locale\" content=\"es_ES\" \/>\n<meta property=\"og:type\" content=\"article\" \/>\n<meta property=\"og:title\" content=\"Presencia en varios debates sobre la transici\u00f3n energ\u00e9tica &#187; Grupo Fagor\" \/>\n<meta property=\"og:description\" content=\"Cada vez son m\u00e1s las instituciones, asociaciones y entidades que organizan espacios de reflexi\u00f3n queriendo buscar y acordar posibles respuestas y abordar adecuadamente el reto de la transici\u00f3n energ\u00e9tica.\" \/>\n<meta property=\"og:url\" content=\"https:\/\/www.fagor.eus\/es\/el-grupo-fagor-ha-participado-en-varios-debates-sobre-la-transicion-energetica-estos-ultimos-meses\/\" \/>\n<meta property=\"og:site_name\" content=\"FAGOR\" \/>\n<meta property=\"article:published_time\" content=\"2023-04-25T15:31:37+00:00\" \/>\n<meta property=\"article:modified_time\" content=\"2023-04-25T15:34:19+00:00\" \/>\n<meta property=\"og:image\" content=\"https:\/\/www.fagor.eus\/wp-content\/uploads\/2023\/04\/Transicion-energetica-Fagor.jpg\" \/>\n\t<meta property=\"og:image:width\" content=\"2000\" \/>\n\t<meta property=\"og:image:height\" content=\"1333\" \/>\n\t<meta property=\"og:image:type\" content=\"image\/jpeg\" \/>\n<meta name=\"author\" content=\"komunikazioa\" \/>\n<meta name=\"twitter:card\" content=\"summary_large_image\" \/>\n<meta name=\"twitter:creator\" content=\"@system\" \/>\n<meta name=\"twitter:site\" content=\"@FagorTaldea\" \/>\n<meta name=\"twitter:label1\" content=\"Escrito por\" \/>\n\t<meta name=\"twitter:data1\" content=\"komunikazioa\" \/>\n\t<meta name=\"twitter:label2\" content=\"Tiempo de lectura\" \/>\n\t<meta name=\"twitter:data2\" content=\"3 minutos\" \/>\n<script type=\"application\/ld+json\" class=\"yoast-schema-graph\">{\"@context\":\"https:\\\/\\\/schema.org\",\"@graph\":[{\"@type\":\"Article\",\"@id\":\"https:\\\/\\\/www.fagor.eus\\\/es\\\/el-grupo-fagor-ha-participado-en-varios-debates-sobre-la-transicion-energetica-estos-ultimos-meses\\\/#article\",\"isPartOf\":{\"@id\":\"https:\\\/\\\/www.fagor.eus\\\/es\\\/el-grupo-fagor-ha-participado-en-varios-debates-sobre-la-transicion-energetica-estos-ultimos-meses\\\/\"},\"author\":{\"name\":\"komunikazioa\",\"@id\":\"https:\\\/\\\/www.fagor.eus\\\/#\\\/schema\\\/person\\\/e09b7878906ad616c343aa3e5a83bc2f\"},\"headline\":\"El Grupo Fagor ha participado en varios debates sobre la transici\u00f3n energ\u00e9tica en los \u00faltimos meses\",\"datePublished\":\"2023-04-25T15:31:37+00:00\",\"dateModified\":\"2023-04-25T15:34:19+00:00\",\"mainEntityOfPage\":{\"@id\":\"https:\\\/\\\/www.fagor.eus\\\/es\\\/el-grupo-fagor-ha-participado-en-varios-debates-sobre-la-transicion-energetica-estos-ultimos-meses\\\/\"},\"wordCount\":575,\"image\":{\"@id\":\"https:\\\/\\\/www.fagor.eus\\\/es\\\/el-grupo-fagor-ha-participado-en-varios-debates-sobre-la-transicion-energetica-estos-ultimos-meses\\\/#primaryimage\"},\"thumbnailUrl\":\"https:\\\/\\\/www.fagor.eus\\\/wp-content\\\/uploads\\\/2023\\\/04\\\/Transicion-energetica-Fagor.jpg\",\"articleSection\":[\"Grupo Fagor\"],\"inLanguage\":\"es\"},{\"@type\":\"WebPage\",\"@id\":\"https:\\\/\\\/www.fagor.eus\\\/es\\\/el-grupo-fagor-ha-participado-en-varios-debates-sobre-la-transicion-energetica-estos-ultimos-meses\\\/\",\"url\":\"https:\\\/\\\/www.fagor.eus\\\/es\\\/el-grupo-fagor-ha-participado-en-varios-debates-sobre-la-transicion-energetica-estos-ultimos-meses\\\/\",\"name\":\"Presencia en varios debates sobre la transici\u00f3n energ\u00e9tica &#187; Grupo Fagor\",\"isPartOf\":{\"@id\":\"https:\\\/\\\/www.fagor.eus\\\/#website\"},\"primaryImageOfPage\":{\"@id\":\"https:\\\/\\\/www.fagor.eus\\\/es\\\/el-grupo-fagor-ha-participado-en-varios-debates-sobre-la-transicion-energetica-estos-ultimos-meses\\\/#primaryimage\"},\"image\":{\"@id\":\"https:\\\/\\\/www.fagor.eus\\\/es\\\/el-grupo-fagor-ha-participado-en-varios-debates-sobre-la-transicion-energetica-estos-ultimos-meses\\\/#primaryimage\"},\"thumbnailUrl\":\"https:\\\/\\\/www.fagor.eus\\\/wp-content\\\/uploads\\\/2023\\\/04\\\/Transicion-energetica-Fagor.jpg\",\"datePublished\":\"2023-04-25T15:31:37+00:00\",\"dateModified\":\"2023-04-25T15:34:19+00:00\",\"author\":{\"@id\":\"https:\\\/\\\/www.fagor.eus\\\/#\\\/schema\\\/person\\\/e09b7878906ad616c343aa3e5a83bc2f\"},\"description\":\"Cada vez son m\u00e1s las instituciones, asociaciones y entidades que organizan espacios de reflexi\u00f3n queriendo buscar y acordar posibles respuestas y abordar adecuadamente el reto de la transici\u00f3n energ\u00e9tica.\",\"breadcrumb\":{\"@id\":\"https:\\\/\\\/www.fagor.eus\\\/es\\\/el-grupo-fagor-ha-participado-en-varios-debates-sobre-la-transicion-energetica-estos-ultimos-meses\\\/#breadcrumb\"},\"inLanguage\":\"es\",\"potentialAction\":[{\"@type\":\"ReadAction\",\"target\":[\"https:\\\/\\\/www.fagor.eus\\\/es\\\/el-grupo-fagor-ha-participado-en-varios-debates-sobre-la-transicion-energetica-estos-ultimos-meses\\\/\"]}]},{\"@type\":\"ImageObject\",\"inLanguage\":\"es\",\"@id\":\"https:\\\/\\\/www.fagor.eus\\\/es\\\/el-grupo-fagor-ha-participado-en-varios-debates-sobre-la-transicion-energetica-estos-ultimos-meses\\\/#primaryimage\",\"url\":\"https:\\\/\\\/www.fagor.eus\\\/wp-content\\\/uploads\\\/2023\\\/04\\\/Transicion-energetica-Fagor.jpg\",\"contentUrl\":\"https:\\\/\\\/www.fagor.eus\\\/wp-content\\\/uploads\\\/2023\\\/04\\\/Transicion-energetica-Fagor.jpg\",\"width\":2000,\"height\":1333,\"caption\":\"Transicion energetica-Fagor\"},{\"@type\":\"BreadcrumbList\",\"@id\":\"https:\\\/\\\/www.fagor.eus\\\/es\\\/el-grupo-fagor-ha-participado-en-varios-debates-sobre-la-transicion-energetica-estos-ultimos-meses\\\/#breadcrumb\",\"itemListElement\":[{\"@type\":\"ListItem\",\"position\":1,\"name\":\"Home\",\"item\":\"https:\\\/\\\/www.fagor.eus\\\/es\\\/\"},{\"@type\":\"ListItem\",\"position\":2,\"name\":\"El Grupo Fagor ha participado en varios debates sobre la transici\u00f3n energ\u00e9tica en los \u00faltimos meses\"}]},{\"@type\":\"WebSite\",\"@id\":\"https:\\\/\\\/www.fagor.eus\\\/#website\",\"url\":\"https:\\\/\\\/www.fagor.eus\\\/\",\"name\":\"Fagor\",\"description\":\"Trabajando por un futuro mejor\",\"potentialAction\":[{\"@type\":\"SearchAction\",\"target\":{\"@type\":\"EntryPoint\",\"urlTemplate\":\"https:\\\/\\\/www.fagor.eus\\\/?s={search_term_string}\"},\"query-input\":{\"@type\":\"PropertyValueSpecification\",\"valueRequired\":true,\"valueName\":\"search_term_string\"}}],\"inLanguage\":\"es\"},{\"@type\":\"Person\",\"@id\":\"https:\\\/\\\/www.fagor.eus\\\/#\\\/schema\\\/person\\\/e09b7878906ad616c343aa3e5a83bc2f\",\"name\":\"komunikazioa\",\"image\":{\"@type\":\"ImageObject\",\"inLanguage\":\"es\",\"@id\":\"https:\\\/\\\/secure.gravatar.com\\\/avatar\\\/0c624a67c23ed6ff6fd4111959b9a1001016b57c6bebaecbec025adcaa081e6e?s=96&d=mm&r=g\",\"url\":\"https:\\\/\\\/secure.gravatar.com\\\/avatar\\\/0c624a67c23ed6ff6fd4111959b9a1001016b57c6bebaecbec025adcaa081e6e?s=96&d=mm&r=g\",\"contentUrl\":\"https:\\\/\\\/secure.gravatar.com\\\/avatar\\\/0c624a67c23ed6ff6fd4111959b9a1001016b57c6bebaecbec025adcaa081e6e?s=96&d=mm&r=g\",\"caption\":\"komunikazioa\"},\"sameAs\":[\"https:\\\/\\\/x.com\\\/system\"],\"url\":\"https:\\\/\\\/www.fagor.eus\\\/es\\\/author\\\/komunikazioa\\\/\"}]}<\/script>\n<!-- \/ Yoast SEO plugin. -->","yoast_head_json":{"title":"Presencia en varios debates sobre la transici\u00f3n energ\u00e9tica &#187; Grupo Fagor","description":"Cada vez son m\u00e1s las instituciones, asociaciones y entidades que organizan espacios de reflexi\u00f3n queriendo buscar y acordar posibles respuestas y abordar adecuadamente el reto de la transici\u00f3n energ\u00e9tica.","robots":{"index":"index","follow":"follow","max-snippet":"max-snippet:-1","max-image-preview":"max-image-preview:large","max-video-preview":"max-video-preview:-1"},"canonical":"https:\/\/www.fagor.eus\/es\/el-grupo-fagor-ha-participado-en-varios-debates-sobre-la-transicion-energetica-estos-ultimos-meses\/","og_locale":"es_ES","og_type":"article","og_title":"Presencia en varios debates sobre la transici\u00f3n energ\u00e9tica &#187; Grupo Fagor","og_description":"Cada vez son m\u00e1s las instituciones, asociaciones y entidades que organizan espacios de reflexi\u00f3n queriendo buscar y acordar posibles respuestas y abordar adecuadamente el reto de la transici\u00f3n energ\u00e9tica.","og_url":"https:\/\/www.fagor.eus\/es\/el-grupo-fagor-ha-participado-en-varios-debates-sobre-la-transicion-energetica-estos-ultimos-meses\/","og_site_name":"FAGOR","article_published_time":"2023-04-25T15:31:37+00:00","article_modified_time":"2023-04-25T15:34:19+00:00","og_image":[{"width":2000,"height":1333,"url":"https:\/\/www.fagor.eus\/wp-content\/uploads\/2023\/04\/Transicion-energetica-Fagor.jpg","type":"image\/jpeg"}],"author":"komunikazioa","twitter_card":"summary_large_image","twitter_creator":"@system","twitter_site":"@FagorTaldea","twitter_misc":{"Escrito por":"komunikazioa","Tiempo de lectura":"3 minutos"},"schema":{"@context":"https:\/\/schema.org","@graph":[{"@type":"Article","@id":"https:\/\/www.fagor.eus\/es\/el-grupo-fagor-ha-participado-en-varios-debates-sobre-la-transicion-energetica-estos-ultimos-meses\/#article","isPartOf":{"@id":"https:\/\/www.fagor.eus\/es\/el-grupo-fagor-ha-participado-en-varios-debates-sobre-la-transicion-energetica-estos-ultimos-meses\/"},"author":{"name":"komunikazioa","@id":"https:\/\/www.fagor.eus\/#\/schema\/person\/e09b7878906ad616c343aa3e5a83bc2f"},"headline":"El Grupo Fagor ha participado en varios debates sobre la transici\u00f3n energ\u00e9tica en los \u00faltimos meses","datePublished":"2023-04-25T15:31:37+00:00","dateModified":"2023-04-25T15:34:19+00:00","mainEntityOfPage":{"@id":"https:\/\/www.fagor.eus\/es\/el-grupo-fagor-ha-participado-en-varios-debates-sobre-la-transicion-energetica-estos-ultimos-meses\/"},"wordCount":575,"image":{"@id":"https:\/\/www.fagor.eus\/es\/el-grupo-fagor-ha-participado-en-varios-debates-sobre-la-transicion-energetica-estos-ultimos-meses\/#primaryimage"},"thumbnailUrl":"https:\/\/www.fagor.eus\/wp-content\/uploads\/2023\/04\/Transicion-energetica-Fagor.jpg","articleSection":["Grupo Fagor"],"inLanguage":"es"},{"@type":"WebPage","@id":"https:\/\/www.fagor.eus\/es\/el-grupo-fagor-ha-participado-en-varios-debates-sobre-la-transicion-energetica-estos-ultimos-meses\/","url":"https:\/\/www.fagor.eus\/es\/el-grupo-fagor-ha-participado-en-varios-debates-sobre-la-transicion-energetica-estos-ultimos-meses\/","name":"Presencia en varios debates sobre la transici\u00f3n energ\u00e9tica &#187; Grupo Fagor","isPartOf":{"@id":"https:\/\/www.fagor.eus\/#website"},"primaryImageOfPage":{"@id":"https:\/\/www.fagor.eus\/es\/el-grupo-fagor-ha-participado-en-varios-debates-sobre-la-transicion-energetica-estos-ultimos-meses\/#primaryimage"},"image":{"@id":"https:\/\/www.fagor.eus\/es\/el-grupo-fagor-ha-participado-en-varios-debates-sobre-la-transicion-energetica-estos-ultimos-meses\/#primaryimage"},"thumbnailUrl":"https:\/\/www.fagor.eus\/wp-content\/uploads\/2023\/04\/Transicion-energetica-Fagor.jpg","datePublished":"2023-04-25T15:31:37+00:00","dateModified":"2023-04-25T15:34:19+00:00","author":{"@id":"https:\/\/www.fagor.eus\/#\/schema\/person\/e09b7878906ad616c343aa3e5a83bc2f"},"description":"Cada vez son m\u00e1s las instituciones, asociaciones y entidades que organizan espacios de reflexi\u00f3n queriendo buscar y acordar posibles respuestas y abordar adecuadamente el reto de la transici\u00f3n energ\u00e9tica.","breadcrumb":{"@id":"https:\/\/www.fagor.eus\/es\/el-grupo-fagor-ha-participado-en-varios-debates-sobre-la-transicion-energetica-estos-ultimos-meses\/#breadcrumb"},"inLanguage":"es","potentialAction":[{"@type":"ReadAction","target":["https:\/\/www.fagor.eus\/es\/el-grupo-fagor-ha-participado-en-varios-debates-sobre-la-transicion-energetica-estos-ultimos-meses\/"]}]},{"@type":"ImageObject","inLanguage":"es","@id":"https:\/\/www.fagor.eus\/es\/el-grupo-fagor-ha-participado-en-varios-debates-sobre-la-transicion-energetica-estos-ultimos-meses\/#primaryimage","url":"https:\/\/www.fagor.eus\/wp-content\/uploads\/2023\/04\/Transicion-energetica-Fagor.jpg","contentUrl":"https:\/\/www.fagor.eus\/wp-content\/uploads\/2023\/04\/Transicion-energetica-Fagor.jpg","width":2000,"height":1333,"caption":"Transicion energetica-Fagor"},{"@type":"BreadcrumbList","@id":"https:\/\/www.fagor.eus\/es\/el-grupo-fagor-ha-participado-en-varios-debates-sobre-la-transicion-energetica-estos-ultimos-meses\/#breadcrumb","itemListElement":[{"@type":"ListItem","position":1,"name":"Home","item":"https:\/\/www.fagor.eus\/es\/"},{"@type":"ListItem","position":2,"name":"El Grupo Fagor ha participado en varios debates sobre la transici\u00f3n energ\u00e9tica en los \u00faltimos meses"}]},{"@type":"WebSite","@id":"https:\/\/www.fagor.eus\/#website","url":"https:\/\/www.fagor.eus\/","name":"Fagor","description":"Trabajando por un futuro mejor","potentialAction":[{"@type":"SearchAction","target":{"@type":"EntryPoint","urlTemplate":"https:\/\/www.fagor.eus\/?s={search_term_string}"},"query-input":{"@type":"PropertyValueSpecification","valueRequired":true,"valueName":"search_term_string"}}],"inLanguage":"es"},{"@type":"Person","@id":"https:\/\/www.fagor.eus\/#\/schema\/person\/e09b7878906ad616c343aa3e5a83bc2f","name":"komunikazioa","image":{"@type":"ImageObject","inLanguage":"es","@id":"https:\/\/secure.gravatar.com\/avatar\/0c624a67c23ed6ff6fd4111959b9a1001016b57c6bebaecbec025adcaa081e6e?s=96&d=mm&r=g","url":"https:\/\/secure.gravatar.com\/avatar\/0c624a67c23ed6ff6fd4111959b9a1001016b57c6bebaecbec025adcaa081e6e?s=96&d=mm&r=g","contentUrl":"https:\/\/secure.gravatar.com\/avatar\/0c624a67c23ed6ff6fd4111959b9a1001016b57c6bebaecbec025adcaa081e6e?s=96&d=mm&r=g","caption":"komunikazioa"},"sameAs":["https:\/\/x.com\/system"],"url":"https:\/\/www.fagor.eus\/es\/author\/komunikazioa\/"}]}},"_links":{"self":[{"href":"https:\/\/www.fagor.eus\/es\/wp-json\/wp\/v2\/posts\/16070","targetHints":{"allow":["GET"]}}],"collection":[{"href":"https:\/\/www.fagor.eus\/es\/wp-json\/wp\/v2\/posts"}],"about":[{"href":"https:\/\/www.fagor.eus\/es\/wp-json\/wp\/v2\/types\/post"}],"author":[{"embeddable":true,"href":"https:\/\/www.fagor.eus\/es\/wp-json\/wp\/v2\/users\/4"}],"replies":[{"embeddable":true,"href":"https:\/\/www.fagor.eus\/es\/wp-json\/wp\/v2\/comments?post=16070"}],"version-history":[{"count":2,"href":"https:\/\/www.fagor.eus\/es\/wp-json\/wp\/v2\/posts\/16070\/revisions"}],"predecessor-version":[{"id":16072,"href":"https:\/\/www.fagor.eus\/es\/wp-json\/wp\/v2\/posts\/16070\/revisions\/16072"}],"wp:featuredmedia":[{"embeddable":true,"href":"https:\/\/www.fagor.eus\/es\/wp-json\/wp\/v2\/media\/16065"}],"wp:attachment":[{"href":"https:\/\/www.fagor.eus\/es\/wp-json\/wp\/v2\/media?parent=16070"}],"wp:term":[{"taxonomy":"category","embeddable":true,"href":"https:\/\/www.fagor.eus\/es\/wp-json\/wp\/v2\/categories?post=16070"},{"taxonomy":"post_tag","embeddable":true,"href":"https:\/\/www.fagor.eus\/es\/wp-json\/wp\/v2\/tags?post=16070"}],"curies":[{"name":"wp","href":"https:\/\/api.w.org\/{rel}","templated":true}]}}