{"id":16034,"date":"2023-04-19T12:23:14","date_gmt":"2023-04-19T12:23:14","guid":{"rendered":"https:\/\/www.fagor.eus\/?p=16034"},"modified":"2023-04-19T12:35:47","modified_gmt":"2023-04-19T12:35:47","slug":"fagor-ederlan-presentara-sus-baterias-sostenibles-en-the-battery-show-europe-2023","status":"publish","type":"post","link":"https:\/\/www.fagor.eus\/es\/fagor-ederlan-presentara-sus-baterias-sostenibles-en-the-battery-show-europe-2023\/","title":{"rendered":"Fagor Ederlan presentar\u00e1 sus bater\u00edas sostenibles en The Battery Show Europe 2023"},"content":{"rendered":"<p>Vuelve The Battery Show, el punto de encuentro y evento de referencia de empresas y profesionales expertos en electrificaci\u00f3n y toda la cadena de valor de productos clave como las bater\u00edas. Tendr\u00e1 lugar del 23 al 25 de mayo en Messe Stuttgart (Stuttgart, Alemania), y promete ser m\u00e1s interesante que nunca, pues como evento l\u00edder para la comunidad tecnol\u00f3gica de bater\u00edas avanzadas y veh\u00edculos el\u00e9ctricos, ofrecer\u00e1 la oportunidad de compartir, conocer y explorar los \u00faltimos desarrollos de este sector tan especializado y determinante para la electrificaci\u00f3n de la movilidad. Concretamente,<span style=\"color: #ff0000;\"><a style=\"color: #ff0000;\" href=\"https:\/\/www.fagorederlan.com\/es\/inicio\"> Fagor Ederlan<\/a><\/span> participar\u00e1 en dicha feria presentando sus bater\u00edas sostenibles. \u201cComo una de las ferias m\u00e1s importantes del mundo en el sector de las bater\u00edas, The Battery Show Europe 2023 es la plataforma perfecta para mostrar la propuesta de <em>Battery Packs<\/em> y componentes avanzados para la movilidad el\u00e9ctrica\u201d, subrayan responsables de la cooperativa.<\/p>\n<p>La cooperativa del Grupo Fagor trabaja por una movilidad m\u00e1s sostenible y eficiente. Como experta en fabricaci\u00f3n de componentes y sistemas para el veh\u00edculo el\u00e9ctrico, trabaja para formar parte de la transici\u00f3n de la movilidad hacia un futuro el\u00e9ctrico. Para ello, sigue invirtiendo en investigaci\u00f3n y desarrollo para evolucionar r\u00e1pidamente hacia este modelo de movilidad, consciente de que los sistemas de bater\u00edas y su cadena de valor son fundamentales en esta evoluci\u00f3n.<\/p>\n<p>En concreto, Fagor Ederlan ofrece una propuesta de valor para los sistemas de bater\u00edas de alto voltaje que ofrece una soluci\u00f3n modular, escalable y competitiva en costes. Adem\u00e1s, la soluci\u00f3n de la cooperativa est\u00e1 dise\u00f1ada con las \u00faltimas tecnolog\u00edas en gesti\u00f3n t\u00e9rmica de l\u00edquidos y qu\u00edmicas NMC o LFP, permitiendo la personalizaci\u00f3n para satisfacer requisitos espec\u00edficos para una gran variedad de aplicaciones. \u201cFagor Ederlan llevar\u00e1 su visi\u00f3n y propuesta de valor a Stuttgart con el objetivo de conectar con los agentes m\u00e1s importantes del sector y contribuir al avance de la movilidad el\u00e9ctrica sostenible y eficiente\u201d, aclaran responsables de la cooperativa.<\/p>\n","protected":false},"excerpt":{"rendered":"<p>Vuelve The Battery Show, el punto de encuentro y evento de referencia de empresas y profesionales expertos en electrificaci\u00f3n y toda la cadena de valor de productos clave como las&#8230;<\/p>\n","protected":false},"author":4,"featured_media":16028,"comment_status":"closed","ping_status":"open","sticky":false,"template":"","format":"standard","meta":{"footnotes":""},"categories":[90],"tags":[],"class_list":{"0":"post-16034","1":"post","2":"type-post","3":"status-publish","4":"format-standard","5":"has-post-thumbnail","7":"category-fagor-ederlan-es"},"yoast_head":"<!-- This site is optimized with the Yoast SEO plugin v27.4 - https:\/\/yoast.com\/product\/yoast-seo-wordpress\/ -->\n<title>Bater\u00edas sostenibles de Fagor Ederlan en The Battery Show &#187; Grupo Fagor<\/title>\n<meta name=\"description\" content=\"Vuelve The Battery Show, el punto de encuentro y evento de referencia de empresas y profesionales expertos en electrificaci\u00f3n y toda la cadena de valor de productos clave como las bater\u00edas.\u00a0\" \/>\n<meta name=\"robots\" content=\"index, follow, max-snippet:-1, max-image-preview:large, max-video-preview:-1\" \/>\n<link rel=\"canonical\" href=\"https:\/\/www.fagor.eus\/es\/fagor-ederlan-presentara-sus-baterias-sostenibles-en-the-battery-show-europe-2023\/\" \/>\n<meta property=\"og:locale\" content=\"es_ES\" \/>\n<meta property=\"og:type\" content=\"article\" \/>\n<meta property=\"og:title\" content=\"Bater\u00edas sostenibles de Fagor Ederlan en The Battery Show &#187; Grupo Fagor\" \/>\n<meta property=\"og:description\" content=\"Vuelve The Battery Show, el punto de encuentro y evento de referencia de empresas y profesionales expertos en electrificaci\u00f3n y toda la cadena de valor de productos clave como las bater\u00edas.\u00a0\" \/>\n<meta property=\"og:url\" content=\"https:\/\/www.fagor.eus\/es\/fagor-ederlan-presentara-sus-baterias-sostenibles-en-the-battery-show-europe-2023\/\" \/>\n<meta property=\"og:site_name\" content=\"FAGOR\" \/>\n<meta property=\"article:published_time\" content=\"2023-04-19T12:23:14+00:00\" \/>\n<meta property=\"article:modified_time\" content=\"2023-04-19T12:35:47+00:00\" \/>\n<meta property=\"og:image\" content=\"https:\/\/www.fagor.eus\/wp-content\/uploads\/2023\/04\/Fagor-ederlan-baterias-sostenibles-Fagor.jpg\" \/>\n\t<meta property=\"og:image:width\" content=\"2000\" \/>\n\t<meta property=\"og:image:height\" content=\"1333\" \/>\n\t<meta property=\"og:image:type\" content=\"image\/jpeg\" \/>\n<meta name=\"author\" content=\"komunikazioa\" \/>\n<meta name=\"twitter:card\" content=\"summary_large_image\" \/>\n<meta name=\"twitter:creator\" content=\"@system\" \/>\n<meta name=\"twitter:site\" content=\"@FagorTaldea\" \/>\n<meta name=\"twitter:label1\" content=\"Escrito por\" \/>\n\t<meta name=\"twitter:data1\" content=\"komunikazioa\" \/>\n\t<meta name=\"twitter:label2\" content=\"Tiempo de lectura\" \/>\n\t<meta name=\"twitter:data2\" content=\"2 minutos\" \/>\n<script type=\"application\/ld+json\" class=\"yoast-schema-graph\">{\"@context\":\"https:\\\/\\\/schema.org\",\"@graph\":[{\"@type\":\"Article\",\"@id\":\"https:\\\/\\\/www.fagor.eus\\\/es\\\/fagor-ederlan-presentara-sus-baterias-sostenibles-en-the-battery-show-europe-2023\\\/#article\",\"isPartOf\":{\"@id\":\"https:\\\/\\\/www.fagor.eus\\\/es\\\/fagor-ederlan-presentara-sus-baterias-sostenibles-en-the-battery-show-europe-2023\\\/\"},\"author\":{\"name\":\"komunikazioa\",\"@id\":\"https:\\\/\\\/www.fagor.eus\\\/#\\\/schema\\\/person\\\/e09b7878906ad616c343aa3e5a83bc2f\"},\"headline\":\"Fagor Ederlan presentar\u00e1 sus bater\u00edas sostenibles en The Battery Show Europe 2023\",\"datePublished\":\"2023-04-19T12:23:14+00:00\",\"dateModified\":\"2023-04-19T12:35:47+00:00\",\"mainEntityOfPage\":{\"@id\":\"https:\\\/\\\/www.fagor.eus\\\/es\\\/fagor-ederlan-presentara-sus-baterias-sostenibles-en-the-battery-show-europe-2023\\\/\"},\"wordCount\":363,\"image\":{\"@id\":\"https:\\\/\\\/www.fagor.eus\\\/es\\\/fagor-ederlan-presentara-sus-baterias-sostenibles-en-the-battery-show-europe-2023\\\/#primaryimage\"},\"thumbnailUrl\":\"https:\\\/\\\/www.fagor.eus\\\/wp-content\\\/uploads\\\/2023\\\/04\\\/Fagor-ederlan-baterias-sostenibles-Fagor.jpg\",\"articleSection\":[\"Fagor Ederlan\"],\"inLanguage\":\"es\"},{\"@type\":\"WebPage\",\"@id\":\"https:\\\/\\\/www.fagor.eus\\\/es\\\/fagor-ederlan-presentara-sus-baterias-sostenibles-en-the-battery-show-europe-2023\\\/\",\"url\":\"https:\\\/\\\/www.fagor.eus\\\/es\\\/fagor-ederlan-presentara-sus-baterias-sostenibles-en-the-battery-show-europe-2023\\\/\",\"name\":\"Bater\u00edas sostenibles de Fagor Ederlan en The Battery Show &#187; Grupo Fagor\",\"isPartOf\":{\"@id\":\"https:\\\/\\\/www.fagor.eus\\\/#website\"},\"primaryImageOfPage\":{\"@id\":\"https:\\\/\\\/www.fagor.eus\\\/es\\\/fagor-ederlan-presentara-sus-baterias-sostenibles-en-the-battery-show-europe-2023\\\/#primaryimage\"},\"image\":{\"@id\":\"https:\\\/\\\/www.fagor.eus\\\/es\\\/fagor-ederlan-presentara-sus-baterias-sostenibles-en-the-battery-show-europe-2023\\\/#primaryimage\"},\"thumbnailUrl\":\"https:\\\/\\\/www.fagor.eus\\\/wp-content\\\/uploads\\\/2023\\\/04\\\/Fagor-ederlan-baterias-sostenibles-Fagor.jpg\",\"datePublished\":\"2023-04-19T12:23:14+00:00\",\"dateModified\":\"2023-04-19T12:35:47+00:00\",\"author\":{\"@id\":\"https:\\\/\\\/www.fagor.eus\\\/#\\\/schema\\\/person\\\/e09b7878906ad616c343aa3e5a83bc2f\"},\"description\":\"Vuelve The Battery Show, el punto de encuentro y evento de referencia de empresas y profesionales expertos en electrificaci\u00f3n y toda la cadena de valor de productos clave como las bater\u00edas.\u00a0\",\"breadcrumb\":{\"@id\":\"https:\\\/\\\/www.fagor.eus\\\/es\\\/fagor-ederlan-presentara-sus-baterias-sostenibles-en-the-battery-show-europe-2023\\\/#breadcrumb\"},\"inLanguage\":\"es\",\"potentialAction\":[{\"@type\":\"ReadAction\",\"target\":[\"https:\\\/\\\/www.fagor.eus\\\/es\\\/fagor-ederlan-presentara-sus-baterias-sostenibles-en-the-battery-show-europe-2023\\\/\"]}]},{\"@type\":\"ImageObject\",\"inLanguage\":\"es\",\"@id\":\"https:\\\/\\\/www.fagor.eus\\\/es\\\/fagor-ederlan-presentara-sus-baterias-sostenibles-en-the-battery-show-europe-2023\\\/#primaryimage\",\"url\":\"https:\\\/\\\/www.fagor.eus\\\/wp-content\\\/uploads\\\/2023\\\/04\\\/Fagor-ederlan-baterias-sostenibles-Fagor.jpg\",\"contentUrl\":\"https:\\\/\\\/www.fagor.eus\\\/wp-content\\\/uploads\\\/2023\\\/04\\\/Fagor-ederlan-baterias-sostenibles-Fagor.jpg\",\"width\":2000,\"height\":1333,\"caption\":\"Fagor ederlan-baterias sostenibles-Fagor\"},{\"@type\":\"BreadcrumbList\",\"@id\":\"https:\\\/\\\/www.fagor.eus\\\/es\\\/fagor-ederlan-presentara-sus-baterias-sostenibles-en-the-battery-show-europe-2023\\\/#breadcrumb\",\"itemListElement\":[{\"@type\":\"ListItem\",\"position\":1,\"name\":\"Home\",\"item\":\"https:\\\/\\\/www.fagor.eus\\\/es\\\/\"},{\"@type\":\"ListItem\",\"position\":2,\"name\":\"Fagor Ederlan presentar\u00e1 sus bater\u00edas sostenibles en The Battery Show Europe 2023\"}]},{\"@type\":\"WebSite\",\"@id\":\"https:\\\/\\\/www.fagor.eus\\\/#website\",\"url\":\"https:\\\/\\\/www.fagor.eus\\\/\",\"name\":\"Fagor\",\"description\":\"Trabajando por un futuro mejor\",\"potentialAction\":[{\"@type\":\"SearchAction\",\"target\":{\"@type\":\"EntryPoint\",\"urlTemplate\":\"https:\\\/\\\/www.fagor.eus\\\/?s={search_term_string}\"},\"query-input\":{\"@type\":\"PropertyValueSpecification\",\"valueRequired\":true,\"valueName\":\"search_term_string\"}}],\"inLanguage\":\"es\"},{\"@type\":\"Person\",\"@id\":\"https:\\\/\\\/www.fagor.eus\\\/#\\\/schema\\\/person\\\/e09b7878906ad616c343aa3e5a83bc2f\",\"name\":\"komunikazioa\",\"image\":{\"@type\":\"ImageObject\",\"inLanguage\":\"es\",\"@id\":\"https:\\\/\\\/secure.gravatar.com\\\/avatar\\\/0c624a67c23ed6ff6fd4111959b9a1001016b57c6bebaecbec025adcaa081e6e?s=96&d=mm&r=g\",\"url\":\"https:\\\/\\\/secure.gravatar.com\\\/avatar\\\/0c624a67c23ed6ff6fd4111959b9a1001016b57c6bebaecbec025adcaa081e6e?s=96&d=mm&r=g\",\"contentUrl\":\"https:\\\/\\\/secure.gravatar.com\\\/avatar\\\/0c624a67c23ed6ff6fd4111959b9a1001016b57c6bebaecbec025adcaa081e6e?s=96&d=mm&r=g\",\"caption\":\"komunikazioa\"},\"sameAs\":[\"https:\\\/\\\/x.com\\\/system\"],\"url\":\"https:\\\/\\\/www.fagor.eus\\\/es\\\/author\\\/komunikazioa\\\/\"}]}<\/script>\n<!-- \/ Yoast SEO plugin. -->","yoast_head_json":{"title":"Bater\u00edas sostenibles de Fagor Ederlan en The Battery Show &#187; Grupo Fagor","description":"Vuelve The Battery Show, el punto de encuentro y evento de referencia de empresas y profesionales expertos en electrificaci\u00f3n y toda la cadena de valor de productos clave como las bater\u00edas.\u00a0","robots":{"index":"index","follow":"follow","max-snippet":"max-snippet:-1","max-image-preview":"max-image-preview:large","max-video-preview":"max-video-preview:-1"},"canonical":"https:\/\/www.fagor.eus\/es\/fagor-ederlan-presentara-sus-baterias-sostenibles-en-the-battery-show-europe-2023\/","og_locale":"es_ES","og_type":"article","og_title":"Bater\u00edas sostenibles de Fagor Ederlan en The Battery Show &#187; Grupo Fagor","og_description":"Vuelve The Battery Show, el punto de encuentro y evento de referencia de empresas y profesionales expertos en electrificaci\u00f3n y toda la cadena de valor de productos clave como las bater\u00edas.\u00a0","og_url":"https:\/\/www.fagor.eus\/es\/fagor-ederlan-presentara-sus-baterias-sostenibles-en-the-battery-show-europe-2023\/","og_site_name":"FAGOR","article_published_time":"2023-04-19T12:23:14+00:00","article_modified_time":"2023-04-19T12:35:47+00:00","og_image":[{"width":2000,"height":1333,"url":"https:\/\/www.fagor.eus\/wp-content\/uploads\/2023\/04\/Fagor-ederlan-baterias-sostenibles-Fagor.jpg","type":"image\/jpeg"}],"author":"komunikazioa","twitter_card":"summary_large_image","twitter_creator":"@system","twitter_site":"@FagorTaldea","twitter_misc":{"Escrito por":"komunikazioa","Tiempo de lectura":"2 minutos"},"schema":{"@context":"https:\/\/schema.org","@graph":[{"@type":"Article","@id":"https:\/\/www.fagor.eus\/es\/fagor-ederlan-presentara-sus-baterias-sostenibles-en-the-battery-show-europe-2023\/#article","isPartOf":{"@id":"https:\/\/www.fagor.eus\/es\/fagor-ederlan-presentara-sus-baterias-sostenibles-en-the-battery-show-europe-2023\/"},"author":{"name":"komunikazioa","@id":"https:\/\/www.fagor.eus\/#\/schema\/person\/e09b7878906ad616c343aa3e5a83bc2f"},"headline":"Fagor Ederlan presentar\u00e1 sus bater\u00edas sostenibles en The Battery Show Europe 2023","datePublished":"2023-04-19T12:23:14+00:00","dateModified":"2023-04-19T12:35:47+00:00","mainEntityOfPage":{"@id":"https:\/\/www.fagor.eus\/es\/fagor-ederlan-presentara-sus-baterias-sostenibles-en-the-battery-show-europe-2023\/"},"wordCount":363,"image":{"@id":"https:\/\/www.fagor.eus\/es\/fagor-ederlan-presentara-sus-baterias-sostenibles-en-the-battery-show-europe-2023\/#primaryimage"},"thumbnailUrl":"https:\/\/www.fagor.eus\/wp-content\/uploads\/2023\/04\/Fagor-ederlan-baterias-sostenibles-Fagor.jpg","articleSection":["Fagor Ederlan"],"inLanguage":"es"},{"@type":"WebPage","@id":"https:\/\/www.fagor.eus\/es\/fagor-ederlan-presentara-sus-baterias-sostenibles-en-the-battery-show-europe-2023\/","url":"https:\/\/www.fagor.eus\/es\/fagor-ederlan-presentara-sus-baterias-sostenibles-en-the-battery-show-europe-2023\/","name":"Bater\u00edas sostenibles de Fagor Ederlan en The Battery Show &#187; Grupo Fagor","isPartOf":{"@id":"https:\/\/www.fagor.eus\/#website"},"primaryImageOfPage":{"@id":"https:\/\/www.fagor.eus\/es\/fagor-ederlan-presentara-sus-baterias-sostenibles-en-the-battery-show-europe-2023\/#primaryimage"},"image":{"@id":"https:\/\/www.fagor.eus\/es\/fagor-ederlan-presentara-sus-baterias-sostenibles-en-the-battery-show-europe-2023\/#primaryimage"},"thumbnailUrl":"https:\/\/www.fagor.eus\/wp-content\/uploads\/2023\/04\/Fagor-ederlan-baterias-sostenibles-Fagor.jpg","datePublished":"2023-04-19T12:23:14+00:00","dateModified":"2023-04-19T12:35:47+00:00","author":{"@id":"https:\/\/www.fagor.eus\/#\/schema\/person\/e09b7878906ad616c343aa3e5a83bc2f"},"description":"Vuelve The Battery Show, el punto de encuentro y evento de referencia de empresas y profesionales expertos en electrificaci\u00f3n y toda la cadena de valor de productos clave como las bater\u00edas.\u00a0","breadcrumb":{"@id":"https:\/\/www.fagor.eus\/es\/fagor-ederlan-presentara-sus-baterias-sostenibles-en-the-battery-show-europe-2023\/#breadcrumb"},"inLanguage":"es","potentialAction":[{"@type":"ReadAction","target":["https:\/\/www.fagor.eus\/es\/fagor-ederlan-presentara-sus-baterias-sostenibles-en-the-battery-show-europe-2023\/"]}]},{"@type":"ImageObject","inLanguage":"es","@id":"https:\/\/www.fagor.eus\/es\/fagor-ederlan-presentara-sus-baterias-sostenibles-en-the-battery-show-europe-2023\/#primaryimage","url":"https:\/\/www.fagor.eus\/wp-content\/uploads\/2023\/04\/Fagor-ederlan-baterias-sostenibles-Fagor.jpg","contentUrl":"https:\/\/www.fagor.eus\/wp-content\/uploads\/2023\/04\/Fagor-ederlan-baterias-sostenibles-Fagor.jpg","width":2000,"height":1333,"caption":"Fagor ederlan-baterias sostenibles-Fagor"},{"@type":"BreadcrumbList","@id":"https:\/\/www.fagor.eus\/es\/fagor-ederlan-presentara-sus-baterias-sostenibles-en-the-battery-show-europe-2023\/#breadcrumb","itemListElement":[{"@type":"ListItem","position":1,"name":"Home","item":"https:\/\/www.fagor.eus\/es\/"},{"@type":"ListItem","position":2,"name":"Fagor Ederlan presentar\u00e1 sus bater\u00edas sostenibles en The Battery Show Europe 2023"}]},{"@type":"WebSite","@id":"https:\/\/www.fagor.eus\/#website","url":"https:\/\/www.fagor.eus\/","name":"Fagor","description":"Trabajando por un futuro mejor","potentialAction":[{"@type":"SearchAction","target":{"@type":"EntryPoint","urlTemplate":"https:\/\/www.fagor.eus\/?s={search_term_string}"},"query-input":{"@type":"PropertyValueSpecification","valueRequired":true,"valueName":"search_term_string"}}],"inLanguage":"es"},{"@type":"Person","@id":"https:\/\/www.fagor.eus\/#\/schema\/person\/e09b7878906ad616c343aa3e5a83bc2f","name":"komunikazioa","image":{"@type":"ImageObject","inLanguage":"es","@id":"https:\/\/secure.gravatar.com\/avatar\/0c624a67c23ed6ff6fd4111959b9a1001016b57c6bebaecbec025adcaa081e6e?s=96&d=mm&r=g","url":"https:\/\/secure.gravatar.com\/avatar\/0c624a67c23ed6ff6fd4111959b9a1001016b57c6bebaecbec025adcaa081e6e?s=96&d=mm&r=g","contentUrl":"https:\/\/secure.gravatar.com\/avatar\/0c624a67c23ed6ff6fd4111959b9a1001016b57c6bebaecbec025adcaa081e6e?s=96&d=mm&r=g","caption":"komunikazioa"},"sameAs":["https:\/\/x.com\/system"],"url":"https:\/\/www.fagor.eus\/es\/author\/komunikazioa\/"}]}},"_links":{"self":[{"href":"https:\/\/www.fagor.eus\/es\/wp-json\/wp\/v2\/posts\/16034","targetHints":{"allow":["GET"]}}],"collection":[{"href":"https:\/\/www.fagor.eus\/es\/wp-json\/wp\/v2\/posts"}],"about":[{"href":"https:\/\/www.fagor.eus\/es\/wp-json\/wp\/v2\/types\/post"}],"author":[{"embeddable":true,"href":"https:\/\/www.fagor.eus\/es\/wp-json\/wp\/v2\/users\/4"}],"replies":[{"embeddable":true,"href":"https:\/\/www.fagor.eus\/es\/wp-json\/wp\/v2\/comments?post=16034"}],"version-history":[{"count":2,"href":"https:\/\/www.fagor.eus\/es\/wp-json\/wp\/v2\/posts\/16034\/revisions"}],"predecessor-version":[{"id":16039,"href":"https:\/\/www.fagor.eus\/es\/wp-json\/wp\/v2\/posts\/16034\/revisions\/16039"}],"wp:featuredmedia":[{"embeddable":true,"href":"https:\/\/www.fagor.eus\/es\/wp-json\/wp\/v2\/media\/16028"}],"wp:attachment":[{"href":"https:\/\/www.fagor.eus\/es\/wp-json\/wp\/v2\/media?parent=16034"}],"wp:term":[{"taxonomy":"category","embeddable":true,"href":"https:\/\/www.fagor.eus\/es\/wp-json\/wp\/v2\/categories?post=16034"},{"taxonomy":"post_tag","embeddable":true,"href":"https:\/\/www.fagor.eus\/es\/wp-json\/wp\/v2\/tags?post=16034"}],"curies":[{"name":"wp","href":"https:\/\/api.w.org\/{rel}","templated":true}]}}