{"id":15173,"date":"2022-12-20T13:09:23","date_gmt":"2022-12-20T13:09:23","guid":{"rendered":"https:\/\/www.fagor.eus\/?p=15173"},"modified":"2022-12-20T15:17:46","modified_gmt":"2022-12-20T15:17:46","slug":"presentan-los-primeros-resultados-del-estudio-sobre-la-transicion-energetica-de-debagoiena","status":"publish","type":"post","link":"https:\/\/www.fagor.eus\/es\/presentan-los-primeros-resultados-del-estudio-sobre-la-transicion-energetica-de-debagoiena\/","title":{"rendered":"Presentan los primeros resultados del estudio sobre la transici\u00f3n energ\u00e9tica de Debagoiena"},"content":{"rendered":"<p>Diversos agentes se reunieron la semana pasada en el Parque Tecnol\u00f3gico Polo Garaia de Arrasate (Gipuzkoa) para compartir reflexiones del \u00e1mbito energ\u00e9tico y conocer los primeros resultados del estudio <em>Debagoieneko Aukera Energetikoak<\/em> elaborado por Tecnalia. Generalmente, se compartieron reflexiones sobre la energ\u00eda del \u00e1mbito urbano, ya que ha sido \u00e9ste el punto de partida del estudio. La jornada entra dentro de la estrategia <em>Eragin Piztu<\/em> lanzada en junio por la red de sostenibilidad <a href=\"https:\/\/debagoiena2030.eus\/es\/\"><span style=\"color: red;\">Debagoiena 2030<\/span><\/a>. \u00abEs imprescindible conocer bien el contexto actual, para despu\u00e9s profundizar en las necesidades energ\u00e9ticas, las posibles iniciativas\u2026 La reuni\u00f3n del Parque Tecnol\u00f3gico Garaia ha servido para hacer una lectura general de la situaci\u00f3n\u00bb, explica Aritz Otxandiano Kanpo, responsable de Sostenibilidad del Grupo Fagor.<\/p>\n<p>Entre otras cuestiones, los datos han confirmado la importancia de seguir profundizando en la transici\u00f3n energ\u00e9tica. Seg\u00fan el estudio, si se tiene en cuenta el consumo energ\u00e9tico de toda la regi\u00f3n, excepto el transporte y la industria, s\u00f3lo el 10% del consumo total es el\u00e9ctrico. Adem\u00e1s, la electricidad procedente de renovables en Debagoiena apenas supone el 14% del citado 10%. El resto de la energ\u00eda procede del exterior y es f\u00f3sil. \u00abEs un dato significativo y explica claramente a qu\u00e9 nos enfrentamos. La situaci\u00f3n confirma la vulnerabilidad de Debagoiena. Para reducir dicha vulnerabilidad, es necesario profundizar en sistemas de generaci\u00f3n de energ\u00edas renovables, estudiando previamente las posibilidades de la comarca\u00bb, comenta Otxandiano.<\/p>\n<p>El estudio realizado por Tecnalia entra ahora en una segunda fase en la que se ver\u00e1n las capacidades y oportunidades energ\u00e9ticas en renovables en Debagoiena, basadas siempre en el \u00e1mbito urbano y en las edificaciones. Para ello, se ha medido la superficie de los tejados de los edificios, la radiaci\u00f3n solar media, el potencial fotovoltaico y la generaci\u00f3n potencial. \u00abTambi\u00e9n se estudiar\u00e1n las posibilidades que pueda haber en el medio rural, pues es cierto que en esa zona hay una gran superficie\u00bb, menciona Eduardo Miera Zabalza, responsable de proyectos del \u00e1mbito de la eficiencia energ\u00e9tica de Tecnalia.<\/p>\n","protected":false},"excerpt":{"rendered":"<p>Diversos agentes se reunieron la semana pasada en el Parque Tecnol\u00f3gico Polo Garaia de Arrasate (Gipuzkoa) para compartir reflexiones del \u00e1mbito energ\u00e9tico y conocer los primeros resultados del estudio Debagoieneko&#8230;<\/p>\n","protected":false},"author":4,"featured_media":15171,"comment_status":"closed","ping_status":"open","sticky":false,"template":"","format":"standard","meta":{"footnotes":""},"categories":[104],"tags":[],"class_list":{"0":"post-15173","1":"post","2":"type-post","3":"status-publish","4":"format-standard","5":"has-post-thumbnail","7":"category-grupo-fagor-es"},"yoast_head":"<!-- This site is optimized with the Yoast SEO plugin v27.4 - https:\/\/yoast.com\/product\/yoast-seo-wordpress\/ -->\n<title>Presentado el estudio sobre la transici\u00f3n energ\u00e9tica de Debagoiena &#187; Grupo Fagor<\/title>\n<meta name=\"description\" content=\"Diversos agentes se reunieron la semana pasada en el Parque Tecnol\u00f3gico Polo Garaia de Arrasate (Gipuzkoa) para compartir reflexiones del \u00e1mbito energ\u00e9tico y conocer los primeros resultados del estudio Debagoieneko Aukera Energetikoak elaborado por Tecnalia.\" \/>\n<meta name=\"robots\" content=\"index, follow, max-snippet:-1, max-image-preview:large, max-video-preview:-1\" \/>\n<link rel=\"canonical\" href=\"https:\/\/www.fagor.eus\/es\/presentan-los-primeros-resultados-del-estudio-sobre-la-transicion-energetica-de-debagoiena\/\" \/>\n<meta property=\"og:locale\" content=\"es_ES\" \/>\n<meta property=\"og:type\" content=\"article\" \/>\n<meta property=\"og:title\" content=\"Presentado el estudio sobre la transici\u00f3n energ\u00e9tica de Debagoiena &#187; Grupo Fagor\" \/>\n<meta property=\"og:description\" content=\"Diversos agentes se reunieron la semana pasada en el Parque Tecnol\u00f3gico Polo Garaia de Arrasate (Gipuzkoa) para compartir reflexiones del \u00e1mbito energ\u00e9tico y conocer los primeros resultados del estudio Debagoieneko Aukera Energetikoak elaborado por Tecnalia.\" \/>\n<meta property=\"og:url\" content=\"https:\/\/www.fagor.eus\/es\/presentan-los-primeros-resultados-del-estudio-sobre-la-transicion-energetica-de-debagoiena\/\" \/>\n<meta property=\"og:site_name\" content=\"FAGOR\" \/>\n<meta property=\"article:published_time\" content=\"2022-12-20T13:09:23+00:00\" \/>\n<meta property=\"article:modified_time\" content=\"2022-12-20T15:17:46+00:00\" \/>\n<meta property=\"og:image\" content=\"https:\/\/www.fagor.eus\/wp-content\/uploads\/2022\/12\/Transicion-Energetica-Debagoiena-Grupo-Fagor.jpg\" \/>\n\t<meta property=\"og:image:width\" content=\"2000\" \/>\n\t<meta property=\"og:image:height\" content=\"1333\" \/>\n\t<meta property=\"og:image:type\" content=\"image\/jpeg\" \/>\n<meta name=\"author\" content=\"komunikazioa\" \/>\n<meta name=\"twitter:card\" content=\"summary_large_image\" \/>\n<meta name=\"twitter:creator\" content=\"@system\" \/>\n<meta name=\"twitter:site\" content=\"@FagorTaldea\" \/>\n<meta name=\"twitter:label1\" content=\"Escrito por\" \/>\n\t<meta name=\"twitter:data1\" content=\"komunikazioa\" \/>\n\t<meta name=\"twitter:label2\" content=\"Tiempo de lectura\" \/>\n\t<meta name=\"twitter:data2\" content=\"2 minutos\" \/>\n<script type=\"application\/ld+json\" class=\"yoast-schema-graph\">{\"@context\":\"https:\\\/\\\/schema.org\",\"@graph\":[{\"@type\":\"Article\",\"@id\":\"https:\\\/\\\/www.fagor.eus\\\/es\\\/presentan-los-primeros-resultados-del-estudio-sobre-la-transicion-energetica-de-debagoiena\\\/#article\",\"isPartOf\":{\"@id\":\"https:\\\/\\\/www.fagor.eus\\\/es\\\/presentan-los-primeros-resultados-del-estudio-sobre-la-transicion-energetica-de-debagoiena\\\/\"},\"author\":{\"name\":\"komunikazioa\",\"@id\":\"https:\\\/\\\/www.fagor.eus\\\/#\\\/schema\\\/person\\\/e09b7878906ad616c343aa3e5a83bc2f\"},\"headline\":\"Presentan los primeros resultados del estudio sobre la transici\u00f3n energ\u00e9tica de Debagoiena\",\"datePublished\":\"2022-12-20T13:09:23+00:00\",\"dateModified\":\"2022-12-20T15:17:46+00:00\",\"mainEntityOfPage\":{\"@id\":\"https:\\\/\\\/www.fagor.eus\\\/es\\\/presentan-los-primeros-resultados-del-estudio-sobre-la-transicion-energetica-de-debagoiena\\\/\"},\"wordCount\":365,\"image\":{\"@id\":\"https:\\\/\\\/www.fagor.eus\\\/es\\\/presentan-los-primeros-resultados-del-estudio-sobre-la-transicion-energetica-de-debagoiena\\\/#primaryimage\"},\"thumbnailUrl\":\"https:\\\/\\\/www.fagor.eus\\\/wp-content\\\/uploads\\\/2022\\\/12\\\/Transicion-Energetica-Debagoiena-Grupo-Fagor.jpg\",\"articleSection\":[\"Grupo Fagor\"],\"inLanguage\":\"es\"},{\"@type\":\"WebPage\",\"@id\":\"https:\\\/\\\/www.fagor.eus\\\/es\\\/presentan-los-primeros-resultados-del-estudio-sobre-la-transicion-energetica-de-debagoiena\\\/\",\"url\":\"https:\\\/\\\/www.fagor.eus\\\/es\\\/presentan-los-primeros-resultados-del-estudio-sobre-la-transicion-energetica-de-debagoiena\\\/\",\"name\":\"Presentado el estudio sobre la transici\u00f3n energ\u00e9tica de Debagoiena &#187; Grupo Fagor\",\"isPartOf\":{\"@id\":\"https:\\\/\\\/www.fagor.eus\\\/#website\"},\"primaryImageOfPage\":{\"@id\":\"https:\\\/\\\/www.fagor.eus\\\/es\\\/presentan-los-primeros-resultados-del-estudio-sobre-la-transicion-energetica-de-debagoiena\\\/#primaryimage\"},\"image\":{\"@id\":\"https:\\\/\\\/www.fagor.eus\\\/es\\\/presentan-los-primeros-resultados-del-estudio-sobre-la-transicion-energetica-de-debagoiena\\\/#primaryimage\"},\"thumbnailUrl\":\"https:\\\/\\\/www.fagor.eus\\\/wp-content\\\/uploads\\\/2022\\\/12\\\/Transicion-Energetica-Debagoiena-Grupo-Fagor.jpg\",\"datePublished\":\"2022-12-20T13:09:23+00:00\",\"dateModified\":\"2022-12-20T15:17:46+00:00\",\"author\":{\"@id\":\"https:\\\/\\\/www.fagor.eus\\\/#\\\/schema\\\/person\\\/e09b7878906ad616c343aa3e5a83bc2f\"},\"description\":\"Diversos agentes se reunieron la semana pasada en el Parque Tecnol\u00f3gico Polo Garaia de Arrasate (Gipuzkoa) para compartir reflexiones del \u00e1mbito energ\u00e9tico y conocer los primeros resultados del estudio Debagoieneko Aukera Energetikoak elaborado por Tecnalia.\",\"breadcrumb\":{\"@id\":\"https:\\\/\\\/www.fagor.eus\\\/es\\\/presentan-los-primeros-resultados-del-estudio-sobre-la-transicion-energetica-de-debagoiena\\\/#breadcrumb\"},\"inLanguage\":\"es\",\"potentialAction\":[{\"@type\":\"ReadAction\",\"target\":[\"https:\\\/\\\/www.fagor.eus\\\/es\\\/presentan-los-primeros-resultados-del-estudio-sobre-la-transicion-energetica-de-debagoiena\\\/\"]}]},{\"@type\":\"ImageObject\",\"inLanguage\":\"es\",\"@id\":\"https:\\\/\\\/www.fagor.eus\\\/es\\\/presentan-los-primeros-resultados-del-estudio-sobre-la-transicion-energetica-de-debagoiena\\\/#primaryimage\",\"url\":\"https:\\\/\\\/www.fagor.eus\\\/wp-content\\\/uploads\\\/2022\\\/12\\\/Transicion-Energetica-Debagoiena-Grupo-Fagor.jpg\",\"contentUrl\":\"https:\\\/\\\/www.fagor.eus\\\/wp-content\\\/uploads\\\/2022\\\/12\\\/Transicion-Energetica-Debagoiena-Grupo-Fagor.jpg\",\"width\":2000,\"height\":1333,\"caption\":\"Debagoienean energiaren alorrean gertatzen ari denaren inguruan hausnar egiteko eta orain artean gaiari loturik Tecnaliak landutako Debagoieneko Aukera Energetikoak ikerketaren lehen emaitzak aurkezteko saioa egin zen aurreko astean Arrasateko (Gipuzkoa) Garaia Parke Teknologikoan.\"},{\"@type\":\"BreadcrumbList\",\"@id\":\"https:\\\/\\\/www.fagor.eus\\\/es\\\/presentan-los-primeros-resultados-del-estudio-sobre-la-transicion-energetica-de-debagoiena\\\/#breadcrumb\",\"itemListElement\":[{\"@type\":\"ListItem\",\"position\":1,\"name\":\"Home\",\"item\":\"https:\\\/\\\/www.fagor.eus\\\/es\\\/\"},{\"@type\":\"ListItem\",\"position\":2,\"name\":\"Presentan los primeros resultados del estudio sobre la transici\u00f3n energ\u00e9tica de Debagoiena\"}]},{\"@type\":\"WebSite\",\"@id\":\"https:\\\/\\\/www.fagor.eus\\\/#website\",\"url\":\"https:\\\/\\\/www.fagor.eus\\\/\",\"name\":\"Fagor\",\"description\":\"Trabajando por un futuro mejor\",\"potentialAction\":[{\"@type\":\"SearchAction\",\"target\":{\"@type\":\"EntryPoint\",\"urlTemplate\":\"https:\\\/\\\/www.fagor.eus\\\/?s={search_term_string}\"},\"query-input\":{\"@type\":\"PropertyValueSpecification\",\"valueRequired\":true,\"valueName\":\"search_term_string\"}}],\"inLanguage\":\"es\"},{\"@type\":\"Person\",\"@id\":\"https:\\\/\\\/www.fagor.eus\\\/#\\\/schema\\\/person\\\/e09b7878906ad616c343aa3e5a83bc2f\",\"name\":\"komunikazioa\",\"image\":{\"@type\":\"ImageObject\",\"inLanguage\":\"es\",\"@id\":\"https:\\\/\\\/secure.gravatar.com\\\/avatar\\\/0c624a67c23ed6ff6fd4111959b9a1001016b57c6bebaecbec025adcaa081e6e?s=96&d=mm&r=g\",\"url\":\"https:\\\/\\\/secure.gravatar.com\\\/avatar\\\/0c624a67c23ed6ff6fd4111959b9a1001016b57c6bebaecbec025adcaa081e6e?s=96&d=mm&r=g\",\"contentUrl\":\"https:\\\/\\\/secure.gravatar.com\\\/avatar\\\/0c624a67c23ed6ff6fd4111959b9a1001016b57c6bebaecbec025adcaa081e6e?s=96&d=mm&r=g\",\"caption\":\"komunikazioa\"},\"sameAs\":[\"https:\\\/\\\/x.com\\\/system\"],\"url\":\"https:\\\/\\\/www.fagor.eus\\\/es\\\/author\\\/komunikazioa\\\/\"}]}<\/script>\n<!-- \/ Yoast SEO plugin. -->","yoast_head_json":{"title":"Presentado el estudio sobre la transici\u00f3n energ\u00e9tica de Debagoiena &#187; Grupo Fagor","description":"Diversos agentes se reunieron la semana pasada en el Parque Tecnol\u00f3gico Polo Garaia de Arrasate (Gipuzkoa) para compartir reflexiones del \u00e1mbito energ\u00e9tico y conocer los primeros resultados del estudio Debagoieneko Aukera Energetikoak elaborado por Tecnalia.","robots":{"index":"index","follow":"follow","max-snippet":"max-snippet:-1","max-image-preview":"max-image-preview:large","max-video-preview":"max-video-preview:-1"},"canonical":"https:\/\/www.fagor.eus\/es\/presentan-los-primeros-resultados-del-estudio-sobre-la-transicion-energetica-de-debagoiena\/","og_locale":"es_ES","og_type":"article","og_title":"Presentado el estudio sobre la transici\u00f3n energ\u00e9tica de Debagoiena &#187; Grupo Fagor","og_description":"Diversos agentes se reunieron la semana pasada en el Parque Tecnol\u00f3gico Polo Garaia de Arrasate (Gipuzkoa) para compartir reflexiones del \u00e1mbito energ\u00e9tico y conocer los primeros resultados del estudio Debagoieneko Aukera Energetikoak elaborado por Tecnalia.","og_url":"https:\/\/www.fagor.eus\/es\/presentan-los-primeros-resultados-del-estudio-sobre-la-transicion-energetica-de-debagoiena\/","og_site_name":"FAGOR","article_published_time":"2022-12-20T13:09:23+00:00","article_modified_time":"2022-12-20T15:17:46+00:00","og_image":[{"width":2000,"height":1333,"url":"https:\/\/www.fagor.eus\/wp-content\/uploads\/2022\/12\/Transicion-Energetica-Debagoiena-Grupo-Fagor.jpg","type":"image\/jpeg"}],"author":"komunikazioa","twitter_card":"summary_large_image","twitter_creator":"@system","twitter_site":"@FagorTaldea","twitter_misc":{"Escrito por":"komunikazioa","Tiempo de lectura":"2 minutos"},"schema":{"@context":"https:\/\/schema.org","@graph":[{"@type":"Article","@id":"https:\/\/www.fagor.eus\/es\/presentan-los-primeros-resultados-del-estudio-sobre-la-transicion-energetica-de-debagoiena\/#article","isPartOf":{"@id":"https:\/\/www.fagor.eus\/es\/presentan-los-primeros-resultados-del-estudio-sobre-la-transicion-energetica-de-debagoiena\/"},"author":{"name":"komunikazioa","@id":"https:\/\/www.fagor.eus\/#\/schema\/person\/e09b7878906ad616c343aa3e5a83bc2f"},"headline":"Presentan los primeros resultados del estudio sobre la transici\u00f3n energ\u00e9tica de Debagoiena","datePublished":"2022-12-20T13:09:23+00:00","dateModified":"2022-12-20T15:17:46+00:00","mainEntityOfPage":{"@id":"https:\/\/www.fagor.eus\/es\/presentan-los-primeros-resultados-del-estudio-sobre-la-transicion-energetica-de-debagoiena\/"},"wordCount":365,"image":{"@id":"https:\/\/www.fagor.eus\/es\/presentan-los-primeros-resultados-del-estudio-sobre-la-transicion-energetica-de-debagoiena\/#primaryimage"},"thumbnailUrl":"https:\/\/www.fagor.eus\/wp-content\/uploads\/2022\/12\/Transicion-Energetica-Debagoiena-Grupo-Fagor.jpg","articleSection":["Grupo Fagor"],"inLanguage":"es"},{"@type":"WebPage","@id":"https:\/\/www.fagor.eus\/es\/presentan-los-primeros-resultados-del-estudio-sobre-la-transicion-energetica-de-debagoiena\/","url":"https:\/\/www.fagor.eus\/es\/presentan-los-primeros-resultados-del-estudio-sobre-la-transicion-energetica-de-debagoiena\/","name":"Presentado el estudio sobre la transici\u00f3n energ\u00e9tica de Debagoiena &#187; Grupo Fagor","isPartOf":{"@id":"https:\/\/www.fagor.eus\/#website"},"primaryImageOfPage":{"@id":"https:\/\/www.fagor.eus\/es\/presentan-los-primeros-resultados-del-estudio-sobre-la-transicion-energetica-de-debagoiena\/#primaryimage"},"image":{"@id":"https:\/\/www.fagor.eus\/es\/presentan-los-primeros-resultados-del-estudio-sobre-la-transicion-energetica-de-debagoiena\/#primaryimage"},"thumbnailUrl":"https:\/\/www.fagor.eus\/wp-content\/uploads\/2022\/12\/Transicion-Energetica-Debagoiena-Grupo-Fagor.jpg","datePublished":"2022-12-20T13:09:23+00:00","dateModified":"2022-12-20T15:17:46+00:00","author":{"@id":"https:\/\/www.fagor.eus\/#\/schema\/person\/e09b7878906ad616c343aa3e5a83bc2f"},"description":"Diversos agentes se reunieron la semana pasada en el Parque Tecnol\u00f3gico Polo Garaia de Arrasate (Gipuzkoa) para compartir reflexiones del \u00e1mbito energ\u00e9tico y conocer los primeros resultados del estudio Debagoieneko Aukera Energetikoak elaborado por Tecnalia.","breadcrumb":{"@id":"https:\/\/www.fagor.eus\/es\/presentan-los-primeros-resultados-del-estudio-sobre-la-transicion-energetica-de-debagoiena\/#breadcrumb"},"inLanguage":"es","potentialAction":[{"@type":"ReadAction","target":["https:\/\/www.fagor.eus\/es\/presentan-los-primeros-resultados-del-estudio-sobre-la-transicion-energetica-de-debagoiena\/"]}]},{"@type":"ImageObject","inLanguage":"es","@id":"https:\/\/www.fagor.eus\/es\/presentan-los-primeros-resultados-del-estudio-sobre-la-transicion-energetica-de-debagoiena\/#primaryimage","url":"https:\/\/www.fagor.eus\/wp-content\/uploads\/2022\/12\/Transicion-Energetica-Debagoiena-Grupo-Fagor.jpg","contentUrl":"https:\/\/www.fagor.eus\/wp-content\/uploads\/2022\/12\/Transicion-Energetica-Debagoiena-Grupo-Fagor.jpg","width":2000,"height":1333,"caption":"Debagoienean energiaren alorrean gertatzen ari denaren inguruan hausnar egiteko eta orain artean gaiari loturik Tecnaliak landutako Debagoieneko Aukera Energetikoak ikerketaren lehen emaitzak aurkezteko saioa egin zen aurreko astean Arrasateko (Gipuzkoa) Garaia Parke Teknologikoan."},{"@type":"BreadcrumbList","@id":"https:\/\/www.fagor.eus\/es\/presentan-los-primeros-resultados-del-estudio-sobre-la-transicion-energetica-de-debagoiena\/#breadcrumb","itemListElement":[{"@type":"ListItem","position":1,"name":"Home","item":"https:\/\/www.fagor.eus\/es\/"},{"@type":"ListItem","position":2,"name":"Presentan los primeros resultados del estudio sobre la transici\u00f3n energ\u00e9tica de Debagoiena"}]},{"@type":"WebSite","@id":"https:\/\/www.fagor.eus\/#website","url":"https:\/\/www.fagor.eus\/","name":"Fagor","description":"Trabajando por un futuro mejor","potentialAction":[{"@type":"SearchAction","target":{"@type":"EntryPoint","urlTemplate":"https:\/\/www.fagor.eus\/?s={search_term_string}"},"query-input":{"@type":"PropertyValueSpecification","valueRequired":true,"valueName":"search_term_string"}}],"inLanguage":"es"},{"@type":"Person","@id":"https:\/\/www.fagor.eus\/#\/schema\/person\/e09b7878906ad616c343aa3e5a83bc2f","name":"komunikazioa","image":{"@type":"ImageObject","inLanguage":"es","@id":"https:\/\/secure.gravatar.com\/avatar\/0c624a67c23ed6ff6fd4111959b9a1001016b57c6bebaecbec025adcaa081e6e?s=96&d=mm&r=g","url":"https:\/\/secure.gravatar.com\/avatar\/0c624a67c23ed6ff6fd4111959b9a1001016b57c6bebaecbec025adcaa081e6e?s=96&d=mm&r=g","contentUrl":"https:\/\/secure.gravatar.com\/avatar\/0c624a67c23ed6ff6fd4111959b9a1001016b57c6bebaecbec025adcaa081e6e?s=96&d=mm&r=g","caption":"komunikazioa"},"sameAs":["https:\/\/x.com\/system"],"url":"https:\/\/www.fagor.eus\/es\/author\/komunikazioa\/"}]}},"_links":{"self":[{"href":"https:\/\/www.fagor.eus\/es\/wp-json\/wp\/v2\/posts\/15173","targetHints":{"allow":["GET"]}}],"collection":[{"href":"https:\/\/www.fagor.eus\/es\/wp-json\/wp\/v2\/posts"}],"about":[{"href":"https:\/\/www.fagor.eus\/es\/wp-json\/wp\/v2\/types\/post"}],"author":[{"embeddable":true,"href":"https:\/\/www.fagor.eus\/es\/wp-json\/wp\/v2\/users\/4"}],"replies":[{"embeddable":true,"href":"https:\/\/www.fagor.eus\/es\/wp-json\/wp\/v2\/comments?post=15173"}],"version-history":[{"count":15,"href":"https:\/\/www.fagor.eus\/es\/wp-json\/wp\/v2\/posts\/15173\/revisions"}],"predecessor-version":[{"id":15191,"href":"https:\/\/www.fagor.eus\/es\/wp-json\/wp\/v2\/posts\/15173\/revisions\/15191"}],"wp:featuredmedia":[{"embeddable":true,"href":"https:\/\/www.fagor.eus\/es\/wp-json\/wp\/v2\/media\/15171"}],"wp:attachment":[{"href":"https:\/\/www.fagor.eus\/es\/wp-json\/wp\/v2\/media?parent=15173"}],"wp:term":[{"taxonomy":"category","embeddable":true,"href":"https:\/\/www.fagor.eus\/es\/wp-json\/wp\/v2\/categories?post=15173"},{"taxonomy":"post_tag","embeddable":true,"href":"https:\/\/www.fagor.eus\/es\/wp-json\/wp\/v2\/tags?post=15173"}],"curies":[{"name":"wp","href":"https:\/\/api.w.org\/{rel}","templated":true}]}}