{"id":14987,"date":"2022-10-21T09:51:13","date_gmt":"2022-10-21T09:51:13","guid":{"rendered":"https:\/\/www.fagor.eus\/?p=14987"},"modified":"2022-10-21T09:53:34","modified_gmt":"2022-10-21T09:53:34","slug":"mondragon-assembly-celebra-el-vigesimo-aniversario-de-sus-filiales-de-mexico-y-alemania","status":"publish","type":"post","link":"https:\/\/www.fagor.eus\/es\/mondragon-assembly-celebra-el-vigesimo-aniversario-de-sus-filiales-de-mexico-y-alemania\/","title":{"rendered":"Mondragon Assembly celebra el vig\u00e9simo aniversario de sus filiales de M\u00e9xico y Alemania"},"content":{"rendered":"<p>El Grupo <span style=\"color: #ff0000;\"><a style=\"color: #ff0000;\" href=\"https:\/\/www.mondragon-assembly.com\/es\/\">Mondragon Assembly<\/a><\/span> celebra el vig\u00e9simo aniversario de sus filiales de Quer\u00e9taro (M\u00e9xico) y Stahringen (Alemania). Fue en 2002 cuando apost\u00f3 por dos nuevas implantaciones internacionales -la primera fue la filial ubicada en Orange (Estado franc\u00e9s)-, y dos d\u00e9cadas despu\u00e9s, responsables de la cooperativa confirman el acierto de aquella decisi\u00f3n. \u201cCada a\u00f1o ambas filiales han ido creciendo tanto en ventas como en personas, convirti\u00e9ndose as\u00ed en referentes en automatizaci\u00f3n en sus respectivos territorios\u201d, se\u00f1alan.<\/p>\n<p><strong>Flexibilidad y adaptabilidad<\/strong><\/p>\n<p>En sus 20 a\u00f1os la filial alemana ha demostrado su capacidad de adaptarse a las necesidades de cada cliente, llevando a cabo proyectos para diferentes sectores, lo cual les afianza como una empresa proveedora capaz de desarrollar soluciones personalizadas para los requerimientos de cada cliente. \u201cDurante este tiempo se han desarrollado proyectos muy especiales y con un alto valor tecnol\u00f3gico para el sector automoci\u00f3n, bater\u00edas y solar entre otros. Cada proyecto es \u00fanico y los m\u00e1s de 20 a\u00f1os de historia de la filial aportan la capacidad de captar cu\u00e1l es la verdadera necesidad de la empresa cliente y as\u00ed poder ofrecer soluciones con un alto valor a\u00f1adido\u201d, se\u00f1ala Peter Szepanski, director general de la filial alemana. Actualmente, Mondragon Assembly Stahringen cuenta con 57 empleados.<\/p>\n<p><strong>Referente en l\u00edneas llave en mano para automoci\u00f3n<\/strong><\/p>\n<p>A\u00f1o tras a\u00f1o la filial ubicada en Quer\u00e9taro se ha consolidado como un referente en l\u00edneas autom\u00e1ticas y semiautom\u00e1ticas principalmente para el sector de automoci\u00f3n. Actualmente, la planta est\u00e1 al 100% de capacidad y las expectativas para los pr\u00f3ximos meses son positivas. \u201cActualmente, la filial cuenta con un equipo de 128 personas, pero se prev\u00e9 un crecimiento importante para lograr hacer frente a las necesidades del mercado y as\u00ed convertirlas en oportunidades para seguir siendo m\u00e1ximo referente en la regi\u00f3n\u201d, comenta Ricardo Bustamante, director general de la filial de Quer\u00e9taro. \u201cAhora mismo, el equipo est\u00e1 enfocado en el cierre de los proyectos de este a\u00f1o, cuidando el plazo y la calidad de estos, como siempre ha caracterizado a la filial\u201d, a\u00f1ade.<\/p>\n<p>El pasado 1 de octubre se celebr\u00f3 con todas las personas de la filial y con varios miembros del Grupo Mondragon Assembly el vig\u00e9simo aniversario en la ciudad mexicana de Quer\u00e9taro. Durante la celebraci\u00f3n se agradeci\u00f3 el esfuerzo, la pasi\u00f3n y la dedicaci\u00f3n a todas las personas que forman el equipo de Mondragon Assembly Queretaro.<\/p>\n<p><strong>Presencia internacional<\/strong><\/p>\n<p>Mondragon Assembly decidi\u00f3 en el a\u00f1o 1994 iniciar una estrategia de internacionalizaci\u00f3n con el objetivo de incrementar la presencia en el exterior y as\u00ed poder captar nuevos proyectos de clientes potenciales. Han pasado casi 30 a\u00f1os y actualmente el Grupo cuenta con seis filiales y tres oficinas de ventas, ingenier\u00eda y servicio.<\/p>\n","protected":false},"excerpt":{"rendered":"<p>El Grupo Mondragon Assembly celebra el vig\u00e9simo aniversario de sus filiales de Quer\u00e9taro (M\u00e9xico) y Stahringen (Alemania). Fue en 2002 cuando apost\u00f3 por dos nuevas implantaciones internacionales -la primera fue&#8230;<\/p>\n","protected":false},"author":4,"featured_media":14985,"comment_status":"closed","ping_status":"open","sticky":false,"template":"","format":"standard","meta":{"footnotes":""},"categories":[101],"tags":[],"class_list":{"0":"post-14987","1":"post","2":"type-post","3":"status-publish","4":"format-standard","5":"has-post-thumbnail","7":"category-mondragon-assembly-es"},"yoast_head":"<!-- This site is optimized with the Yoast SEO plugin v27.4 - https:\/\/yoast.com\/product\/yoast-seo-wordpress\/ -->\n<title>Vig\u00e9simo aniversario de las filiales de M\u00e9xico y Alemania &#187; Grupo Fagor<\/title>\n<meta name=\"description\" content=\"El Grupo Mondragon Assembly celebra el vig\u00e9simo aniversario de sus filiales de Quer\u00e9taro (M\u00e9xico) y Stahringen (Alemania). Fue en 2002 cuando apost\u00f3 por dos nuevas implantaciones internacionales, y dos d\u00e9cadas despu\u00e9s, responsables de la cooperativa confirman el acierto de aquella decisi\u00f3n.\" \/>\n<meta name=\"robots\" content=\"index, follow, max-snippet:-1, max-image-preview:large, max-video-preview:-1\" \/>\n<link rel=\"canonical\" href=\"https:\/\/www.fagor.eus\/es\/mondragon-assembly-celebra-el-vigesimo-aniversario-de-sus-filiales-de-mexico-y-alemania\/\" \/>\n<meta property=\"og:locale\" content=\"es_ES\" \/>\n<meta property=\"og:type\" content=\"article\" \/>\n<meta property=\"og:title\" content=\"Vig\u00e9simo aniversario de las filiales de M\u00e9xico y Alemania &#187; Grupo Fagor\" \/>\n<meta property=\"og:description\" content=\"El Grupo Mondragon Assembly celebra el vig\u00e9simo aniversario de sus filiales de Quer\u00e9taro (M\u00e9xico) y Stahringen (Alemania). Fue en 2002 cuando apost\u00f3 por dos nuevas implantaciones internacionales, y dos d\u00e9cadas despu\u00e9s, responsables de la cooperativa confirman el acierto de aquella decisi\u00f3n.\" \/>\n<meta property=\"og:url\" content=\"https:\/\/www.fagor.eus\/es\/mondragon-assembly-celebra-el-vigesimo-aniversario-de-sus-filiales-de-mexico-y-alemania\/\" \/>\n<meta property=\"og:site_name\" content=\"FAGOR\" \/>\n<meta property=\"article:published_time\" content=\"2022-10-21T09:51:13+00:00\" \/>\n<meta property=\"article:modified_time\" content=\"2022-10-21T09:53:34+00:00\" \/>\n<meta property=\"og:image\" content=\"https:\/\/www.fagor.eus\/wp-content\/uploads\/2022\/10\/Queretaro-Mondragon-Assembly.jpg\" \/>\n\t<meta property=\"og:image:width\" content=\"2000\" \/>\n\t<meta property=\"og:image:height\" content=\"1333\" \/>\n\t<meta property=\"og:image:type\" content=\"image\/jpeg\" \/>\n<meta name=\"author\" content=\"komunikazioa\" \/>\n<meta name=\"twitter:card\" content=\"summary_large_image\" \/>\n<meta name=\"twitter:creator\" content=\"@system\" \/>\n<meta name=\"twitter:site\" content=\"@FagorTaldea\" \/>\n<meta name=\"twitter:label1\" content=\"Escrito por\" \/>\n\t<meta name=\"twitter:data1\" content=\"komunikazioa\" \/>\n\t<meta name=\"twitter:label2\" content=\"Tiempo de lectura\" \/>\n\t<meta name=\"twitter:data2\" content=\"2 minutos\" \/>\n<script type=\"application\/ld+json\" class=\"yoast-schema-graph\">{\"@context\":\"https:\\\/\\\/schema.org\",\"@graph\":[{\"@type\":\"Article\",\"@id\":\"https:\\\/\\\/www.fagor.eus\\\/es\\\/mondragon-assembly-celebra-el-vigesimo-aniversario-de-sus-filiales-de-mexico-y-alemania\\\/#article\",\"isPartOf\":{\"@id\":\"https:\\\/\\\/www.fagor.eus\\\/es\\\/mondragon-assembly-celebra-el-vigesimo-aniversario-de-sus-filiales-de-mexico-y-alemania\\\/\"},\"author\":{\"name\":\"komunikazioa\",\"@id\":\"https:\\\/\\\/www.fagor.eus\\\/#\\\/schema\\\/person\\\/e09b7878906ad616c343aa3e5a83bc2f\"},\"headline\":\"Mondragon Assembly celebra el vig\u00e9simo aniversario de sus filiales de M\u00e9xico y Alemania\",\"datePublished\":\"2022-10-21T09:51:13+00:00\",\"dateModified\":\"2022-10-21T09:53:34+00:00\",\"mainEntityOfPage\":{\"@id\":\"https:\\\/\\\/www.fagor.eus\\\/es\\\/mondragon-assembly-celebra-el-vigesimo-aniversario-de-sus-filiales-de-mexico-y-alemania\\\/\"},\"wordCount\":492,\"image\":{\"@id\":\"https:\\\/\\\/www.fagor.eus\\\/es\\\/mondragon-assembly-celebra-el-vigesimo-aniversario-de-sus-filiales-de-mexico-y-alemania\\\/#primaryimage\"},\"thumbnailUrl\":\"https:\\\/\\\/www.fagor.eus\\\/wp-content\\\/uploads\\\/2022\\\/10\\\/Queretaro-Mondragon-Assembly.jpg\",\"articleSection\":[\"Mondragon Assembly\"],\"inLanguage\":\"es\"},{\"@type\":\"WebPage\",\"@id\":\"https:\\\/\\\/www.fagor.eus\\\/es\\\/mondragon-assembly-celebra-el-vigesimo-aniversario-de-sus-filiales-de-mexico-y-alemania\\\/\",\"url\":\"https:\\\/\\\/www.fagor.eus\\\/es\\\/mondragon-assembly-celebra-el-vigesimo-aniversario-de-sus-filiales-de-mexico-y-alemania\\\/\",\"name\":\"Vig\u00e9simo aniversario de las filiales de M\u00e9xico y Alemania &#187; Grupo Fagor\",\"isPartOf\":{\"@id\":\"https:\\\/\\\/www.fagor.eus\\\/#website\"},\"primaryImageOfPage\":{\"@id\":\"https:\\\/\\\/www.fagor.eus\\\/es\\\/mondragon-assembly-celebra-el-vigesimo-aniversario-de-sus-filiales-de-mexico-y-alemania\\\/#primaryimage\"},\"image\":{\"@id\":\"https:\\\/\\\/www.fagor.eus\\\/es\\\/mondragon-assembly-celebra-el-vigesimo-aniversario-de-sus-filiales-de-mexico-y-alemania\\\/#primaryimage\"},\"thumbnailUrl\":\"https:\\\/\\\/www.fagor.eus\\\/wp-content\\\/uploads\\\/2022\\\/10\\\/Queretaro-Mondragon-Assembly.jpg\",\"datePublished\":\"2022-10-21T09:51:13+00:00\",\"dateModified\":\"2022-10-21T09:53:34+00:00\",\"author\":{\"@id\":\"https:\\\/\\\/www.fagor.eus\\\/#\\\/schema\\\/person\\\/e09b7878906ad616c343aa3e5a83bc2f\"},\"description\":\"El Grupo Mondragon Assembly celebra el vig\u00e9simo aniversario de sus filiales de Quer\u00e9taro (M\u00e9xico) y Stahringen (Alemania). Fue en 2002 cuando apost\u00f3 por dos nuevas implantaciones internacionales, y dos d\u00e9cadas despu\u00e9s, responsables de la cooperativa confirman el acierto de aquella decisi\u00f3n.\",\"breadcrumb\":{\"@id\":\"https:\\\/\\\/www.fagor.eus\\\/es\\\/mondragon-assembly-celebra-el-vigesimo-aniversario-de-sus-filiales-de-mexico-y-alemania\\\/#breadcrumb\"},\"inLanguage\":\"es\",\"potentialAction\":[{\"@type\":\"ReadAction\",\"target\":[\"https:\\\/\\\/www.fagor.eus\\\/es\\\/mondragon-assembly-celebra-el-vigesimo-aniversario-de-sus-filiales-de-mexico-y-alemania\\\/\"]}]},{\"@type\":\"ImageObject\",\"inLanguage\":\"es\",\"@id\":\"https:\\\/\\\/www.fagor.eus\\\/es\\\/mondragon-assembly-celebra-el-vigesimo-aniversario-de-sus-filiales-de-mexico-y-alemania\\\/#primaryimage\",\"url\":\"https:\\\/\\\/www.fagor.eus\\\/wp-content\\\/uploads\\\/2022\\\/10\\\/Queretaro-Mondragon-Assembly.jpg\",\"contentUrl\":\"https:\\\/\\\/www.fagor.eus\\\/wp-content\\\/uploads\\\/2022\\\/10\\\/Queretaro-Mondragon-Assembly.jpg\",\"width\":2000,\"height\":1333,\"caption\":\"Queretaro-Mondragon Assembly\"},{\"@type\":\"BreadcrumbList\",\"@id\":\"https:\\\/\\\/www.fagor.eus\\\/es\\\/mondragon-assembly-celebra-el-vigesimo-aniversario-de-sus-filiales-de-mexico-y-alemania\\\/#breadcrumb\",\"itemListElement\":[{\"@type\":\"ListItem\",\"position\":1,\"name\":\"Home\",\"item\":\"https:\\\/\\\/www.fagor.eus\\\/es\\\/\"},{\"@type\":\"ListItem\",\"position\":2,\"name\":\"Mondragon Assembly celebra el vig\u00e9simo aniversario de sus filiales de M\u00e9xico y Alemania\"}]},{\"@type\":\"WebSite\",\"@id\":\"https:\\\/\\\/www.fagor.eus\\\/#website\",\"url\":\"https:\\\/\\\/www.fagor.eus\\\/\",\"name\":\"Fagor\",\"description\":\"Trabajando por un futuro mejor\",\"potentialAction\":[{\"@type\":\"SearchAction\",\"target\":{\"@type\":\"EntryPoint\",\"urlTemplate\":\"https:\\\/\\\/www.fagor.eus\\\/?s={search_term_string}\"},\"query-input\":{\"@type\":\"PropertyValueSpecification\",\"valueRequired\":true,\"valueName\":\"search_term_string\"}}],\"inLanguage\":\"es\"},{\"@type\":\"Person\",\"@id\":\"https:\\\/\\\/www.fagor.eus\\\/#\\\/schema\\\/person\\\/e09b7878906ad616c343aa3e5a83bc2f\",\"name\":\"komunikazioa\",\"image\":{\"@type\":\"ImageObject\",\"inLanguage\":\"es\",\"@id\":\"https:\\\/\\\/secure.gravatar.com\\\/avatar\\\/0c624a67c23ed6ff6fd4111959b9a1001016b57c6bebaecbec025adcaa081e6e?s=96&d=mm&r=g\",\"url\":\"https:\\\/\\\/secure.gravatar.com\\\/avatar\\\/0c624a67c23ed6ff6fd4111959b9a1001016b57c6bebaecbec025adcaa081e6e?s=96&d=mm&r=g\",\"contentUrl\":\"https:\\\/\\\/secure.gravatar.com\\\/avatar\\\/0c624a67c23ed6ff6fd4111959b9a1001016b57c6bebaecbec025adcaa081e6e?s=96&d=mm&r=g\",\"caption\":\"komunikazioa\"},\"sameAs\":[\"https:\\\/\\\/x.com\\\/system\"],\"url\":\"https:\\\/\\\/www.fagor.eus\\\/es\\\/author\\\/komunikazioa\\\/\"}]}<\/script>\n<!-- \/ Yoast SEO plugin. -->","yoast_head_json":{"title":"Vig\u00e9simo aniversario de las filiales de M\u00e9xico y Alemania &#187; Grupo Fagor","description":"El Grupo Mondragon Assembly celebra el vig\u00e9simo aniversario de sus filiales de Quer\u00e9taro (M\u00e9xico) y Stahringen (Alemania). Fue en 2002 cuando apost\u00f3 por dos nuevas implantaciones internacionales, y dos d\u00e9cadas despu\u00e9s, responsables de la cooperativa confirman el acierto de aquella decisi\u00f3n.","robots":{"index":"index","follow":"follow","max-snippet":"max-snippet:-1","max-image-preview":"max-image-preview:large","max-video-preview":"max-video-preview:-1"},"canonical":"https:\/\/www.fagor.eus\/es\/mondragon-assembly-celebra-el-vigesimo-aniversario-de-sus-filiales-de-mexico-y-alemania\/","og_locale":"es_ES","og_type":"article","og_title":"Vig\u00e9simo aniversario de las filiales de M\u00e9xico y Alemania &#187; Grupo Fagor","og_description":"El Grupo Mondragon Assembly celebra el vig\u00e9simo aniversario de sus filiales de Quer\u00e9taro (M\u00e9xico) y Stahringen (Alemania). Fue en 2002 cuando apost\u00f3 por dos nuevas implantaciones internacionales, y dos d\u00e9cadas despu\u00e9s, responsables de la cooperativa confirman el acierto de aquella decisi\u00f3n.","og_url":"https:\/\/www.fagor.eus\/es\/mondragon-assembly-celebra-el-vigesimo-aniversario-de-sus-filiales-de-mexico-y-alemania\/","og_site_name":"FAGOR","article_published_time":"2022-10-21T09:51:13+00:00","article_modified_time":"2022-10-21T09:53:34+00:00","og_image":[{"width":2000,"height":1333,"url":"https:\/\/www.fagor.eus\/wp-content\/uploads\/2022\/10\/Queretaro-Mondragon-Assembly.jpg","type":"image\/jpeg"}],"author":"komunikazioa","twitter_card":"summary_large_image","twitter_creator":"@system","twitter_site":"@FagorTaldea","twitter_misc":{"Escrito por":"komunikazioa","Tiempo de lectura":"2 minutos"},"schema":{"@context":"https:\/\/schema.org","@graph":[{"@type":"Article","@id":"https:\/\/www.fagor.eus\/es\/mondragon-assembly-celebra-el-vigesimo-aniversario-de-sus-filiales-de-mexico-y-alemania\/#article","isPartOf":{"@id":"https:\/\/www.fagor.eus\/es\/mondragon-assembly-celebra-el-vigesimo-aniversario-de-sus-filiales-de-mexico-y-alemania\/"},"author":{"name":"komunikazioa","@id":"https:\/\/www.fagor.eus\/#\/schema\/person\/e09b7878906ad616c343aa3e5a83bc2f"},"headline":"Mondragon Assembly celebra el vig\u00e9simo aniversario de sus filiales de M\u00e9xico y Alemania","datePublished":"2022-10-21T09:51:13+00:00","dateModified":"2022-10-21T09:53:34+00:00","mainEntityOfPage":{"@id":"https:\/\/www.fagor.eus\/es\/mondragon-assembly-celebra-el-vigesimo-aniversario-de-sus-filiales-de-mexico-y-alemania\/"},"wordCount":492,"image":{"@id":"https:\/\/www.fagor.eus\/es\/mondragon-assembly-celebra-el-vigesimo-aniversario-de-sus-filiales-de-mexico-y-alemania\/#primaryimage"},"thumbnailUrl":"https:\/\/www.fagor.eus\/wp-content\/uploads\/2022\/10\/Queretaro-Mondragon-Assembly.jpg","articleSection":["Mondragon Assembly"],"inLanguage":"es"},{"@type":"WebPage","@id":"https:\/\/www.fagor.eus\/es\/mondragon-assembly-celebra-el-vigesimo-aniversario-de-sus-filiales-de-mexico-y-alemania\/","url":"https:\/\/www.fagor.eus\/es\/mondragon-assembly-celebra-el-vigesimo-aniversario-de-sus-filiales-de-mexico-y-alemania\/","name":"Vig\u00e9simo aniversario de las filiales de M\u00e9xico y Alemania &#187; Grupo Fagor","isPartOf":{"@id":"https:\/\/www.fagor.eus\/#website"},"primaryImageOfPage":{"@id":"https:\/\/www.fagor.eus\/es\/mondragon-assembly-celebra-el-vigesimo-aniversario-de-sus-filiales-de-mexico-y-alemania\/#primaryimage"},"image":{"@id":"https:\/\/www.fagor.eus\/es\/mondragon-assembly-celebra-el-vigesimo-aniversario-de-sus-filiales-de-mexico-y-alemania\/#primaryimage"},"thumbnailUrl":"https:\/\/www.fagor.eus\/wp-content\/uploads\/2022\/10\/Queretaro-Mondragon-Assembly.jpg","datePublished":"2022-10-21T09:51:13+00:00","dateModified":"2022-10-21T09:53:34+00:00","author":{"@id":"https:\/\/www.fagor.eus\/#\/schema\/person\/e09b7878906ad616c343aa3e5a83bc2f"},"description":"El Grupo Mondragon Assembly celebra el vig\u00e9simo aniversario de sus filiales de Quer\u00e9taro (M\u00e9xico) y Stahringen (Alemania). Fue en 2002 cuando apost\u00f3 por dos nuevas implantaciones internacionales, y dos d\u00e9cadas despu\u00e9s, responsables de la cooperativa confirman el acierto de aquella decisi\u00f3n.","breadcrumb":{"@id":"https:\/\/www.fagor.eus\/es\/mondragon-assembly-celebra-el-vigesimo-aniversario-de-sus-filiales-de-mexico-y-alemania\/#breadcrumb"},"inLanguage":"es","potentialAction":[{"@type":"ReadAction","target":["https:\/\/www.fagor.eus\/es\/mondragon-assembly-celebra-el-vigesimo-aniversario-de-sus-filiales-de-mexico-y-alemania\/"]}]},{"@type":"ImageObject","inLanguage":"es","@id":"https:\/\/www.fagor.eus\/es\/mondragon-assembly-celebra-el-vigesimo-aniversario-de-sus-filiales-de-mexico-y-alemania\/#primaryimage","url":"https:\/\/www.fagor.eus\/wp-content\/uploads\/2022\/10\/Queretaro-Mondragon-Assembly.jpg","contentUrl":"https:\/\/www.fagor.eus\/wp-content\/uploads\/2022\/10\/Queretaro-Mondragon-Assembly.jpg","width":2000,"height":1333,"caption":"Queretaro-Mondragon Assembly"},{"@type":"BreadcrumbList","@id":"https:\/\/www.fagor.eus\/es\/mondragon-assembly-celebra-el-vigesimo-aniversario-de-sus-filiales-de-mexico-y-alemania\/#breadcrumb","itemListElement":[{"@type":"ListItem","position":1,"name":"Home","item":"https:\/\/www.fagor.eus\/es\/"},{"@type":"ListItem","position":2,"name":"Mondragon Assembly celebra el vig\u00e9simo aniversario de sus filiales de M\u00e9xico y Alemania"}]},{"@type":"WebSite","@id":"https:\/\/www.fagor.eus\/#website","url":"https:\/\/www.fagor.eus\/","name":"Fagor","description":"Trabajando por un futuro mejor","potentialAction":[{"@type":"SearchAction","target":{"@type":"EntryPoint","urlTemplate":"https:\/\/www.fagor.eus\/?s={search_term_string}"},"query-input":{"@type":"PropertyValueSpecification","valueRequired":true,"valueName":"search_term_string"}}],"inLanguage":"es"},{"@type":"Person","@id":"https:\/\/www.fagor.eus\/#\/schema\/person\/e09b7878906ad616c343aa3e5a83bc2f","name":"komunikazioa","image":{"@type":"ImageObject","inLanguage":"es","@id":"https:\/\/secure.gravatar.com\/avatar\/0c624a67c23ed6ff6fd4111959b9a1001016b57c6bebaecbec025adcaa081e6e?s=96&d=mm&r=g","url":"https:\/\/secure.gravatar.com\/avatar\/0c624a67c23ed6ff6fd4111959b9a1001016b57c6bebaecbec025adcaa081e6e?s=96&d=mm&r=g","contentUrl":"https:\/\/secure.gravatar.com\/avatar\/0c624a67c23ed6ff6fd4111959b9a1001016b57c6bebaecbec025adcaa081e6e?s=96&d=mm&r=g","caption":"komunikazioa"},"sameAs":["https:\/\/x.com\/system"],"url":"https:\/\/www.fagor.eus\/es\/author\/komunikazioa\/"}]}},"_links":{"self":[{"href":"https:\/\/www.fagor.eus\/es\/wp-json\/wp\/v2\/posts\/14987","targetHints":{"allow":["GET"]}}],"collection":[{"href":"https:\/\/www.fagor.eus\/es\/wp-json\/wp\/v2\/posts"}],"about":[{"href":"https:\/\/www.fagor.eus\/es\/wp-json\/wp\/v2\/types\/post"}],"author":[{"embeddable":true,"href":"https:\/\/www.fagor.eus\/es\/wp-json\/wp\/v2\/users\/4"}],"replies":[{"embeddable":true,"href":"https:\/\/www.fagor.eus\/es\/wp-json\/wp\/v2\/comments?post=14987"}],"version-history":[{"count":3,"href":"https:\/\/www.fagor.eus\/es\/wp-json\/wp\/v2\/posts\/14987\/revisions"}],"predecessor-version":[{"id":14990,"href":"https:\/\/www.fagor.eus\/es\/wp-json\/wp\/v2\/posts\/14987\/revisions\/14990"}],"wp:featuredmedia":[{"embeddable":true,"href":"https:\/\/www.fagor.eus\/es\/wp-json\/wp\/v2\/media\/14985"}],"wp:attachment":[{"href":"https:\/\/www.fagor.eus\/es\/wp-json\/wp\/v2\/media?parent=14987"}],"wp:term":[{"taxonomy":"category","embeddable":true,"href":"https:\/\/www.fagor.eus\/es\/wp-json\/wp\/v2\/categories?post=14987"},{"taxonomy":"post_tag","embeddable":true,"href":"https:\/\/www.fagor.eus\/es\/wp-json\/wp\/v2\/tags?post=14987"}],"curies":[{"name":"wp","href":"https:\/\/api.w.org\/{rel}","templated":true}]}}