{"id":14959,"date":"2022-10-11T11:34:29","date_gmt":"2022-10-11T11:34:29","guid":{"rendered":"https:\/\/www.fagor.eus\/?p=14959"},"modified":"2022-10-11T11:38:58","modified_gmt":"2022-10-11T11:38:58","slug":"ekiola-de-leintz-bailara-proyecto-en-el-que-participa-el-grupo-fagor-inicia-su-segunda-fase","status":"publish","type":"post","link":"https:\/\/www.fagor.eus\/es\/ekiola-de-leintz-bailara-proyecto-en-el-que-participa-el-grupo-fagor-inicia-su-segunda-fase\/","title":{"rendered":"Ekiola de Leintz Bailara, proyecto en el que participa el Grupo Fagor, inicia su segunda fase"},"content":{"rendered":"<p>Ekiola de Leintz Bailara, proyecto que cuenta con la participaci\u00f3n del Grupo Fagor, inicia su segunda fase. As\u00ed, aquellas personas del Valle de Leintz que sean socias del proyecto y quieran recibir energ\u00eda renovable en su casa o comercio, podr\u00e1n inscribirse o informarse a partir del 17 de octubre, en el BAZ de Arrasate \u2013alternando una semana por la ma\u00f1ana y una semana por la tarde\u2013, en el local de Murrukixo de Aretxabaleta \u2013mi\u00e9rcoles\u2013 y en el Ayuntamiento de Eskoriatza \u2013lunes\u2013. As\u00ed se ha dado a conocer en la rueda de prensa organizada en Arrasate (Gipuzkoa) para explicar los detalles de la nueva fase. Dicha presentaci\u00f3n ha contado con la participaci\u00f3n de Aritz Otxandiano Kanpo, responsable de Sostenibilidad del Grupo Fagor.<\/p>\n<p>Refiri\u00e9ndose al apoyo mostrado por el Grupo Fagor a la iniciativa Ekiola, Otxandiano menciona la estrategia de sostenibilidad Fagor 2030, y subraya la importancia de tener estrategias de energ\u00eda kil\u00f3metro cero en Debagoiena: \u201cTenemos la oportunidad de reducir nuestro consumo energ\u00e9tico y dar un salto en la generaci\u00f3n renovable para reducir, hoy por hoy, nuestra dependencia de los combustibles f\u00f3siles\u201d. Asimismo, habla de la intercooperaci\u00f3n fijada entre instituciones, ciudadan\u00eda y empresas para abordar el reto de la transici\u00f3n energ\u00e9tica. En este caso, las principales entidades impulsoras de Ekiola de Leintz Bailara son el Grupo Fagor, el Ayuntamiento de Arrasate, el Ayuntamiento de Aretxabaleta, el Ayuntamiento de Eskoriatza y el Ayuntamiento de Leintz Gatzaga.<\/p>\n<p>Las obras del parque solar que estar\u00e1 ubicado en el Polo de Innovaci\u00f3n Garaia de Arrasate arrancar\u00e1n entre noviembre y diciembre. Contar\u00e1 con 2.300 placas fotovoltaicas distribuidas en un terreno de 10.000 metros cuadrados. Gracias a esta infraestructura, el proyecto tendr\u00e1 una potencia de 1,25 MWp y generar\u00e1 1,35 GWh anuales, lo que supondr\u00e1 saciar el 100% del consumo de unas 600 familias. Seg\u00fan las previsiones, el proyecto arrancar\u00e1 entre marzo y abril.<\/p>\n<p>El parque solar cuenta con un presupuesto aproximado de 1,7 millones de euros, y hoy por hoy, cuenta con dos aportaciones significativas: por un lado, la del Grupo Fagor, de 335.400 euros; y, por otro lado, la que proviene de los fondos Next Generation de Europa, de 644.000 euros. As\u00ed, la Cooperativa Ekiola para el Valle de Leintz cuenta ya con casi un mill\u00f3n de euros.<\/p>\n<p><strong>400 familias preinscritas<\/strong><\/p>\n<p>Actualmente hay cerca de 400 familias preinscritas en Ekiola de Leintz Bailara. Y ya se ha anunciado la cantidad que las personas socias de la iniciativa tendr\u00e1n que pagar por la luz: 45 \u20ac\/ MWh. Por otro lado, por ejemplo, teniendo en cuenta que el consumo medio de las familias formadas por tres personas es de 2.200 kWh, la inversi\u00f3n inicial de dicha unidad familiar ser\u00eda de 1.239 euros -sin recibir la desgravaci\u00f3n de Hacienda, 1.458 euros-. Seg\u00fan las previsiones, dicha aportaci\u00f3n estar\u00eda amortizada en tres a\u00f1os y medio.<\/p>\n","protected":false},"excerpt":{"rendered":"<p>Ekiola de Leintz Bailara, proyecto que cuenta con la participaci\u00f3n del Grupo Fagor, inicia su segunda fase. As\u00ed, aquellas personas del Valle de Leintz que sean socias del proyecto y&#8230;<\/p>\n","protected":false},"author":4,"featured_media":14954,"comment_status":"closed","ping_status":"open","sticky":false,"template":"","format":"standard","meta":{"footnotes":""},"categories":[104],"tags":[],"class_list":{"0":"post-14959","1":"post","2":"type-post","3":"status-publish","4":"format-standard","5":"has-post-thumbnail","7":"category-grupo-fagor-es"},"yoast_head":"<!-- This site is optimized with the Yoast SEO plugin v27.4 - https:\/\/yoast.com\/product\/yoast-seo-wordpress\/ -->\n<title>Ekiola de Leintz Bailara inicia su segunda fase &#187; Grupo Fagor<\/title>\n<meta name=\"description\" content=\"Ekiola de Leintz Bailara, proyecto que cuenta con la participaci\u00f3n del Grupo Fagor, inicia su segunda fase. As\u00ed, aquellas personas del Valle de Leintz que sean socias del proyecto y quieran recibir energ\u00eda renovable en su casa o comercio, podr\u00e1n inscribirse o informarse a partir del 17 de octubre, en el BAZ de Arrasate \u2013alternando una semana por la ma\u00f1ana y una semana por la tarde\u2013, en el local de Murrukixo de Aretxabaleta \u2013mi\u00e9rcoles\u2013 y en el Ayuntamiento de Eskoriatza \u2013lunes\u2013.\" \/>\n<meta name=\"robots\" content=\"index, follow, max-snippet:-1, max-image-preview:large, max-video-preview:-1\" \/>\n<link rel=\"canonical\" href=\"https:\/\/www.fagor.eus\/es\/ekiola-de-leintz-bailara-proyecto-en-el-que-participa-el-grupo-fagor-inicia-su-segunda-fase\/\" \/>\n<meta property=\"og:locale\" content=\"es_ES\" \/>\n<meta property=\"og:type\" content=\"article\" \/>\n<meta property=\"og:title\" content=\"Ekiola de Leintz Bailara inicia su segunda fase &#187; Grupo Fagor\" \/>\n<meta property=\"og:description\" content=\"Ekiola de Leintz Bailara, proyecto que cuenta con la participaci\u00f3n del Grupo Fagor, inicia su segunda fase. As\u00ed, aquellas personas del Valle de Leintz que sean socias del proyecto y quieran recibir energ\u00eda renovable en su casa o comercio, podr\u00e1n inscribirse o informarse a partir del 17 de octubre, en el BAZ de Arrasate \u2013alternando una semana por la ma\u00f1ana y una semana por la tarde\u2013, en el local de Murrukixo de Aretxabaleta \u2013mi\u00e9rcoles\u2013 y en el Ayuntamiento de Eskoriatza \u2013lunes\u2013.\" \/>\n<meta property=\"og:url\" content=\"https:\/\/www.fagor.eus\/es\/ekiola-de-leintz-bailara-proyecto-en-el-que-participa-el-grupo-fagor-inicia-su-segunda-fase\/\" \/>\n<meta property=\"og:site_name\" content=\"FAGOR\" \/>\n<meta property=\"article:published_time\" content=\"2022-10-11T11:34:29+00:00\" \/>\n<meta property=\"article:modified_time\" content=\"2022-10-11T11:38:58+00:00\" \/>\n<meta property=\"og:image\" content=\"https:\/\/www.fagor.eus\/wp-content\/uploads\/2022\/10\/Ekiola-izen-ematea-Fagor-Taldea-web.jpg\" \/>\n\t<meta property=\"og:image:width\" content=\"2000\" \/>\n\t<meta property=\"og:image:height\" content=\"1333\" \/>\n\t<meta property=\"og:image:type\" content=\"image\/jpeg\" \/>\n<meta name=\"author\" content=\"komunikazioa\" \/>\n<meta name=\"twitter:card\" content=\"summary_large_image\" \/>\n<meta name=\"twitter:creator\" content=\"@system\" \/>\n<meta name=\"twitter:site\" content=\"@FagorTaldea\" \/>\n<meta name=\"twitter:label1\" content=\"Escrito por\" \/>\n\t<meta name=\"twitter:data1\" content=\"komunikazioa\" \/>\n\t<meta name=\"twitter:label2\" content=\"Tiempo de lectura\" \/>\n\t<meta name=\"twitter:data2\" content=\"3 minutos\" \/>\n<script type=\"application\/ld+json\" class=\"yoast-schema-graph\">{\"@context\":\"https:\\\/\\\/schema.org\",\"@graph\":[{\"@type\":\"Article\",\"@id\":\"https:\\\/\\\/www.fagor.eus\\\/es\\\/ekiola-de-leintz-bailara-proyecto-en-el-que-participa-el-grupo-fagor-inicia-su-segunda-fase\\\/#article\",\"isPartOf\":{\"@id\":\"https:\\\/\\\/www.fagor.eus\\\/es\\\/ekiola-de-leintz-bailara-proyecto-en-el-que-participa-el-grupo-fagor-inicia-su-segunda-fase\\\/\"},\"author\":{\"name\":\"komunikazioa\",\"@id\":\"https:\\\/\\\/www.fagor.eus\\\/#\\\/schema\\\/person\\\/e09b7878906ad616c343aa3e5a83bc2f\"},\"headline\":\"Ekiola de Leintz Bailara, proyecto en el que participa el Grupo Fagor, inicia su segunda fase\",\"datePublished\":\"2022-10-11T11:34:29+00:00\",\"dateModified\":\"2022-10-11T11:38:58+00:00\",\"mainEntityOfPage\":{\"@id\":\"https:\\\/\\\/www.fagor.eus\\\/es\\\/ekiola-de-leintz-bailara-proyecto-en-el-que-participa-el-grupo-fagor-inicia-su-segunda-fase\\\/\"},\"wordCount\":492,\"image\":{\"@id\":\"https:\\\/\\\/www.fagor.eus\\\/es\\\/ekiola-de-leintz-bailara-proyecto-en-el-que-participa-el-grupo-fagor-inicia-su-segunda-fase\\\/#primaryimage\"},\"thumbnailUrl\":\"https:\\\/\\\/www.fagor.eus\\\/wp-content\\\/uploads\\\/2022\\\/10\\\/Ekiola-izen-ematea-Fagor-Taldea-web.jpg\",\"articleSection\":[\"Grupo Fagor\"],\"inLanguage\":\"es\"},{\"@type\":\"WebPage\",\"@id\":\"https:\\\/\\\/www.fagor.eus\\\/es\\\/ekiola-de-leintz-bailara-proyecto-en-el-que-participa-el-grupo-fagor-inicia-su-segunda-fase\\\/\",\"url\":\"https:\\\/\\\/www.fagor.eus\\\/es\\\/ekiola-de-leintz-bailara-proyecto-en-el-que-participa-el-grupo-fagor-inicia-su-segunda-fase\\\/\",\"name\":\"Ekiola de Leintz Bailara inicia su segunda fase &#187; Grupo Fagor\",\"isPartOf\":{\"@id\":\"https:\\\/\\\/www.fagor.eus\\\/#website\"},\"primaryImageOfPage\":{\"@id\":\"https:\\\/\\\/www.fagor.eus\\\/es\\\/ekiola-de-leintz-bailara-proyecto-en-el-que-participa-el-grupo-fagor-inicia-su-segunda-fase\\\/#primaryimage\"},\"image\":{\"@id\":\"https:\\\/\\\/www.fagor.eus\\\/es\\\/ekiola-de-leintz-bailara-proyecto-en-el-que-participa-el-grupo-fagor-inicia-su-segunda-fase\\\/#primaryimage\"},\"thumbnailUrl\":\"https:\\\/\\\/www.fagor.eus\\\/wp-content\\\/uploads\\\/2022\\\/10\\\/Ekiola-izen-ematea-Fagor-Taldea-web.jpg\",\"datePublished\":\"2022-10-11T11:34:29+00:00\",\"dateModified\":\"2022-10-11T11:38:58+00:00\",\"author\":{\"@id\":\"https:\\\/\\\/www.fagor.eus\\\/#\\\/schema\\\/person\\\/e09b7878906ad616c343aa3e5a83bc2f\"},\"description\":\"Ekiola de Leintz Bailara, proyecto que cuenta con la participaci\u00f3n del Grupo Fagor, inicia su segunda fase. As\u00ed, aquellas personas del Valle de Leintz que sean socias del proyecto y quieran recibir energ\u00eda renovable en su casa o comercio, podr\u00e1n inscribirse o informarse a partir del 17 de octubre, en el BAZ de Arrasate \u2013alternando una semana por la ma\u00f1ana y una semana por la tarde\u2013, en el local de Murrukixo de Aretxabaleta \u2013mi\u00e9rcoles\u2013 y en el Ayuntamiento de Eskoriatza \u2013lunes\u2013.\",\"breadcrumb\":{\"@id\":\"https:\\\/\\\/www.fagor.eus\\\/es\\\/ekiola-de-leintz-bailara-proyecto-en-el-que-participa-el-grupo-fagor-inicia-su-segunda-fase\\\/#breadcrumb\"},\"inLanguage\":\"es\",\"potentialAction\":[{\"@type\":\"ReadAction\",\"target\":[\"https:\\\/\\\/www.fagor.eus\\\/es\\\/ekiola-de-leintz-bailara-proyecto-en-el-que-participa-el-grupo-fagor-inicia-su-segunda-fase\\\/\"]}]},{\"@type\":\"ImageObject\",\"inLanguage\":\"es\",\"@id\":\"https:\\\/\\\/www.fagor.eus\\\/es\\\/ekiola-de-leintz-bailara-proyecto-en-el-que-participa-el-grupo-fagor-inicia-su-segunda-fase\\\/#primaryimage\",\"url\":\"https:\\\/\\\/www.fagor.eus\\\/wp-content\\\/uploads\\\/2022\\\/10\\\/Ekiola-izen-ematea-Fagor-Taldea-web.jpg\",\"contentUrl\":\"https:\\\/\\\/www.fagor.eus\\\/wp-content\\\/uploads\\\/2022\\\/10\\\/Ekiola-izen-ematea-Fagor-Taldea-web.jpg\",\"width\":2000,\"height\":1333,\"caption\":\"Ekiola-inscripci\u00f3n-Grupo Fagor\"},{\"@type\":\"BreadcrumbList\",\"@id\":\"https:\\\/\\\/www.fagor.eus\\\/es\\\/ekiola-de-leintz-bailara-proyecto-en-el-que-participa-el-grupo-fagor-inicia-su-segunda-fase\\\/#breadcrumb\",\"itemListElement\":[{\"@type\":\"ListItem\",\"position\":1,\"name\":\"Home\",\"item\":\"https:\\\/\\\/www.fagor.eus\\\/es\\\/\"},{\"@type\":\"ListItem\",\"position\":2,\"name\":\"Ekiola de Leintz Bailara, proyecto en el que participa el Grupo Fagor, inicia su segunda fase\"}]},{\"@type\":\"WebSite\",\"@id\":\"https:\\\/\\\/www.fagor.eus\\\/#website\",\"url\":\"https:\\\/\\\/www.fagor.eus\\\/\",\"name\":\"Fagor\",\"description\":\"Trabajando por un futuro mejor\",\"potentialAction\":[{\"@type\":\"SearchAction\",\"target\":{\"@type\":\"EntryPoint\",\"urlTemplate\":\"https:\\\/\\\/www.fagor.eus\\\/?s={search_term_string}\"},\"query-input\":{\"@type\":\"PropertyValueSpecification\",\"valueRequired\":true,\"valueName\":\"search_term_string\"}}],\"inLanguage\":\"es\"},{\"@type\":\"Person\",\"@id\":\"https:\\\/\\\/www.fagor.eus\\\/#\\\/schema\\\/person\\\/e09b7878906ad616c343aa3e5a83bc2f\",\"name\":\"komunikazioa\",\"image\":{\"@type\":\"ImageObject\",\"inLanguage\":\"es\",\"@id\":\"https:\\\/\\\/secure.gravatar.com\\\/avatar\\\/0c624a67c23ed6ff6fd4111959b9a1001016b57c6bebaecbec025adcaa081e6e?s=96&d=mm&r=g\",\"url\":\"https:\\\/\\\/secure.gravatar.com\\\/avatar\\\/0c624a67c23ed6ff6fd4111959b9a1001016b57c6bebaecbec025adcaa081e6e?s=96&d=mm&r=g\",\"contentUrl\":\"https:\\\/\\\/secure.gravatar.com\\\/avatar\\\/0c624a67c23ed6ff6fd4111959b9a1001016b57c6bebaecbec025adcaa081e6e?s=96&d=mm&r=g\",\"caption\":\"komunikazioa\"},\"sameAs\":[\"https:\\\/\\\/x.com\\\/system\"],\"url\":\"https:\\\/\\\/www.fagor.eus\\\/es\\\/author\\\/komunikazioa\\\/\"}]}<\/script>\n<!-- \/ Yoast SEO plugin. -->","yoast_head_json":{"title":"Ekiola de Leintz Bailara inicia su segunda fase &#187; Grupo Fagor","description":"Ekiola de Leintz Bailara, proyecto que cuenta con la participaci\u00f3n del Grupo Fagor, inicia su segunda fase. As\u00ed, aquellas personas del Valle de Leintz que sean socias del proyecto y quieran recibir energ\u00eda renovable en su casa o comercio, podr\u00e1n inscribirse o informarse a partir del 17 de octubre, en el BAZ de Arrasate \u2013alternando una semana por la ma\u00f1ana y una semana por la tarde\u2013, en el local de Murrukixo de Aretxabaleta \u2013mi\u00e9rcoles\u2013 y en el Ayuntamiento de Eskoriatza \u2013lunes\u2013.","robots":{"index":"index","follow":"follow","max-snippet":"max-snippet:-1","max-image-preview":"max-image-preview:large","max-video-preview":"max-video-preview:-1"},"canonical":"https:\/\/www.fagor.eus\/es\/ekiola-de-leintz-bailara-proyecto-en-el-que-participa-el-grupo-fagor-inicia-su-segunda-fase\/","og_locale":"es_ES","og_type":"article","og_title":"Ekiola de Leintz Bailara inicia su segunda fase &#187; Grupo Fagor","og_description":"Ekiola de Leintz Bailara, proyecto que cuenta con la participaci\u00f3n del Grupo Fagor, inicia su segunda fase. As\u00ed, aquellas personas del Valle de Leintz que sean socias del proyecto y quieran recibir energ\u00eda renovable en su casa o comercio, podr\u00e1n inscribirse o informarse a partir del 17 de octubre, en el BAZ de Arrasate \u2013alternando una semana por la ma\u00f1ana y una semana por la tarde\u2013, en el local de Murrukixo de Aretxabaleta \u2013mi\u00e9rcoles\u2013 y en el Ayuntamiento de Eskoriatza \u2013lunes\u2013.","og_url":"https:\/\/www.fagor.eus\/es\/ekiola-de-leintz-bailara-proyecto-en-el-que-participa-el-grupo-fagor-inicia-su-segunda-fase\/","og_site_name":"FAGOR","article_published_time":"2022-10-11T11:34:29+00:00","article_modified_time":"2022-10-11T11:38:58+00:00","og_image":[{"width":2000,"height":1333,"url":"https:\/\/www.fagor.eus\/wp-content\/uploads\/2022\/10\/Ekiola-izen-ematea-Fagor-Taldea-web.jpg","type":"image\/jpeg"}],"author":"komunikazioa","twitter_card":"summary_large_image","twitter_creator":"@system","twitter_site":"@FagorTaldea","twitter_misc":{"Escrito por":"komunikazioa","Tiempo de lectura":"3 minutos"},"schema":{"@context":"https:\/\/schema.org","@graph":[{"@type":"Article","@id":"https:\/\/www.fagor.eus\/es\/ekiola-de-leintz-bailara-proyecto-en-el-que-participa-el-grupo-fagor-inicia-su-segunda-fase\/#article","isPartOf":{"@id":"https:\/\/www.fagor.eus\/es\/ekiola-de-leintz-bailara-proyecto-en-el-que-participa-el-grupo-fagor-inicia-su-segunda-fase\/"},"author":{"name":"komunikazioa","@id":"https:\/\/www.fagor.eus\/#\/schema\/person\/e09b7878906ad616c343aa3e5a83bc2f"},"headline":"Ekiola de Leintz Bailara, proyecto en el que participa el Grupo Fagor, inicia su segunda fase","datePublished":"2022-10-11T11:34:29+00:00","dateModified":"2022-10-11T11:38:58+00:00","mainEntityOfPage":{"@id":"https:\/\/www.fagor.eus\/es\/ekiola-de-leintz-bailara-proyecto-en-el-que-participa-el-grupo-fagor-inicia-su-segunda-fase\/"},"wordCount":492,"image":{"@id":"https:\/\/www.fagor.eus\/es\/ekiola-de-leintz-bailara-proyecto-en-el-que-participa-el-grupo-fagor-inicia-su-segunda-fase\/#primaryimage"},"thumbnailUrl":"https:\/\/www.fagor.eus\/wp-content\/uploads\/2022\/10\/Ekiola-izen-ematea-Fagor-Taldea-web.jpg","articleSection":["Grupo Fagor"],"inLanguage":"es"},{"@type":"WebPage","@id":"https:\/\/www.fagor.eus\/es\/ekiola-de-leintz-bailara-proyecto-en-el-que-participa-el-grupo-fagor-inicia-su-segunda-fase\/","url":"https:\/\/www.fagor.eus\/es\/ekiola-de-leintz-bailara-proyecto-en-el-que-participa-el-grupo-fagor-inicia-su-segunda-fase\/","name":"Ekiola de Leintz Bailara inicia su segunda fase &#187; Grupo Fagor","isPartOf":{"@id":"https:\/\/www.fagor.eus\/#website"},"primaryImageOfPage":{"@id":"https:\/\/www.fagor.eus\/es\/ekiola-de-leintz-bailara-proyecto-en-el-que-participa-el-grupo-fagor-inicia-su-segunda-fase\/#primaryimage"},"image":{"@id":"https:\/\/www.fagor.eus\/es\/ekiola-de-leintz-bailara-proyecto-en-el-que-participa-el-grupo-fagor-inicia-su-segunda-fase\/#primaryimage"},"thumbnailUrl":"https:\/\/www.fagor.eus\/wp-content\/uploads\/2022\/10\/Ekiola-izen-ematea-Fagor-Taldea-web.jpg","datePublished":"2022-10-11T11:34:29+00:00","dateModified":"2022-10-11T11:38:58+00:00","author":{"@id":"https:\/\/www.fagor.eus\/#\/schema\/person\/e09b7878906ad616c343aa3e5a83bc2f"},"description":"Ekiola de Leintz Bailara, proyecto que cuenta con la participaci\u00f3n del Grupo Fagor, inicia su segunda fase. As\u00ed, aquellas personas del Valle de Leintz que sean socias del proyecto y quieran recibir energ\u00eda renovable en su casa o comercio, podr\u00e1n inscribirse o informarse a partir del 17 de octubre, en el BAZ de Arrasate \u2013alternando una semana por la ma\u00f1ana y una semana por la tarde\u2013, en el local de Murrukixo de Aretxabaleta \u2013mi\u00e9rcoles\u2013 y en el Ayuntamiento de Eskoriatza \u2013lunes\u2013.","breadcrumb":{"@id":"https:\/\/www.fagor.eus\/es\/ekiola-de-leintz-bailara-proyecto-en-el-que-participa-el-grupo-fagor-inicia-su-segunda-fase\/#breadcrumb"},"inLanguage":"es","potentialAction":[{"@type":"ReadAction","target":["https:\/\/www.fagor.eus\/es\/ekiola-de-leintz-bailara-proyecto-en-el-que-participa-el-grupo-fagor-inicia-su-segunda-fase\/"]}]},{"@type":"ImageObject","inLanguage":"es","@id":"https:\/\/www.fagor.eus\/es\/ekiola-de-leintz-bailara-proyecto-en-el-que-participa-el-grupo-fagor-inicia-su-segunda-fase\/#primaryimage","url":"https:\/\/www.fagor.eus\/wp-content\/uploads\/2022\/10\/Ekiola-izen-ematea-Fagor-Taldea-web.jpg","contentUrl":"https:\/\/www.fagor.eus\/wp-content\/uploads\/2022\/10\/Ekiola-izen-ematea-Fagor-Taldea-web.jpg","width":2000,"height":1333,"caption":"Ekiola-inscripci\u00f3n-Grupo Fagor"},{"@type":"BreadcrumbList","@id":"https:\/\/www.fagor.eus\/es\/ekiola-de-leintz-bailara-proyecto-en-el-que-participa-el-grupo-fagor-inicia-su-segunda-fase\/#breadcrumb","itemListElement":[{"@type":"ListItem","position":1,"name":"Home","item":"https:\/\/www.fagor.eus\/es\/"},{"@type":"ListItem","position":2,"name":"Ekiola de Leintz Bailara, proyecto en el que participa el Grupo Fagor, inicia su segunda fase"}]},{"@type":"WebSite","@id":"https:\/\/www.fagor.eus\/#website","url":"https:\/\/www.fagor.eus\/","name":"Fagor","description":"Trabajando por un futuro mejor","potentialAction":[{"@type":"SearchAction","target":{"@type":"EntryPoint","urlTemplate":"https:\/\/www.fagor.eus\/?s={search_term_string}"},"query-input":{"@type":"PropertyValueSpecification","valueRequired":true,"valueName":"search_term_string"}}],"inLanguage":"es"},{"@type":"Person","@id":"https:\/\/www.fagor.eus\/#\/schema\/person\/e09b7878906ad616c343aa3e5a83bc2f","name":"komunikazioa","image":{"@type":"ImageObject","inLanguage":"es","@id":"https:\/\/secure.gravatar.com\/avatar\/0c624a67c23ed6ff6fd4111959b9a1001016b57c6bebaecbec025adcaa081e6e?s=96&d=mm&r=g","url":"https:\/\/secure.gravatar.com\/avatar\/0c624a67c23ed6ff6fd4111959b9a1001016b57c6bebaecbec025adcaa081e6e?s=96&d=mm&r=g","contentUrl":"https:\/\/secure.gravatar.com\/avatar\/0c624a67c23ed6ff6fd4111959b9a1001016b57c6bebaecbec025adcaa081e6e?s=96&d=mm&r=g","caption":"komunikazioa"},"sameAs":["https:\/\/x.com\/system"],"url":"https:\/\/www.fagor.eus\/es\/author\/komunikazioa\/"}]}},"_links":{"self":[{"href":"https:\/\/www.fagor.eus\/es\/wp-json\/wp\/v2\/posts\/14959","targetHints":{"allow":["GET"]}}],"collection":[{"href":"https:\/\/www.fagor.eus\/es\/wp-json\/wp\/v2\/posts"}],"about":[{"href":"https:\/\/www.fagor.eus\/es\/wp-json\/wp\/v2\/types\/post"}],"author":[{"embeddable":true,"href":"https:\/\/www.fagor.eus\/es\/wp-json\/wp\/v2\/users\/4"}],"replies":[{"embeddable":true,"href":"https:\/\/www.fagor.eus\/es\/wp-json\/wp\/v2\/comments?post=14959"}],"version-history":[{"count":2,"href":"https:\/\/www.fagor.eus\/es\/wp-json\/wp\/v2\/posts\/14959\/revisions"}],"predecessor-version":[{"id":14961,"href":"https:\/\/www.fagor.eus\/es\/wp-json\/wp\/v2\/posts\/14959\/revisions\/14961"}],"wp:featuredmedia":[{"embeddable":true,"href":"https:\/\/www.fagor.eus\/es\/wp-json\/wp\/v2\/media\/14954"}],"wp:attachment":[{"href":"https:\/\/www.fagor.eus\/es\/wp-json\/wp\/v2\/media?parent=14959"}],"wp:term":[{"taxonomy":"category","embeddable":true,"href":"https:\/\/www.fagor.eus\/es\/wp-json\/wp\/v2\/categories?post=14959"},{"taxonomy":"post_tag","embeddable":true,"href":"https:\/\/www.fagor.eus\/es\/wp-json\/wp\/v2\/tags?post=14959"}],"curies":[{"name":"wp","href":"https:\/\/api.w.org\/{rel}","templated":true}]}}