{"id":14925,"date":"2022-09-23T06:56:56","date_gmt":"2022-09-23T06:56:56","guid":{"rendered":"https:\/\/www.fagor.eus\/?p=14925"},"modified":"2022-09-27T08:08:30","modified_gmt":"2022-09-27T08:08:30","slug":"finalizada-la-semana-de-la-movilidad-el-grupo-fagor-sigue-acumulando-kilometros-sostenibles","status":"publish","type":"post","link":"https:\/\/www.fagor.eus\/es\/finalizada-la-semana-de-la-movilidad-el-grupo-fagor-sigue-acumulando-kilometros-sostenibles\/","title":{"rendered":"Finalizada la Semana de la Movilidad, el Grupo Fagor sigue acumulando kil\u00f3metros sostenibles"},"content":{"rendered":"<p>Acaba de finalizar la Semana de la Movilidad que se ha celebrado entre el 16 y el 22 de septiembre. En ese contexto, la empresa Ciclogreen tiene como costumbre organizar un concurso dirigido a empresas, instituciones y entidades que colaboran con ella durante todo el a\u00f1o -dicha empresa es la que desarrolla aplicaciones como <em>Fagormugi<\/em>-. Hoy por hoy, el Grupo Fagor se encuentra en el tercer puesto de la clasificaci\u00f3n habiendo acumulado 12.103 ciclos (dato del 22 de septiembre). Relacionado con ello, Aritz Otxandiano Kanpo, responsable de Sostenibilidad del Grupo Fagor, recuerda que a\u00fan no ha finalizado el plazo de inscripci\u00f3n para participar en el concurso que finaliza el 16 de octubre: \u201cQuienes quieran poner su granito de arena, a\u00fan est\u00e1n a tiempo. Sigamos acumulando kil\u00f3metros sostenibles paso a paso, pedal a pedal, mediante transporte p\u00fablico o coche compartido\u2026\u201d<\/p>\n<p>Las personas del Grupo Fagor que quieran participar en dicho reto tendr\u00e1n que <span style=\"color: #ff0000;\"><a style=\"color: #ff0000;\" href=\"https:\/\/www.fagor.eus\/wp-content\/uploads\/2021\/09\/Ciclogreen-kartela-Fagor-Taldea.jpg\">inscribirse en la aplicaci\u00f3n <em>Fagormugi<\/em><\/a><\/span>. Adem\u00e1s, la participaci\u00f3n de las personas que se inscriban no se limitar\u00eda a ello, ya que <em>Fagormugi<\/em> es un programa que dura todo el a\u00f1o. Y va cogiendo fuerza, entre otros, debido a la evoluci\u00f3n que se est\u00e1 dando en los h\u00e1bitos de movilidad. \u201cLos h\u00e1bitos de movilidad cambian. Cada vez son m\u00e1s las personas que deciden ir a trabajar en bici, patinete, andando, transporte p\u00fablico o coche compartido. Eso es lo que busca la aplicaci\u00f3n, promover h\u00e1bitos relacionados con la movilidad sostenible\u201d, subraya el responsable de Sostenibilidad.<\/p>\n<p><strong>\u2018Fagormugi\u2019, kil\u00f3metro a kil\u00f3metro<\/strong><\/p>\n<p><em>Fagormugi<\/em>\u00a0es la \u00faltima iniciativa relacionada con la movilidad sostenible puesta en marcha hasta hoy por el Grupo. Dicha iniciativa comenz\u00f3 a andar hace dos a\u00f1os, con la creaci\u00f3n de la aplicaci\u00f3n para m\u00f3vil. Desde entonces, su uso va en aumento. En concreto, la aplicaci\u00f3n registra todos los kil\u00f3metros sostenibles realizados y, gracias a ello, las personas usuarias pueden conseguir diversos premios. Por ejemplo, se repartir\u00edan bonos de compra para canjearlos en tiendas de la comarca o recargas gratis para la tarjeta\u00a0<em>Mugi<\/em>.<\/p>\n<p>En general, el responsable de Sostenibilidad se muestra \u201ccontento\u201d con el camino que hasta hoy tiene recorrido la iniciativa. Hasta hoy, las personas trabajadoras de las cooperativas del Grupo han acumulado m\u00e1s de 346.134 kil\u00f3metros sostenibles -gracias a ello, se ha evitado la emisi\u00f3n de m\u00e1s de 73.482 kg de CO2-. Hoy por hoy, son 519 las personas que est\u00e1n adheridas a la iniciativa\u00a0<em>Fagormugi<\/em>. Por otro lado, desde que naci\u00f3 <em>Fagormugi<\/em>, se han repartido 3.710 euros en bonos para canjearlos en comercios locales, y, 1.850 euros, en recargas para la tarjeta\u00a0<em>Mugi<\/em>\u00a0-son datos del16 de septiembre-.<\/p>\n","protected":false},"excerpt":{"rendered":"<p>Acaba de finalizar la Semana de la Movilidad que se ha celebrado entre el 16 y el 22 de septiembre. En ese contexto, la empresa Ciclogreen tiene como costumbre organizar&#8230;<\/p>\n","protected":false},"author":4,"featured_media":13979,"comment_status":"closed","ping_status":"open","sticky":false,"template":"","format":"standard","meta":{"footnotes":""},"categories":[104],"tags":[],"class_list":{"0":"post-14925","1":"post","2":"type-post","3":"status-publish","4":"format-standard","5":"has-post-thumbnail","7":"category-grupo-fagor-es"},"yoast_head":"<!-- This site is optimized with the Yoast SEO plugin v27.4 - https:\/\/yoast.com\/product\/yoast-seo-wordpress\/ -->\n<title>El Grupo Fagor sigue acumulando kil\u00f3metros sostenibles &#187; Grupo Fagor<\/title>\n<meta name=\"description\" content=\"Acaba de finalizar la Semana de la Movilidad que se ha celebrado entre el 16 y el 22 de septiembre. En ese contexto, la empresa Ciclogreen tiene como costumbre organizar un concurso dirigido a empresas, instituciones y entidades que colaboran con ella durante todo el a\u00f1o -dicha empresa es la que desarrolla aplicaciones como Fagormugi-.\" \/>\n<meta name=\"robots\" content=\"index, follow, max-snippet:-1, max-image-preview:large, max-video-preview:-1\" \/>\n<link rel=\"canonical\" href=\"https:\/\/www.fagor.eus\/es\/finalizada-la-semana-de-la-movilidad-el-grupo-fagor-sigue-acumulando-kilometros-sostenibles\/\" \/>\n<meta property=\"og:locale\" content=\"es_ES\" \/>\n<meta property=\"og:type\" content=\"article\" \/>\n<meta property=\"og:title\" content=\"El Grupo Fagor sigue acumulando kil\u00f3metros sostenibles &#187; Grupo Fagor\" \/>\n<meta property=\"og:description\" content=\"Acaba de finalizar la Semana de la Movilidad que se ha celebrado entre el 16 y el 22 de septiembre. En ese contexto, la empresa Ciclogreen tiene como costumbre organizar un concurso dirigido a empresas, instituciones y entidades que colaboran con ella durante todo el a\u00f1o -dicha empresa es la que desarrolla aplicaciones como Fagormugi-.\" \/>\n<meta property=\"og:url\" content=\"https:\/\/www.fagor.eus\/es\/finalizada-la-semana-de-la-movilidad-el-grupo-fagor-sigue-acumulando-kilometros-sostenibles\/\" \/>\n<meta property=\"og:site_name\" content=\"FAGOR\" \/>\n<meta property=\"article:published_time\" content=\"2022-09-23T06:56:56+00:00\" \/>\n<meta property=\"article:modified_time\" content=\"2022-09-27T08:08:30+00:00\" \/>\n<meta property=\"og:image\" content=\"https:\/\/www.fagor.eus\/wp-content\/uploads\/2022\/06\/fagor-komunitatea-3.jpg\" \/>\n\t<meta property=\"og:image:width\" content=\"1024\" \/>\n\t<meta property=\"og:image:height\" content=\"817\" \/>\n\t<meta property=\"og:image:type\" content=\"image\/jpeg\" \/>\n<meta name=\"author\" content=\"komunikazioa\" \/>\n<meta name=\"twitter:card\" content=\"summary_large_image\" \/>\n<meta name=\"twitter:creator\" content=\"@system\" \/>\n<meta name=\"twitter:site\" content=\"@FagorTaldea\" \/>\n<meta name=\"twitter:label1\" content=\"Escrito por\" \/>\n\t<meta name=\"twitter:data1\" content=\"komunikazioa\" \/>\n\t<meta name=\"twitter:label2\" content=\"Tiempo de lectura\" \/>\n\t<meta name=\"twitter:data2\" content=\"2 minutos\" \/>\n<script type=\"application\/ld+json\" class=\"yoast-schema-graph\">{\"@context\":\"https:\\\/\\\/schema.org\",\"@graph\":[{\"@type\":\"Article\",\"@id\":\"https:\\\/\\\/www.fagor.eus\\\/es\\\/finalizada-la-semana-de-la-movilidad-el-grupo-fagor-sigue-acumulando-kilometros-sostenibles\\\/#article\",\"isPartOf\":{\"@id\":\"https:\\\/\\\/www.fagor.eus\\\/es\\\/finalizada-la-semana-de-la-movilidad-el-grupo-fagor-sigue-acumulando-kilometros-sostenibles\\\/\"},\"author\":{\"name\":\"komunikazioa\",\"@id\":\"https:\\\/\\\/www.fagor.eus\\\/#\\\/schema\\\/person\\\/e09b7878906ad616c343aa3e5a83bc2f\"},\"headline\":\"Finalizada la Semana de la Movilidad, el Grupo Fagor sigue acumulando kil\u00f3metros sostenibles\",\"datePublished\":\"2022-09-23T06:56:56+00:00\",\"dateModified\":\"2022-09-27T08:08:30+00:00\",\"mainEntityOfPage\":{\"@id\":\"https:\\\/\\\/www.fagor.eus\\\/es\\\/finalizada-la-semana-de-la-movilidad-el-grupo-fagor-sigue-acumulando-kilometros-sostenibles\\\/\"},\"wordCount\":470,\"image\":{\"@id\":\"https:\\\/\\\/www.fagor.eus\\\/es\\\/finalizada-la-semana-de-la-movilidad-el-grupo-fagor-sigue-acumulando-kilometros-sostenibles\\\/#primaryimage\"},\"thumbnailUrl\":\"https:\\\/\\\/www.fagor.eus\\\/wp-content\\\/uploads\\\/2022\\\/06\\\/fagor-komunitatea-3.jpg\",\"articleSection\":[\"Grupo Fagor\"],\"inLanguage\":\"es\"},{\"@type\":\"WebPage\",\"@id\":\"https:\\\/\\\/www.fagor.eus\\\/es\\\/finalizada-la-semana-de-la-movilidad-el-grupo-fagor-sigue-acumulando-kilometros-sostenibles\\\/\",\"url\":\"https:\\\/\\\/www.fagor.eus\\\/es\\\/finalizada-la-semana-de-la-movilidad-el-grupo-fagor-sigue-acumulando-kilometros-sostenibles\\\/\",\"name\":\"El Grupo Fagor sigue acumulando kil\u00f3metros sostenibles &#187; Grupo Fagor\",\"isPartOf\":{\"@id\":\"https:\\\/\\\/www.fagor.eus\\\/#website\"},\"primaryImageOfPage\":{\"@id\":\"https:\\\/\\\/www.fagor.eus\\\/es\\\/finalizada-la-semana-de-la-movilidad-el-grupo-fagor-sigue-acumulando-kilometros-sostenibles\\\/#primaryimage\"},\"image\":{\"@id\":\"https:\\\/\\\/www.fagor.eus\\\/es\\\/finalizada-la-semana-de-la-movilidad-el-grupo-fagor-sigue-acumulando-kilometros-sostenibles\\\/#primaryimage\"},\"thumbnailUrl\":\"https:\\\/\\\/www.fagor.eus\\\/wp-content\\\/uploads\\\/2022\\\/06\\\/fagor-komunitatea-3.jpg\",\"datePublished\":\"2022-09-23T06:56:56+00:00\",\"dateModified\":\"2022-09-27T08:08:30+00:00\",\"author\":{\"@id\":\"https:\\\/\\\/www.fagor.eus\\\/#\\\/schema\\\/person\\\/e09b7878906ad616c343aa3e5a83bc2f\"},\"description\":\"Acaba de finalizar la Semana de la Movilidad que se ha celebrado entre el 16 y el 22 de septiembre. En ese contexto, la empresa Ciclogreen tiene como costumbre organizar un concurso dirigido a empresas, instituciones y entidades que colaboran con ella durante todo el a\u00f1o -dicha empresa es la que desarrolla aplicaciones como Fagormugi-.\",\"breadcrumb\":{\"@id\":\"https:\\\/\\\/www.fagor.eus\\\/es\\\/finalizada-la-semana-de-la-movilidad-el-grupo-fagor-sigue-acumulando-kilometros-sostenibles\\\/#breadcrumb\"},\"inLanguage\":\"es\",\"potentialAction\":[{\"@type\":\"ReadAction\",\"target\":[\"https:\\\/\\\/www.fagor.eus\\\/es\\\/finalizada-la-semana-de-la-movilidad-el-grupo-fagor-sigue-acumulando-kilometros-sostenibles\\\/\"]}]},{\"@type\":\"ImageObject\",\"inLanguage\":\"es\",\"@id\":\"https:\\\/\\\/www.fagor.eus\\\/es\\\/finalizada-la-semana-de-la-movilidad-el-grupo-fagor-sigue-acumulando-kilometros-sostenibles\\\/#primaryimage\",\"url\":\"https:\\\/\\\/www.fagor.eus\\\/wp-content\\\/uploads\\\/2022\\\/06\\\/fagor-komunitatea-3.jpg\",\"contentUrl\":\"https:\\\/\\\/www.fagor.eus\\\/wp-content\\\/uploads\\\/2022\\\/06\\\/fagor-komunitatea-3.jpg\",\"width\":1024,\"height\":817,\"caption\":\"Fagormugi-Grupo Fagor\"},{\"@type\":\"BreadcrumbList\",\"@id\":\"https:\\\/\\\/www.fagor.eus\\\/es\\\/finalizada-la-semana-de-la-movilidad-el-grupo-fagor-sigue-acumulando-kilometros-sostenibles\\\/#breadcrumb\",\"itemListElement\":[{\"@type\":\"ListItem\",\"position\":1,\"name\":\"Home\",\"item\":\"https:\\\/\\\/www.fagor.eus\\\/es\\\/\"},{\"@type\":\"ListItem\",\"position\":2,\"name\":\"Finalizada la Semana de la Movilidad, el Grupo Fagor sigue acumulando kil\u00f3metros sostenibles\"}]},{\"@type\":\"WebSite\",\"@id\":\"https:\\\/\\\/www.fagor.eus\\\/#website\",\"url\":\"https:\\\/\\\/www.fagor.eus\\\/\",\"name\":\"Fagor\",\"description\":\"Trabajando por un futuro mejor\",\"potentialAction\":[{\"@type\":\"SearchAction\",\"target\":{\"@type\":\"EntryPoint\",\"urlTemplate\":\"https:\\\/\\\/www.fagor.eus\\\/?s={search_term_string}\"},\"query-input\":{\"@type\":\"PropertyValueSpecification\",\"valueRequired\":true,\"valueName\":\"search_term_string\"}}],\"inLanguage\":\"es\"},{\"@type\":\"Person\",\"@id\":\"https:\\\/\\\/www.fagor.eus\\\/#\\\/schema\\\/person\\\/e09b7878906ad616c343aa3e5a83bc2f\",\"name\":\"komunikazioa\",\"image\":{\"@type\":\"ImageObject\",\"inLanguage\":\"es\",\"@id\":\"https:\\\/\\\/secure.gravatar.com\\\/avatar\\\/0c624a67c23ed6ff6fd4111959b9a1001016b57c6bebaecbec025adcaa081e6e?s=96&d=mm&r=g\",\"url\":\"https:\\\/\\\/secure.gravatar.com\\\/avatar\\\/0c624a67c23ed6ff6fd4111959b9a1001016b57c6bebaecbec025adcaa081e6e?s=96&d=mm&r=g\",\"contentUrl\":\"https:\\\/\\\/secure.gravatar.com\\\/avatar\\\/0c624a67c23ed6ff6fd4111959b9a1001016b57c6bebaecbec025adcaa081e6e?s=96&d=mm&r=g\",\"caption\":\"komunikazioa\"},\"sameAs\":[\"https:\\\/\\\/x.com\\\/system\"],\"url\":\"https:\\\/\\\/www.fagor.eus\\\/es\\\/author\\\/komunikazioa\\\/\"}]}<\/script>\n<!-- \/ Yoast SEO plugin. -->","yoast_head_json":{"title":"El Grupo Fagor sigue acumulando kil\u00f3metros sostenibles &#187; Grupo Fagor","description":"Acaba de finalizar la Semana de la Movilidad que se ha celebrado entre el 16 y el 22 de septiembre. En ese contexto, la empresa Ciclogreen tiene como costumbre organizar un concurso dirigido a empresas, instituciones y entidades que colaboran con ella durante todo el a\u00f1o -dicha empresa es la que desarrolla aplicaciones como Fagormugi-.","robots":{"index":"index","follow":"follow","max-snippet":"max-snippet:-1","max-image-preview":"max-image-preview:large","max-video-preview":"max-video-preview:-1"},"canonical":"https:\/\/www.fagor.eus\/es\/finalizada-la-semana-de-la-movilidad-el-grupo-fagor-sigue-acumulando-kilometros-sostenibles\/","og_locale":"es_ES","og_type":"article","og_title":"El Grupo Fagor sigue acumulando kil\u00f3metros sostenibles &#187; Grupo Fagor","og_description":"Acaba de finalizar la Semana de la Movilidad que se ha celebrado entre el 16 y el 22 de septiembre. En ese contexto, la empresa Ciclogreen tiene como costumbre organizar un concurso dirigido a empresas, instituciones y entidades que colaboran con ella durante todo el a\u00f1o -dicha empresa es la que desarrolla aplicaciones como Fagormugi-.","og_url":"https:\/\/www.fagor.eus\/es\/finalizada-la-semana-de-la-movilidad-el-grupo-fagor-sigue-acumulando-kilometros-sostenibles\/","og_site_name":"FAGOR","article_published_time":"2022-09-23T06:56:56+00:00","article_modified_time":"2022-09-27T08:08:30+00:00","og_image":[{"width":1024,"height":817,"url":"https:\/\/www.fagor.eus\/wp-content\/uploads\/2022\/06\/fagor-komunitatea-3.jpg","type":"image\/jpeg"}],"author":"komunikazioa","twitter_card":"summary_large_image","twitter_creator":"@system","twitter_site":"@FagorTaldea","twitter_misc":{"Escrito por":"komunikazioa","Tiempo de lectura":"2 minutos"},"schema":{"@context":"https:\/\/schema.org","@graph":[{"@type":"Article","@id":"https:\/\/www.fagor.eus\/es\/finalizada-la-semana-de-la-movilidad-el-grupo-fagor-sigue-acumulando-kilometros-sostenibles\/#article","isPartOf":{"@id":"https:\/\/www.fagor.eus\/es\/finalizada-la-semana-de-la-movilidad-el-grupo-fagor-sigue-acumulando-kilometros-sostenibles\/"},"author":{"name":"komunikazioa","@id":"https:\/\/www.fagor.eus\/#\/schema\/person\/e09b7878906ad616c343aa3e5a83bc2f"},"headline":"Finalizada la Semana de la Movilidad, el Grupo Fagor sigue acumulando kil\u00f3metros sostenibles","datePublished":"2022-09-23T06:56:56+00:00","dateModified":"2022-09-27T08:08:30+00:00","mainEntityOfPage":{"@id":"https:\/\/www.fagor.eus\/es\/finalizada-la-semana-de-la-movilidad-el-grupo-fagor-sigue-acumulando-kilometros-sostenibles\/"},"wordCount":470,"image":{"@id":"https:\/\/www.fagor.eus\/es\/finalizada-la-semana-de-la-movilidad-el-grupo-fagor-sigue-acumulando-kilometros-sostenibles\/#primaryimage"},"thumbnailUrl":"https:\/\/www.fagor.eus\/wp-content\/uploads\/2022\/06\/fagor-komunitatea-3.jpg","articleSection":["Grupo Fagor"],"inLanguage":"es"},{"@type":"WebPage","@id":"https:\/\/www.fagor.eus\/es\/finalizada-la-semana-de-la-movilidad-el-grupo-fagor-sigue-acumulando-kilometros-sostenibles\/","url":"https:\/\/www.fagor.eus\/es\/finalizada-la-semana-de-la-movilidad-el-grupo-fagor-sigue-acumulando-kilometros-sostenibles\/","name":"El Grupo Fagor sigue acumulando kil\u00f3metros sostenibles &#187; Grupo Fagor","isPartOf":{"@id":"https:\/\/www.fagor.eus\/#website"},"primaryImageOfPage":{"@id":"https:\/\/www.fagor.eus\/es\/finalizada-la-semana-de-la-movilidad-el-grupo-fagor-sigue-acumulando-kilometros-sostenibles\/#primaryimage"},"image":{"@id":"https:\/\/www.fagor.eus\/es\/finalizada-la-semana-de-la-movilidad-el-grupo-fagor-sigue-acumulando-kilometros-sostenibles\/#primaryimage"},"thumbnailUrl":"https:\/\/www.fagor.eus\/wp-content\/uploads\/2022\/06\/fagor-komunitatea-3.jpg","datePublished":"2022-09-23T06:56:56+00:00","dateModified":"2022-09-27T08:08:30+00:00","author":{"@id":"https:\/\/www.fagor.eus\/#\/schema\/person\/e09b7878906ad616c343aa3e5a83bc2f"},"description":"Acaba de finalizar la Semana de la Movilidad que se ha celebrado entre el 16 y el 22 de septiembre. En ese contexto, la empresa Ciclogreen tiene como costumbre organizar un concurso dirigido a empresas, instituciones y entidades que colaboran con ella durante todo el a\u00f1o -dicha empresa es la que desarrolla aplicaciones como Fagormugi-.","breadcrumb":{"@id":"https:\/\/www.fagor.eus\/es\/finalizada-la-semana-de-la-movilidad-el-grupo-fagor-sigue-acumulando-kilometros-sostenibles\/#breadcrumb"},"inLanguage":"es","potentialAction":[{"@type":"ReadAction","target":["https:\/\/www.fagor.eus\/es\/finalizada-la-semana-de-la-movilidad-el-grupo-fagor-sigue-acumulando-kilometros-sostenibles\/"]}]},{"@type":"ImageObject","inLanguage":"es","@id":"https:\/\/www.fagor.eus\/es\/finalizada-la-semana-de-la-movilidad-el-grupo-fagor-sigue-acumulando-kilometros-sostenibles\/#primaryimage","url":"https:\/\/www.fagor.eus\/wp-content\/uploads\/2022\/06\/fagor-komunitatea-3.jpg","contentUrl":"https:\/\/www.fagor.eus\/wp-content\/uploads\/2022\/06\/fagor-komunitatea-3.jpg","width":1024,"height":817,"caption":"Fagormugi-Grupo Fagor"},{"@type":"BreadcrumbList","@id":"https:\/\/www.fagor.eus\/es\/finalizada-la-semana-de-la-movilidad-el-grupo-fagor-sigue-acumulando-kilometros-sostenibles\/#breadcrumb","itemListElement":[{"@type":"ListItem","position":1,"name":"Home","item":"https:\/\/www.fagor.eus\/es\/"},{"@type":"ListItem","position":2,"name":"Finalizada la Semana de la Movilidad, el Grupo Fagor sigue acumulando kil\u00f3metros sostenibles"}]},{"@type":"WebSite","@id":"https:\/\/www.fagor.eus\/#website","url":"https:\/\/www.fagor.eus\/","name":"Fagor","description":"Trabajando por un futuro mejor","potentialAction":[{"@type":"SearchAction","target":{"@type":"EntryPoint","urlTemplate":"https:\/\/www.fagor.eus\/?s={search_term_string}"},"query-input":{"@type":"PropertyValueSpecification","valueRequired":true,"valueName":"search_term_string"}}],"inLanguage":"es"},{"@type":"Person","@id":"https:\/\/www.fagor.eus\/#\/schema\/person\/e09b7878906ad616c343aa3e5a83bc2f","name":"komunikazioa","image":{"@type":"ImageObject","inLanguage":"es","@id":"https:\/\/secure.gravatar.com\/avatar\/0c624a67c23ed6ff6fd4111959b9a1001016b57c6bebaecbec025adcaa081e6e?s=96&d=mm&r=g","url":"https:\/\/secure.gravatar.com\/avatar\/0c624a67c23ed6ff6fd4111959b9a1001016b57c6bebaecbec025adcaa081e6e?s=96&d=mm&r=g","contentUrl":"https:\/\/secure.gravatar.com\/avatar\/0c624a67c23ed6ff6fd4111959b9a1001016b57c6bebaecbec025adcaa081e6e?s=96&d=mm&r=g","caption":"komunikazioa"},"sameAs":["https:\/\/x.com\/system"],"url":"https:\/\/www.fagor.eus\/es\/author\/komunikazioa\/"}]}},"_links":{"self":[{"href":"https:\/\/www.fagor.eus\/es\/wp-json\/wp\/v2\/posts\/14925","targetHints":{"allow":["GET"]}}],"collection":[{"href":"https:\/\/www.fagor.eus\/es\/wp-json\/wp\/v2\/posts"}],"about":[{"href":"https:\/\/www.fagor.eus\/es\/wp-json\/wp\/v2\/types\/post"}],"author":[{"embeddable":true,"href":"https:\/\/www.fagor.eus\/es\/wp-json\/wp\/v2\/users\/4"}],"replies":[{"embeddable":true,"href":"https:\/\/www.fagor.eus\/es\/wp-json\/wp\/v2\/comments?post=14925"}],"version-history":[{"count":2,"href":"https:\/\/www.fagor.eus\/es\/wp-json\/wp\/v2\/posts\/14925\/revisions"}],"predecessor-version":[{"id":14932,"href":"https:\/\/www.fagor.eus\/es\/wp-json\/wp\/v2\/posts\/14925\/revisions\/14932"}],"wp:featuredmedia":[{"embeddable":true,"href":"https:\/\/www.fagor.eus\/es\/wp-json\/wp\/v2\/media\/13979"}],"wp:attachment":[{"href":"https:\/\/www.fagor.eus\/es\/wp-json\/wp\/v2\/media?parent=14925"}],"wp:term":[{"taxonomy":"category","embeddable":true,"href":"https:\/\/www.fagor.eus\/es\/wp-json\/wp\/v2\/categories?post=14925"},{"taxonomy":"post_tag","embeddable":true,"href":"https:\/\/www.fagor.eus\/es\/wp-json\/wp\/v2\/tags?post=14925"}],"curies":[{"name":"wp","href":"https:\/\/api.w.org\/{rel}","templated":true}]}}