{"id":13762,"date":"2022-06-16T13:35:03","date_gmt":"2022-06-16T13:35:03","guid":{"rendered":"https:\/\/www.fagor.eus\/?p=13762"},"modified":"2022-06-16T14:43:29","modified_gmt":"2022-06-16T14:43:29","slug":"debagoiena-2030-presenta-ocho-propuestas-de-intervencion-para-la-transicion-energetica","status":"publish","type":"post","link":"https:\/\/www.fagor.eus\/es\/debagoiena-2030-presenta-ocho-propuestas-de-intervencion-para-la-transicion-energetica\/","title":{"rendered":"Debagoiena 2030 presenta una propuesta de intervenci\u00f3n para la transici\u00f3n energ\u00e9tica"},"content":{"rendered":"<p><span style=\"color: #ff0000;\"><a style=\"color: #ff0000;\" href=\"https:\/\/debagoiena2030.eus\/es\/\">La red de sostenibilidad Debagoiena 2030<\/a><\/span> ha presentado una propuesta de intervenci\u00f3n para la transici\u00f3n energ\u00e9tica, hoy, 16 de junio, en un acto celebrado en Bergara (Gipuzkoa) bajo el lema <em>Eraginez Piztu<\/em>. Dicho acto ha contado con la presencia del presidente del Grupo Fagor, Joxean Alustiza Usandizaga, quien ha tomado la palabra -el Grupo Fagor es uno de los principales impulsores de la red-. \u00a0Entre otras, ha subrayado la necesidad de trabajar por un desarrollo sostenible: \u201cLos agentes socioecon\u00f3micos, las empresas, trabajamos para el desarrollo del territorio. Somos conscientes de que este desarrollo debe ser necesariamente sostenible. No podemos limitarnos a objetivos de corto plazo\u201d. Junto a \u00e9l, han tomado la palabra representantes de los ayuntamientos de Arrasate y Bergara, de la escuela p\u00fablica de O\u00f1ati y del Ente Vasco de Energ\u00eda. El acto de presentaci\u00f3n tambi\u00e9n ha contado con la presencia de otras personas representantes de entidades p\u00fablicas y privadas que participan en la red de sostenibilidad.<\/p>\n<p>Debagoiena 2030 trabaja para que Debagoiena sea una comarca inteligente, inclusiva y clim\u00e1ticamente neutra, para lo cual se ha marcado como prioridad el reto de la transici\u00f3n energ\u00e9tica. Entre los factores que provocan el cambio clim\u00e1tico, destaca el modelo energ\u00e9tico basado tanto en combustibles f\u00f3siles como en niveles intensivos de consumo. \u201cNo tenemos mucho tiempo para hacer frente a los factores que generan la crisis ecol\u00f3gica. La pr\u00f3xima d\u00e9cada ser\u00e1 clave en esa labor\u201d, explica Aritz Ameztegi Elola, coordinador de proyectos de Debagoiena 2030.<\/p>\n<p>Adem\u00e1s, ha ofrecido datos para ratificar su discurso. Por un lado, ha recordado la investigaci\u00f3n realizada en 2017 por Bagara de la mano de LKS. Esto evidenci\u00f3 que el nivel de emisiones de CO2 que correspond\u00eda a la poblaci\u00f3n de Debagoiena en 2014 era superior al de la poblaci\u00f3n de los territorios vecinos -equival\u00eda al valor que correspond\u00eda al tercer territorio con mayor emisi\u00f3n de Europa-. Por otro lado, bas\u00e1ndose en el dato de 2019 ofrecido por Udalsarean, Ameztegi ha explicado que el 94,8% de la energ\u00eda que se consume en Debagoiena proviene de territorios que se encuentran fuera de los l\u00edmites de Debagoiena, se\u00f1alando el bajo nivel de soberan\u00eda energ\u00e9tica de la comarca -5,2%-.<\/p>\n<p>Por ello, Debagoiena 2030 busca impulsar iniciativas para cambiar la situaci\u00f3n actual, para lo cual ha elaborado ocho propuestas de intervenci\u00f3n estos \u00faltimos meses: Debagoiena Eraberritzen (estrategia conjunta para la promoci\u00f3n de rehabilitaciones), Birgaitzen (mejora del confort dom\u00e9stico a precios asequibles), Erregulazio Eraldatzailea (ordenanzas de transici\u00f3n energ\u00e9tica), Energia Denontzat (iniciativa para la integraci\u00f3n de la inclusi\u00f3n social en el \u00e1mbito energ\u00e9tico), Tokiko Energia Berriztagarrien Laborategia (comunidad para aprender de experiencias locales), Ikastetxe-klik (empoderamiento de las entidades educativas en el \u00e1mbito de la energ\u00eda), Debagoiena 2030 Aukera Energetikoak (estudio de posibles iniciativas energ\u00e9ticas para el 2030) y Energia Adierazleak (sistema para dimensionar la transici\u00f3n energ\u00e9tica y monitorizar la evoluci\u00f3n). A d\u00eda de hoy, dichas iniciativas cuentan con la participaci\u00f3n de 50 agentes y una inversi\u00f3n de 350.000 euros.<\/p>\n<p><strong>Intercooperaci\u00f3n p\u00fablico-privada<\/strong><\/p>\n<p>La red Debagoiena 2030 est\u00e1 formada por agentes p\u00fablicos y privados de la comarca, lo que ofrece oportunidades de colaboraci\u00f3n p\u00fablico-privada. Teniendo en cuenta la naturaleza de los retos que se plantean, el presidente del Grupo Fagor menciona la importancia de la intercooperaci\u00f3n: \u201cDebemos afrontar retos importantes de nivel mundial. En esa labor, es importante actuar colectivamente, bas\u00e1ndonos en un modelo intercoopertivo, para que la respuesta sea m\u00e1s eficaz y completa\u201d. Debagoiena 2030 impulsa la intercooperaci\u00f3n entre instituciones p\u00fablicas -algunos ayuntamientos de Debagoiena, entre ellos-, empresas, centros educativos y otros agentes.<\/p>\n<p>Asimismo, Alustiza ha hablado de la importancia de fomentar la sostenibilidad, y lo ha relacionado con el compromiso que el Grupo Fagor tiene adquirido desde sus inicios con la comunidad y el territorio del que forma parte. \u201cEl Grupo Fagor naci\u00f3 queriendo trabajar con y por la comunidad. Esa idea sique intacta. Participando en red Debagoiena 2030, da un paso m\u00e1s en la labor de trabajar por una comarca inteligente, inclusiva y clim\u00e1ticamente neutra\u201d, ha aclarado.<\/p>\n<p>El grupo cooperativo tambi\u00e9n ha dado pasos internos por la sostenibilidad. Concretamente, en 2021, desarroll\u00f3 el plan de sostenibilidad Fagor 2030, queriendo impulsar la competitividad y la innovaci\u00f3n, la gobernanza democr\u00e1tica, el cuidado de las personas, el compromiso con el planeta y la comunidad. \u201cEs importante que cada cual asuma los compromisos que le corresponden, en el \u00e1mbito que le corresponda\u201d, ha subrayado el presidente del Grupo Fagor.<\/p>\n<p>&nbsp;<\/p>\n","protected":false},"excerpt":{"rendered":"<p>La red de sostenibilidad Debagoiena 2030 ha presentado una propuesta de intervenci\u00f3n para la transici\u00f3n energ\u00e9tica, hoy, 16 de junio, en un acto celebrado en Bergara (Gipuzkoa) bajo el lema&#8230;<\/p>\n","protected":false},"author":4,"featured_media":13758,"comment_status":"closed","ping_status":"open","sticky":false,"template":"","format":"standard","meta":{"footnotes":""},"categories":[104],"tags":[],"class_list":{"0":"post-13762","1":"post","2":"type-post","3":"status-publish","4":"format-standard","5":"has-post-thumbnail","7":"category-grupo-fagor-es"},"yoast_head":"<!-- This site is optimized with the Yoast SEO plugin v27.4 - https:\/\/yoast.com\/product\/yoast-seo-wordpress\/ -->\n<title>Debagoiena 2030 presenta una propuesta de intervenci\u00f3n para la transici\u00f3n energ\u00e9tica &#187; FAGOR Trabajando por un futuro mejor<\/title>\n<meta name=\"robots\" content=\"index, follow, max-snippet:-1, max-image-preview:large, max-video-preview:-1\" \/>\n<link rel=\"canonical\" href=\"https:\/\/www.fagor.eus\/es\/debagoiena-2030-presenta-ocho-propuestas-de-intervencion-para-la-transicion-energetica\/\" \/>\n<meta property=\"og:locale\" content=\"es_ES\" \/>\n<meta property=\"og:type\" content=\"article\" \/>\n<meta property=\"og:title\" content=\"Debagoiena 2030 presenta una propuesta de intervenci\u00f3n para la transici\u00f3n energ\u00e9tica &#187; FAGOR Trabajando por un futuro mejor\" \/>\n<meta property=\"og:description\" content=\"La red de sostenibilidad Debagoiena 2030 ha presentado una propuesta de intervenci\u00f3n para la transici\u00f3n energ\u00e9tica, hoy, 16 de junio, en un acto celebrado en Bergara (Gipuzkoa) bajo el lema...\" \/>\n<meta property=\"og:url\" content=\"https:\/\/www.fagor.eus\/es\/debagoiena-2030-presenta-ocho-propuestas-de-intervencion-para-la-transicion-energetica\/\" \/>\n<meta property=\"og:site_name\" content=\"FAGOR\" \/>\n<meta property=\"article:published_time\" content=\"2022-06-16T13:35:03+00:00\" \/>\n<meta property=\"article:modified_time\" content=\"2022-06-16T14:43:29+00:00\" \/>\n<meta property=\"og:image\" content=\"https:\/\/www.fagor.eus\/wp-content\/uploads\/2022\/06\/Energia-Piztu-D2030-2.jpg\" \/>\n\t<meta property=\"og:image:width\" content=\"2000\" \/>\n\t<meta property=\"og:image:height\" content=\"1333\" \/>\n\t<meta property=\"og:image:type\" content=\"image\/jpeg\" \/>\n<meta name=\"author\" content=\"komunikazioa\" \/>\n<meta name=\"twitter:card\" content=\"summary_large_image\" \/>\n<meta name=\"twitter:creator\" content=\"@system\" \/>\n<meta name=\"twitter:site\" content=\"@FagorTaldea\" \/>\n<meta name=\"twitter:label1\" content=\"Escrito por\" \/>\n\t<meta name=\"twitter:data1\" content=\"komunikazioa\" \/>\n\t<meta name=\"twitter:label2\" content=\"Tiempo de lectura\" \/>\n\t<meta name=\"twitter:data2\" content=\"4 minutos\" \/>\n<script type=\"application\/ld+json\" class=\"yoast-schema-graph\">{\"@context\":\"https:\\\/\\\/schema.org\",\"@graph\":[{\"@type\":\"Article\",\"@id\":\"https:\\\/\\\/www.fagor.eus\\\/es\\\/debagoiena-2030-presenta-ocho-propuestas-de-intervencion-para-la-transicion-energetica\\\/#article\",\"isPartOf\":{\"@id\":\"https:\\\/\\\/www.fagor.eus\\\/es\\\/debagoiena-2030-presenta-ocho-propuestas-de-intervencion-para-la-transicion-energetica\\\/\"},\"author\":{\"name\":\"komunikazioa\",\"@id\":\"https:\\\/\\\/www.fagor.eus\\\/#\\\/schema\\\/person\\\/e09b7878906ad616c343aa3e5a83bc2f\"},\"headline\":\"Debagoiena 2030 presenta una propuesta de intervenci\u00f3n para la transici\u00f3n energ\u00e9tica\",\"datePublished\":\"2022-06-16T13:35:03+00:00\",\"dateModified\":\"2022-06-16T14:43:29+00:00\",\"mainEntityOfPage\":{\"@id\":\"https:\\\/\\\/www.fagor.eus\\\/es\\\/debagoiena-2030-presenta-ocho-propuestas-de-intervencion-para-la-transicion-energetica\\\/\"},\"wordCount\":783,\"image\":{\"@id\":\"https:\\\/\\\/www.fagor.eus\\\/es\\\/debagoiena-2030-presenta-ocho-propuestas-de-intervencion-para-la-transicion-energetica\\\/#primaryimage\"},\"thumbnailUrl\":\"https:\\\/\\\/www.fagor.eus\\\/wp-content\\\/uploads\\\/2022\\\/06\\\/Energia-Piztu-D2030-2.jpg\",\"articleSection\":[\"Grupo Fagor\"],\"inLanguage\":\"es\"},{\"@type\":\"WebPage\",\"@id\":\"https:\\\/\\\/www.fagor.eus\\\/es\\\/debagoiena-2030-presenta-ocho-propuestas-de-intervencion-para-la-transicion-energetica\\\/\",\"url\":\"https:\\\/\\\/www.fagor.eus\\\/es\\\/debagoiena-2030-presenta-ocho-propuestas-de-intervencion-para-la-transicion-energetica\\\/\",\"name\":\"Debagoiena 2030 presenta una propuesta de intervenci\u00f3n para la transici\u00f3n energ\u00e9tica &#187; FAGOR Trabajando por un futuro mejor\",\"isPartOf\":{\"@id\":\"https:\\\/\\\/www.fagor.eus\\\/#website\"},\"primaryImageOfPage\":{\"@id\":\"https:\\\/\\\/www.fagor.eus\\\/es\\\/debagoiena-2030-presenta-ocho-propuestas-de-intervencion-para-la-transicion-energetica\\\/#primaryimage\"},\"image\":{\"@id\":\"https:\\\/\\\/www.fagor.eus\\\/es\\\/debagoiena-2030-presenta-ocho-propuestas-de-intervencion-para-la-transicion-energetica\\\/#primaryimage\"},\"thumbnailUrl\":\"https:\\\/\\\/www.fagor.eus\\\/wp-content\\\/uploads\\\/2022\\\/06\\\/Energia-Piztu-D2030-2.jpg\",\"datePublished\":\"2022-06-16T13:35:03+00:00\",\"dateModified\":\"2022-06-16T14:43:29+00:00\",\"author\":{\"@id\":\"https:\\\/\\\/www.fagor.eus\\\/#\\\/schema\\\/person\\\/e09b7878906ad616c343aa3e5a83bc2f\"},\"breadcrumb\":{\"@id\":\"https:\\\/\\\/www.fagor.eus\\\/es\\\/debagoiena-2030-presenta-ocho-propuestas-de-intervencion-para-la-transicion-energetica\\\/#breadcrumb\"},\"inLanguage\":\"es\",\"potentialAction\":[{\"@type\":\"ReadAction\",\"target\":[\"https:\\\/\\\/www.fagor.eus\\\/es\\\/debagoiena-2030-presenta-ocho-propuestas-de-intervencion-para-la-transicion-energetica\\\/\"]}]},{\"@type\":\"ImageObject\",\"inLanguage\":\"es\",\"@id\":\"https:\\\/\\\/www.fagor.eus\\\/es\\\/debagoiena-2030-presenta-ocho-propuestas-de-intervencion-para-la-transicion-energetica\\\/#primaryimage\",\"url\":\"https:\\\/\\\/www.fagor.eus\\\/wp-content\\\/uploads\\\/2022\\\/06\\\/Energia-Piztu-D2030-2.jpg\",\"contentUrl\":\"https:\\\/\\\/www.fagor.eus\\\/wp-content\\\/uploads\\\/2022\\\/06\\\/Energia-Piztu-D2030-2.jpg\",\"width\":2000,\"height\":1333,\"caption\":\"Energia Piztu-D2030\"},{\"@type\":\"BreadcrumbList\",\"@id\":\"https:\\\/\\\/www.fagor.eus\\\/es\\\/debagoiena-2030-presenta-ocho-propuestas-de-intervencion-para-la-transicion-energetica\\\/#breadcrumb\",\"itemListElement\":[{\"@type\":\"ListItem\",\"position\":1,\"name\":\"Home\",\"item\":\"https:\\\/\\\/www.fagor.eus\\\/es\\\/\"},{\"@type\":\"ListItem\",\"position\":2,\"name\":\"Debagoiena 2030 presenta una propuesta de intervenci\u00f3n para la transici\u00f3n energ\u00e9tica\"}]},{\"@type\":\"WebSite\",\"@id\":\"https:\\\/\\\/www.fagor.eus\\\/#website\",\"url\":\"https:\\\/\\\/www.fagor.eus\\\/\",\"name\":\"Fagor\",\"description\":\"Trabajando por un futuro mejor\",\"potentialAction\":[{\"@type\":\"SearchAction\",\"target\":{\"@type\":\"EntryPoint\",\"urlTemplate\":\"https:\\\/\\\/www.fagor.eus\\\/?s={search_term_string}\"},\"query-input\":{\"@type\":\"PropertyValueSpecification\",\"valueRequired\":true,\"valueName\":\"search_term_string\"}}],\"inLanguage\":\"es\"},{\"@type\":\"Person\",\"@id\":\"https:\\\/\\\/www.fagor.eus\\\/#\\\/schema\\\/person\\\/e09b7878906ad616c343aa3e5a83bc2f\",\"name\":\"komunikazioa\",\"image\":{\"@type\":\"ImageObject\",\"inLanguage\":\"es\",\"@id\":\"https:\\\/\\\/secure.gravatar.com\\\/avatar\\\/0c624a67c23ed6ff6fd4111959b9a1001016b57c6bebaecbec025adcaa081e6e?s=96&d=mm&r=g\",\"url\":\"https:\\\/\\\/secure.gravatar.com\\\/avatar\\\/0c624a67c23ed6ff6fd4111959b9a1001016b57c6bebaecbec025adcaa081e6e?s=96&d=mm&r=g\",\"contentUrl\":\"https:\\\/\\\/secure.gravatar.com\\\/avatar\\\/0c624a67c23ed6ff6fd4111959b9a1001016b57c6bebaecbec025adcaa081e6e?s=96&d=mm&r=g\",\"caption\":\"komunikazioa\"},\"sameAs\":[\"https:\\\/\\\/x.com\\\/system\"],\"url\":\"https:\\\/\\\/www.fagor.eus\\\/es\\\/author\\\/komunikazioa\\\/\"}]}<\/script>\n<!-- \/ Yoast SEO plugin. -->","yoast_head_json":{"title":"Debagoiena 2030 presenta una propuesta de intervenci\u00f3n para la transici\u00f3n energ\u00e9tica &#187; FAGOR Trabajando por un futuro mejor","robots":{"index":"index","follow":"follow","max-snippet":"max-snippet:-1","max-image-preview":"max-image-preview:large","max-video-preview":"max-video-preview:-1"},"canonical":"https:\/\/www.fagor.eus\/es\/debagoiena-2030-presenta-ocho-propuestas-de-intervencion-para-la-transicion-energetica\/","og_locale":"es_ES","og_type":"article","og_title":"Debagoiena 2030 presenta una propuesta de intervenci\u00f3n para la transici\u00f3n energ\u00e9tica &#187; FAGOR Trabajando por un futuro mejor","og_description":"La red de sostenibilidad Debagoiena 2030 ha presentado una propuesta de intervenci\u00f3n para la transici\u00f3n energ\u00e9tica, hoy, 16 de junio, en un acto celebrado en Bergara (Gipuzkoa) bajo el lema...","og_url":"https:\/\/www.fagor.eus\/es\/debagoiena-2030-presenta-ocho-propuestas-de-intervencion-para-la-transicion-energetica\/","og_site_name":"FAGOR","article_published_time":"2022-06-16T13:35:03+00:00","article_modified_time":"2022-06-16T14:43:29+00:00","og_image":[{"width":2000,"height":1333,"url":"https:\/\/www.fagor.eus\/wp-content\/uploads\/2022\/06\/Energia-Piztu-D2030-2.jpg","type":"image\/jpeg"}],"author":"komunikazioa","twitter_card":"summary_large_image","twitter_creator":"@system","twitter_site":"@FagorTaldea","twitter_misc":{"Escrito por":"komunikazioa","Tiempo de lectura":"4 minutos"},"schema":{"@context":"https:\/\/schema.org","@graph":[{"@type":"Article","@id":"https:\/\/www.fagor.eus\/es\/debagoiena-2030-presenta-ocho-propuestas-de-intervencion-para-la-transicion-energetica\/#article","isPartOf":{"@id":"https:\/\/www.fagor.eus\/es\/debagoiena-2030-presenta-ocho-propuestas-de-intervencion-para-la-transicion-energetica\/"},"author":{"name":"komunikazioa","@id":"https:\/\/www.fagor.eus\/#\/schema\/person\/e09b7878906ad616c343aa3e5a83bc2f"},"headline":"Debagoiena 2030 presenta una propuesta de intervenci\u00f3n para la transici\u00f3n energ\u00e9tica","datePublished":"2022-06-16T13:35:03+00:00","dateModified":"2022-06-16T14:43:29+00:00","mainEntityOfPage":{"@id":"https:\/\/www.fagor.eus\/es\/debagoiena-2030-presenta-ocho-propuestas-de-intervencion-para-la-transicion-energetica\/"},"wordCount":783,"image":{"@id":"https:\/\/www.fagor.eus\/es\/debagoiena-2030-presenta-ocho-propuestas-de-intervencion-para-la-transicion-energetica\/#primaryimage"},"thumbnailUrl":"https:\/\/www.fagor.eus\/wp-content\/uploads\/2022\/06\/Energia-Piztu-D2030-2.jpg","articleSection":["Grupo Fagor"],"inLanguage":"es"},{"@type":"WebPage","@id":"https:\/\/www.fagor.eus\/es\/debagoiena-2030-presenta-ocho-propuestas-de-intervencion-para-la-transicion-energetica\/","url":"https:\/\/www.fagor.eus\/es\/debagoiena-2030-presenta-ocho-propuestas-de-intervencion-para-la-transicion-energetica\/","name":"Debagoiena 2030 presenta una propuesta de intervenci\u00f3n para la transici\u00f3n energ\u00e9tica &#187; FAGOR Trabajando por un futuro mejor","isPartOf":{"@id":"https:\/\/www.fagor.eus\/#website"},"primaryImageOfPage":{"@id":"https:\/\/www.fagor.eus\/es\/debagoiena-2030-presenta-ocho-propuestas-de-intervencion-para-la-transicion-energetica\/#primaryimage"},"image":{"@id":"https:\/\/www.fagor.eus\/es\/debagoiena-2030-presenta-ocho-propuestas-de-intervencion-para-la-transicion-energetica\/#primaryimage"},"thumbnailUrl":"https:\/\/www.fagor.eus\/wp-content\/uploads\/2022\/06\/Energia-Piztu-D2030-2.jpg","datePublished":"2022-06-16T13:35:03+00:00","dateModified":"2022-06-16T14:43:29+00:00","author":{"@id":"https:\/\/www.fagor.eus\/#\/schema\/person\/e09b7878906ad616c343aa3e5a83bc2f"},"breadcrumb":{"@id":"https:\/\/www.fagor.eus\/es\/debagoiena-2030-presenta-ocho-propuestas-de-intervencion-para-la-transicion-energetica\/#breadcrumb"},"inLanguage":"es","potentialAction":[{"@type":"ReadAction","target":["https:\/\/www.fagor.eus\/es\/debagoiena-2030-presenta-ocho-propuestas-de-intervencion-para-la-transicion-energetica\/"]}]},{"@type":"ImageObject","inLanguage":"es","@id":"https:\/\/www.fagor.eus\/es\/debagoiena-2030-presenta-ocho-propuestas-de-intervencion-para-la-transicion-energetica\/#primaryimage","url":"https:\/\/www.fagor.eus\/wp-content\/uploads\/2022\/06\/Energia-Piztu-D2030-2.jpg","contentUrl":"https:\/\/www.fagor.eus\/wp-content\/uploads\/2022\/06\/Energia-Piztu-D2030-2.jpg","width":2000,"height":1333,"caption":"Energia Piztu-D2030"},{"@type":"BreadcrumbList","@id":"https:\/\/www.fagor.eus\/es\/debagoiena-2030-presenta-ocho-propuestas-de-intervencion-para-la-transicion-energetica\/#breadcrumb","itemListElement":[{"@type":"ListItem","position":1,"name":"Home","item":"https:\/\/www.fagor.eus\/es\/"},{"@type":"ListItem","position":2,"name":"Debagoiena 2030 presenta una propuesta de intervenci\u00f3n para la transici\u00f3n energ\u00e9tica"}]},{"@type":"WebSite","@id":"https:\/\/www.fagor.eus\/#website","url":"https:\/\/www.fagor.eus\/","name":"Fagor","description":"Trabajando por un futuro mejor","potentialAction":[{"@type":"SearchAction","target":{"@type":"EntryPoint","urlTemplate":"https:\/\/www.fagor.eus\/?s={search_term_string}"},"query-input":{"@type":"PropertyValueSpecification","valueRequired":true,"valueName":"search_term_string"}}],"inLanguage":"es"},{"@type":"Person","@id":"https:\/\/www.fagor.eus\/#\/schema\/person\/e09b7878906ad616c343aa3e5a83bc2f","name":"komunikazioa","image":{"@type":"ImageObject","inLanguage":"es","@id":"https:\/\/secure.gravatar.com\/avatar\/0c624a67c23ed6ff6fd4111959b9a1001016b57c6bebaecbec025adcaa081e6e?s=96&d=mm&r=g","url":"https:\/\/secure.gravatar.com\/avatar\/0c624a67c23ed6ff6fd4111959b9a1001016b57c6bebaecbec025adcaa081e6e?s=96&d=mm&r=g","contentUrl":"https:\/\/secure.gravatar.com\/avatar\/0c624a67c23ed6ff6fd4111959b9a1001016b57c6bebaecbec025adcaa081e6e?s=96&d=mm&r=g","caption":"komunikazioa"},"sameAs":["https:\/\/x.com\/system"],"url":"https:\/\/www.fagor.eus\/es\/author\/komunikazioa\/"}]}},"_links":{"self":[{"href":"https:\/\/www.fagor.eus\/es\/wp-json\/wp\/v2\/posts\/13762","targetHints":{"allow":["GET"]}}],"collection":[{"href":"https:\/\/www.fagor.eus\/es\/wp-json\/wp\/v2\/posts"}],"about":[{"href":"https:\/\/www.fagor.eus\/es\/wp-json\/wp\/v2\/types\/post"}],"author":[{"embeddable":true,"href":"https:\/\/www.fagor.eus\/es\/wp-json\/wp\/v2\/users\/4"}],"replies":[{"embeddable":true,"href":"https:\/\/www.fagor.eus\/es\/wp-json\/wp\/v2\/comments?post=13762"}],"version-history":[{"count":2,"href":"https:\/\/www.fagor.eus\/es\/wp-json\/wp\/v2\/posts\/13762\/revisions"}],"predecessor-version":[{"id":13766,"href":"https:\/\/www.fagor.eus\/es\/wp-json\/wp\/v2\/posts\/13762\/revisions\/13766"}],"wp:featuredmedia":[{"embeddable":true,"href":"https:\/\/www.fagor.eus\/es\/wp-json\/wp\/v2\/media\/13758"}],"wp:attachment":[{"href":"https:\/\/www.fagor.eus\/es\/wp-json\/wp\/v2\/media?parent=13762"}],"wp:term":[{"taxonomy":"category","embeddable":true,"href":"https:\/\/www.fagor.eus\/es\/wp-json\/wp\/v2\/categories?post=13762"},{"taxonomy":"post_tag","embeddable":true,"href":"https:\/\/www.fagor.eus\/es\/wp-json\/wp\/v2\/tags?post=13762"}],"curies":[{"name":"wp","href":"https:\/\/api.w.org\/{rel}","templated":true}]}}