{"id":13174,"date":"2022-03-11T11:10:21","date_gmt":"2022-03-11T11:10:21","guid":{"rendered":"https:\/\/www.fagor.eus\/?p=13174"},"modified":"2022-03-11T11:10:21","modified_gmt":"2022-03-11T11:10:21","slug":"el-grupo-fagor-se-une-a-la-campana-de-ayuda-a-ninos-y-ninas-de-ucrania","status":"publish","type":"post","link":"https:\/\/www.fagor.eus\/es\/el-grupo-fagor-se-une-a-la-campana-de-ayuda-a-ninos-y-ninas-de-ucrania\/","title":{"rendered":"El Grupo Fagor se une a la campa\u00f1a de ayuda a ni\u00f1os y ni\u00f1as de Ucrania"},"content":{"rendered":"<p>El Grupo Fagor se une a la campa\u00f1a puesta en marcha por UNICEF con el objetivo de ayudar a paliar los efectos que sufren los ni\u00f1os y ni\u00f1as del conflicto armado de Ucrania. En el acuerdo firmado recientemente, el Grupo se compromete a hacer una aportaci\u00f3n de 10.000 euros para la causa. Y sin limitarse a ello. Ofrece a sus personas la oportunidad de realizar una aportaci\u00f3n econ\u00f3mica individual, mediante una plataforma web que se ha habilitado para ello.<\/p>\n<p>Esta nueva campa\u00f1a pretende garantizar agua potable, productos higi\u00e9nicos y sanitarios, y asistencia psicosocial a las personas de menor edad afectadas por esta situaci\u00f3n. La ayuda humanitaria est\u00e1 muy centrada en esa labor. Por ello, Aritz Otxandiano Kanpo, responsable de Sostenibilidad del Grupo Fagor, subraya la importancia \u201cde que cada persona aporte su granito de arena en este contexto de tanto sufrimiento e incertidumbre\u201d.<\/p>\n<p>Las noticias que llegan estos \u00faltimos d\u00edas confirman la escalada del conflicto armado de Ucrania. En este contexto, muchos y muchas ciudadanos y ciudadanas han decidido abandonar el pa\u00eds. Otras personas, sin embargo, siguen atrapadas en el conflicto. Por ello, organizaciones de todo el mundo han comenzado a ofrecer ayuda humanitaria a la poblaci\u00f3n de Ucrania -entre ellas se encuentra UNICEF-. Viendo la situaci\u00f3n, el Grupo Fagor ha querido colaborar en la causa.<\/p>\n","protected":false},"excerpt":{"rendered":"<p>El Grupo Fagor se une a la campa\u00f1a puesta en marcha por UNICEF con el objetivo de ayudar a paliar los efectos que sufren los ni\u00f1os y ni\u00f1as del conflicto&#8230;<\/p>\n","protected":false},"author":4,"featured_media":13178,"comment_status":"closed","ping_status":"open","sticky":false,"template":"","format":"standard","meta":{"footnotes":""},"categories":[104],"tags":[],"class_list":{"0":"post-13174","1":"post","2":"type-post","3":"status-publish","4":"format-standard","5":"has-post-thumbnail","7":"category-grupo-fagor-es"},"yoast_head":"<!-- This site is optimized with the Yoast SEO plugin v27.4 - https:\/\/yoast.com\/product\/yoast-seo-wordpress\/ -->\n<title>Apoyo a la campa\u00f1a de ayuda a ni\u00f1os y ni\u00f1as de Ucrania &#187; Grupo Fagor<\/title>\n<meta name=\"description\" content=\"El Grupo Fagor se une a la campa\u00f1a puesta en marcha por UNICEF con el objetivo de ayudar a paliar los efectos que sufren los ni\u00f1os y ni\u00f1as del conflicto armado de Ucrania. En el acuerdo firmado recientemente, el Grupo se compromete a hacer una aportaci\u00f3n de 10.000 euros para la causa.\" \/>\n<meta name=\"robots\" content=\"index, follow, max-snippet:-1, max-image-preview:large, max-video-preview:-1\" \/>\n<link rel=\"canonical\" href=\"https:\/\/www.fagor.eus\/es\/el-grupo-fagor-se-une-a-la-campana-de-ayuda-a-ninos-y-ninas-de-ucrania\/\" \/>\n<meta property=\"og:locale\" content=\"es_ES\" \/>\n<meta property=\"og:type\" content=\"article\" \/>\n<meta property=\"og:title\" content=\"Apoyo a la campa\u00f1a de ayuda a ni\u00f1os y ni\u00f1as de Ucrania &#187; Grupo Fagor\" \/>\n<meta property=\"og:description\" content=\"El Grupo Fagor se une a la campa\u00f1a puesta en marcha por UNICEF con el objetivo de ayudar a paliar los efectos que sufren los ni\u00f1os y ni\u00f1as del conflicto armado de Ucrania. En el acuerdo firmado recientemente, el Grupo se compromete a hacer una aportaci\u00f3n de 10.000 euros para la causa.\" \/>\n<meta property=\"og:url\" content=\"https:\/\/www.fagor.eus\/es\/el-grupo-fagor-se-une-a-la-campana-de-ayuda-a-ninos-y-ninas-de-ucrania\/\" \/>\n<meta property=\"og:site_name\" content=\"FAGOR\" \/>\n<meta property=\"article:published_time\" content=\"2022-03-11T11:10:21+00:00\" \/>\n<meta property=\"og:image\" content=\"https:\/\/www.fagor.eus\/wp-content\/uploads\/2022\/03\/unicef-ukraina.jpg\" \/>\n\t<meta property=\"og:image:width\" content=\"1536\" \/>\n\t<meta property=\"og:image:height\" content=\"1024\" \/>\n\t<meta property=\"og:image:type\" content=\"image\/jpeg\" \/>\n<meta name=\"author\" content=\"komunikazioa\" \/>\n<meta name=\"twitter:card\" content=\"summary_large_image\" \/>\n<meta name=\"twitter:creator\" content=\"@system\" \/>\n<meta name=\"twitter:site\" content=\"@FagorTaldea\" \/>\n<meta name=\"twitter:label1\" content=\"Escrito por\" \/>\n\t<meta name=\"twitter:data1\" content=\"komunikazioa\" \/>\n\t<meta name=\"twitter:label2\" content=\"Tiempo de lectura\" \/>\n\t<meta name=\"twitter:data2\" content=\"1 minuto\" \/>\n<script type=\"application\/ld+json\" class=\"yoast-schema-graph\">{\"@context\":\"https:\\\/\\\/schema.org\",\"@graph\":[{\"@type\":\"Article\",\"@id\":\"https:\\\/\\\/www.fagor.eus\\\/es\\\/el-grupo-fagor-se-une-a-la-campana-de-ayuda-a-ninos-y-ninas-de-ucrania\\\/#article\",\"isPartOf\":{\"@id\":\"https:\\\/\\\/www.fagor.eus\\\/es\\\/el-grupo-fagor-se-une-a-la-campana-de-ayuda-a-ninos-y-ninas-de-ucrania\\\/\"},\"author\":{\"name\":\"komunikazioa\",\"@id\":\"https:\\\/\\\/www.fagor.eus\\\/#\\\/schema\\\/person\\\/e09b7878906ad616c343aa3e5a83bc2f\"},\"headline\":\"El Grupo Fagor se une a la campa\u00f1a de ayuda a ni\u00f1os y ni\u00f1as de Ucrania\",\"datePublished\":\"2022-03-11T11:10:21+00:00\",\"mainEntityOfPage\":{\"@id\":\"https:\\\/\\\/www.fagor.eus\\\/es\\\/el-grupo-fagor-se-une-a-la-campana-de-ayuda-a-ninos-y-ninas-de-ucrania\\\/\"},\"wordCount\":247,\"image\":{\"@id\":\"https:\\\/\\\/www.fagor.eus\\\/es\\\/el-grupo-fagor-se-une-a-la-campana-de-ayuda-a-ninos-y-ninas-de-ucrania\\\/#primaryimage\"},\"thumbnailUrl\":\"https:\\\/\\\/www.fagor.eus\\\/wp-content\\\/uploads\\\/2022\\\/03\\\/unicef-ukraina.jpg\",\"articleSection\":[\"Grupo Fagor\"],\"inLanguage\":\"es\"},{\"@type\":\"WebPage\",\"@id\":\"https:\\\/\\\/www.fagor.eus\\\/es\\\/el-grupo-fagor-se-une-a-la-campana-de-ayuda-a-ninos-y-ninas-de-ucrania\\\/\",\"url\":\"https:\\\/\\\/www.fagor.eus\\\/es\\\/el-grupo-fagor-se-une-a-la-campana-de-ayuda-a-ninos-y-ninas-de-ucrania\\\/\",\"name\":\"Apoyo a la campa\u00f1a de ayuda a ni\u00f1os y ni\u00f1as de Ucrania &#187; Grupo Fagor\",\"isPartOf\":{\"@id\":\"https:\\\/\\\/www.fagor.eus\\\/#website\"},\"primaryImageOfPage\":{\"@id\":\"https:\\\/\\\/www.fagor.eus\\\/es\\\/el-grupo-fagor-se-une-a-la-campana-de-ayuda-a-ninos-y-ninas-de-ucrania\\\/#primaryimage\"},\"image\":{\"@id\":\"https:\\\/\\\/www.fagor.eus\\\/es\\\/el-grupo-fagor-se-une-a-la-campana-de-ayuda-a-ninos-y-ninas-de-ucrania\\\/#primaryimage\"},\"thumbnailUrl\":\"https:\\\/\\\/www.fagor.eus\\\/wp-content\\\/uploads\\\/2022\\\/03\\\/unicef-ukraina.jpg\",\"datePublished\":\"2022-03-11T11:10:21+00:00\",\"author\":{\"@id\":\"https:\\\/\\\/www.fagor.eus\\\/#\\\/schema\\\/person\\\/e09b7878906ad616c343aa3e5a83bc2f\"},\"description\":\"El Grupo Fagor se une a la campa\u00f1a puesta en marcha por UNICEF con el objetivo de ayudar a paliar los efectos que sufren los ni\u00f1os y ni\u00f1as del conflicto armado de Ucrania. En el acuerdo firmado recientemente, el Grupo se compromete a hacer una aportaci\u00f3n de 10.000 euros para la causa.\",\"breadcrumb\":{\"@id\":\"https:\\\/\\\/www.fagor.eus\\\/es\\\/el-grupo-fagor-se-une-a-la-campana-de-ayuda-a-ninos-y-ninas-de-ucrania\\\/#breadcrumb\"},\"inLanguage\":\"es\",\"potentialAction\":[{\"@type\":\"ReadAction\",\"target\":[\"https:\\\/\\\/www.fagor.eus\\\/es\\\/el-grupo-fagor-se-une-a-la-campana-de-ayuda-a-ninos-y-ninas-de-ucrania\\\/\"]}]},{\"@type\":\"ImageObject\",\"inLanguage\":\"es\",\"@id\":\"https:\\\/\\\/www.fagor.eus\\\/es\\\/el-grupo-fagor-se-une-a-la-campana-de-ayuda-a-ninos-y-ninas-de-ucrania\\\/#primaryimage\",\"url\":\"https:\\\/\\\/www.fagor.eus\\\/wp-content\\\/uploads\\\/2022\\\/03\\\/unicef-ukraina.jpg\",\"contentUrl\":\"https:\\\/\\\/www.fagor.eus\\\/wp-content\\\/uploads\\\/2022\\\/03\\\/unicef-ukraina.jpg\",\"width\":1536,\"height\":1024,\"caption\":\"On 13 February 2022, 9-year-old Masha stands in front of the conflict-damaged exterior of her home in eastern Ukraine. Together with her mother, four sisters and a brother, Masha lives in an apartment in a partially destroyed high-rise building on the outskirts of town, just a few kilometres from the \u2018contact line\u2019. Conflict has raged here for nearly eight years. Every day, Masha endures the threat of shelling, landmines, a lack of heating and hot water, and a fight for education. Shrapnel is embedded in the walls and windows are covered with plywood. Some have been shattered altogether. Masha is one of an entire generation of children who have grown up listening to the sound of gunfire and are now being shaped by violence and displacement. Masha\u2019s mother, 45-year-old Natalia, fears for her children every day. \u201cWe live on the front line,\u201d says Natalia. \u201cOur house has sustained several hits. Even just recently, before the New Year, our neighbour was wounded by shelling. It has been eight years since residents had access to heating and gas supplies. In her small kitchen, Natalia has installed a rusty stove, pointing the flue out of the window. Here, the family cook food, boil water or simply take turns to keep themselves warm. \u201cIt happens that the stove does not want to burn because the firewood is damp,\u201d Masha says. \u201cThen we have to heat things with a small boiler.\u201d Natalia is afraid that life will deteriorate even further if the shelling increases, and that the family will be forced to take cover in the basement once more. \u201cIn 2015, we were constantly hiding in the basement,\u201d recalls Natalia. \u201cWe were dirty, frozen, we could not take a shower, there was no water and no electricity either.\u201d Masha still recalls the family cooking food on a fire. Since then, she has dreaded winter, when she is cold and must collect firewood to heat the stove. \u201cI want to have many friends and wish that our house would be warm, with heating, so as not to\"},{\"@type\":\"BreadcrumbList\",\"@id\":\"https:\\\/\\\/www.fagor.eus\\\/es\\\/el-grupo-fagor-se-une-a-la-campana-de-ayuda-a-ninos-y-ninas-de-ucrania\\\/#breadcrumb\",\"itemListElement\":[{\"@type\":\"ListItem\",\"position\":1,\"name\":\"Home\",\"item\":\"https:\\\/\\\/www.fagor.eus\\\/es\\\/\"},{\"@type\":\"ListItem\",\"position\":2,\"name\":\"El Grupo Fagor se une a la campa\u00f1a de ayuda a ni\u00f1os y ni\u00f1as de Ucrania\"}]},{\"@type\":\"WebSite\",\"@id\":\"https:\\\/\\\/www.fagor.eus\\\/#website\",\"url\":\"https:\\\/\\\/www.fagor.eus\\\/\",\"name\":\"Fagor\",\"description\":\"Trabajando por un futuro mejor\",\"potentialAction\":[{\"@type\":\"SearchAction\",\"target\":{\"@type\":\"EntryPoint\",\"urlTemplate\":\"https:\\\/\\\/www.fagor.eus\\\/?s={search_term_string}\"},\"query-input\":{\"@type\":\"PropertyValueSpecification\",\"valueRequired\":true,\"valueName\":\"search_term_string\"}}],\"inLanguage\":\"es\"},{\"@type\":\"Person\",\"@id\":\"https:\\\/\\\/www.fagor.eus\\\/#\\\/schema\\\/person\\\/e09b7878906ad616c343aa3e5a83bc2f\",\"name\":\"komunikazioa\",\"image\":{\"@type\":\"ImageObject\",\"inLanguage\":\"es\",\"@id\":\"https:\\\/\\\/secure.gravatar.com\\\/avatar\\\/0c624a67c23ed6ff6fd4111959b9a1001016b57c6bebaecbec025adcaa081e6e?s=96&d=mm&r=g\",\"url\":\"https:\\\/\\\/secure.gravatar.com\\\/avatar\\\/0c624a67c23ed6ff6fd4111959b9a1001016b57c6bebaecbec025adcaa081e6e?s=96&d=mm&r=g\",\"contentUrl\":\"https:\\\/\\\/secure.gravatar.com\\\/avatar\\\/0c624a67c23ed6ff6fd4111959b9a1001016b57c6bebaecbec025adcaa081e6e?s=96&d=mm&r=g\",\"caption\":\"komunikazioa\"},\"sameAs\":[\"https:\\\/\\\/x.com\\\/system\"],\"url\":\"https:\\\/\\\/www.fagor.eus\\\/es\\\/author\\\/komunikazioa\\\/\"}]}<\/script>\n<!-- \/ Yoast SEO plugin. -->","yoast_head_json":{"title":"Apoyo a la campa\u00f1a de ayuda a ni\u00f1os y ni\u00f1as de Ucrania &#187; Grupo Fagor","description":"El Grupo Fagor se une a la campa\u00f1a puesta en marcha por UNICEF con el objetivo de ayudar a paliar los efectos que sufren los ni\u00f1os y ni\u00f1as del conflicto armado de Ucrania. En el acuerdo firmado recientemente, el Grupo se compromete a hacer una aportaci\u00f3n de 10.000 euros para la causa.","robots":{"index":"index","follow":"follow","max-snippet":"max-snippet:-1","max-image-preview":"max-image-preview:large","max-video-preview":"max-video-preview:-1"},"canonical":"https:\/\/www.fagor.eus\/es\/el-grupo-fagor-se-une-a-la-campana-de-ayuda-a-ninos-y-ninas-de-ucrania\/","og_locale":"es_ES","og_type":"article","og_title":"Apoyo a la campa\u00f1a de ayuda a ni\u00f1os y ni\u00f1as de Ucrania &#187; Grupo Fagor","og_description":"El Grupo Fagor se une a la campa\u00f1a puesta en marcha por UNICEF con el objetivo de ayudar a paliar los efectos que sufren los ni\u00f1os y ni\u00f1as del conflicto armado de Ucrania. En el acuerdo firmado recientemente, el Grupo se compromete a hacer una aportaci\u00f3n de 10.000 euros para la causa.","og_url":"https:\/\/www.fagor.eus\/es\/el-grupo-fagor-se-une-a-la-campana-de-ayuda-a-ninos-y-ninas-de-ucrania\/","og_site_name":"FAGOR","article_published_time":"2022-03-11T11:10:21+00:00","og_image":[{"width":1536,"height":1024,"url":"https:\/\/www.fagor.eus\/wp-content\/uploads\/2022\/03\/unicef-ukraina.jpg","type":"image\/jpeg"}],"author":"komunikazioa","twitter_card":"summary_large_image","twitter_creator":"@system","twitter_site":"@FagorTaldea","twitter_misc":{"Escrito por":"komunikazioa","Tiempo de lectura":"1 minuto"},"schema":{"@context":"https:\/\/schema.org","@graph":[{"@type":"Article","@id":"https:\/\/www.fagor.eus\/es\/el-grupo-fagor-se-une-a-la-campana-de-ayuda-a-ninos-y-ninas-de-ucrania\/#article","isPartOf":{"@id":"https:\/\/www.fagor.eus\/es\/el-grupo-fagor-se-une-a-la-campana-de-ayuda-a-ninos-y-ninas-de-ucrania\/"},"author":{"name":"komunikazioa","@id":"https:\/\/www.fagor.eus\/#\/schema\/person\/e09b7878906ad616c343aa3e5a83bc2f"},"headline":"El Grupo Fagor se une a la campa\u00f1a de ayuda a ni\u00f1os y ni\u00f1as de Ucrania","datePublished":"2022-03-11T11:10:21+00:00","mainEntityOfPage":{"@id":"https:\/\/www.fagor.eus\/es\/el-grupo-fagor-se-une-a-la-campana-de-ayuda-a-ninos-y-ninas-de-ucrania\/"},"wordCount":247,"image":{"@id":"https:\/\/www.fagor.eus\/es\/el-grupo-fagor-se-une-a-la-campana-de-ayuda-a-ninos-y-ninas-de-ucrania\/#primaryimage"},"thumbnailUrl":"https:\/\/www.fagor.eus\/wp-content\/uploads\/2022\/03\/unicef-ukraina.jpg","articleSection":["Grupo Fagor"],"inLanguage":"es"},{"@type":"WebPage","@id":"https:\/\/www.fagor.eus\/es\/el-grupo-fagor-se-une-a-la-campana-de-ayuda-a-ninos-y-ninas-de-ucrania\/","url":"https:\/\/www.fagor.eus\/es\/el-grupo-fagor-se-une-a-la-campana-de-ayuda-a-ninos-y-ninas-de-ucrania\/","name":"Apoyo a la campa\u00f1a de ayuda a ni\u00f1os y ni\u00f1as de Ucrania &#187; Grupo Fagor","isPartOf":{"@id":"https:\/\/www.fagor.eus\/#website"},"primaryImageOfPage":{"@id":"https:\/\/www.fagor.eus\/es\/el-grupo-fagor-se-une-a-la-campana-de-ayuda-a-ninos-y-ninas-de-ucrania\/#primaryimage"},"image":{"@id":"https:\/\/www.fagor.eus\/es\/el-grupo-fagor-se-une-a-la-campana-de-ayuda-a-ninos-y-ninas-de-ucrania\/#primaryimage"},"thumbnailUrl":"https:\/\/www.fagor.eus\/wp-content\/uploads\/2022\/03\/unicef-ukraina.jpg","datePublished":"2022-03-11T11:10:21+00:00","author":{"@id":"https:\/\/www.fagor.eus\/#\/schema\/person\/e09b7878906ad616c343aa3e5a83bc2f"},"description":"El Grupo Fagor se une a la campa\u00f1a puesta en marcha por UNICEF con el objetivo de ayudar a paliar los efectos que sufren los ni\u00f1os y ni\u00f1as del conflicto armado de Ucrania. En el acuerdo firmado recientemente, el Grupo se compromete a hacer una aportaci\u00f3n de 10.000 euros para la causa.","breadcrumb":{"@id":"https:\/\/www.fagor.eus\/es\/el-grupo-fagor-se-une-a-la-campana-de-ayuda-a-ninos-y-ninas-de-ucrania\/#breadcrumb"},"inLanguage":"es","potentialAction":[{"@type":"ReadAction","target":["https:\/\/www.fagor.eus\/es\/el-grupo-fagor-se-une-a-la-campana-de-ayuda-a-ninos-y-ninas-de-ucrania\/"]}]},{"@type":"ImageObject","inLanguage":"es","@id":"https:\/\/www.fagor.eus\/es\/el-grupo-fagor-se-une-a-la-campana-de-ayuda-a-ninos-y-ninas-de-ucrania\/#primaryimage","url":"https:\/\/www.fagor.eus\/wp-content\/uploads\/2022\/03\/unicef-ukraina.jpg","contentUrl":"https:\/\/www.fagor.eus\/wp-content\/uploads\/2022\/03\/unicef-ukraina.jpg","width":1536,"height":1024,"caption":"On 13 February 2022, 9-year-old Masha stands in front of the conflict-damaged exterior of her home in eastern Ukraine. Together with her mother, four sisters and a brother, Masha lives in an apartment in a partially destroyed high-rise building on the outskirts of town, just a few kilometres from the \u2018contact line\u2019. Conflict has raged here for nearly eight years. Every day, Masha endures the threat of shelling, landmines, a lack of heating and hot water, and a fight for education. Shrapnel is embedded in the walls and windows are covered with plywood. Some have been shattered altogether. Masha is one of an entire generation of children who have grown up listening to the sound of gunfire and are now being shaped by violence and displacement. Masha\u2019s mother, 45-year-old Natalia, fears for her children every day. \u201cWe live on the front line,\u201d says Natalia. \u201cOur house has sustained several hits. Even just recently, before the New Year, our neighbour was wounded by shelling. It has been eight years since residents had access to heating and gas supplies. In her small kitchen, Natalia has installed a rusty stove, pointing the flue out of the window. Here, the family cook food, boil water or simply take turns to keep themselves warm. \u201cIt happens that the stove does not want to burn because the firewood is damp,\u201d Masha says. \u201cThen we have to heat things with a small boiler.\u201d Natalia is afraid that life will deteriorate even further if the shelling increases, and that the family will be forced to take cover in the basement once more. \u201cIn 2015, we were constantly hiding in the basement,\u201d recalls Natalia. \u201cWe were dirty, frozen, we could not take a shower, there was no water and no electricity either.\u201d Masha still recalls the family cooking food on a fire. Since then, she has dreaded winter, when she is cold and must collect firewood to heat the stove. \u201cI want to have many friends and wish that our house would be warm, with heating, so as not to"},{"@type":"BreadcrumbList","@id":"https:\/\/www.fagor.eus\/es\/el-grupo-fagor-se-une-a-la-campana-de-ayuda-a-ninos-y-ninas-de-ucrania\/#breadcrumb","itemListElement":[{"@type":"ListItem","position":1,"name":"Home","item":"https:\/\/www.fagor.eus\/es\/"},{"@type":"ListItem","position":2,"name":"El Grupo Fagor se une a la campa\u00f1a de ayuda a ni\u00f1os y ni\u00f1as de Ucrania"}]},{"@type":"WebSite","@id":"https:\/\/www.fagor.eus\/#website","url":"https:\/\/www.fagor.eus\/","name":"Fagor","description":"Trabajando por un futuro mejor","potentialAction":[{"@type":"SearchAction","target":{"@type":"EntryPoint","urlTemplate":"https:\/\/www.fagor.eus\/?s={search_term_string}"},"query-input":{"@type":"PropertyValueSpecification","valueRequired":true,"valueName":"search_term_string"}}],"inLanguage":"es"},{"@type":"Person","@id":"https:\/\/www.fagor.eus\/#\/schema\/person\/e09b7878906ad616c343aa3e5a83bc2f","name":"komunikazioa","image":{"@type":"ImageObject","inLanguage":"es","@id":"https:\/\/secure.gravatar.com\/avatar\/0c624a67c23ed6ff6fd4111959b9a1001016b57c6bebaecbec025adcaa081e6e?s=96&d=mm&r=g","url":"https:\/\/secure.gravatar.com\/avatar\/0c624a67c23ed6ff6fd4111959b9a1001016b57c6bebaecbec025adcaa081e6e?s=96&d=mm&r=g","contentUrl":"https:\/\/secure.gravatar.com\/avatar\/0c624a67c23ed6ff6fd4111959b9a1001016b57c6bebaecbec025adcaa081e6e?s=96&d=mm&r=g","caption":"komunikazioa"},"sameAs":["https:\/\/x.com\/system"],"url":"https:\/\/www.fagor.eus\/es\/author\/komunikazioa\/"}]}},"_links":{"self":[{"href":"https:\/\/www.fagor.eus\/es\/wp-json\/wp\/v2\/posts\/13174","targetHints":{"allow":["GET"]}}],"collection":[{"href":"https:\/\/www.fagor.eus\/es\/wp-json\/wp\/v2\/posts"}],"about":[{"href":"https:\/\/www.fagor.eus\/es\/wp-json\/wp\/v2\/types\/post"}],"author":[{"embeddable":true,"href":"https:\/\/www.fagor.eus\/es\/wp-json\/wp\/v2\/users\/4"}],"replies":[{"embeddable":true,"href":"https:\/\/www.fagor.eus\/es\/wp-json\/wp\/v2\/comments?post=13174"}],"version-history":[{"count":1,"href":"https:\/\/www.fagor.eus\/es\/wp-json\/wp\/v2\/posts\/13174\/revisions"}],"predecessor-version":[{"id":13175,"href":"https:\/\/www.fagor.eus\/es\/wp-json\/wp\/v2\/posts\/13174\/revisions\/13175"}],"wp:featuredmedia":[{"embeddable":true,"href":"https:\/\/www.fagor.eus\/es\/wp-json\/wp\/v2\/media\/13178"}],"wp:attachment":[{"href":"https:\/\/www.fagor.eus\/es\/wp-json\/wp\/v2\/media?parent=13174"}],"wp:term":[{"taxonomy":"category","embeddable":true,"href":"https:\/\/www.fagor.eus\/es\/wp-json\/wp\/v2\/categories?post=13174"},{"taxonomy":"post_tag","embeddable":true,"href":"https:\/\/www.fagor.eus\/es\/wp-json\/wp\/v2\/tags?post=13174"}],"curies":[{"name":"wp","href":"https:\/\/api.w.org\/{rel}","templated":true}]}}