{"id":13042,"date":"2022-02-22T11:47:41","date_gmt":"2022-02-22T11:47:41","guid":{"rendered":"https:\/\/www.fagor.eus\/?p=13042"},"modified":"2022-02-22T15:39:53","modified_gmt":"2022-02-22T15:39:53","slug":"el-grupo-fagor-participa-en-la-mesa-de-empresas-de-mondragon-ztim-hub","status":"publish","type":"post","link":"https:\/\/www.fagor.eus\/es\/el-grupo-fagor-participa-en-la-mesa-de-empresas-de-mondragon-ztim-hub\/","title":{"rendered":"El Grupo Fagor participa en la Mesa de Empresas de Mondragon ZTIM HUB"},"content":{"rendered":"<p>Debagoiena est\u00e1 inmersa en el desarrollo de una iniciativa centrada en la construcci\u00f3n de una red educativa estable formada por centros educativos, empresas, organizaciones sociales y ayuntamientos denominada Mondragon ZTIM HUB. El Grupo Fagor participa en ella. Son muchas las acciones que dicha iniciativa pretende construir para impulsar los \u00e1mbitos de la ciencia, ingenier\u00eda, tecnolog\u00eda y matem\u00e1tica entre j\u00f3venes. Hoy por hoy, se est\u00e1 desarrollando una prueba piloto en Debagoiena y la intenci\u00f3n es llegar a diversos puntos del Pa\u00eds Vasco -por ejemplo, ya se han dado los primeros pasos en Goierri-.<\/p>\n<p>Por su parte, Leire Okarantza Ibabe, responsable de Gesti\u00f3n Social del Grupo Fagor, subraya la importancia de impulsar redes colaborativas: \u201cSeguimos trabajando para impulsar el talento del futuro y ofrecer recursos adecuados para ello. Mondragon Unibertsitatea es una entidad que aporta mucho en esa labor, por ello, es importante cooperar con dicha entidad educativa\u201d.<\/p>\n<p>Generalmente, la iniciativa pretende impulsar la vocaci\u00f3n STEM entre j\u00f3venes -especialmente, entre mujeres- y, para ello, pretende visibilizar trabajos relacionados con dicho \u00e1mbito, ofrecer orientaci\u00f3n sin prejuicios de g\u00e9nero, participar en actividades STEM e influir en proyectos educativos. Hoy por hoy, ya existen varios puntos de partida para ello, como pueden ser las iniciativas ZTIMULab y Kolaborategia de Mondragon Unibertsitatea. \u201cSe podr\u00eda decir que Mondragon ZTIM HUB es el punto de uni\u00f3n de esas dos iniciativas\u201d, aclara la responsable de Gesti\u00f3n Social.<\/p>\n<p><strong>Varias entidades para la cooperaci\u00f3n<\/strong><\/p>\n<p>Las personas y entidades impulsoras de la iniciativa son conscientes de la importancia de la intercooperaci\u00f3n. Por ello, dicho proyecto re\u00fane diferentes perfiles organizados en distintas mesas de trabajo. El Grupo Fagor participa en la Mesa de Empresas. \u201cCada participante hace su propia aportaci\u00f3n seg\u00fan el \u00e1mbito al que representa. Con ello, se pretende crear una propuesta m\u00e1s completa\u201d, subraya la responsable de Gesti\u00f3n Social. La Mesa de Empresas se reuni\u00f3 el 26 de enero para tratar temas como la organizaci\u00f3n de la misma, objetivos y compromisos.<\/p>\n<p>Ya est\u00e1n en marcha varias iniciativas relacionadas con <a href=\"https:\/\/ztimhub.mondragon.edu\/es\/inicio\"><span style=\"color: #ff0000;\">Mondragon ZTIM HUB<\/span><\/a>: charlas, sesiones de reflexi\u00f3n, actividades puestas en marcha en colaboraci\u00f3n con empresas -entre ellas se encuentran actividades desarrolladas en colaboraci\u00f3n con Fagor Electr\u00f3nica-, iniciativas como First Lego League\u2026 Y se prev\u00e9 un aumento de la oferta. \u201cMondragon ZTIM HUB pretende impulsar una red estable entre los centros educativos y las empresas, para que los y las j\u00f3venes de la comarca vean e empresas de la zona como oportunidad de futuro. Se ofrecer\u00e1n recursos para ello\u201d, aclara Okarantza.<\/p>\n<p>&nbsp;<\/p>\n<p>&nbsp;<\/p>\n<p>&nbsp;<\/p>\n","protected":false},"excerpt":{"rendered":"<p>Debagoiena est\u00e1 inmersa en el desarrollo de una iniciativa centrada en la construcci\u00f3n de una red educativa estable formada por centros educativos, empresas, organizaciones sociales y ayuntamientos denominada Mondragon ZTIM&#8230;<\/p>\n","protected":false},"author":4,"featured_media":13036,"comment_status":"open","ping_status":"open","sticky":false,"template":"","format":"standard","meta":{"footnotes":""},"categories":[104],"tags":[],"class_list":{"0":"post-13042","1":"post","2":"type-post","3":"status-publish","4":"format-standard","5":"has-post-thumbnail","7":"category-grupo-fagor-es"},"yoast_head":"<!-- This site is optimized with the Yoast SEO plugin v27.4 - https:\/\/yoast.com\/product\/yoast-seo-wordpress\/ -->\n<title>El Grupo Fagor participa en Mondragon ZTIM HUB &#187; Grupo Fagor<\/title>\n<meta name=\"description\" content=\"Debagoiena est\u00e1 inmersa en el desarrollo de una iniciativa centrada en la\u00a0construcci\u00f3n de una red estable\u00a0formada por centros educativos, empresas, organizaciones sociales y ayuntamientos denominada Mondragon ZTIM HUB.\" \/>\n<meta name=\"robots\" content=\"index, follow, max-snippet:-1, max-image-preview:large, max-video-preview:-1\" \/>\n<link rel=\"canonical\" href=\"https:\/\/www.fagor.eus\/es\/el-grupo-fagor-participa-en-la-mesa-de-empresas-de-mondragon-ztim-hub\/\" \/>\n<meta property=\"og:locale\" content=\"es_ES\" \/>\n<meta property=\"og:type\" content=\"article\" \/>\n<meta property=\"og:title\" content=\"El Grupo Fagor participa en Mondragon ZTIM HUB &#187; Grupo Fagor\" \/>\n<meta property=\"og:description\" content=\"Debagoiena est\u00e1 inmersa en el desarrollo de una iniciativa centrada en la\u00a0construcci\u00f3n de una red estable\u00a0formada por centros educativos, empresas, organizaciones sociales y ayuntamientos denominada Mondragon ZTIM HUB.\" \/>\n<meta property=\"og:url\" content=\"https:\/\/www.fagor.eus\/es\/el-grupo-fagor-participa-en-la-mesa-de-empresas-de-mondragon-ztim-hub\/\" \/>\n<meta property=\"og:site_name\" content=\"FAGOR\" \/>\n<meta property=\"article:published_time\" content=\"2022-02-22T11:47:41+00:00\" \/>\n<meta property=\"article:modified_time\" content=\"2022-02-22T15:39:53+00:00\" \/>\n<meta property=\"og:image\" content=\"https:\/\/www.fagor.eus\/wp-content\/uploads\/2022\/02\/Mondragon-ZTIM-HUB-Grupo-Fagor-1024x682.jpg\" \/>\n\t<meta property=\"og:image:width\" content=\"1024\" \/>\n\t<meta property=\"og:image:height\" content=\"682\" \/>\n\t<meta property=\"og:image:type\" content=\"image\/jpeg\" \/>\n<meta name=\"author\" content=\"komunikazioa\" \/>\n<meta name=\"twitter:card\" content=\"summary_large_image\" \/>\n<meta name=\"twitter:creator\" content=\"@system\" \/>\n<meta name=\"twitter:site\" content=\"@FagorTaldea\" \/>\n<meta name=\"twitter:label1\" content=\"Escrito por\" \/>\n\t<meta name=\"twitter:data1\" content=\"komunikazioa\" \/>\n\t<meta name=\"twitter:label2\" content=\"Tiempo de lectura\" \/>\n\t<meta name=\"twitter:data2\" content=\"2 minutos\" \/>\n<script type=\"application\/ld+json\" class=\"yoast-schema-graph\">{\"@context\":\"https:\\\/\\\/schema.org\",\"@graph\":[{\"@type\":\"Article\",\"@id\":\"https:\\\/\\\/www.fagor.eus\\\/es\\\/el-grupo-fagor-participa-en-la-mesa-de-empresas-de-mondragon-ztim-hub\\\/#article\",\"isPartOf\":{\"@id\":\"https:\\\/\\\/www.fagor.eus\\\/es\\\/el-grupo-fagor-participa-en-la-mesa-de-empresas-de-mondragon-ztim-hub\\\/\"},\"author\":{\"name\":\"komunikazioa\",\"@id\":\"https:\\\/\\\/www.fagor.eus\\\/#\\\/schema\\\/person\\\/e09b7878906ad616c343aa3e5a83bc2f\"},\"headline\":\"El Grupo Fagor participa en la Mesa de Empresas de Mondragon ZTIM HUB\",\"datePublished\":\"2022-02-22T11:47:41+00:00\",\"dateModified\":\"2022-02-22T15:39:53+00:00\",\"mainEntityOfPage\":{\"@id\":\"https:\\\/\\\/www.fagor.eus\\\/es\\\/el-grupo-fagor-participa-en-la-mesa-de-empresas-de-mondragon-ztim-hub\\\/\"},\"wordCount\":453,\"commentCount\":0,\"image\":{\"@id\":\"https:\\\/\\\/www.fagor.eus\\\/es\\\/el-grupo-fagor-participa-en-la-mesa-de-empresas-de-mondragon-ztim-hub\\\/#primaryimage\"},\"thumbnailUrl\":\"https:\\\/\\\/www.fagor.eus\\\/wp-content\\\/uploads\\\/2022\\\/02\\\/Mondragon-ZTIM-HUB-Grupo-Fagor.jpg\",\"articleSection\":[\"Grupo Fagor\"],\"inLanguage\":\"es\",\"potentialAction\":[{\"@type\":\"CommentAction\",\"name\":\"Comment\",\"target\":[\"https:\\\/\\\/www.fagor.eus\\\/es\\\/el-grupo-fagor-participa-en-la-mesa-de-empresas-de-mondragon-ztim-hub\\\/#respond\"]}]},{\"@type\":\"WebPage\",\"@id\":\"https:\\\/\\\/www.fagor.eus\\\/es\\\/el-grupo-fagor-participa-en-la-mesa-de-empresas-de-mondragon-ztim-hub\\\/\",\"url\":\"https:\\\/\\\/www.fagor.eus\\\/es\\\/el-grupo-fagor-participa-en-la-mesa-de-empresas-de-mondragon-ztim-hub\\\/\",\"name\":\"El Grupo Fagor participa en Mondragon ZTIM HUB &#187; Grupo Fagor\",\"isPartOf\":{\"@id\":\"https:\\\/\\\/www.fagor.eus\\\/#website\"},\"primaryImageOfPage\":{\"@id\":\"https:\\\/\\\/www.fagor.eus\\\/es\\\/el-grupo-fagor-participa-en-la-mesa-de-empresas-de-mondragon-ztim-hub\\\/#primaryimage\"},\"image\":{\"@id\":\"https:\\\/\\\/www.fagor.eus\\\/es\\\/el-grupo-fagor-participa-en-la-mesa-de-empresas-de-mondragon-ztim-hub\\\/#primaryimage\"},\"thumbnailUrl\":\"https:\\\/\\\/www.fagor.eus\\\/wp-content\\\/uploads\\\/2022\\\/02\\\/Mondragon-ZTIM-HUB-Grupo-Fagor.jpg\",\"datePublished\":\"2022-02-22T11:47:41+00:00\",\"dateModified\":\"2022-02-22T15:39:53+00:00\",\"author\":{\"@id\":\"https:\\\/\\\/www.fagor.eus\\\/#\\\/schema\\\/person\\\/e09b7878906ad616c343aa3e5a83bc2f\"},\"description\":\"Debagoiena est\u00e1 inmersa en el desarrollo de una iniciativa centrada en la\u00a0construcci\u00f3n de una red estable\u00a0formada por centros educativos, empresas, organizaciones sociales y ayuntamientos denominada Mondragon ZTIM HUB.\",\"breadcrumb\":{\"@id\":\"https:\\\/\\\/www.fagor.eus\\\/es\\\/el-grupo-fagor-participa-en-la-mesa-de-empresas-de-mondragon-ztim-hub\\\/#breadcrumb\"},\"inLanguage\":\"es\",\"potentialAction\":[{\"@type\":\"ReadAction\",\"target\":[\"https:\\\/\\\/www.fagor.eus\\\/es\\\/el-grupo-fagor-participa-en-la-mesa-de-empresas-de-mondragon-ztim-hub\\\/\"]}]},{\"@type\":\"ImageObject\",\"inLanguage\":\"es\",\"@id\":\"https:\\\/\\\/www.fagor.eus\\\/es\\\/el-grupo-fagor-participa-en-la-mesa-de-empresas-de-mondragon-ztim-hub\\\/#primaryimage\",\"url\":\"https:\\\/\\\/www.fagor.eus\\\/wp-content\\\/uploads\\\/2022\\\/02\\\/Mondragon-ZTIM-HUB-Grupo-Fagor.jpg\",\"contentUrl\":\"https:\\\/\\\/www.fagor.eus\\\/wp-content\\\/uploads\\\/2022\\\/02\\\/Mondragon-ZTIM-HUB-Grupo-Fagor.jpg\",\"width\":2000,\"height\":1333,\"caption\":\"Mondragon ZTIM HUB-Grupo Fagor\"},{\"@type\":\"BreadcrumbList\",\"@id\":\"https:\\\/\\\/www.fagor.eus\\\/es\\\/el-grupo-fagor-participa-en-la-mesa-de-empresas-de-mondragon-ztim-hub\\\/#breadcrumb\",\"itemListElement\":[{\"@type\":\"ListItem\",\"position\":1,\"name\":\"Home\",\"item\":\"https:\\\/\\\/www.fagor.eus\\\/es\\\/\"},{\"@type\":\"ListItem\",\"position\":2,\"name\":\"El Grupo Fagor participa en la Mesa de Empresas de Mondragon ZTIM HUB\"}]},{\"@type\":\"WebSite\",\"@id\":\"https:\\\/\\\/www.fagor.eus\\\/#website\",\"url\":\"https:\\\/\\\/www.fagor.eus\\\/\",\"name\":\"Fagor\",\"description\":\"Trabajando por un futuro mejor\",\"potentialAction\":[{\"@type\":\"SearchAction\",\"target\":{\"@type\":\"EntryPoint\",\"urlTemplate\":\"https:\\\/\\\/www.fagor.eus\\\/?s={search_term_string}\"},\"query-input\":{\"@type\":\"PropertyValueSpecification\",\"valueRequired\":true,\"valueName\":\"search_term_string\"}}],\"inLanguage\":\"es\"},{\"@type\":\"Person\",\"@id\":\"https:\\\/\\\/www.fagor.eus\\\/#\\\/schema\\\/person\\\/e09b7878906ad616c343aa3e5a83bc2f\",\"name\":\"komunikazioa\",\"image\":{\"@type\":\"ImageObject\",\"inLanguage\":\"es\",\"@id\":\"https:\\\/\\\/secure.gravatar.com\\\/avatar\\\/0c624a67c23ed6ff6fd4111959b9a1001016b57c6bebaecbec025adcaa081e6e?s=96&d=mm&r=g\",\"url\":\"https:\\\/\\\/secure.gravatar.com\\\/avatar\\\/0c624a67c23ed6ff6fd4111959b9a1001016b57c6bebaecbec025adcaa081e6e?s=96&d=mm&r=g\",\"contentUrl\":\"https:\\\/\\\/secure.gravatar.com\\\/avatar\\\/0c624a67c23ed6ff6fd4111959b9a1001016b57c6bebaecbec025adcaa081e6e?s=96&d=mm&r=g\",\"caption\":\"komunikazioa\"},\"sameAs\":[\"https:\\\/\\\/x.com\\\/system\"],\"url\":\"https:\\\/\\\/www.fagor.eus\\\/es\\\/author\\\/komunikazioa\\\/\"}]}<\/script>\n<!-- \/ Yoast SEO plugin. -->","yoast_head_json":{"title":"El Grupo Fagor participa en Mondragon ZTIM HUB &#187; Grupo Fagor","description":"Debagoiena est\u00e1 inmersa en el desarrollo de una iniciativa centrada en la\u00a0construcci\u00f3n de una red estable\u00a0formada por centros educativos, empresas, organizaciones sociales y ayuntamientos denominada Mondragon ZTIM HUB.","robots":{"index":"index","follow":"follow","max-snippet":"max-snippet:-1","max-image-preview":"max-image-preview:large","max-video-preview":"max-video-preview:-1"},"canonical":"https:\/\/www.fagor.eus\/es\/el-grupo-fagor-participa-en-la-mesa-de-empresas-de-mondragon-ztim-hub\/","og_locale":"es_ES","og_type":"article","og_title":"El Grupo Fagor participa en Mondragon ZTIM HUB &#187; Grupo Fagor","og_description":"Debagoiena est\u00e1 inmersa en el desarrollo de una iniciativa centrada en la\u00a0construcci\u00f3n de una red estable\u00a0formada por centros educativos, empresas, organizaciones sociales y ayuntamientos denominada Mondragon ZTIM HUB.","og_url":"https:\/\/www.fagor.eus\/es\/el-grupo-fagor-participa-en-la-mesa-de-empresas-de-mondragon-ztim-hub\/","og_site_name":"FAGOR","article_published_time":"2022-02-22T11:47:41+00:00","article_modified_time":"2022-02-22T15:39:53+00:00","og_image":[{"width":1024,"height":682,"url":"https:\/\/www.fagor.eus\/wp-content\/uploads\/2022\/02\/Mondragon-ZTIM-HUB-Grupo-Fagor-1024x682.jpg","type":"image\/jpeg"}],"author":"komunikazioa","twitter_card":"summary_large_image","twitter_creator":"@system","twitter_site":"@FagorTaldea","twitter_misc":{"Escrito por":"komunikazioa","Tiempo de lectura":"2 minutos"},"schema":{"@context":"https:\/\/schema.org","@graph":[{"@type":"Article","@id":"https:\/\/www.fagor.eus\/es\/el-grupo-fagor-participa-en-la-mesa-de-empresas-de-mondragon-ztim-hub\/#article","isPartOf":{"@id":"https:\/\/www.fagor.eus\/es\/el-grupo-fagor-participa-en-la-mesa-de-empresas-de-mondragon-ztim-hub\/"},"author":{"name":"komunikazioa","@id":"https:\/\/www.fagor.eus\/#\/schema\/person\/e09b7878906ad616c343aa3e5a83bc2f"},"headline":"El Grupo Fagor participa en la Mesa de Empresas de Mondragon ZTIM HUB","datePublished":"2022-02-22T11:47:41+00:00","dateModified":"2022-02-22T15:39:53+00:00","mainEntityOfPage":{"@id":"https:\/\/www.fagor.eus\/es\/el-grupo-fagor-participa-en-la-mesa-de-empresas-de-mondragon-ztim-hub\/"},"wordCount":453,"commentCount":0,"image":{"@id":"https:\/\/www.fagor.eus\/es\/el-grupo-fagor-participa-en-la-mesa-de-empresas-de-mondragon-ztim-hub\/#primaryimage"},"thumbnailUrl":"https:\/\/www.fagor.eus\/wp-content\/uploads\/2022\/02\/Mondragon-ZTIM-HUB-Grupo-Fagor.jpg","articleSection":["Grupo Fagor"],"inLanguage":"es","potentialAction":[{"@type":"CommentAction","name":"Comment","target":["https:\/\/www.fagor.eus\/es\/el-grupo-fagor-participa-en-la-mesa-de-empresas-de-mondragon-ztim-hub\/#respond"]}]},{"@type":"WebPage","@id":"https:\/\/www.fagor.eus\/es\/el-grupo-fagor-participa-en-la-mesa-de-empresas-de-mondragon-ztim-hub\/","url":"https:\/\/www.fagor.eus\/es\/el-grupo-fagor-participa-en-la-mesa-de-empresas-de-mondragon-ztim-hub\/","name":"El Grupo Fagor participa en Mondragon ZTIM HUB &#187; Grupo Fagor","isPartOf":{"@id":"https:\/\/www.fagor.eus\/#website"},"primaryImageOfPage":{"@id":"https:\/\/www.fagor.eus\/es\/el-grupo-fagor-participa-en-la-mesa-de-empresas-de-mondragon-ztim-hub\/#primaryimage"},"image":{"@id":"https:\/\/www.fagor.eus\/es\/el-grupo-fagor-participa-en-la-mesa-de-empresas-de-mondragon-ztim-hub\/#primaryimage"},"thumbnailUrl":"https:\/\/www.fagor.eus\/wp-content\/uploads\/2022\/02\/Mondragon-ZTIM-HUB-Grupo-Fagor.jpg","datePublished":"2022-02-22T11:47:41+00:00","dateModified":"2022-02-22T15:39:53+00:00","author":{"@id":"https:\/\/www.fagor.eus\/#\/schema\/person\/e09b7878906ad616c343aa3e5a83bc2f"},"description":"Debagoiena est\u00e1 inmersa en el desarrollo de una iniciativa centrada en la\u00a0construcci\u00f3n de una red estable\u00a0formada por centros educativos, empresas, organizaciones sociales y ayuntamientos denominada Mondragon ZTIM HUB.","breadcrumb":{"@id":"https:\/\/www.fagor.eus\/es\/el-grupo-fagor-participa-en-la-mesa-de-empresas-de-mondragon-ztim-hub\/#breadcrumb"},"inLanguage":"es","potentialAction":[{"@type":"ReadAction","target":["https:\/\/www.fagor.eus\/es\/el-grupo-fagor-participa-en-la-mesa-de-empresas-de-mondragon-ztim-hub\/"]}]},{"@type":"ImageObject","inLanguage":"es","@id":"https:\/\/www.fagor.eus\/es\/el-grupo-fagor-participa-en-la-mesa-de-empresas-de-mondragon-ztim-hub\/#primaryimage","url":"https:\/\/www.fagor.eus\/wp-content\/uploads\/2022\/02\/Mondragon-ZTIM-HUB-Grupo-Fagor.jpg","contentUrl":"https:\/\/www.fagor.eus\/wp-content\/uploads\/2022\/02\/Mondragon-ZTIM-HUB-Grupo-Fagor.jpg","width":2000,"height":1333,"caption":"Mondragon ZTIM HUB-Grupo Fagor"},{"@type":"BreadcrumbList","@id":"https:\/\/www.fagor.eus\/es\/el-grupo-fagor-participa-en-la-mesa-de-empresas-de-mondragon-ztim-hub\/#breadcrumb","itemListElement":[{"@type":"ListItem","position":1,"name":"Home","item":"https:\/\/www.fagor.eus\/es\/"},{"@type":"ListItem","position":2,"name":"El Grupo Fagor participa en la Mesa de Empresas de Mondragon ZTIM HUB"}]},{"@type":"WebSite","@id":"https:\/\/www.fagor.eus\/#website","url":"https:\/\/www.fagor.eus\/","name":"Fagor","description":"Trabajando por un futuro mejor","potentialAction":[{"@type":"SearchAction","target":{"@type":"EntryPoint","urlTemplate":"https:\/\/www.fagor.eus\/?s={search_term_string}"},"query-input":{"@type":"PropertyValueSpecification","valueRequired":true,"valueName":"search_term_string"}}],"inLanguage":"es"},{"@type":"Person","@id":"https:\/\/www.fagor.eus\/#\/schema\/person\/e09b7878906ad616c343aa3e5a83bc2f","name":"komunikazioa","image":{"@type":"ImageObject","inLanguage":"es","@id":"https:\/\/secure.gravatar.com\/avatar\/0c624a67c23ed6ff6fd4111959b9a1001016b57c6bebaecbec025adcaa081e6e?s=96&d=mm&r=g","url":"https:\/\/secure.gravatar.com\/avatar\/0c624a67c23ed6ff6fd4111959b9a1001016b57c6bebaecbec025adcaa081e6e?s=96&d=mm&r=g","contentUrl":"https:\/\/secure.gravatar.com\/avatar\/0c624a67c23ed6ff6fd4111959b9a1001016b57c6bebaecbec025adcaa081e6e?s=96&d=mm&r=g","caption":"komunikazioa"},"sameAs":["https:\/\/x.com\/system"],"url":"https:\/\/www.fagor.eus\/es\/author\/komunikazioa\/"}]}},"_links":{"self":[{"href":"https:\/\/www.fagor.eus\/es\/wp-json\/wp\/v2\/posts\/13042","targetHints":{"allow":["GET"]}}],"collection":[{"href":"https:\/\/www.fagor.eus\/es\/wp-json\/wp\/v2\/posts"}],"about":[{"href":"https:\/\/www.fagor.eus\/es\/wp-json\/wp\/v2\/types\/post"}],"author":[{"embeddable":true,"href":"https:\/\/www.fagor.eus\/es\/wp-json\/wp\/v2\/users\/4"}],"replies":[{"embeddable":true,"href":"https:\/\/www.fagor.eus\/es\/wp-json\/wp\/v2\/comments?post=13042"}],"version-history":[{"count":2,"href":"https:\/\/www.fagor.eus\/es\/wp-json\/wp\/v2\/posts\/13042\/revisions"}],"predecessor-version":[{"id":13047,"href":"https:\/\/www.fagor.eus\/es\/wp-json\/wp\/v2\/posts\/13042\/revisions\/13047"}],"wp:featuredmedia":[{"embeddable":true,"href":"https:\/\/www.fagor.eus\/es\/wp-json\/wp\/v2\/media\/13036"}],"wp:attachment":[{"href":"https:\/\/www.fagor.eus\/es\/wp-json\/wp\/v2\/media?parent=13042"}],"wp:term":[{"taxonomy":"category","embeddable":true,"href":"https:\/\/www.fagor.eus\/es\/wp-json\/wp\/v2\/categories?post=13042"},{"taxonomy":"post_tag","embeddable":true,"href":"https:\/\/www.fagor.eus\/es\/wp-json\/wp\/v2\/tags?post=13042"}],"curies":[{"name":"wp","href":"https:\/\/api.w.org\/{rel}","templated":true}]}}